{"id":381218,"date":"2026-01-31T01:00:59","date_gmt":"2026-01-31T04:00:59","guid":{"rendered":"https:\/\/www.notibras.com\/site\/?p=381218"},"modified":"2026-01-30T21:46:26","modified_gmt":"2026-01-31T00:46:26","slug":"piloto-pedro-turra-e-preso-preventivamente","status":"publish","type":"post","link":"https:\/\/www.notibras.com\/site\/piloto-pedro-turra-e-preso-preventivamente\/","title":{"rendered":"Piloto Pedro Turra \u00e9 preso preventivamente"},"content":{"rendered":"<p>A Pol\u00edcia Civil e o Minist\u00e9rio P\u00fablico do Distrito Federal prenderam nesta sexta-feira (30) o piloto e empres\u00e1rio Pedro Arthur Turra Basso, de 19 anos, que \u00e9 investigado por ter se envolvido em uma briga motivada por um chiclete em Vicente Pires, no Distrito Federal, na semana passada. O adolescente agredido por Pedro Turra est\u00e1 em coma h\u00e1 uma semana.<\/p>\n<p><strong>Pris\u00e3o preventiva \u00e9 decretada<\/strong><\/p>\n<p>A pris\u00e3o de Pedro Turra \u00e9 preventiva e foi autorizada pela Justi\u00e7a do Distrito Federal. Segundo o delegado Pablo Aguiar, da 38\u00aa DP (Vicente Pires), a pris\u00e3o foi decretada devido ao risco de que o suspeito continue a cometer crimes.<\/p>\n<p><strong>Hist\u00f3rico de agress\u00f5es<\/strong><\/p>\n<p>Pedro Turra j\u00e1 \u00e9 investigado por quatro den\u00fancias de agress\u00e3o, incluindo a agress\u00e3o ao adolescente de 16 anos. Outras v\u00edtimas procuraram a pol\u00edcia para denunciar agress\u00f5es cometidas pelo mesmo homem.<\/p>\n<p><strong>Fam\u00edlia da v\u00edtima pede justi\u00e7a<\/strong><\/p>\n<p>A fam\u00edlia do adolescente agredido pede justi\u00e7a e afirma que a vida deles parou desde que o jovem foi internado. &#8220;\u00c9 um menino muito vaidoso, atleta, apaixonado por futebol, muito colado no pai. Eu fico imaginando, e a\u00ed? Hora que ele acordar, olhar no espelho. Isso d\u00f3i muito, d\u00f3i muito pensar nisso&#8221;, disse o tio da v\u00edtima, Flavio Henrique Torminn Fleury.<\/p>\n<p><strong>Defesa de Pedro Turra n\u00e3o se pronuncia<\/strong><\/p>\n<p>A defesa de Pedro Turra informou que n\u00e3o vai se pronunciar sobre os casos.<\/p>\n<p><strong>Investiga\u00e7\u00e3o continua<\/strong><\/p>\n<p>A Pol\u00edcia Civil continua a investigar os casos de agress\u00e3o envolvendo Pedro Turra e afirma que ele tem um perfil violento.<\/p>\n<p><strong>Repercuss\u00e3o<\/strong><\/p>\n<p>A pris\u00e3o de Pedro Turra gerou repercuss\u00e3o nas redes sociais e na m\u00eddia. A F\u00f3rmula Delta, categoria escola de automobilismo, desligou o piloto ap\u00f3s a agress\u00e3o ao adolescente.<\/p>\n<p><strong>Justi\u00e7a rejeitou pedido anterior<\/strong><\/p>\n<p>A Justi\u00e7a do Distrito Federal havia rejeitado um pedido da defesa do jovem agredido pela pris\u00e3o preventiva de Pedro Turra, alegando que a defesa da v\u00edtima n\u00e3o tem legitimidade para pedir medidas \u00e0 Justi\u00e7a durante a fase de investiga\u00e7\u00e3o.<\/p>\n","protected":false},"excerpt":{"rendered":"<p>A Pol\u00edcia Civil e o Minist\u00e9rio P\u00fablico do Distrito Federal prenderam nesta sexta-feira (30) o piloto e empres\u00e1rio Pedro Arthur Turra Basso, de 19 anos, que \u00e9 investigado por ter se envolvido em uma briga motivada por um chiclete em Vicente Pires, no Distrito Federal, na semana passada. O adolescente agredido por Pedro Turra est\u00e1 [&hellip;]<\/p>\n","protected":false},"author":21,"featured_media":381219,"comment_status":"closed","ping_status":"closed","sticky":false,"template":"","format":"standard","meta":{"_acf_changed":false,"footnotes":""},"categories":[161],"tags":[],"class_list":["post-381218","post","type-post","status-publish","format-standard","has-post-thumbnail","hentry","category-quadradinho-em-foco"],"acf":[],"yoast_head":"<!-- This site is optimized with the Yoast SEO plugin v27.2 - https:\/\/yoast.com\/product\/yoast-seo-wordpress\/ -->\n<title>Piloto Pedro Turra \u00e9 preso preventivamente - Notibras<\/title>\n<meta name=\"robots\" content=\"index, follow, max-snippet:-1, max-image-preview:large, max-video-preview:-1\" \/>\n<link rel=\"canonical\" href=\"https:\/\/www.notibras.com\/site\/piloto-pedro-turra-e-preso-preventivamente\/\" \/>\n<meta property=\"og:locale\" content=\"pt_BR\" \/>\n<meta property=\"og:type\" content=\"article\" \/>\n<meta property=\"og:title\" content=\"Piloto Pedro Turra \u00e9 preso preventivamente - Notibras\" \/>\n<meta property=\"og:description\" content=\"A Pol\u00edcia Civil e o Minist\u00e9rio P\u00fablico do Distrito Federal prenderam nesta sexta-feira (30) o piloto e empres\u00e1rio Pedro Arthur Turra Basso, de 19 anos, que \u00e9 investigado por ter se envolvido em uma briga motivada por um chiclete em Vicente Pires, no Distrito Federal, na semana passada. O adolescente agredido por Pedro Turra est\u00e1 [&hellip;]\" \/>\n<meta property=\"og:url\" content=\"https:\/\/www.notibras.com\/site\/piloto-pedro-turra-e-preso-preventivamente\/\" \/>\n<meta property=\"og:site_name\" content=\"Notibras\" \/>\n<meta property=\"article:publisher\" content=\"https:\/\/www.facebook.com\/notibras\/\" \/>\n<meta property=\"article:published_time\" content=\"2026-01-31T04:00:59+00:00\" \/>\n<meta property=\"og:image\" content=\"https:\/\/www.notibras.com\/site\/wp-content\/uploads\/2026\/01\/pedro-turra.webp\" \/>\n\t<meta property=\"og:image:width\" content=\"900\" \/>\n\t<meta property=\"og:image:height\" content=\"579\" \/>\n\t<meta property=\"og:image:type\" content=\"image\/webp\" \/>\n<meta name=\"author\" content=\"Eduardo Mart\u00ednez\" \/>\n<meta name=\"twitter:card\" content=\"summary_large_image\" \/>\n<meta name=\"twitter:creator\" content=\"@Notibras\" \/>\n<meta name=\"twitter:site\" content=\"@Notibras\" \/>\n<meta name=\"twitter:label1\" content=\"Escrito por\" \/>\n\t<meta name=\"twitter:data1\" content=\"Eduardo Mart\u00ednez\" \/>\n\t<meta name=\"twitter:label2\" content=\"Est. tempo de leitura\" \/>\n\t<meta name=\"twitter:data2\" content=\"3 minutos\" \/>\n<script type=\"application\/ld+json\" class=\"yoast-schema-graph\">{\"@context\":\"https:\/\/schema.org\",\"@graph\":[{\"@type\":\"Article\",\"@id\":\"https:\/\/www.notibras.com\/site\/piloto-pedro-turra-e-preso-preventivamente\/#article\",\"isPartOf\":{\"@id\":\"https:\/\/www.notibras.com\/site\/piloto-pedro-turra-e-preso-preventivamente\/\"},\"author\":{\"name\":\"Eduardo Mart\u00ednez\",\"@id\":\"https:\/\/www.notibras.com\/site\/#\/schema\/person\/5b7fabf2aedc3ada2105f03b22b4d3dd\"},\"headline\":\"Piloto Pedro Turra \u00e9 preso preventivamente\",\"datePublished\":\"2026-01-31T04:00:59+00:00\",\"mainEntityOfPage\":{\"@id\":\"https:\/\/www.notibras.com\/site\/piloto-pedro-turra-e-preso-preventivamente\/\"},\"wordCount\":357,\"publisher\":{\"@id\":\"https:\/\/www.notibras.com\/site\/#organization\"},\"image\":{\"@id\":\"https:\/\/www.notibras.com\/site\/piloto-pedro-turra-e-preso-preventivamente\/#primaryimage\"},\"thumbnailUrl\":\"https:\/\/www.notibras.com\/site\/wp-content\/uploads\/2026\/01\/pedro-turra.webp\",\"articleSection\":[\"Quadradinho em Foco\"],\"inLanguage\":\"pt-BR\"},{\"@type\":\"WebPage\",\"@id\":\"https:\/\/www.notibras.com\/site\/piloto-pedro-turra-e-preso-preventivamente\/\",\"url\":\"https:\/\/www.notibras.com\/site\/piloto-pedro-turra-e-preso-preventivamente\/\",\"name\":\"Piloto Pedro Turra \u00e9 preso preventivamente - Notibras\",\"isPartOf\":{\"@id\":\"https:\/\/www.notibras.com\/site\/#website\"},\"primaryImageOfPage\":{\"@id\":\"https:\/\/www.notibras.com\/site\/piloto-pedro-turra-e-preso-preventivamente\/#primaryimage\"},\"image\":{\"@id\":\"https:\/\/www.notibras.com\/site\/piloto-pedro-turra-e-preso-preventivamente\/#primaryimage\"},\"thumbnailUrl\":\"https:\/\/www.notibras.com\/site\/wp-content\/uploads\/2026\/01\/pedro-turra.webp\",\"datePublished\":\"2026-01-31T04:00:59+00:00\",\"breadcrumb\":{\"@id\":\"https:\/\/www.notibras.com\/site\/piloto-pedro-turra-e-preso-preventivamente\/#breadcrumb\"},\"inLanguage\":\"pt-BR\",\"potentialAction\":[{\"@type\":\"ReadAction\",\"target\":[\"https:\/\/www.notibras.com\/site\/piloto-pedro-turra-e-preso-preventivamente\/\"]}]},{\"@type\":\"ImageObject\",\"inLanguage\":\"pt-BR\",\"@id\":\"https:\/\/www.notibras.com\/site\/piloto-pedro-turra-e-preso-preventivamente\/#primaryimage\",\"url\":\"https:\/\/www.notibras.com\/site\/wp-content\/uploads\/2026\/01\/pedro-turra.webp\",\"contentUrl\":\"https:\/\/www.notibras.com\/site\/wp-content\/uploads\/2026\/01\/pedro-turra.webp\",\"width\":900,\"height\":579},{\"@type\":\"BreadcrumbList\",\"@id\":\"https:\/\/www.notibras.com\/site\/piloto-pedro-turra-e-preso-preventivamente\/#breadcrumb\",\"itemListElement\":[{\"@type\":\"ListItem\",\"position\":1,\"name\":\"In\u00edcio\",\"item\":\"https:\/\/www.notibras.com\/site\/\"},{\"@type\":\"ListItem\",\"position\":2,\"name\":\"Piloto Pedro Turra \u00e9 preso preventivamente\"}]},{\"@type\":\"WebSite\",\"@id\":\"https:\/\/www.notibras.com\/site\/#website\",\"url\":\"https:\/\/www.notibras.com\/site\/\",\"name\":\"Notibras\",\"description\":\"Not\u00edcias de Bras\u00edlia, do Brasil e do Mundo\",\"publisher\":{\"@id\":\"https:\/\/www.notibras.com\/site\/#organization\"},\"potentialAction\":[{\"@type\":\"SearchAction\",\"target\":{\"@type\":\"EntryPoint\",\"urlTemplate\":\"https:\/\/www.notibras.com\/site\/?s={search_term_string}\"},\"query-input\":{\"@type\":\"PropertyValueSpecification\",\"valueRequired\":true,\"valueName\":\"search_term_string\"}}],\"inLanguage\":\"pt-BR\"},{\"@type\":\"Organization\",\"@id\":\"https:\/\/www.notibras.com\/site\/#organization\",\"name\":\"Grupo Notibras de Comunica\u00e7\u00e3o\",\"url\":\"https:\/\/www.notibras.com\/site\/\",\"logo\":{\"@type\":\"ImageObject\",\"inLanguage\":\"pt-BR\",\"@id\":\"https:\/\/www.notibras.com\/site\/#\/schema\/logo\/image\/\",\"url\":\"https:\/\/www.notibras.com\/site\/wp-content\/uploads\/2023\/01\/notibras23.png\",\"contentUrl\":\"https:\/\/www.notibras.com\/site\/wp-content\/uploads\/2023\/01\/notibras23.png\",\"width\":350,\"height\":87,\"caption\":\"Grupo Notibras de Comunica\u00e7\u00e3o\"},\"image\":{\"@id\":\"https:\/\/www.notibras.com\/site\/#\/schema\/logo\/image\/\"},\"sameAs\":[\"https:\/\/www.facebook.com\/notibras\/\",\"https:\/\/x.com\/Notibras\",\"https:\/\/www.instagram.com\/notibras\/\"]},{\"@type\":\"Person\",\"@id\":\"https:\/\/www.notibras.com\/site\/#\/schema\/person\/5b7fabf2aedc3ada2105f03b22b4d3dd\",\"name\":\"Eduardo Mart\u00ednez\",\"image\":{\"@type\":\"ImageObject\",\"inLanguage\":\"pt-BR\",\"@id\":\"https:\/\/secure.gravatar.com\/avatar\/7902f906289926289cbcda644b5197c796b893c6ffd7b9a536a42d290f7704a0?s=96&d=mm&r=g\",\"url\":\"https:\/\/secure.gravatar.com\/avatar\/7902f906289926289cbcda644b5197c796b893c6ffd7b9a536a42d290f7704a0?s=96&d=mm&r=g\",\"contentUrl\":\"https:\/\/secure.gravatar.com\/avatar\/7902f906289926289cbcda644b5197c796b893c6ffd7b9a536a42d290f7704a0?s=96&d=mm&r=g\",\"caption\":\"Eduardo Mart\u00ednez\"}}]}<\/script>\n<!-- \/ Yoast SEO plugin. -->","yoast_head_json":{"title":"Piloto Pedro Turra \u00e9 preso preventivamente - Notibras","robots":{"index":"index","follow":"follow","max-snippet":"max-snippet:-1","max-image-preview":"max-image-preview:large","max-video-preview":"max-video-preview:-1"},"canonical":"https:\/\/www.notibras.com\/site\/piloto-pedro-turra-e-preso-preventivamente\/","og_locale":"pt_BR","og_type":"article","og_title":"Piloto Pedro Turra \u00e9 preso preventivamente - Notibras","og_description":"A Pol\u00edcia Civil e o Minist\u00e9rio P\u00fablico do Distrito Federal prenderam nesta sexta-feira (30) o piloto e empres\u00e1rio Pedro Arthur Turra Basso, de 19 anos, que \u00e9 investigado por ter se envolvido em uma briga motivada por um chiclete em Vicente Pires, no Distrito Federal, na semana passada. O adolescente agredido por Pedro Turra est\u00e1 [&hellip;]","og_url":"https:\/\/www.notibras.com\/site\/piloto-pedro-turra-e-preso-preventivamente\/","og_site_name":"Notibras","article_publisher":"https:\/\/www.facebook.com\/notibras\/","article_published_time":"2026-01-31T04:00:59+00:00","og_image":[{"width":900,"height":579,"url":"https:\/\/www.notibras.com\/site\/wp-content\/uploads\/2026\/01\/pedro-turra.webp","type":"image\/webp"}],"author":"Eduardo Mart\u00ednez","twitter_card":"summary_large_image","twitter_creator":"@Notibras","twitter_site":"@Notibras","twitter_misc":{"Escrito por":"Eduardo Mart\u00ednez","Est. tempo de leitura":"3 minutos"},"schema":{"@context":"https:\/\/schema.org","@graph":[{"@type":"Article","@id":"https:\/\/www.notibras.com\/site\/piloto-pedro-turra-e-preso-preventivamente\/#article","isPartOf":{"@id":"https:\/\/www.notibras.com\/site\/piloto-pedro-turra-e-preso-preventivamente\/"},"author":{"name":"Eduardo Mart\u00ednez","@id":"https:\/\/www.notibras.com\/site\/#\/schema\/person\/5b7fabf2aedc3ada2105f03b22b4d3dd"},"headline":"Piloto Pedro Turra \u00e9 preso preventivamente","datePublished":"2026-01-31T04:00:59+00:00","mainEntityOfPage":{"@id":"https:\/\/www.notibras.com\/site\/piloto-pedro-turra-e-preso-preventivamente\/"},"wordCount":357,"publisher":{"@id":"https:\/\/www.notibras.com\/site\/#organization"},"image":{"@id":"https:\/\/www.notibras.com\/site\/piloto-pedro-turra-e-preso-preventivamente\/#primaryimage"},"thumbnailUrl":"https:\/\/www.notibras.com\/site\/wp-content\/uploads\/2026\/01\/pedro-turra.webp","articleSection":["Quadradinho em Foco"],"inLanguage":"pt-BR"},{"@type":"WebPage","@id":"https:\/\/www.notibras.com\/site\/piloto-pedro-turra-e-preso-preventivamente\/","url":"https:\/\/www.notibras.com\/site\/piloto-pedro-turra-e-preso-preventivamente\/","name":"Piloto Pedro Turra \u00e9 preso preventivamente - Notibras","isPartOf":{"@id":"https:\/\/www.notibras.com\/site\/#website"},"primaryImageOfPage":{"@id":"https:\/\/www.notibras.com\/site\/piloto-pedro-turra-e-preso-preventivamente\/#primaryimage"},"image":{"@id":"https:\/\/www.notibras.com\/site\/piloto-pedro-turra-e-preso-preventivamente\/#primaryimage"},"thumbnailUrl":"https:\/\/www.notibras.com\/site\/wp-content\/uploads\/2026\/01\/pedro-turra.webp","datePublished":"2026-01-31T04:00:59+00:00","breadcrumb":{"@id":"https:\/\/www.notibras.com\/site\/piloto-pedro-turra-e-preso-preventivamente\/#breadcrumb"},"inLanguage":"pt-BR","potentialAction":[{"@type":"ReadAction","target":["https:\/\/www.notibras.com\/site\/piloto-pedro-turra-e-preso-preventivamente\/"]}]},{"@type":"ImageObject","inLanguage":"pt-BR","@id":"https:\/\/www.notibras.com\/site\/piloto-pedro-turra-e-preso-preventivamente\/#primaryimage","url":"https:\/\/www.notibras.com\/site\/wp-content\/uploads\/2026\/01\/pedro-turra.webp","contentUrl":"https:\/\/www.notibras.com\/site\/wp-content\/uploads\/2026\/01\/pedro-turra.webp","width":900,"height":579},{"@type":"BreadcrumbList","@id":"https:\/\/www.notibras.com\/site\/piloto-pedro-turra-e-preso-preventivamente\/#breadcrumb","itemListElement":[{"@type":"ListItem","position":1,"name":"In\u00edcio","item":"https:\/\/www.notibras.com\/site\/"},{"@type":"ListItem","position":2,"name":"Piloto Pedro Turra \u00e9 preso preventivamente"}]},{"@type":"WebSite","@id":"https:\/\/www.notibras.com\/site\/#website","url":"https:\/\/www.notibras.com\/site\/","name":"Notibras","description":"Not\u00edcias de Bras\u00edlia, do Brasil e do Mundo","publisher":{"@id":"https:\/\/www.notibras.com\/site\/#organization"},"potentialAction":[{"@type":"SearchAction","target":{"@type":"EntryPoint","urlTemplate":"https:\/\/www.notibras.com\/site\/?s={search_term_string}"},"query-input":{"@type":"PropertyValueSpecification","valueRequired":true,"valueName":"search_term_string"}}],"inLanguage":"pt-BR"},{"@type":"Organization","@id":"https:\/\/www.notibras.com\/site\/#organization","name":"Grupo Notibras de Comunica\u00e7\u00e3o","url":"https:\/\/www.notibras.com\/site\/","logo":{"@type":"ImageObject","inLanguage":"pt-BR","@id":"https:\/\/www.notibras.com\/site\/#\/schema\/logo\/image\/","url":"https:\/\/www.notibras.com\/site\/wp-content\/uploads\/2023\/01\/notibras23.png","contentUrl":"https:\/\/www.notibras.com\/site\/wp-content\/uploads\/2023\/01\/notibras23.png","width":350,"height":87,"caption":"Grupo Notibras de Comunica\u00e7\u00e3o"},"image":{"@id":"https:\/\/www.notibras.com\/site\/#\/schema\/logo\/image\/"},"sameAs":["https:\/\/www.facebook.com\/notibras\/","https:\/\/x.com\/Notibras","https:\/\/www.instagram.com\/notibras\/"]},{"@type":"Person","@id":"https:\/\/www.notibras.com\/site\/#\/schema\/person\/5b7fabf2aedc3ada2105f03b22b4d3dd","name":"Eduardo Mart\u00ednez","image":{"@type":"ImageObject","inLanguage":"pt-BR","@id":"https:\/\/secure.gravatar.com\/avatar\/7902f906289926289cbcda644b5197c796b893c6ffd7b9a536a42d290f7704a0?s=96&d=mm&r=g","url":"https:\/\/secure.gravatar.com\/avatar\/7902f906289926289cbcda644b5197c796b893c6ffd7b9a536a42d290f7704a0?s=96&d=mm&r=g","contentUrl":"https:\/\/secure.gravatar.com\/avatar\/7902f906289926289cbcda644b5197c796b893c6ffd7b9a536a42d290f7704a0?s=96&d=mm&r=g","caption":"Eduardo Mart\u00ednez"}}]}},"amp_enabled":true,"_links":{"self":[{"href":"https:\/\/www.notibras.com\/site\/wp-json\/wp\/v2\/posts\/381218","targetHints":{"allow":["GET"]}}],"collection":[{"href":"https:\/\/www.notibras.com\/site\/wp-json\/wp\/v2\/posts"}],"about":[{"href":"https:\/\/www.notibras.com\/site\/wp-json\/wp\/v2\/types\/post"}],"author":[{"embeddable":true,"href":"https:\/\/www.notibras.com\/site\/wp-json\/wp\/v2\/users\/21"}],"replies":[{"embeddable":true,"href":"https:\/\/www.notibras.com\/site\/wp-json\/wp\/v2\/comments?post=381218"}],"version-history":[{"count":4,"href":"https:\/\/www.notibras.com\/site\/wp-json\/wp\/v2\/posts\/381218\/revisions"}],"predecessor-version":[{"id":381223,"href":"https:\/\/www.notibras.com\/site\/wp-json\/wp\/v2\/posts\/381218\/revisions\/381223"}],"wp:featuredmedia":[{"embeddable":true,"href":"https:\/\/www.notibras.com\/site\/wp-json\/wp\/v2\/media\/381219"}],"wp:attachment":[{"href":"https:\/\/www.notibras.com\/site\/wp-json\/wp\/v2\/media?parent=381218"}],"wp:term":[{"taxonomy":"category","embeddable":true,"href":"https:\/\/www.notibras.com\/site\/wp-json\/wp\/v2\/categories?post=381218"},{"taxonomy":"post_tag","embeddable":true,"href":"https:\/\/www.notibras.com\/site\/wp-json\/wp\/v2\/tags?post=381218"}],"curies":[{"name":"wp","href":"https:\/\/api.w.org\/{rel}","templated":true}]}}