{"id":381224,"date":"2026-01-31T00:45:20","date_gmt":"2026-01-31T03:45:20","guid":{"rendered":"https:\/\/www.notibras.com\/site\/?p=381224"},"modified":"2026-01-30T22:15:16","modified_gmt":"2026-01-31T01:15:16","slug":"bebe-some-em-hospital-e-familia-so-descobre-destino-do-corpo-apos-3-meses","status":"publish","type":"post","link":"https:\/\/www.notibras.com\/site\/bebe-some-em-hospital-e-familia-so-descobre-destino-do-corpo-apos-3-meses\/","title":{"rendered":"Beb\u00ea some em hospital e fam\u00edlia s\u00f3 descobre destino do corpo ap\u00f3s 3 meses"},"content":{"rendered":"<p>Uma den\u00fancia grave abala a confian\u00e7a no sistema de sa\u00fade do Distrito Federal. Alyne Pereira, moradora de Ceil\u00e2ndia de 31 anos, acusa o Hospital Anchieta, em Taguatinga, pelo &#8220;sumi\u00e7o&#8221; do corpo de sua filha rec\u00e9m-nascida por quase tr\u00eas meses. O caso, que veio \u00e0 tona ap\u00f3s investiga\u00e7\u00f5es sobre mortes intencionais na unidade, revela um cen\u00e1rio de neglig\u00eancia e desespero familiar.<\/p>\n<p>A trag\u00e9dia come\u00e7ou em abril de 2023, quando Alyne, enfrentando uma gravidez de risco, foi internada ap\u00f3s apresentar sangramentos. Segundo a m\u00e3e, houve insistentes pedidos por uma ces\u00e1rea, negados reiteradamente pelo m\u00e9dico respons\u00e1vel, que teria afirmado que o parto deveria ocorrer pela &#8220;lei da natureza&#8221;. No dia 12 de maio, a crian\u00e7a nasceu, mas o desfecho foi marcado por contradi\u00e7\u00f5es e incertezas.<\/p>\n<p>Alyne relata ter visto a beb\u00ea respirando logo ap\u00f3s o parto, mas foi informada pela equipe m\u00e9dica de que a crian\u00e7a havia nascido morta. Devido a complica\u00e7\u00f5es de uma infec\u00e7\u00e3o, a m\u00e3e foi levada \u00e0s pressas para a UTI sem poder segurar a filha. Durante o per\u00edodo de interna\u00e7\u00e3o, a fam\u00edlia afirma que n\u00e3o recebeu informa\u00e7\u00f5es claras sobre o paradeiro do corpo ou os procedimentos cab\u00edveis.<\/p>\n<p>Ao receber alta, o pesadelo se intensificou: o hospital negou a emiss\u00e3o da certid\u00e3o de \u00f3bito e admitiu n\u00e3o saber a localiza\u00e7\u00e3o do corpo. &#8220;Falaram que tinha desaparecido&#8221;, desabafa Alyne, que viveu meses de ang\u00fastia sem saber se a filha estava realmente morta ou se havia ocorrido algo pior. Diante do descaso, a fam\u00edlia registrou um boletim de ocorr\u00eancia na Pol\u00edcia Civil do Distrito Federal.<\/p>\n<p>Apenas tr\u00eas meses depois, a dire\u00e7\u00e3o do hospital convocou a fam\u00edlia para informar que o corpo havia sido localizado, justificando o ocorrido como uma &#8220;confus\u00e3o administrativa&#8221;. O corpo da beb\u00ea foi ent\u00e3o encaminhado ao Instituto de Medicina Legal (IML), onde chegou acondicionado em um saco pl\u00e1stico com formol, o que impediu a per\u00edcia de determinar a causa exata da morte.<\/p>\n<p>Para garantir a identidade da crian\u00e7a, o IML solicitou um exame de DNA, cujo resultado de compatibilidade gen\u00e9tica de 99,99% s\u00f3 foi liberado em fevereiro de 2024. Mesmo com a prova em m\u00e3os, a libera\u00e7\u00e3o para o sepultamento exigiu novas batalhas judiciais, fazendo com que o enterro ocorresse apenas em maio de 2024, exatamente um ano ap\u00f3s o nascimento da menina.<\/p>\n<p>A defesa da fam\u00edlia, representada pela advogada Lays Lopes, aponta falhas graves e neglig\u00eancia de toda a equipe hospitalar. Em agosto de 2024, foi protocolada uma a\u00e7\u00e3o de indeniza\u00e7\u00e3o por danos morais. Segundo a advogada, o hospital ainda n\u00e3o apresentou pedidos de desculpas ou propostas de acordo, e uma audi\u00eancia de concilia\u00e7\u00e3o est\u00e1 agendada para abril de 2025.<\/p>\n<p>Atualmente, o inqu\u00e9rito policial sobre o caso encontra-se arquivado pela 12\u00aa Delegacia de Pol\u00edcia. Para que as investiga\u00e7\u00f5es criminais sejam retomadas, a fam\u00edlia precisar\u00e1 solicitar a reabertura do procedimento junto ao Minist\u00e9rio P\u00fablico do Distrito Federal e Territ\u00f3rios (MPDFT). Alyne reafirma que seguir\u00e1 buscando justi\u00e7a para entender o que realmente aconteceu no centro cir\u00fargico.<\/p>\n","protected":false},"excerpt":{"rendered":"<p>Uma den\u00fancia grave abala a confian\u00e7a no sistema de sa\u00fade do Distrito Federal. Alyne Pereira, moradora de Ceil\u00e2ndia de 31 anos, acusa o Hospital Anchieta, em Taguatinga, pelo &#8220;sumi\u00e7o&#8221; do corpo de sua filha rec\u00e9m-nascida por quase tr\u00eas meses. O caso, que veio \u00e0 tona ap\u00f3s investiga\u00e7\u00f5es sobre mortes intencionais na unidade, revela um cen\u00e1rio [&hellip;]<\/p>\n","protected":false},"author":21,"featured_media":381227,"comment_status":"closed","ping_status":"closed","sticky":false,"template":"","format":"standard","meta":{"_acf_changed":false,"footnotes":""},"categories":[161],"tags":[],"class_list":["post-381224","post","type-post","status-publish","format-standard","has-post-thumbnail","hentry","category-quadradinho-em-foco"],"acf":[],"yoast_head":"<!-- This site is optimized with the Yoast SEO plugin v27.2 - https:\/\/yoast.com\/product\/yoast-seo-wordpress\/ -->\n<title>Beb\u00ea some em hospital e fam\u00edlia s\u00f3 descobre destino do corpo ap\u00f3s 3 meses - Notibras<\/title>\n<meta name=\"robots\" content=\"index, follow, max-snippet:-1, max-image-preview:large, max-video-preview:-1\" \/>\n<link rel=\"canonical\" href=\"https:\/\/www.notibras.com\/site\/bebe-some-em-hospital-e-familia-so-descobre-destino-do-corpo-apos-3-meses\/\" \/>\n<meta property=\"og:locale\" content=\"pt_BR\" \/>\n<meta property=\"og:type\" content=\"article\" \/>\n<meta property=\"og:title\" content=\"Beb\u00ea some em hospital e fam\u00edlia s\u00f3 descobre destino do corpo ap\u00f3s 3 meses - Notibras\" \/>\n<meta property=\"og:description\" content=\"Uma den\u00fancia grave abala a confian\u00e7a no sistema de sa\u00fade do Distrito Federal. Alyne Pereira, moradora de Ceil\u00e2ndia de 31 anos, acusa o Hospital Anchieta, em Taguatinga, pelo &#8220;sumi\u00e7o&#8221; do corpo de sua filha rec\u00e9m-nascida por quase tr\u00eas meses. O caso, que veio \u00e0 tona ap\u00f3s investiga\u00e7\u00f5es sobre mortes intencionais na unidade, revela um cen\u00e1rio [&hellip;]\" \/>\n<meta property=\"og:url\" content=\"https:\/\/www.notibras.com\/site\/bebe-some-em-hospital-e-familia-so-descobre-destino-do-corpo-apos-3-meses\/\" \/>\n<meta property=\"og:site_name\" content=\"Notibras\" \/>\n<meta property=\"article:publisher\" content=\"https:\/\/www.facebook.com\/notibras\/\" \/>\n<meta property=\"article:published_time\" content=\"2026-01-31T03:45:20+00:00\" \/>\n<meta property=\"og:image\" content=\"https:\/\/www.notibras.com\/site\/wp-content\/uploads\/2026\/01\/IMG_0760-scaled.jpg\" \/>\n\t<meta property=\"og:image:width\" content=\"2560\" \/>\n\t<meta property=\"og:image:height\" content=\"1719\" \/>\n\t<meta property=\"og:image:type\" content=\"image\/jpeg\" \/>\n<meta name=\"author\" content=\"Eduardo Mart\u00ednez\" \/>\n<meta name=\"twitter:card\" content=\"summary_large_image\" \/>\n<meta name=\"twitter:creator\" content=\"@Notibras\" \/>\n<meta name=\"twitter:site\" content=\"@Notibras\" \/>\n<meta name=\"twitter:label1\" content=\"Escrito por\" \/>\n\t<meta name=\"twitter:data1\" content=\"Eduardo Mart\u00ednez\" \/>\n\t<meta name=\"twitter:label2\" content=\"Est. tempo de leitura\" \/>\n\t<meta name=\"twitter:data2\" content=\"3 minutos\" \/>\n<script type=\"application\/ld+json\" class=\"yoast-schema-graph\">{\"@context\":\"https:\/\/schema.org\",\"@graph\":[{\"@type\":\"Article\",\"@id\":\"https:\/\/www.notibras.com\/site\/bebe-some-em-hospital-e-familia-so-descobre-destino-do-corpo-apos-3-meses\/#article\",\"isPartOf\":{\"@id\":\"https:\/\/www.notibras.com\/site\/bebe-some-em-hospital-e-familia-so-descobre-destino-do-corpo-apos-3-meses\/\"},\"author\":{\"name\":\"Eduardo Mart\u00ednez\",\"@id\":\"https:\/\/www.notibras.com\/site\/#\/schema\/person\/5b7fabf2aedc3ada2105f03b22b4d3dd\"},\"headline\":\"Beb\u00ea some em hospital e fam\u00edlia s\u00f3 descobre destino do corpo ap\u00f3s 3 meses\",\"datePublished\":\"2026-01-31T03:45:20+00:00\",\"mainEntityOfPage\":{\"@id\":\"https:\/\/www.notibras.com\/site\/bebe-some-em-hospital-e-familia-so-descobre-destino-do-corpo-apos-3-meses\/\"},\"wordCount\":559,\"publisher\":{\"@id\":\"https:\/\/www.notibras.com\/site\/#organization\"},\"image\":{\"@id\":\"https:\/\/www.notibras.com\/site\/bebe-some-em-hospital-e-familia-so-descobre-destino-do-corpo-apos-3-meses\/#primaryimage\"},\"thumbnailUrl\":\"https:\/\/www.notibras.com\/site\/wp-content\/uploads\/2026\/01\/IMG_0760-scaled.jpg\",\"articleSection\":[\"Quadradinho em Foco\"],\"inLanguage\":\"pt-BR\"},{\"@type\":\"WebPage\",\"@id\":\"https:\/\/www.notibras.com\/site\/bebe-some-em-hospital-e-familia-so-descobre-destino-do-corpo-apos-3-meses\/\",\"url\":\"https:\/\/www.notibras.com\/site\/bebe-some-em-hospital-e-familia-so-descobre-destino-do-corpo-apos-3-meses\/\",\"name\":\"Beb\u00ea some em hospital e fam\u00edlia s\u00f3 descobre destino do corpo ap\u00f3s 3 meses - Notibras\",\"isPartOf\":{\"@id\":\"https:\/\/www.notibras.com\/site\/#website\"},\"primaryImageOfPage\":{\"@id\":\"https:\/\/www.notibras.com\/site\/bebe-some-em-hospital-e-familia-so-descobre-destino-do-corpo-apos-3-meses\/#primaryimage\"},\"image\":{\"@id\":\"https:\/\/www.notibras.com\/site\/bebe-some-em-hospital-e-familia-so-descobre-destino-do-corpo-apos-3-meses\/#primaryimage\"},\"thumbnailUrl\":\"https:\/\/www.notibras.com\/site\/wp-content\/uploads\/2026\/01\/IMG_0760-scaled.jpg\",\"datePublished\":\"2026-01-31T03:45:20+00:00\",\"breadcrumb\":{\"@id\":\"https:\/\/www.notibras.com\/site\/bebe-some-em-hospital-e-familia-so-descobre-destino-do-corpo-apos-3-meses\/#breadcrumb\"},\"inLanguage\":\"pt-BR\",\"potentialAction\":[{\"@type\":\"ReadAction\",\"target\":[\"https:\/\/www.notibras.com\/site\/bebe-some-em-hospital-e-familia-so-descobre-destino-do-corpo-apos-3-meses\/\"]}]},{\"@type\":\"ImageObject\",\"inLanguage\":\"pt-BR\",\"@id\":\"https:\/\/www.notibras.com\/site\/bebe-some-em-hospital-e-familia-so-descobre-destino-do-corpo-apos-3-meses\/#primaryimage\",\"url\":\"https:\/\/www.notibras.com\/site\/wp-content\/uploads\/2026\/01\/IMG_0760-scaled.jpg\",\"contentUrl\":\"https:\/\/www.notibras.com\/site\/wp-content\/uploads\/2026\/01\/IMG_0760-scaled.jpg\",\"width\":2560,\"height\":1719},{\"@type\":\"BreadcrumbList\",\"@id\":\"https:\/\/www.notibras.com\/site\/bebe-some-em-hospital-e-familia-so-descobre-destino-do-corpo-apos-3-meses\/#breadcrumb\",\"itemListElement\":[{\"@type\":\"ListItem\",\"position\":1,\"name\":\"In\u00edcio\",\"item\":\"https:\/\/www.notibras.com\/site\/\"},{\"@type\":\"ListItem\",\"position\":2,\"name\":\"Beb\u00ea some em hospital e fam\u00edlia s\u00f3 descobre destino do corpo ap\u00f3s 3 meses\"}]},{\"@type\":\"WebSite\",\"@id\":\"https:\/\/www.notibras.com\/site\/#website\",\"url\":\"https:\/\/www.notibras.com\/site\/\",\"name\":\"Notibras\",\"description\":\"Not\u00edcias de Bras\u00edlia, do Brasil e do Mundo\",\"publisher\":{\"@id\":\"https:\/\/www.notibras.com\/site\/#organization\"},\"potentialAction\":[{\"@type\":\"SearchAction\",\"target\":{\"@type\":\"EntryPoint\",\"urlTemplate\":\"https:\/\/www.notibras.com\/site\/?s={search_term_string}\"},\"query-input\":{\"@type\":\"PropertyValueSpecification\",\"valueRequired\":true,\"valueName\":\"search_term_string\"}}],\"inLanguage\":\"pt-BR\"},{\"@type\":\"Organization\",\"@id\":\"https:\/\/www.notibras.com\/site\/#organization\",\"name\":\"Grupo Notibras de Comunica\u00e7\u00e3o\",\"url\":\"https:\/\/www.notibras.com\/site\/\",\"logo\":{\"@type\":\"ImageObject\",\"inLanguage\":\"pt-BR\",\"@id\":\"https:\/\/www.notibras.com\/site\/#\/schema\/logo\/image\/\",\"url\":\"https:\/\/www.notibras.com\/site\/wp-content\/uploads\/2023\/01\/notibras23.png\",\"contentUrl\":\"https:\/\/www.notibras.com\/site\/wp-content\/uploads\/2023\/01\/notibras23.png\",\"width\":350,\"height\":87,\"caption\":\"Grupo Notibras de Comunica\u00e7\u00e3o\"},\"image\":{\"@id\":\"https:\/\/www.notibras.com\/site\/#\/schema\/logo\/image\/\"},\"sameAs\":[\"https:\/\/www.facebook.com\/notibras\/\",\"https:\/\/x.com\/Notibras\",\"https:\/\/www.instagram.com\/notibras\/\"]},{\"@type\":\"Person\",\"@id\":\"https:\/\/www.notibras.com\/site\/#\/schema\/person\/5b7fabf2aedc3ada2105f03b22b4d3dd\",\"name\":\"Eduardo Mart\u00ednez\",\"image\":{\"@type\":\"ImageObject\",\"inLanguage\":\"pt-BR\",\"@id\":\"https:\/\/secure.gravatar.com\/avatar\/7902f906289926289cbcda644b5197c796b893c6ffd7b9a536a42d290f7704a0?s=96&d=mm&r=g\",\"url\":\"https:\/\/secure.gravatar.com\/avatar\/7902f906289926289cbcda644b5197c796b893c6ffd7b9a536a42d290f7704a0?s=96&d=mm&r=g\",\"contentUrl\":\"https:\/\/secure.gravatar.com\/avatar\/7902f906289926289cbcda644b5197c796b893c6ffd7b9a536a42d290f7704a0?s=96&d=mm&r=g\",\"caption\":\"Eduardo Mart\u00ednez\"}}]}<\/script>\n<!-- \/ Yoast SEO plugin. -->","yoast_head_json":{"title":"Beb\u00ea some em hospital e fam\u00edlia s\u00f3 descobre destino do corpo ap\u00f3s 3 meses - Notibras","robots":{"index":"index","follow":"follow","max-snippet":"max-snippet:-1","max-image-preview":"max-image-preview:large","max-video-preview":"max-video-preview:-1"},"canonical":"https:\/\/www.notibras.com\/site\/bebe-some-em-hospital-e-familia-so-descobre-destino-do-corpo-apos-3-meses\/","og_locale":"pt_BR","og_type":"article","og_title":"Beb\u00ea some em hospital e fam\u00edlia s\u00f3 descobre destino do corpo ap\u00f3s 3 meses - Notibras","og_description":"Uma den\u00fancia grave abala a confian\u00e7a no sistema de sa\u00fade do Distrito Federal. Alyne Pereira, moradora de Ceil\u00e2ndia de 31 anos, acusa o Hospital Anchieta, em Taguatinga, pelo &#8220;sumi\u00e7o&#8221; do corpo de sua filha rec\u00e9m-nascida por quase tr\u00eas meses. O caso, que veio \u00e0 tona ap\u00f3s investiga\u00e7\u00f5es sobre mortes intencionais na unidade, revela um cen\u00e1rio [&hellip;]","og_url":"https:\/\/www.notibras.com\/site\/bebe-some-em-hospital-e-familia-so-descobre-destino-do-corpo-apos-3-meses\/","og_site_name":"Notibras","article_publisher":"https:\/\/www.facebook.com\/notibras\/","article_published_time":"2026-01-31T03:45:20+00:00","og_image":[{"width":2560,"height":1719,"url":"https:\/\/www.notibras.com\/site\/wp-content\/uploads\/2026\/01\/IMG_0760-scaled.jpg","type":"image\/jpeg"}],"author":"Eduardo Mart\u00ednez","twitter_card":"summary_large_image","twitter_creator":"@Notibras","twitter_site":"@Notibras","twitter_misc":{"Escrito por":"Eduardo Mart\u00ednez","Est. tempo de leitura":"3 minutos"},"schema":{"@context":"https:\/\/schema.org","@graph":[{"@type":"Article","@id":"https:\/\/www.notibras.com\/site\/bebe-some-em-hospital-e-familia-so-descobre-destino-do-corpo-apos-3-meses\/#article","isPartOf":{"@id":"https:\/\/www.notibras.com\/site\/bebe-some-em-hospital-e-familia-so-descobre-destino-do-corpo-apos-3-meses\/"},"author":{"name":"Eduardo Mart\u00ednez","@id":"https:\/\/www.notibras.com\/site\/#\/schema\/person\/5b7fabf2aedc3ada2105f03b22b4d3dd"},"headline":"Beb\u00ea some em hospital e fam\u00edlia s\u00f3 descobre destino do corpo ap\u00f3s 3 meses","datePublished":"2026-01-31T03:45:20+00:00","mainEntityOfPage":{"@id":"https:\/\/www.notibras.com\/site\/bebe-some-em-hospital-e-familia-so-descobre-destino-do-corpo-apos-3-meses\/"},"wordCount":559,"publisher":{"@id":"https:\/\/www.notibras.com\/site\/#organization"},"image":{"@id":"https:\/\/www.notibras.com\/site\/bebe-some-em-hospital-e-familia-so-descobre-destino-do-corpo-apos-3-meses\/#primaryimage"},"thumbnailUrl":"https:\/\/www.notibras.com\/site\/wp-content\/uploads\/2026\/01\/IMG_0760-scaled.jpg","articleSection":["Quadradinho em Foco"],"inLanguage":"pt-BR"},{"@type":"WebPage","@id":"https:\/\/www.notibras.com\/site\/bebe-some-em-hospital-e-familia-so-descobre-destino-do-corpo-apos-3-meses\/","url":"https:\/\/www.notibras.com\/site\/bebe-some-em-hospital-e-familia-so-descobre-destino-do-corpo-apos-3-meses\/","name":"Beb\u00ea some em hospital e fam\u00edlia s\u00f3 descobre destino do corpo ap\u00f3s 3 meses - Notibras","isPartOf":{"@id":"https:\/\/www.notibras.com\/site\/#website"},"primaryImageOfPage":{"@id":"https:\/\/www.notibras.com\/site\/bebe-some-em-hospital-e-familia-so-descobre-destino-do-corpo-apos-3-meses\/#primaryimage"},"image":{"@id":"https:\/\/www.notibras.com\/site\/bebe-some-em-hospital-e-familia-so-descobre-destino-do-corpo-apos-3-meses\/#primaryimage"},"thumbnailUrl":"https:\/\/www.notibras.com\/site\/wp-content\/uploads\/2026\/01\/IMG_0760-scaled.jpg","datePublished":"2026-01-31T03:45:20+00:00","breadcrumb":{"@id":"https:\/\/www.notibras.com\/site\/bebe-some-em-hospital-e-familia-so-descobre-destino-do-corpo-apos-3-meses\/#breadcrumb"},"inLanguage":"pt-BR","potentialAction":[{"@type":"ReadAction","target":["https:\/\/www.notibras.com\/site\/bebe-some-em-hospital-e-familia-so-descobre-destino-do-corpo-apos-3-meses\/"]}]},{"@type":"ImageObject","inLanguage":"pt-BR","@id":"https:\/\/www.notibras.com\/site\/bebe-some-em-hospital-e-familia-so-descobre-destino-do-corpo-apos-3-meses\/#primaryimage","url":"https:\/\/www.notibras.com\/site\/wp-content\/uploads\/2026\/01\/IMG_0760-scaled.jpg","contentUrl":"https:\/\/www.notibras.com\/site\/wp-content\/uploads\/2026\/01\/IMG_0760-scaled.jpg","width":2560,"height":1719},{"@type":"BreadcrumbList","@id":"https:\/\/www.notibras.com\/site\/bebe-some-em-hospital-e-familia-so-descobre-destino-do-corpo-apos-3-meses\/#breadcrumb","itemListElement":[{"@type":"ListItem","position":1,"name":"In\u00edcio","item":"https:\/\/www.notibras.com\/site\/"},{"@type":"ListItem","position":2,"name":"Beb\u00ea some em hospital e fam\u00edlia s\u00f3 descobre destino do corpo ap\u00f3s 3 meses"}]},{"@type":"WebSite","@id":"https:\/\/www.notibras.com\/site\/#website","url":"https:\/\/www.notibras.com\/site\/","name":"Notibras","description":"Not\u00edcias de Bras\u00edlia, do Brasil e do Mundo","publisher":{"@id":"https:\/\/www.notibras.com\/site\/#organization"},"potentialAction":[{"@type":"SearchAction","target":{"@type":"EntryPoint","urlTemplate":"https:\/\/www.notibras.com\/site\/?s={search_term_string}"},"query-input":{"@type":"PropertyValueSpecification","valueRequired":true,"valueName":"search_term_string"}}],"inLanguage":"pt-BR"},{"@type":"Organization","@id":"https:\/\/www.notibras.com\/site\/#organization","name":"Grupo Notibras de Comunica\u00e7\u00e3o","url":"https:\/\/www.notibras.com\/site\/","logo":{"@type":"ImageObject","inLanguage":"pt-BR","@id":"https:\/\/www.notibras.com\/site\/#\/schema\/logo\/image\/","url":"https:\/\/www.notibras.com\/site\/wp-content\/uploads\/2023\/01\/notibras23.png","contentUrl":"https:\/\/www.notibras.com\/site\/wp-content\/uploads\/2023\/01\/notibras23.png","width":350,"height":87,"caption":"Grupo Notibras de Comunica\u00e7\u00e3o"},"image":{"@id":"https:\/\/www.notibras.com\/site\/#\/schema\/logo\/image\/"},"sameAs":["https:\/\/www.facebook.com\/notibras\/","https:\/\/x.com\/Notibras","https:\/\/www.instagram.com\/notibras\/"]},{"@type":"Person","@id":"https:\/\/www.notibras.com\/site\/#\/schema\/person\/5b7fabf2aedc3ada2105f03b22b4d3dd","name":"Eduardo Mart\u00ednez","image":{"@type":"ImageObject","inLanguage":"pt-BR","@id":"https:\/\/secure.gravatar.com\/avatar\/7902f906289926289cbcda644b5197c796b893c6ffd7b9a536a42d290f7704a0?s=96&d=mm&r=g","url":"https:\/\/secure.gravatar.com\/avatar\/7902f906289926289cbcda644b5197c796b893c6ffd7b9a536a42d290f7704a0?s=96&d=mm&r=g","contentUrl":"https:\/\/secure.gravatar.com\/avatar\/7902f906289926289cbcda644b5197c796b893c6ffd7b9a536a42d290f7704a0?s=96&d=mm&r=g","caption":"Eduardo Mart\u00ednez"}}]}},"amp_enabled":true,"_links":{"self":[{"href":"https:\/\/www.notibras.com\/site\/wp-json\/wp\/v2\/posts\/381224","targetHints":{"allow":["GET"]}}],"collection":[{"href":"https:\/\/www.notibras.com\/site\/wp-json\/wp\/v2\/posts"}],"about":[{"href":"https:\/\/www.notibras.com\/site\/wp-json\/wp\/v2\/types\/post"}],"author":[{"embeddable":true,"href":"https:\/\/www.notibras.com\/site\/wp-json\/wp\/v2\/users\/21"}],"replies":[{"embeddable":true,"href":"https:\/\/www.notibras.com\/site\/wp-json\/wp\/v2\/comments?post=381224"}],"version-history":[{"count":4,"href":"https:\/\/www.notibras.com\/site\/wp-json\/wp\/v2\/posts\/381224\/revisions"}],"predecessor-version":[{"id":381229,"href":"https:\/\/www.notibras.com\/site\/wp-json\/wp\/v2\/posts\/381224\/revisions\/381229"}],"wp:featuredmedia":[{"embeddable":true,"href":"https:\/\/www.notibras.com\/site\/wp-json\/wp\/v2\/media\/381227"}],"wp:attachment":[{"href":"https:\/\/www.notibras.com\/site\/wp-json\/wp\/v2\/media?parent=381224"}],"wp:term":[{"taxonomy":"category","embeddable":true,"href":"https:\/\/www.notibras.com\/site\/wp-json\/wp\/v2\/categories?post=381224"},{"taxonomy":"post_tag","embeddable":true,"href":"https:\/\/www.notibras.com\/site\/wp-json\/wp\/v2\/tags?post=381224"}],"curies":[{"name":"wp","href":"https:\/\/api.w.org\/{rel}","templated":true}]}}