{"id":381238,"date":"2026-01-31T00:15:20","date_gmt":"2026-01-31T03:15:20","guid":{"rendered":"https:\/\/www.notibras.com\/site\/?p=381238"},"modified":"2026-01-30T22:58:33","modified_gmt":"2026-01-31T01:58:33","slug":"laboratorio-para-projetos-inovadores-em-saude-mental-e-lancado","status":"publish","type":"post","link":"https:\/\/www.notibras.com\/site\/laboratorio-para-projetos-inovadores-em-saude-mental-e-lancado\/","title":{"rendered":"Laborat\u00f3rio para projetos inovadores em sa\u00fade mental \u00e9 lan\u00e7ado"},"content":{"rendered":"<p>A Secretaria de Sa\u00fade (SES-DF) anunciou, nesta sexta-feira (30), o lan\u00e7amento do <a href=\"https:\/\/samia.moriarty.com.br\/\">laborat\u00f3rio InovaSAM<\/a>. O local ir\u00e1 desenvolver e integrar projetos na \u00e1rea de sa\u00fade mental. O objetivo \u00e9 fomentar, apoiar e acompanhar as iniciativas, fortalecendo a troca de conhecimento entre profissionais e idealizadores.<\/p>\n<p>Liberado a servidores, pesquisadores, popula\u00e7\u00e3o e associa\u00e7\u00f5es que tenham projetos de inova\u00e7\u00e3o em sa\u00fade mental, o laborat\u00f3rio \u00e9 fruto da busca por solu\u00e7\u00f5es vers\u00e1teis. \u201cO intuito \u00e9 que a sa\u00fade mental passe por uma adapta\u00e7\u00e3o para atender demandas contempor\u00e2neas e, com isso, avance tecnologicamente. O InovaSAM surgiu disso. Queremos desenvolver solu\u00e7\u00f5es efetivas, f\u00e1ceis de serem implementadas e de baixo custo\u201d, detalha a subsecret\u00e1ria de Sa\u00fade Mental, Fernanda Falcomer.<\/p>\n<p>Um dos projetos criados pelo laborat\u00f3rio j\u00e1 est\u00e1 em funcionamento. A SAMia \u00e9 uma ferramenta digital e gratuita, que utiliza intelig\u00eancia artificial (IA) para orientar e direcionar a popula\u00e7\u00e3o aos servi\u00e7os de sa\u00fade mental da rede p\u00fablica. <a href=\"https:\/\/samia.app.br\/app-samia\">O aplicativo est\u00e1 dispon\u00edvel para celulares e computadores de forma simples e segura<\/a>. O uso \u00e9 an\u00f4nimo e n\u00e3o exige cadastro, podendo ser utilizado para atendimento pr\u00f3prio ou para orientar terceiros.<\/p>\n<p>Coordenadora do laborat\u00f3rio, Keyla Almeida destaca que a iniciativa rompe barreiras e paradigmas sobre o cuidado com a sa\u00fade mental. \u201cDecidimos pensar fora da zona de conforto. Fomos percebendo, ao longo do caminho da elabora\u00e7\u00e3o do InovaSAM, que algumas ideias podem parecer complicadas, mas s\u00e3o muito poss\u00edveis\u201d, explica. \u201cTrata-se de um ambiente aberto para receber novas mentes e ideias. \u00c9 multidisciplinar\u201d, complementa.<\/p>\n<p>Para as pr\u00f3ximas etapas, est\u00e1 prevista a publica\u00e7\u00e3o de edital de chamamento de projetos e propostas inovadoras no \u00e2mbito da sa\u00fade mental.<\/p>\n","protected":false},"excerpt":{"rendered":"<p>A Secretaria de Sa\u00fade (SES-DF) anunciou, nesta sexta-feira (30), o lan\u00e7amento do laborat\u00f3rio InovaSAM. O local ir\u00e1 desenvolver e integrar projetos na \u00e1rea de sa\u00fade mental. O objetivo \u00e9 fomentar, apoiar e acompanhar as iniciativas, fortalecendo a troca de conhecimento entre profissionais e idealizadores. Liberado a servidores, pesquisadores, popula\u00e7\u00e3o e associa\u00e7\u00f5es que tenham projetos de [&hellip;]<\/p>\n","protected":false},"author":21,"featured_media":381239,"comment_status":"closed","ping_status":"closed","sticky":false,"template":"","format":"standard","meta":{"_acf_changed":false,"footnotes":""},"categories":[161],"tags":[],"class_list":["post-381238","post","type-post","status-publish","format-standard","has-post-thumbnail","hentry","category-quadradinho-em-foco"],"acf":[],"yoast_head":"<!-- This site is optimized with the Yoast SEO plugin v27.2 - https:\/\/yoast.com\/product\/yoast-seo-wordpress\/ -->\n<title>Laborat\u00f3rio para projetos inovadores em sa\u00fade mental \u00e9 lan\u00e7ado - Notibras<\/title>\n<meta name=\"robots\" content=\"index, follow, max-snippet:-1, max-image-preview:large, max-video-preview:-1\" \/>\n<link rel=\"canonical\" href=\"https:\/\/www.notibras.com\/site\/laboratorio-para-projetos-inovadores-em-saude-mental-e-lancado\/\" \/>\n<meta property=\"og:locale\" content=\"pt_BR\" \/>\n<meta property=\"og:type\" content=\"article\" \/>\n<meta property=\"og:title\" content=\"Laborat\u00f3rio para projetos inovadores em sa\u00fade mental \u00e9 lan\u00e7ado - Notibras\" \/>\n<meta property=\"og:description\" content=\"A Secretaria de Sa\u00fade (SES-DF) anunciou, nesta sexta-feira (30), o lan\u00e7amento do laborat\u00f3rio InovaSAM. O local ir\u00e1 desenvolver e integrar projetos na \u00e1rea de sa\u00fade mental. O objetivo \u00e9 fomentar, apoiar e acompanhar as iniciativas, fortalecendo a troca de conhecimento entre profissionais e idealizadores. Liberado a servidores, pesquisadores, popula\u00e7\u00e3o e associa\u00e7\u00f5es que tenham projetos de [&hellip;]\" \/>\n<meta property=\"og:url\" content=\"https:\/\/www.notibras.com\/site\/laboratorio-para-projetos-inovadores-em-saude-mental-e-lancado\/\" \/>\n<meta property=\"og:site_name\" content=\"Notibras\" \/>\n<meta property=\"article:publisher\" content=\"https:\/\/www.facebook.com\/notibras\/\" \/>\n<meta property=\"article:published_time\" content=\"2026-01-31T03:15:20+00:00\" \/>\n<meta property=\"og:image\" content=\"https:\/\/www.notibras.com\/site\/wp-content\/uploads\/2026\/01\/Lancamento-do-InovaSAM_apresentacao-do-aplicativo-de-saude-mental-SAMia_Foto_Jhonatan-Cantarelle_Agencia-Saude-DF-1.jpg\" \/>\n\t<meta property=\"og:image:width\" content=\"2048\" \/>\n\t<meta property=\"og:image:height\" content=\"1365\" \/>\n\t<meta property=\"og:image:type\" content=\"image\/jpeg\" \/>\n<meta name=\"author\" content=\"Eduardo Mart\u00ednez\" \/>\n<meta name=\"twitter:card\" content=\"summary_large_image\" \/>\n<meta name=\"twitter:creator\" content=\"@Notibras\" \/>\n<meta name=\"twitter:site\" content=\"@Notibras\" \/>\n<meta name=\"twitter:label1\" content=\"Escrito por\" \/>\n\t<meta name=\"twitter:data1\" content=\"Eduardo Mart\u00ednez\" \/>\n\t<meta name=\"twitter:label2\" content=\"Est. tempo de leitura\" \/>\n\t<meta name=\"twitter:data2\" content=\"2 minutos\" \/>\n<script type=\"application\/ld+json\" class=\"yoast-schema-graph\">{\"@context\":\"https:\/\/schema.org\",\"@graph\":[{\"@type\":\"Article\",\"@id\":\"https:\/\/www.notibras.com\/site\/laboratorio-para-projetos-inovadores-em-saude-mental-e-lancado\/#article\",\"isPartOf\":{\"@id\":\"https:\/\/www.notibras.com\/site\/laboratorio-para-projetos-inovadores-em-saude-mental-e-lancado\/\"},\"author\":{\"name\":\"Eduardo Mart\u00ednez\",\"@id\":\"https:\/\/www.notibras.com\/site\/#\/schema\/person\/5b7fabf2aedc3ada2105f03b22b4d3dd\"},\"headline\":\"Laborat\u00f3rio para projetos inovadores em sa\u00fade mental \u00e9 lan\u00e7ado\",\"datePublished\":\"2026-01-31T03:15:20+00:00\",\"mainEntityOfPage\":{\"@id\":\"https:\/\/www.notibras.com\/site\/laboratorio-para-projetos-inovadores-em-saude-mental-e-lancado\/\"},\"wordCount\":304,\"publisher\":{\"@id\":\"https:\/\/www.notibras.com\/site\/#organization\"},\"image\":{\"@id\":\"https:\/\/www.notibras.com\/site\/laboratorio-para-projetos-inovadores-em-saude-mental-e-lancado\/#primaryimage\"},\"thumbnailUrl\":\"https:\/\/www.notibras.com\/site\/wp-content\/uploads\/2026\/01\/Lancamento-do-InovaSAM_apresentacao-do-aplicativo-de-saude-mental-SAMia_Foto_Jhonatan-Cantarelle_Agencia-Saude-DF-1.jpg\",\"articleSection\":[\"Quadradinho em Foco\"],\"inLanguage\":\"pt-BR\"},{\"@type\":\"WebPage\",\"@id\":\"https:\/\/www.notibras.com\/site\/laboratorio-para-projetos-inovadores-em-saude-mental-e-lancado\/\",\"url\":\"https:\/\/www.notibras.com\/site\/laboratorio-para-projetos-inovadores-em-saude-mental-e-lancado\/\",\"name\":\"Laborat\u00f3rio para projetos inovadores em sa\u00fade mental \u00e9 lan\u00e7ado - Notibras\",\"isPartOf\":{\"@id\":\"https:\/\/www.notibras.com\/site\/#website\"},\"primaryImageOfPage\":{\"@id\":\"https:\/\/www.notibras.com\/site\/laboratorio-para-projetos-inovadores-em-saude-mental-e-lancado\/#primaryimage\"},\"image\":{\"@id\":\"https:\/\/www.notibras.com\/site\/laboratorio-para-projetos-inovadores-em-saude-mental-e-lancado\/#primaryimage\"},\"thumbnailUrl\":\"https:\/\/www.notibras.com\/site\/wp-content\/uploads\/2026\/01\/Lancamento-do-InovaSAM_apresentacao-do-aplicativo-de-saude-mental-SAMia_Foto_Jhonatan-Cantarelle_Agencia-Saude-DF-1.jpg\",\"datePublished\":\"2026-01-31T03:15:20+00:00\",\"breadcrumb\":{\"@id\":\"https:\/\/www.notibras.com\/site\/laboratorio-para-projetos-inovadores-em-saude-mental-e-lancado\/#breadcrumb\"},\"inLanguage\":\"pt-BR\",\"potentialAction\":[{\"@type\":\"ReadAction\",\"target\":[\"https:\/\/www.notibras.com\/site\/laboratorio-para-projetos-inovadores-em-saude-mental-e-lancado\/\"]}]},{\"@type\":\"ImageObject\",\"inLanguage\":\"pt-BR\",\"@id\":\"https:\/\/www.notibras.com\/site\/laboratorio-para-projetos-inovadores-em-saude-mental-e-lancado\/#primaryimage\",\"url\":\"https:\/\/www.notibras.com\/site\/wp-content\/uploads\/2026\/01\/Lancamento-do-InovaSAM_apresentacao-do-aplicativo-de-saude-mental-SAMia_Foto_Jhonatan-Cantarelle_Agencia-Saude-DF-1.jpg\",\"contentUrl\":\"https:\/\/www.notibras.com\/site\/wp-content\/uploads\/2026\/01\/Lancamento-do-InovaSAM_apresentacao-do-aplicativo-de-saude-mental-SAMia_Foto_Jhonatan-Cantarelle_Agencia-Saude-DF-1.jpg\",\"width\":2048,\"height\":1365},{\"@type\":\"BreadcrumbList\",\"@id\":\"https:\/\/www.notibras.com\/site\/laboratorio-para-projetos-inovadores-em-saude-mental-e-lancado\/#breadcrumb\",\"itemListElement\":[{\"@type\":\"ListItem\",\"position\":1,\"name\":\"In\u00edcio\",\"item\":\"https:\/\/www.notibras.com\/site\/\"},{\"@type\":\"ListItem\",\"position\":2,\"name\":\"Laborat\u00f3rio para projetos inovadores em sa\u00fade mental \u00e9 lan\u00e7ado\"}]},{\"@type\":\"WebSite\",\"@id\":\"https:\/\/www.notibras.com\/site\/#website\",\"url\":\"https:\/\/www.notibras.com\/site\/\",\"name\":\"Notibras\",\"description\":\"Not\u00edcias de Bras\u00edlia, do Brasil e do Mundo\",\"publisher\":{\"@id\":\"https:\/\/www.notibras.com\/site\/#organization\"},\"potentialAction\":[{\"@type\":\"SearchAction\",\"target\":{\"@type\":\"EntryPoint\",\"urlTemplate\":\"https:\/\/www.notibras.com\/site\/?s={search_term_string}\"},\"query-input\":{\"@type\":\"PropertyValueSpecification\",\"valueRequired\":true,\"valueName\":\"search_term_string\"}}],\"inLanguage\":\"pt-BR\"},{\"@type\":\"Organization\",\"@id\":\"https:\/\/www.notibras.com\/site\/#organization\",\"name\":\"Grupo Notibras de Comunica\u00e7\u00e3o\",\"url\":\"https:\/\/www.notibras.com\/site\/\",\"logo\":{\"@type\":\"ImageObject\",\"inLanguage\":\"pt-BR\",\"@id\":\"https:\/\/www.notibras.com\/site\/#\/schema\/logo\/image\/\",\"url\":\"https:\/\/www.notibras.com\/site\/wp-content\/uploads\/2023\/01\/notibras23.png\",\"contentUrl\":\"https:\/\/www.notibras.com\/site\/wp-content\/uploads\/2023\/01\/notibras23.png\",\"width\":350,\"height\":87,\"caption\":\"Grupo Notibras de Comunica\u00e7\u00e3o\"},\"image\":{\"@id\":\"https:\/\/www.notibras.com\/site\/#\/schema\/logo\/image\/\"},\"sameAs\":[\"https:\/\/www.facebook.com\/notibras\/\",\"https:\/\/x.com\/Notibras\",\"https:\/\/www.instagram.com\/notibras\/\"]},{\"@type\":\"Person\",\"@id\":\"https:\/\/www.notibras.com\/site\/#\/schema\/person\/5b7fabf2aedc3ada2105f03b22b4d3dd\",\"name\":\"Eduardo Mart\u00ednez\",\"image\":{\"@type\":\"ImageObject\",\"inLanguage\":\"pt-BR\",\"@id\":\"https:\/\/secure.gravatar.com\/avatar\/7902f906289926289cbcda644b5197c796b893c6ffd7b9a536a42d290f7704a0?s=96&d=mm&r=g\",\"url\":\"https:\/\/secure.gravatar.com\/avatar\/7902f906289926289cbcda644b5197c796b893c6ffd7b9a536a42d290f7704a0?s=96&d=mm&r=g\",\"contentUrl\":\"https:\/\/secure.gravatar.com\/avatar\/7902f906289926289cbcda644b5197c796b893c6ffd7b9a536a42d290f7704a0?s=96&d=mm&r=g\",\"caption\":\"Eduardo Mart\u00ednez\"}}]}<\/script>\n<!-- \/ Yoast SEO plugin. -->","yoast_head_json":{"title":"Laborat\u00f3rio para projetos inovadores em sa\u00fade mental \u00e9 lan\u00e7ado - Notibras","robots":{"index":"index","follow":"follow","max-snippet":"max-snippet:-1","max-image-preview":"max-image-preview:large","max-video-preview":"max-video-preview:-1"},"canonical":"https:\/\/www.notibras.com\/site\/laboratorio-para-projetos-inovadores-em-saude-mental-e-lancado\/","og_locale":"pt_BR","og_type":"article","og_title":"Laborat\u00f3rio para projetos inovadores em sa\u00fade mental \u00e9 lan\u00e7ado - Notibras","og_description":"A Secretaria de Sa\u00fade (SES-DF) anunciou, nesta sexta-feira (30), o lan\u00e7amento do laborat\u00f3rio InovaSAM. O local ir\u00e1 desenvolver e integrar projetos na \u00e1rea de sa\u00fade mental. O objetivo \u00e9 fomentar, apoiar e acompanhar as iniciativas, fortalecendo a troca de conhecimento entre profissionais e idealizadores. Liberado a servidores, pesquisadores, popula\u00e7\u00e3o e associa\u00e7\u00f5es que tenham projetos de [&hellip;]","og_url":"https:\/\/www.notibras.com\/site\/laboratorio-para-projetos-inovadores-em-saude-mental-e-lancado\/","og_site_name":"Notibras","article_publisher":"https:\/\/www.facebook.com\/notibras\/","article_published_time":"2026-01-31T03:15:20+00:00","og_image":[{"width":2048,"height":1365,"url":"https:\/\/www.notibras.com\/site\/wp-content\/uploads\/2026\/01\/Lancamento-do-InovaSAM_apresentacao-do-aplicativo-de-saude-mental-SAMia_Foto_Jhonatan-Cantarelle_Agencia-Saude-DF-1.jpg","type":"image\/jpeg"}],"author":"Eduardo Mart\u00ednez","twitter_card":"summary_large_image","twitter_creator":"@Notibras","twitter_site":"@Notibras","twitter_misc":{"Escrito por":"Eduardo Mart\u00ednez","Est. tempo de leitura":"2 minutos"},"schema":{"@context":"https:\/\/schema.org","@graph":[{"@type":"Article","@id":"https:\/\/www.notibras.com\/site\/laboratorio-para-projetos-inovadores-em-saude-mental-e-lancado\/#article","isPartOf":{"@id":"https:\/\/www.notibras.com\/site\/laboratorio-para-projetos-inovadores-em-saude-mental-e-lancado\/"},"author":{"name":"Eduardo Mart\u00ednez","@id":"https:\/\/www.notibras.com\/site\/#\/schema\/person\/5b7fabf2aedc3ada2105f03b22b4d3dd"},"headline":"Laborat\u00f3rio para projetos inovadores em sa\u00fade mental \u00e9 lan\u00e7ado","datePublished":"2026-01-31T03:15:20+00:00","mainEntityOfPage":{"@id":"https:\/\/www.notibras.com\/site\/laboratorio-para-projetos-inovadores-em-saude-mental-e-lancado\/"},"wordCount":304,"publisher":{"@id":"https:\/\/www.notibras.com\/site\/#organization"},"image":{"@id":"https:\/\/www.notibras.com\/site\/laboratorio-para-projetos-inovadores-em-saude-mental-e-lancado\/#primaryimage"},"thumbnailUrl":"https:\/\/www.notibras.com\/site\/wp-content\/uploads\/2026\/01\/Lancamento-do-InovaSAM_apresentacao-do-aplicativo-de-saude-mental-SAMia_Foto_Jhonatan-Cantarelle_Agencia-Saude-DF-1.jpg","articleSection":["Quadradinho em Foco"],"inLanguage":"pt-BR"},{"@type":"WebPage","@id":"https:\/\/www.notibras.com\/site\/laboratorio-para-projetos-inovadores-em-saude-mental-e-lancado\/","url":"https:\/\/www.notibras.com\/site\/laboratorio-para-projetos-inovadores-em-saude-mental-e-lancado\/","name":"Laborat\u00f3rio para projetos inovadores em sa\u00fade mental \u00e9 lan\u00e7ado - Notibras","isPartOf":{"@id":"https:\/\/www.notibras.com\/site\/#website"},"primaryImageOfPage":{"@id":"https:\/\/www.notibras.com\/site\/laboratorio-para-projetos-inovadores-em-saude-mental-e-lancado\/#primaryimage"},"image":{"@id":"https:\/\/www.notibras.com\/site\/laboratorio-para-projetos-inovadores-em-saude-mental-e-lancado\/#primaryimage"},"thumbnailUrl":"https:\/\/www.notibras.com\/site\/wp-content\/uploads\/2026\/01\/Lancamento-do-InovaSAM_apresentacao-do-aplicativo-de-saude-mental-SAMia_Foto_Jhonatan-Cantarelle_Agencia-Saude-DF-1.jpg","datePublished":"2026-01-31T03:15:20+00:00","breadcrumb":{"@id":"https:\/\/www.notibras.com\/site\/laboratorio-para-projetos-inovadores-em-saude-mental-e-lancado\/#breadcrumb"},"inLanguage":"pt-BR","potentialAction":[{"@type":"ReadAction","target":["https:\/\/www.notibras.com\/site\/laboratorio-para-projetos-inovadores-em-saude-mental-e-lancado\/"]}]},{"@type":"ImageObject","inLanguage":"pt-BR","@id":"https:\/\/www.notibras.com\/site\/laboratorio-para-projetos-inovadores-em-saude-mental-e-lancado\/#primaryimage","url":"https:\/\/www.notibras.com\/site\/wp-content\/uploads\/2026\/01\/Lancamento-do-InovaSAM_apresentacao-do-aplicativo-de-saude-mental-SAMia_Foto_Jhonatan-Cantarelle_Agencia-Saude-DF-1.jpg","contentUrl":"https:\/\/www.notibras.com\/site\/wp-content\/uploads\/2026\/01\/Lancamento-do-InovaSAM_apresentacao-do-aplicativo-de-saude-mental-SAMia_Foto_Jhonatan-Cantarelle_Agencia-Saude-DF-1.jpg","width":2048,"height":1365},{"@type":"BreadcrumbList","@id":"https:\/\/www.notibras.com\/site\/laboratorio-para-projetos-inovadores-em-saude-mental-e-lancado\/#breadcrumb","itemListElement":[{"@type":"ListItem","position":1,"name":"In\u00edcio","item":"https:\/\/www.notibras.com\/site\/"},{"@type":"ListItem","position":2,"name":"Laborat\u00f3rio para projetos inovadores em sa\u00fade mental \u00e9 lan\u00e7ado"}]},{"@type":"WebSite","@id":"https:\/\/www.notibras.com\/site\/#website","url":"https:\/\/www.notibras.com\/site\/","name":"Notibras","description":"Not\u00edcias de Bras\u00edlia, do Brasil e do Mundo","publisher":{"@id":"https:\/\/www.notibras.com\/site\/#organization"},"potentialAction":[{"@type":"SearchAction","target":{"@type":"EntryPoint","urlTemplate":"https:\/\/www.notibras.com\/site\/?s={search_term_string}"},"query-input":{"@type":"PropertyValueSpecification","valueRequired":true,"valueName":"search_term_string"}}],"inLanguage":"pt-BR"},{"@type":"Organization","@id":"https:\/\/www.notibras.com\/site\/#organization","name":"Grupo Notibras de Comunica\u00e7\u00e3o","url":"https:\/\/www.notibras.com\/site\/","logo":{"@type":"ImageObject","inLanguage":"pt-BR","@id":"https:\/\/www.notibras.com\/site\/#\/schema\/logo\/image\/","url":"https:\/\/www.notibras.com\/site\/wp-content\/uploads\/2023\/01\/notibras23.png","contentUrl":"https:\/\/www.notibras.com\/site\/wp-content\/uploads\/2023\/01\/notibras23.png","width":350,"height":87,"caption":"Grupo Notibras de Comunica\u00e7\u00e3o"},"image":{"@id":"https:\/\/www.notibras.com\/site\/#\/schema\/logo\/image\/"},"sameAs":["https:\/\/www.facebook.com\/notibras\/","https:\/\/x.com\/Notibras","https:\/\/www.instagram.com\/notibras\/"]},{"@type":"Person","@id":"https:\/\/www.notibras.com\/site\/#\/schema\/person\/5b7fabf2aedc3ada2105f03b22b4d3dd","name":"Eduardo Mart\u00ednez","image":{"@type":"ImageObject","inLanguage":"pt-BR","@id":"https:\/\/secure.gravatar.com\/avatar\/7902f906289926289cbcda644b5197c796b893c6ffd7b9a536a42d290f7704a0?s=96&d=mm&r=g","url":"https:\/\/secure.gravatar.com\/avatar\/7902f906289926289cbcda644b5197c796b893c6ffd7b9a536a42d290f7704a0?s=96&d=mm&r=g","contentUrl":"https:\/\/secure.gravatar.com\/avatar\/7902f906289926289cbcda644b5197c796b893c6ffd7b9a536a42d290f7704a0?s=96&d=mm&r=g","caption":"Eduardo Mart\u00ednez"}}]}},"amp_enabled":true,"_links":{"self":[{"href":"https:\/\/www.notibras.com\/site\/wp-json\/wp\/v2\/posts\/381238","targetHints":{"allow":["GET"]}}],"collection":[{"href":"https:\/\/www.notibras.com\/site\/wp-json\/wp\/v2\/posts"}],"about":[{"href":"https:\/\/www.notibras.com\/site\/wp-json\/wp\/v2\/types\/post"}],"author":[{"embeddable":true,"href":"https:\/\/www.notibras.com\/site\/wp-json\/wp\/v2\/users\/21"}],"replies":[{"embeddable":true,"href":"https:\/\/www.notibras.com\/site\/wp-json\/wp\/v2\/comments?post=381238"}],"version-history":[{"count":4,"href":"https:\/\/www.notibras.com\/site\/wp-json\/wp\/v2\/posts\/381238\/revisions"}],"predecessor-version":[{"id":381243,"href":"https:\/\/www.notibras.com\/site\/wp-json\/wp\/v2\/posts\/381238\/revisions\/381243"}],"wp:featuredmedia":[{"embeddable":true,"href":"https:\/\/www.notibras.com\/site\/wp-json\/wp\/v2\/media\/381239"}],"wp:attachment":[{"href":"https:\/\/www.notibras.com\/site\/wp-json\/wp\/v2\/media?parent=381238"}],"wp:term":[{"taxonomy":"category","embeddable":true,"href":"https:\/\/www.notibras.com\/site\/wp-json\/wp\/v2\/categories?post=381238"},{"taxonomy":"post_tag","embeddable":true,"href":"https:\/\/www.notibras.com\/site\/wp-json\/wp\/v2\/tags?post=381238"}],"curies":[{"name":"wp","href":"https:\/\/api.w.org\/{rel}","templated":true}]}}