{"id":38125,"date":"2015-02-24T17:36:10","date_gmt":"2015-02-24T20:36:10","guid":{"rendered":"http:\/\/www.notibras.com\/site\/?p=38125"},"modified":"2015-02-24T21:39:22","modified_gmt":"2015-02-25T00:39:22","slug":"ato-em-defesa-da-petrobras-acaba-em-pancadaria-no-rio","status":"publish","type":"post","link":"https:\/\/www.notibras.com\/site\/ato-em-defesa-da-petrobras-acaba-em-pancadaria-no-rio\/","title":{"rendered":"Ato em defesa da Petrobras acaba em pancadaria no Rio"},"content":{"rendered":"<div class=\"content\">\n<p>Policiais militares precisaram intervir para conter a viol\u00eancia entre manifestantes em um ato em defesa da Petrobras, no centro do Rio. A confus\u00e3o come\u00e7ou quando sindicalistas usando camisetas da Central \u00danica dos Trabalhadores (CUT) recha\u00e7aram com agressividade outro grupo de ativistas que protestavam contra a corrup\u00e7\u00e3o na estatal.<\/p>\n<blockquote><p>O confronto foi em frente \u00e0 sede da Associa\u00e7\u00e3o Brasileira de Imprensa (ABI), onde estava marcado um ato em defesa da Petrobras, para o qual estava prevista a presen\u00e7a de acad\u00eamicos, artistas e l\u00edderes pol\u00edticos, incluindo o ex-presidente Luiz In\u00e1cio Lula da Silva.<\/p><\/blockquote>\n<p>Por causa da confus\u00e3o, a Rua Ara\u00fajo Porto Alegre teve de ser interditada, causando um grande engarrafamento no tr\u00e2nsito naquela regi\u00e3o do centro da cidade.<\/p>\n<p>Os policiais militares formaram um cord\u00e3o de isolamento entre o grupo de sindicalistas e o de ativistas contr\u00e1rios, que tiveram suas faixas retiradas \u00e0 for\u00e7a. V\u00e1rias brigas foram registradas, e at\u00e9 profissionais de imprensa foram hostilizados pelos sindicalistas.<\/p>\n<header>\n<div class=\"node-info\"><strong>Vladimir Platonow, ABr<\/strong><strong><br \/>\n<\/strong><\/div>\n<\/header>\n<\/div>\n","protected":false},"excerpt":{"rendered":"<p>Policiais militares precisaram intervir para conter a viol\u00eancia entre manifestantes em um ato em defesa da Petrobras, no centro do Rio. A confus\u00e3o come\u00e7ou quando sindicalistas usando camisetas da Central \u00danica dos Trabalhadores (CUT) recha\u00e7aram com agressividade outro grupo de ativistas que protestavam contra a corrup\u00e7\u00e3o na estatal. O confronto foi em frente \u00e0 sede [&hellip;]<\/p>\n","protected":false},"author":2,"featured_media":38126,"comment_status":"open","ping_status":"closed","sticky":false,"template":"","format":"standard","meta":{"_acf_changed":false,"footnotes":""},"categories":[16],"tags":[],"class_list":["post-38125","post","type-post","status-publish","format-standard","has-post-thumbnail","hentry","category-brasil"],"acf":[],"yoast_head":"<!-- This site is optimized with the Yoast SEO plugin v27.2 - https:\/\/yoast.com\/product\/yoast-seo-wordpress\/ -->\n<title>Ato em defesa da Petrobras acaba em pancadaria no Rio - Notibras<\/title>\n<meta name=\"robots\" content=\"index, follow, max-snippet:-1, max-image-preview:large, max-video-preview:-1\" \/>\n<link rel=\"canonical\" href=\"https:\/\/www.notibras.com\/site\/ato-em-defesa-da-petrobras-acaba-em-pancadaria-no-rio\/\" \/>\n<meta property=\"og:locale\" content=\"pt_BR\" \/>\n<meta property=\"og:type\" content=\"article\" \/>\n<meta property=\"og:title\" content=\"Ato em defesa da Petrobras acaba em pancadaria no Rio - Notibras\" \/>\n<meta property=\"og:description\" content=\"Policiais militares precisaram intervir para conter a viol\u00eancia entre manifestantes em um ato em defesa da Petrobras, no centro do Rio. A confus\u00e3o come\u00e7ou quando sindicalistas usando camisetas da Central \u00danica dos Trabalhadores (CUT) recha\u00e7aram com agressividade outro grupo de ativistas que protestavam contra a corrup\u00e7\u00e3o na estatal. O confronto foi em frente \u00e0 sede [&hellip;]\" \/>\n<meta property=\"og:url\" content=\"https:\/\/www.notibras.com\/site\/ato-em-defesa-da-petrobras-acaba-em-pancadaria-no-rio\/\" \/>\n<meta property=\"og:site_name\" content=\"Notibras\" \/>\n<meta property=\"article:publisher\" content=\"https:\/\/www.facebook.com\/notibras\/\" \/>\n<meta property=\"article:published_time\" content=\"2015-02-24T20:36:10+00:00\" \/>\n<meta property=\"article:modified_time\" content=\"2015-02-25T00:39:22+00:00\" \/>\n<meta property=\"og:image\" content=\"https:\/\/www.notibras.com\/site\/wp-content\/uploads\/2015\/02\/ato.jpg\" \/>\n\t<meta property=\"og:image:width\" content=\"580\" \/>\n\t<meta property=\"og:image:height\" content=\"388\" \/>\n\t<meta property=\"og:image:type\" content=\"image\/jpeg\" \/>\n<meta name=\"author\" content=\"Reda\u00e7\u00e3o\" \/>\n<meta name=\"twitter:card\" content=\"summary_large_image\" \/>\n<meta name=\"twitter:creator\" content=\"@Notibras\" \/>\n<meta name=\"twitter:site\" content=\"@Notibras\" \/>\n<meta name=\"twitter:label1\" content=\"Escrito por\" \/>\n\t<meta name=\"twitter:data1\" content=\"Reda\u00e7\u00e3o\" \/>\n\t<meta name=\"twitter:label2\" content=\"Est. tempo de leitura\" \/>\n\t<meta name=\"twitter:data2\" content=\"1 minuto\" \/>\n<script type=\"application\/ld+json\" class=\"yoast-schema-graph\">{\"@context\":\"https:\/\/schema.org\",\"@graph\":[{\"@type\":\"Article\",\"@id\":\"https:\/\/www.notibras.com\/site\/ato-em-defesa-da-petrobras-acaba-em-pancadaria-no-rio\/#article\",\"isPartOf\":{\"@id\":\"https:\/\/www.notibras.com\/site\/ato-em-defesa-da-petrobras-acaba-em-pancadaria-no-rio\/\"},\"author\":{\"name\":\"Reda\u00e7\u00e3o\",\"@id\":\"https:\/\/www.notibras.com\/site\/#\/schema\/person\/36ab0979449956132d3e5b517ea76ac8\"},\"headline\":\"Ato em defesa da Petrobras acaba em pancadaria no Rio\",\"datePublished\":\"2015-02-24T20:36:10+00:00\",\"dateModified\":\"2015-02-25T00:39:22+00:00\",\"mainEntityOfPage\":{\"@id\":\"https:\/\/www.notibras.com\/site\/ato-em-defesa-da-petrobras-acaba-em-pancadaria-no-rio\/\"},\"wordCount\":184,\"commentCount\":0,\"publisher\":{\"@id\":\"https:\/\/www.notibras.com\/site\/#organization\"},\"image\":{\"@id\":\"https:\/\/www.notibras.com\/site\/ato-em-defesa-da-petrobras-acaba-em-pancadaria-no-rio\/#primaryimage\"},\"thumbnailUrl\":\"https:\/\/www.notibras.com\/site\/wp-content\/uploads\/2015\/02\/ato.jpg\",\"articleSection\":[\"Brasil\"],\"inLanguage\":\"pt-BR\",\"potentialAction\":[{\"@type\":\"CommentAction\",\"name\":\"Comment\",\"target\":[\"https:\/\/www.notibras.com\/site\/ato-em-defesa-da-petrobras-acaba-em-pancadaria-no-rio\/#respond\"]}]},{\"@type\":\"WebPage\",\"@id\":\"https:\/\/www.notibras.com\/site\/ato-em-defesa-da-petrobras-acaba-em-pancadaria-no-rio\/\",\"url\":\"https:\/\/www.notibras.com\/site\/ato-em-defesa-da-petrobras-acaba-em-pancadaria-no-rio\/\",\"name\":\"Ato em defesa da Petrobras acaba em pancadaria no Rio - Notibras\",\"isPartOf\":{\"@id\":\"https:\/\/www.notibras.com\/site\/#website\"},\"primaryImageOfPage\":{\"@id\":\"https:\/\/www.notibras.com\/site\/ato-em-defesa-da-petrobras-acaba-em-pancadaria-no-rio\/#primaryimage\"},\"image\":{\"@id\":\"https:\/\/www.notibras.com\/site\/ato-em-defesa-da-petrobras-acaba-em-pancadaria-no-rio\/#primaryimage\"},\"thumbnailUrl\":\"https:\/\/www.notibras.com\/site\/wp-content\/uploads\/2015\/02\/ato.jpg\",\"datePublished\":\"2015-02-24T20:36:10+00:00\",\"dateModified\":\"2015-02-25T00:39:22+00:00\",\"breadcrumb\":{\"@id\":\"https:\/\/www.notibras.com\/site\/ato-em-defesa-da-petrobras-acaba-em-pancadaria-no-rio\/#breadcrumb\"},\"inLanguage\":\"pt-BR\",\"potentialAction\":[{\"@type\":\"ReadAction\",\"target\":[\"https:\/\/www.notibras.com\/site\/ato-em-defesa-da-petrobras-acaba-em-pancadaria-no-rio\/\"]}]},{\"@type\":\"ImageObject\",\"inLanguage\":\"pt-BR\",\"@id\":\"https:\/\/www.notibras.com\/site\/ato-em-defesa-da-petrobras-acaba-em-pancadaria-no-rio\/#primaryimage\",\"url\":\"https:\/\/www.notibras.com\/site\/wp-content\/uploads\/2015\/02\/ato.jpg\",\"contentUrl\":\"https:\/\/www.notibras.com\/site\/wp-content\/uploads\/2015\/02\/ato.jpg\",\"width\":580,\"height\":388},{\"@type\":\"BreadcrumbList\",\"@id\":\"https:\/\/www.notibras.com\/site\/ato-em-defesa-da-petrobras-acaba-em-pancadaria-no-rio\/#breadcrumb\",\"itemListElement\":[{\"@type\":\"ListItem\",\"position\":1,\"name\":\"In\u00edcio\",\"item\":\"https:\/\/www.notibras.com\/site\/\"},{\"@type\":\"ListItem\",\"position\":2,\"name\":\"Ato em defesa da Petrobras acaba em pancadaria no Rio\"}]},{\"@type\":\"WebSite\",\"@id\":\"https:\/\/www.notibras.com\/site\/#website\",\"url\":\"https:\/\/www.notibras.com\/site\/\",\"name\":\"Notibras\",\"description\":\"Not\u00edcias de Bras\u00edlia, do Brasil e do Mundo\",\"publisher\":{\"@id\":\"https:\/\/www.notibras.com\/site\/#organization\"},\"potentialAction\":[{\"@type\":\"SearchAction\",\"target\":{\"@type\":\"EntryPoint\",\"urlTemplate\":\"https:\/\/www.notibras.com\/site\/?s={search_term_string}\"},\"query-input\":{\"@type\":\"PropertyValueSpecification\",\"valueRequired\":true,\"valueName\":\"search_term_string\"}}],\"inLanguage\":\"pt-BR\"},{\"@type\":\"Organization\",\"@id\":\"https:\/\/www.notibras.com\/site\/#organization\",\"name\":\"Grupo Notibras de Comunica\u00e7\u00e3o\",\"url\":\"https:\/\/www.notibras.com\/site\/\",\"logo\":{\"@type\":\"ImageObject\",\"inLanguage\":\"pt-BR\",\"@id\":\"https:\/\/www.notibras.com\/site\/#\/schema\/logo\/image\/\",\"url\":\"https:\/\/www.notibras.com\/site\/wp-content\/uploads\/2023\/01\/notibras23.png\",\"contentUrl\":\"https:\/\/www.notibras.com\/site\/wp-content\/uploads\/2023\/01\/notibras23.png\",\"width\":350,\"height\":87,\"caption\":\"Grupo Notibras de Comunica\u00e7\u00e3o\"},\"image\":{\"@id\":\"https:\/\/www.notibras.com\/site\/#\/schema\/logo\/image\/\"},\"sameAs\":[\"https:\/\/www.facebook.com\/notibras\/\",\"https:\/\/x.com\/Notibras\",\"https:\/\/www.instagram.com\/notibras\/\"]},{\"@type\":\"Person\",\"@id\":\"https:\/\/www.notibras.com\/site\/#\/schema\/person\/36ab0979449956132d3e5b517ea76ac8\",\"name\":\"Reda\u00e7\u00e3o\",\"image\":{\"@type\":\"ImageObject\",\"inLanguage\":\"pt-BR\",\"@id\":\"https:\/\/secure.gravatar.com\/avatar\/e0a867bdedb85fd243eadf09663511f96fc81e0720a4a42581f334ad4303aa6b?s=96&d=mm&r=g\",\"url\":\"https:\/\/secure.gravatar.com\/avatar\/e0a867bdedb85fd243eadf09663511f96fc81e0720a4a42581f334ad4303aa6b?s=96&d=mm&r=g\",\"contentUrl\":\"https:\/\/secure.gravatar.com\/avatar\/e0a867bdedb85fd243eadf09663511f96fc81e0720a4a42581f334ad4303aa6b?s=96&d=mm&r=g\",\"caption\":\"Reda\u00e7\u00e3o\"}}]}<\/script>\n<!-- \/ Yoast SEO plugin. -->","yoast_head_json":{"title":"Ato em defesa da Petrobras acaba em pancadaria no Rio - Notibras","robots":{"index":"index","follow":"follow","max-snippet":"max-snippet:-1","max-image-preview":"max-image-preview:large","max-video-preview":"max-video-preview:-1"},"canonical":"https:\/\/www.notibras.com\/site\/ato-em-defesa-da-petrobras-acaba-em-pancadaria-no-rio\/","og_locale":"pt_BR","og_type":"article","og_title":"Ato em defesa da Petrobras acaba em pancadaria no Rio - Notibras","og_description":"Policiais militares precisaram intervir para conter a viol\u00eancia entre manifestantes em um ato em defesa da Petrobras, no centro do Rio. A confus\u00e3o come\u00e7ou quando sindicalistas usando camisetas da Central \u00danica dos Trabalhadores (CUT) recha\u00e7aram com agressividade outro grupo de ativistas que protestavam contra a corrup\u00e7\u00e3o na estatal. O confronto foi em frente \u00e0 sede [&hellip;]","og_url":"https:\/\/www.notibras.com\/site\/ato-em-defesa-da-petrobras-acaba-em-pancadaria-no-rio\/","og_site_name":"Notibras","article_publisher":"https:\/\/www.facebook.com\/notibras\/","article_published_time":"2015-02-24T20:36:10+00:00","article_modified_time":"2015-02-25T00:39:22+00:00","og_image":[{"width":580,"height":388,"url":"https:\/\/www.notibras.com\/site\/wp-content\/uploads\/2015\/02\/ato.jpg","type":"image\/jpeg"}],"author":"Reda\u00e7\u00e3o","twitter_card":"summary_large_image","twitter_creator":"@Notibras","twitter_site":"@Notibras","twitter_misc":{"Escrito por":"Reda\u00e7\u00e3o","Est. tempo de leitura":"1 minuto"},"schema":{"@context":"https:\/\/schema.org","@graph":[{"@type":"Article","@id":"https:\/\/www.notibras.com\/site\/ato-em-defesa-da-petrobras-acaba-em-pancadaria-no-rio\/#article","isPartOf":{"@id":"https:\/\/www.notibras.com\/site\/ato-em-defesa-da-petrobras-acaba-em-pancadaria-no-rio\/"},"author":{"name":"Reda\u00e7\u00e3o","@id":"https:\/\/www.notibras.com\/site\/#\/schema\/person\/36ab0979449956132d3e5b517ea76ac8"},"headline":"Ato em defesa da Petrobras acaba em pancadaria no Rio","datePublished":"2015-02-24T20:36:10+00:00","dateModified":"2015-02-25T00:39:22+00:00","mainEntityOfPage":{"@id":"https:\/\/www.notibras.com\/site\/ato-em-defesa-da-petrobras-acaba-em-pancadaria-no-rio\/"},"wordCount":184,"commentCount":0,"publisher":{"@id":"https:\/\/www.notibras.com\/site\/#organization"},"image":{"@id":"https:\/\/www.notibras.com\/site\/ato-em-defesa-da-petrobras-acaba-em-pancadaria-no-rio\/#primaryimage"},"thumbnailUrl":"https:\/\/www.notibras.com\/site\/wp-content\/uploads\/2015\/02\/ato.jpg","articleSection":["Brasil"],"inLanguage":"pt-BR","potentialAction":[{"@type":"CommentAction","name":"Comment","target":["https:\/\/www.notibras.com\/site\/ato-em-defesa-da-petrobras-acaba-em-pancadaria-no-rio\/#respond"]}]},{"@type":"WebPage","@id":"https:\/\/www.notibras.com\/site\/ato-em-defesa-da-petrobras-acaba-em-pancadaria-no-rio\/","url":"https:\/\/www.notibras.com\/site\/ato-em-defesa-da-petrobras-acaba-em-pancadaria-no-rio\/","name":"Ato em defesa da Petrobras acaba em pancadaria no Rio - Notibras","isPartOf":{"@id":"https:\/\/www.notibras.com\/site\/#website"},"primaryImageOfPage":{"@id":"https:\/\/www.notibras.com\/site\/ato-em-defesa-da-petrobras-acaba-em-pancadaria-no-rio\/#primaryimage"},"image":{"@id":"https:\/\/www.notibras.com\/site\/ato-em-defesa-da-petrobras-acaba-em-pancadaria-no-rio\/#primaryimage"},"thumbnailUrl":"https:\/\/www.notibras.com\/site\/wp-content\/uploads\/2015\/02\/ato.jpg","datePublished":"2015-02-24T20:36:10+00:00","dateModified":"2015-02-25T00:39:22+00:00","breadcrumb":{"@id":"https:\/\/www.notibras.com\/site\/ato-em-defesa-da-petrobras-acaba-em-pancadaria-no-rio\/#breadcrumb"},"inLanguage":"pt-BR","potentialAction":[{"@type":"ReadAction","target":["https:\/\/www.notibras.com\/site\/ato-em-defesa-da-petrobras-acaba-em-pancadaria-no-rio\/"]}]},{"@type":"ImageObject","inLanguage":"pt-BR","@id":"https:\/\/www.notibras.com\/site\/ato-em-defesa-da-petrobras-acaba-em-pancadaria-no-rio\/#primaryimage","url":"https:\/\/www.notibras.com\/site\/wp-content\/uploads\/2015\/02\/ato.jpg","contentUrl":"https:\/\/www.notibras.com\/site\/wp-content\/uploads\/2015\/02\/ato.jpg","width":580,"height":388},{"@type":"BreadcrumbList","@id":"https:\/\/www.notibras.com\/site\/ato-em-defesa-da-petrobras-acaba-em-pancadaria-no-rio\/#breadcrumb","itemListElement":[{"@type":"ListItem","position":1,"name":"In\u00edcio","item":"https:\/\/www.notibras.com\/site\/"},{"@type":"ListItem","position":2,"name":"Ato em defesa da Petrobras acaba em pancadaria no Rio"}]},{"@type":"WebSite","@id":"https:\/\/www.notibras.com\/site\/#website","url":"https:\/\/www.notibras.com\/site\/","name":"Notibras","description":"Not\u00edcias de Bras\u00edlia, do Brasil e do Mundo","publisher":{"@id":"https:\/\/www.notibras.com\/site\/#organization"},"potentialAction":[{"@type":"SearchAction","target":{"@type":"EntryPoint","urlTemplate":"https:\/\/www.notibras.com\/site\/?s={search_term_string}"},"query-input":{"@type":"PropertyValueSpecification","valueRequired":true,"valueName":"search_term_string"}}],"inLanguage":"pt-BR"},{"@type":"Organization","@id":"https:\/\/www.notibras.com\/site\/#organization","name":"Grupo Notibras de Comunica\u00e7\u00e3o","url":"https:\/\/www.notibras.com\/site\/","logo":{"@type":"ImageObject","inLanguage":"pt-BR","@id":"https:\/\/www.notibras.com\/site\/#\/schema\/logo\/image\/","url":"https:\/\/www.notibras.com\/site\/wp-content\/uploads\/2023\/01\/notibras23.png","contentUrl":"https:\/\/www.notibras.com\/site\/wp-content\/uploads\/2023\/01\/notibras23.png","width":350,"height":87,"caption":"Grupo Notibras de Comunica\u00e7\u00e3o"},"image":{"@id":"https:\/\/www.notibras.com\/site\/#\/schema\/logo\/image\/"},"sameAs":["https:\/\/www.facebook.com\/notibras\/","https:\/\/x.com\/Notibras","https:\/\/www.instagram.com\/notibras\/"]},{"@type":"Person","@id":"https:\/\/www.notibras.com\/site\/#\/schema\/person\/36ab0979449956132d3e5b517ea76ac8","name":"Reda\u00e7\u00e3o","image":{"@type":"ImageObject","inLanguage":"pt-BR","@id":"https:\/\/secure.gravatar.com\/avatar\/e0a867bdedb85fd243eadf09663511f96fc81e0720a4a42581f334ad4303aa6b?s=96&d=mm&r=g","url":"https:\/\/secure.gravatar.com\/avatar\/e0a867bdedb85fd243eadf09663511f96fc81e0720a4a42581f334ad4303aa6b?s=96&d=mm&r=g","contentUrl":"https:\/\/secure.gravatar.com\/avatar\/e0a867bdedb85fd243eadf09663511f96fc81e0720a4a42581f334ad4303aa6b?s=96&d=mm&r=g","caption":"Reda\u00e7\u00e3o"}}]}},"amp_enabled":true,"_links":{"self":[{"href":"https:\/\/www.notibras.com\/site\/wp-json\/wp\/v2\/posts\/38125","targetHints":{"allow":["GET"]}}],"collection":[{"href":"https:\/\/www.notibras.com\/site\/wp-json\/wp\/v2\/posts"}],"about":[{"href":"https:\/\/www.notibras.com\/site\/wp-json\/wp\/v2\/types\/post"}],"author":[{"embeddable":true,"href":"https:\/\/www.notibras.com\/site\/wp-json\/wp\/v2\/users\/2"}],"replies":[{"embeddable":true,"href":"https:\/\/www.notibras.com\/site\/wp-json\/wp\/v2\/comments?post=38125"}],"version-history":[{"count":0,"href":"https:\/\/www.notibras.com\/site\/wp-json\/wp\/v2\/posts\/38125\/revisions"}],"wp:featuredmedia":[{"embeddable":true,"href":"https:\/\/www.notibras.com\/site\/wp-json\/wp\/v2\/media\/38126"}],"wp:attachment":[{"href":"https:\/\/www.notibras.com\/site\/wp-json\/wp\/v2\/media?parent=38125"}],"wp:term":[{"taxonomy":"category","embeddable":true,"href":"https:\/\/www.notibras.com\/site\/wp-json\/wp\/v2\/categories?post=38125"},{"taxonomy":"post_tag","embeddable":true,"href":"https:\/\/www.notibras.com\/site\/wp-json\/wp\/v2\/tags?post=38125"}],"curies":[{"name":"wp","href":"https:\/\/api.w.org\/{rel}","templated":true}]}}