{"id":381298,"date":"2026-01-31T02:17:26","date_gmt":"2026-01-31T05:17:26","guid":{"rendered":"https:\/\/www.notibras.com\/site\/?p=381298"},"modified":"2026-01-31T02:17:26","modified_gmt":"2026-01-31T05:17:26","slug":"crianca-que-morreu-em-praia-de-olinda-foi-vitima-de-predador-do-mar","status":"publish","type":"post","link":"https:\/\/www.notibras.com\/site\/crianca-que-morreu-em-praia-de-olinda-foi-vitima-de-predador-do-mar\/","title":{"rendered":"Crian\u00e7a que morreu em praia de Olinda foi v\u00edtima de predador do mar"},"content":{"rendered":"<p>O corpo do adolescente morto ap\u00f3s ataque de tubar\u00e3o em Olinda, na regi\u00e3o metropolitana do Recife, foi enterrado na tarde desta sexta (30). Deivison Rocha Dantas, de 13 anos, foi mordido pelo animal nesta quinta-feira e j\u00e1 chegou sem vida ao servi\u00e7o m\u00e9dico.<\/p>\n<p>Segundo o Comit\u00ea Estadual de Monitoramento de Incidentes com Tubar\u00f5es (Cemit), o bicho possivelmente pertence \u00e0 esp\u00e9cie tubar\u00e3o-cabe\u00e7a-chata (Carcharhinus leucas), esp\u00e9cie muito comum na regi\u00e3o.<\/p>\n<p>O Cemit informou ainda que a les\u00e3o que matou o jovem, situada na coxa direita da v\u00edtima, tinha 33 cm de di\u00e2metro e o padr\u00e3o \u00e9 \u201ccompat\u00edvel com uma denti\u00e7\u00e3o do tipo \u2018garfo\/faca\u2019\u201d.<\/p>\n<p>\u201cEsse tipo de denti\u00e7\u00e3o \u00e9 caracter\u00edstica de tubar\u00f5es do g\u00eanero Carcharhinus, especialmente do tubar\u00e3o-cabe\u00e7a-chata. As peculiaridades ambientais da \u00e1rea, pr\u00f3xima a estu\u00e1rio e \u00e0 desembocadura de rios, refor\u00e7am essa hip\u00f3tese, uma vez que a esp\u00e9cie apresenta elevada afinidade com ambientes costeiros, estuarinos e de influ\u00eancia fluvial\u201d, completou o Cemit.<\/p>\n<p>Segundo o comit\u00ea, desde 1992 foram registrados 82 incidentes com tubar\u00f5es em Pernambuco, sendo 67 ocorr\u00eancias no litoral continental, concentradas principalmente na Regi\u00e3o Metropolitana do Recife, e 14 ocorr\u00eancias no Arquip\u00e9lago de Fernando de Noronha.<\/p>\n<p>Um trecho de 33 quil\u00f4metros de praia no grande Recife, que vai dos coqueirais da Praia do Paiva, no Cabo de Santo Agostinho, at\u00e9 a Praia do Farol, em Olinda, \u00e9 considerado pelo Cemit como um trecho de aten\u00e7\u00e3o com maior probabilidade de ocorrer incidentes com tubar\u00f5es.<\/p>\n<p>Um decreto estadual pro\u00edbe a pr\u00e1tica de atividades n\u00e1uticas nesses 33 quil\u00f4metros (km), mas n\u00e3o pro\u00edbe o banho de mar.<\/p>\n<p>O \u00fanico ponto proibido legalmente para banho \u00e9 um trecho de 2,2 km da Praia de Piedade, entre a Igrejinha de Piedade e o Hotel Barramares, localizado ao lado do Hospital da Aeron\u00e1utica do Recife. Essa proibi\u00e7\u00e3o foi estabelecida por decreto do munic\u00edpio de Jaboat\u00e3o dos Guararapes.<\/p>\n<p>O Cemit disse ainda que est\u00e3o instaladas 150 placas de sinaliza\u00e7\u00e3o sobre \u00e1rea sujeita a incidentes com tubar\u00e3o no litoral de Pernambuco, das quais, 13 est\u00e3o em Olinda e 4, especificamente, na praia de Del Chifre.<\/p>\n<p><strong>Monitoramento <\/strong><br \/>\nNo come\u00e7o do m\u00eas, o governo de Pernambuco divulgou um edital para retomar o monitoramento de tubar\u00f5es no litoral do estado, interrompido desde 2015. O edital prev\u00ea o acompanhamento dos animais com o uso de microchip.<\/p>\n<p>O foco principal das a\u00e7\u00f5es ser\u00e1 o trecho priorit\u00e1rio de aproximadamente 33 km de praias, conforme estabelecido pelo Decreto Estadual 21.402\/1999 e pelo Decreto Municipal n\u00ba 79\/2021, sem preju\u00edzo da inclus\u00e3o de outras \u00e1reas do litoral pernambucano e zonas de transi\u00e7\u00e3o costeira. O edital prev\u00ea o investimento de at\u00e9 R$ 1.052.000,00, com dura\u00e7\u00e3o de 24 meses.<\/p>\n<p>No momento, a Universidade Federal Rural de Pernambuco (UFRPE) faz um monitoramento, mas apenas no arquip\u00e9lago de Noronha, com o apoio do Governo de Pernambuco, por meio da administra\u00e7\u00e3o da ilha, do Instituto Chico Mendes de Conserva\u00e7\u00e3o da Biodiversidade (ICMbio) e da Econoronha.<\/p>\n","protected":false},"excerpt":{"rendered":"<p>O corpo do adolescente morto ap\u00f3s ataque de tubar\u00e3o em Olinda, na regi\u00e3o metropolitana do Recife, foi enterrado na tarde desta sexta (30). Deivison Rocha Dantas, de 13 anos, foi mordido pelo animal nesta quinta-feira e j\u00e1 chegou sem vida ao servi\u00e7o m\u00e9dico. Segundo o Comit\u00ea Estadual de Monitoramento de Incidentes com Tubar\u00f5es (Cemit), o [&hellip;]<\/p>\n","protected":false},"author":2,"featured_media":381299,"comment_status":"closed","ping_status":"closed","sticky":false,"template":"","format":"standard","meta":{"_acf_changed":false,"footnotes":""},"categories":[165],"tags":[],"class_list":["post-381298","post","type-post","status-publish","format-standard","has-post-thumbnail","hentry","category-nordeste"],"acf":[],"yoast_head":"<!-- This site is optimized with the Yoast SEO plugin v27.2 - https:\/\/yoast.com\/product\/yoast-seo-wordpress\/ -->\n<title>Crian\u00e7a que morreu em praia de Olinda foi v\u00edtima de predador do mar - Notibras<\/title>\n<meta name=\"robots\" content=\"index, follow, max-snippet:-1, max-image-preview:large, max-video-preview:-1\" \/>\n<link rel=\"canonical\" href=\"https:\/\/www.notibras.com\/site\/crianca-que-morreu-em-praia-de-olinda-foi-vitima-de-predador-do-mar\/\" \/>\n<meta property=\"og:locale\" content=\"pt_BR\" \/>\n<meta property=\"og:type\" content=\"article\" \/>\n<meta property=\"og:title\" content=\"Crian\u00e7a que morreu em praia de Olinda foi v\u00edtima de predador do mar - Notibras\" \/>\n<meta property=\"og:description\" content=\"O corpo do adolescente morto ap\u00f3s ataque de tubar\u00e3o em Olinda, na regi\u00e3o metropolitana do Recife, foi enterrado na tarde desta sexta (30). Deivison Rocha Dantas, de 13 anos, foi mordido pelo animal nesta quinta-feira e j\u00e1 chegou sem vida ao servi\u00e7o m\u00e9dico. Segundo o Comit\u00ea Estadual de Monitoramento de Incidentes com Tubar\u00f5es (Cemit), o [&hellip;]\" \/>\n<meta property=\"og:url\" content=\"https:\/\/www.notibras.com\/site\/crianca-que-morreu-em-praia-de-olinda-foi-vitima-de-predador-do-mar\/\" \/>\n<meta property=\"og:site_name\" content=\"Notibras\" \/>\n<meta property=\"article:publisher\" content=\"https:\/\/www.facebook.com\/notibras\/\" \/>\n<meta property=\"article:published_time\" content=\"2026-01-31T05:17:26+00:00\" \/>\n<meta property=\"og:image\" content=\"https:\/\/www.notibras.com\/site\/wp-content\/uploads\/2026\/01\/tubarao-cabeca-chata.webp\" \/>\n\t<meta property=\"og:image:width\" content=\"1170\" \/>\n\t<meta property=\"og:image:height\" content=\"700\" \/>\n\t<meta property=\"og:image:type\" content=\"image\/webp\" \/>\n<meta name=\"author\" content=\"Reda\u00e7\u00e3o\" \/>\n<meta name=\"twitter:card\" content=\"summary_large_image\" \/>\n<meta name=\"twitter:creator\" content=\"@Notibras\" \/>\n<meta name=\"twitter:site\" content=\"@Notibras\" \/>\n<meta name=\"twitter:label1\" content=\"Escrito por\" \/>\n\t<meta name=\"twitter:data1\" content=\"Reda\u00e7\u00e3o\" \/>\n\t<meta name=\"twitter:label2\" content=\"Est. tempo de leitura\" \/>\n\t<meta name=\"twitter:data2\" content=\"3 minutos\" \/>\n<script type=\"application\/ld+json\" class=\"yoast-schema-graph\">{\"@context\":\"https:\/\/schema.org\",\"@graph\":[{\"@type\":\"Article\",\"@id\":\"https:\/\/www.notibras.com\/site\/crianca-que-morreu-em-praia-de-olinda-foi-vitima-de-predador-do-mar\/#article\",\"isPartOf\":{\"@id\":\"https:\/\/www.notibras.com\/site\/crianca-que-morreu-em-praia-de-olinda-foi-vitima-de-predador-do-mar\/\"},\"author\":{\"name\":\"Reda\u00e7\u00e3o\",\"@id\":\"https:\/\/www.notibras.com\/site\/#\/schema\/person\/36ab0979449956132d3e5b517ea76ac8\"},\"headline\":\"Crian\u00e7a que morreu em praia de Olinda foi v\u00edtima de predador do mar\",\"datePublished\":\"2026-01-31T05:17:26+00:00\",\"mainEntityOfPage\":{\"@id\":\"https:\/\/www.notibras.com\/site\/crianca-que-morreu-em-praia-de-olinda-foi-vitima-de-predador-do-mar\/\"},\"wordCount\":525,\"publisher\":{\"@id\":\"https:\/\/www.notibras.com\/site\/#organization\"},\"image\":{\"@id\":\"https:\/\/www.notibras.com\/site\/crianca-que-morreu-em-praia-de-olinda-foi-vitima-de-predador-do-mar\/#primaryimage\"},\"thumbnailUrl\":\"https:\/\/www.notibras.com\/site\/wp-content\/uploads\/2026\/01\/tubarao-cabeca-chata.webp\",\"articleSection\":[\"Nordeste\"],\"inLanguage\":\"pt-BR\"},{\"@type\":\"WebPage\",\"@id\":\"https:\/\/www.notibras.com\/site\/crianca-que-morreu-em-praia-de-olinda-foi-vitima-de-predador-do-mar\/\",\"url\":\"https:\/\/www.notibras.com\/site\/crianca-que-morreu-em-praia-de-olinda-foi-vitima-de-predador-do-mar\/\",\"name\":\"Crian\u00e7a que morreu em praia de Olinda foi v\u00edtima de predador do mar - Notibras\",\"isPartOf\":{\"@id\":\"https:\/\/www.notibras.com\/site\/#website\"},\"primaryImageOfPage\":{\"@id\":\"https:\/\/www.notibras.com\/site\/crianca-que-morreu-em-praia-de-olinda-foi-vitima-de-predador-do-mar\/#primaryimage\"},\"image\":{\"@id\":\"https:\/\/www.notibras.com\/site\/crianca-que-morreu-em-praia-de-olinda-foi-vitima-de-predador-do-mar\/#primaryimage\"},\"thumbnailUrl\":\"https:\/\/www.notibras.com\/site\/wp-content\/uploads\/2026\/01\/tubarao-cabeca-chata.webp\",\"datePublished\":\"2026-01-31T05:17:26+00:00\",\"breadcrumb\":{\"@id\":\"https:\/\/www.notibras.com\/site\/crianca-que-morreu-em-praia-de-olinda-foi-vitima-de-predador-do-mar\/#breadcrumb\"},\"inLanguage\":\"pt-BR\",\"potentialAction\":[{\"@type\":\"ReadAction\",\"target\":[\"https:\/\/www.notibras.com\/site\/crianca-que-morreu-em-praia-de-olinda-foi-vitima-de-predador-do-mar\/\"]}]},{\"@type\":\"ImageObject\",\"inLanguage\":\"pt-BR\",\"@id\":\"https:\/\/www.notibras.com\/site\/crianca-que-morreu-em-praia-de-olinda-foi-vitima-de-predador-do-mar\/#primaryimage\",\"url\":\"https:\/\/www.notibras.com\/site\/wp-content\/uploads\/2026\/01\/tubarao-cabeca-chata.webp\",\"contentUrl\":\"https:\/\/www.notibras.com\/site\/wp-content\/uploads\/2026\/01\/tubarao-cabeca-chata.webp\",\"width\":1170,\"height\":700},{\"@type\":\"BreadcrumbList\",\"@id\":\"https:\/\/www.notibras.com\/site\/crianca-que-morreu-em-praia-de-olinda-foi-vitima-de-predador-do-mar\/#breadcrumb\",\"itemListElement\":[{\"@type\":\"ListItem\",\"position\":1,\"name\":\"In\u00edcio\",\"item\":\"https:\/\/www.notibras.com\/site\/\"},{\"@type\":\"ListItem\",\"position\":2,\"name\":\"Crian\u00e7a que morreu em praia de Olinda foi v\u00edtima de predador do mar\"}]},{\"@type\":\"WebSite\",\"@id\":\"https:\/\/www.notibras.com\/site\/#website\",\"url\":\"https:\/\/www.notibras.com\/site\/\",\"name\":\"Notibras\",\"description\":\"Not\u00edcias de Bras\u00edlia, do Brasil e do Mundo\",\"publisher\":{\"@id\":\"https:\/\/www.notibras.com\/site\/#organization\"},\"potentialAction\":[{\"@type\":\"SearchAction\",\"target\":{\"@type\":\"EntryPoint\",\"urlTemplate\":\"https:\/\/www.notibras.com\/site\/?s={search_term_string}\"},\"query-input\":{\"@type\":\"PropertyValueSpecification\",\"valueRequired\":true,\"valueName\":\"search_term_string\"}}],\"inLanguage\":\"pt-BR\"},{\"@type\":\"Organization\",\"@id\":\"https:\/\/www.notibras.com\/site\/#organization\",\"name\":\"Grupo Notibras de Comunica\u00e7\u00e3o\",\"url\":\"https:\/\/www.notibras.com\/site\/\",\"logo\":{\"@type\":\"ImageObject\",\"inLanguage\":\"pt-BR\",\"@id\":\"https:\/\/www.notibras.com\/site\/#\/schema\/logo\/image\/\",\"url\":\"https:\/\/www.notibras.com\/site\/wp-content\/uploads\/2023\/01\/notibras23.png\",\"contentUrl\":\"https:\/\/www.notibras.com\/site\/wp-content\/uploads\/2023\/01\/notibras23.png\",\"width\":350,\"height\":87,\"caption\":\"Grupo Notibras de Comunica\u00e7\u00e3o\"},\"image\":{\"@id\":\"https:\/\/www.notibras.com\/site\/#\/schema\/logo\/image\/\"},\"sameAs\":[\"https:\/\/www.facebook.com\/notibras\/\",\"https:\/\/x.com\/Notibras\",\"https:\/\/www.instagram.com\/notibras\/\"]},{\"@type\":\"Person\",\"@id\":\"https:\/\/www.notibras.com\/site\/#\/schema\/person\/36ab0979449956132d3e5b517ea76ac8\",\"name\":\"Reda\u00e7\u00e3o\",\"image\":{\"@type\":\"ImageObject\",\"inLanguage\":\"pt-BR\",\"@id\":\"https:\/\/secure.gravatar.com\/avatar\/e0a867bdedb85fd243eadf09663511f96fc81e0720a4a42581f334ad4303aa6b?s=96&d=mm&r=g\",\"url\":\"https:\/\/secure.gravatar.com\/avatar\/e0a867bdedb85fd243eadf09663511f96fc81e0720a4a42581f334ad4303aa6b?s=96&d=mm&r=g\",\"contentUrl\":\"https:\/\/secure.gravatar.com\/avatar\/e0a867bdedb85fd243eadf09663511f96fc81e0720a4a42581f334ad4303aa6b?s=96&d=mm&r=g\",\"caption\":\"Reda\u00e7\u00e3o\"}}]}<\/script>\n<!-- \/ Yoast SEO plugin. -->","yoast_head_json":{"title":"Crian\u00e7a que morreu em praia de Olinda foi v\u00edtima de predador do mar - Notibras","robots":{"index":"index","follow":"follow","max-snippet":"max-snippet:-1","max-image-preview":"max-image-preview:large","max-video-preview":"max-video-preview:-1"},"canonical":"https:\/\/www.notibras.com\/site\/crianca-que-morreu-em-praia-de-olinda-foi-vitima-de-predador-do-mar\/","og_locale":"pt_BR","og_type":"article","og_title":"Crian\u00e7a que morreu em praia de Olinda foi v\u00edtima de predador do mar - Notibras","og_description":"O corpo do adolescente morto ap\u00f3s ataque de tubar\u00e3o em Olinda, na regi\u00e3o metropolitana do Recife, foi enterrado na tarde desta sexta (30). Deivison Rocha Dantas, de 13 anos, foi mordido pelo animal nesta quinta-feira e j\u00e1 chegou sem vida ao servi\u00e7o m\u00e9dico. Segundo o Comit\u00ea Estadual de Monitoramento de Incidentes com Tubar\u00f5es (Cemit), o [&hellip;]","og_url":"https:\/\/www.notibras.com\/site\/crianca-que-morreu-em-praia-de-olinda-foi-vitima-de-predador-do-mar\/","og_site_name":"Notibras","article_publisher":"https:\/\/www.facebook.com\/notibras\/","article_published_time":"2026-01-31T05:17:26+00:00","og_image":[{"width":1170,"height":700,"url":"https:\/\/www.notibras.com\/site\/wp-content\/uploads\/2026\/01\/tubarao-cabeca-chata.webp","type":"image\/webp"}],"author":"Reda\u00e7\u00e3o","twitter_card":"summary_large_image","twitter_creator":"@Notibras","twitter_site":"@Notibras","twitter_misc":{"Escrito por":"Reda\u00e7\u00e3o","Est. tempo de leitura":"3 minutos"},"schema":{"@context":"https:\/\/schema.org","@graph":[{"@type":"Article","@id":"https:\/\/www.notibras.com\/site\/crianca-que-morreu-em-praia-de-olinda-foi-vitima-de-predador-do-mar\/#article","isPartOf":{"@id":"https:\/\/www.notibras.com\/site\/crianca-que-morreu-em-praia-de-olinda-foi-vitima-de-predador-do-mar\/"},"author":{"name":"Reda\u00e7\u00e3o","@id":"https:\/\/www.notibras.com\/site\/#\/schema\/person\/36ab0979449956132d3e5b517ea76ac8"},"headline":"Crian\u00e7a que morreu em praia de Olinda foi v\u00edtima de predador do mar","datePublished":"2026-01-31T05:17:26+00:00","mainEntityOfPage":{"@id":"https:\/\/www.notibras.com\/site\/crianca-que-morreu-em-praia-de-olinda-foi-vitima-de-predador-do-mar\/"},"wordCount":525,"publisher":{"@id":"https:\/\/www.notibras.com\/site\/#organization"},"image":{"@id":"https:\/\/www.notibras.com\/site\/crianca-que-morreu-em-praia-de-olinda-foi-vitima-de-predador-do-mar\/#primaryimage"},"thumbnailUrl":"https:\/\/www.notibras.com\/site\/wp-content\/uploads\/2026\/01\/tubarao-cabeca-chata.webp","articleSection":["Nordeste"],"inLanguage":"pt-BR"},{"@type":"WebPage","@id":"https:\/\/www.notibras.com\/site\/crianca-que-morreu-em-praia-de-olinda-foi-vitima-de-predador-do-mar\/","url":"https:\/\/www.notibras.com\/site\/crianca-que-morreu-em-praia-de-olinda-foi-vitima-de-predador-do-mar\/","name":"Crian\u00e7a que morreu em praia de Olinda foi v\u00edtima de predador do mar - Notibras","isPartOf":{"@id":"https:\/\/www.notibras.com\/site\/#website"},"primaryImageOfPage":{"@id":"https:\/\/www.notibras.com\/site\/crianca-que-morreu-em-praia-de-olinda-foi-vitima-de-predador-do-mar\/#primaryimage"},"image":{"@id":"https:\/\/www.notibras.com\/site\/crianca-que-morreu-em-praia-de-olinda-foi-vitima-de-predador-do-mar\/#primaryimage"},"thumbnailUrl":"https:\/\/www.notibras.com\/site\/wp-content\/uploads\/2026\/01\/tubarao-cabeca-chata.webp","datePublished":"2026-01-31T05:17:26+00:00","breadcrumb":{"@id":"https:\/\/www.notibras.com\/site\/crianca-que-morreu-em-praia-de-olinda-foi-vitima-de-predador-do-mar\/#breadcrumb"},"inLanguage":"pt-BR","potentialAction":[{"@type":"ReadAction","target":["https:\/\/www.notibras.com\/site\/crianca-que-morreu-em-praia-de-olinda-foi-vitima-de-predador-do-mar\/"]}]},{"@type":"ImageObject","inLanguage":"pt-BR","@id":"https:\/\/www.notibras.com\/site\/crianca-que-morreu-em-praia-de-olinda-foi-vitima-de-predador-do-mar\/#primaryimage","url":"https:\/\/www.notibras.com\/site\/wp-content\/uploads\/2026\/01\/tubarao-cabeca-chata.webp","contentUrl":"https:\/\/www.notibras.com\/site\/wp-content\/uploads\/2026\/01\/tubarao-cabeca-chata.webp","width":1170,"height":700},{"@type":"BreadcrumbList","@id":"https:\/\/www.notibras.com\/site\/crianca-que-morreu-em-praia-de-olinda-foi-vitima-de-predador-do-mar\/#breadcrumb","itemListElement":[{"@type":"ListItem","position":1,"name":"In\u00edcio","item":"https:\/\/www.notibras.com\/site\/"},{"@type":"ListItem","position":2,"name":"Crian\u00e7a que morreu em praia de Olinda foi v\u00edtima de predador do mar"}]},{"@type":"WebSite","@id":"https:\/\/www.notibras.com\/site\/#website","url":"https:\/\/www.notibras.com\/site\/","name":"Notibras","description":"Not\u00edcias de Bras\u00edlia, do Brasil e do Mundo","publisher":{"@id":"https:\/\/www.notibras.com\/site\/#organization"},"potentialAction":[{"@type":"SearchAction","target":{"@type":"EntryPoint","urlTemplate":"https:\/\/www.notibras.com\/site\/?s={search_term_string}"},"query-input":{"@type":"PropertyValueSpecification","valueRequired":true,"valueName":"search_term_string"}}],"inLanguage":"pt-BR"},{"@type":"Organization","@id":"https:\/\/www.notibras.com\/site\/#organization","name":"Grupo Notibras de Comunica\u00e7\u00e3o","url":"https:\/\/www.notibras.com\/site\/","logo":{"@type":"ImageObject","inLanguage":"pt-BR","@id":"https:\/\/www.notibras.com\/site\/#\/schema\/logo\/image\/","url":"https:\/\/www.notibras.com\/site\/wp-content\/uploads\/2023\/01\/notibras23.png","contentUrl":"https:\/\/www.notibras.com\/site\/wp-content\/uploads\/2023\/01\/notibras23.png","width":350,"height":87,"caption":"Grupo Notibras de Comunica\u00e7\u00e3o"},"image":{"@id":"https:\/\/www.notibras.com\/site\/#\/schema\/logo\/image\/"},"sameAs":["https:\/\/www.facebook.com\/notibras\/","https:\/\/x.com\/Notibras","https:\/\/www.instagram.com\/notibras\/"]},{"@type":"Person","@id":"https:\/\/www.notibras.com\/site\/#\/schema\/person\/36ab0979449956132d3e5b517ea76ac8","name":"Reda\u00e7\u00e3o","image":{"@type":"ImageObject","inLanguage":"pt-BR","@id":"https:\/\/secure.gravatar.com\/avatar\/e0a867bdedb85fd243eadf09663511f96fc81e0720a4a42581f334ad4303aa6b?s=96&d=mm&r=g","url":"https:\/\/secure.gravatar.com\/avatar\/e0a867bdedb85fd243eadf09663511f96fc81e0720a4a42581f334ad4303aa6b?s=96&d=mm&r=g","contentUrl":"https:\/\/secure.gravatar.com\/avatar\/e0a867bdedb85fd243eadf09663511f96fc81e0720a4a42581f334ad4303aa6b?s=96&d=mm&r=g","caption":"Reda\u00e7\u00e3o"}}]}},"amp_enabled":true,"_links":{"self":[{"href":"https:\/\/www.notibras.com\/site\/wp-json\/wp\/v2\/posts\/381298","targetHints":{"allow":["GET"]}}],"collection":[{"href":"https:\/\/www.notibras.com\/site\/wp-json\/wp\/v2\/posts"}],"about":[{"href":"https:\/\/www.notibras.com\/site\/wp-json\/wp\/v2\/types\/post"}],"author":[{"embeddable":true,"href":"https:\/\/www.notibras.com\/site\/wp-json\/wp\/v2\/users\/2"}],"replies":[{"embeddable":true,"href":"https:\/\/www.notibras.com\/site\/wp-json\/wp\/v2\/comments?post=381298"}],"version-history":[{"count":1,"href":"https:\/\/www.notibras.com\/site\/wp-json\/wp\/v2\/posts\/381298\/revisions"}],"predecessor-version":[{"id":381300,"href":"https:\/\/www.notibras.com\/site\/wp-json\/wp\/v2\/posts\/381298\/revisions\/381300"}],"wp:featuredmedia":[{"embeddable":true,"href":"https:\/\/www.notibras.com\/site\/wp-json\/wp\/v2\/media\/381299"}],"wp:attachment":[{"href":"https:\/\/www.notibras.com\/site\/wp-json\/wp\/v2\/media?parent=381298"}],"wp:term":[{"taxonomy":"category","embeddable":true,"href":"https:\/\/www.notibras.com\/site\/wp-json\/wp\/v2\/categories?post=381298"},{"taxonomy":"post_tag","embeddable":true,"href":"https:\/\/www.notibras.com\/site\/wp-json\/wp\/v2\/tags?post=381298"}],"curies":[{"name":"wp","href":"https:\/\/api.w.org\/{rel}","templated":true}]}}