{"id":381301,"date":"2026-01-31T00:00:25","date_gmt":"2026-01-31T03:00:25","guid":{"rendered":"https:\/\/www.notibras.com\/site\/?p=381301"},"modified":"2026-01-31T02:23:19","modified_gmt":"2026-01-31T05:23:19","slug":"conciliacao-sobre-greve-de-onibus-termina-em-impasse","status":"publish","type":"post","link":"https:\/\/www.notibras.com\/site\/conciliacao-sobre-greve-de-onibus-termina-em-impasse\/","title":{"rendered":"Concilia\u00e7\u00e3o sobre greve de \u00f4nibus termina em impasse"},"content":{"rendered":"<p>Terminou sem acordo nesta sexta-feira (30) a reuni\u00e3o de concilia\u00e7\u00e3o para debater a greve de \u00f4nibus em S\u00e3o Lu\u00eds, no Maranh\u00e3o, com representantes dos trabalhadores do transporte rodovi\u00e1rio coletivo, das empresas de transporte e da Prefeitura de S\u00e3o Lu\u00eds.<\/p>\n<p>A tentativa de media\u00e7\u00e3o da greve, deflagrada nesta sexta, foi realizada \u00e0 tarde, na sede do Tribunal Regional do Trabalho da 16\u00aa Regi\u00e3o (TRT-MA).<\/p>\n<p>Diante da continuidade da paralisa\u00e7\u00e3o, o TRT-MA concedeu liminar determinando que 80% da frota de \u00f4nibus volte a circular imediatamente. Nova rodada de negocia\u00e7\u00e3o foi marcada para a manh\u00e3 da pr\u00f3xima ter\u00e7a-feira (3), no TRT-MA.<\/p>\n<p>Impasse<br \/>\nA audi\u00eancia desta sexta-feira foi mediada pelo corregedor do TRT-MA, desembargador Gerson Oliveira Costa Filho. Participaram representantes do Sindicato das Empresas de Transporte de Passageiros de S\u00e3o Lu\u00eds (SET), do Sindicato dos Trabalhadores em Transportes Rodovi\u00e1rios do Maranh\u00e3o (STTREMA), al\u00e9m de \u00f3rg\u00e3os dos governos do Maranh\u00e3o e da Prefeitura de S\u00e3o Lu\u00eds.<\/p>\n<p>Os rodovi\u00e1rios reivindicam aumento de 15%, al\u00e9m do cumprimento da Conven\u00e7\u00e3o Coletiva de Trabalho, aumento do t\u00edquete-alimenta\u00e7\u00e3o e a inclus\u00e3o de dependentes no plano de sa\u00fade. Os empres\u00e1rios ofereceram 2%.<\/p>\n<p>O sindicato das empresas sustenta que qualquer avan\u00e7o nas negocia\u00e7\u00f5es depende de defini\u00e7\u00f5es do poder p\u00fablico sobre os subs\u00eddios pagos pela prefeitura \u00e0s empresas.<\/p>\n<p>Diante do impasse, os trabalhadores apresentaram uma nova contraproposta de 12% de reajuste salarial, que ser\u00e1 discutida pelos empres\u00e1rios.<\/p>\n<p><strong>Vouchers<\/strong><br \/>\nCerca de 700 mil passageiros usam diariamente o transporte p\u00fablico nas linhas urbanas e semiurbanas, afetadas pela paralisa\u00e7\u00e3o. Enquanto as negocia\u00e7\u00f5es seguem em andamento, grande parte da capital maranhense passou o dia sem transporte p\u00fablico.<\/p>\n<p>Nas redes sociais, o prefeito de S\u00e3o Lu\u00eds, Eduardo Braide, anunciou a disponibiliza\u00e7\u00e3o de vouchers para o uso no aplicativo de transporte 99.<\/p>\n<p>\u201cQuem j\u00e1 est\u00e1 cadastrado, n\u00e3o precisa mais fazer nada. Vai chegar a seguinte mensagem pra voc\u00ea: a prefeitura liberou vouchers para utilizar nas categorias 99pop e 99 moto. Conseguimos junto ao aplicativo 99 que a alta demanda no per\u00edodo da greve n\u00e3o provoque grandes aumentos nos valores das corridas\u201d, explicou.<\/p>\n<p>A medida j\u00e1 havia sido utilizada pela prefeitura em fevereiro de 2025, quando os trabalhadores rodovi\u00e1rios tamb\u00e9m paralisaram as atividades. Os recursos aplicados sa\u00edram de parte dos subs\u00eddios pagos aos empres\u00e1rios do transporte p\u00fablico.<\/p>\n","protected":false},"excerpt":{"rendered":"<p>Terminou sem acordo nesta sexta-feira (30) a reuni\u00e3o de concilia\u00e7\u00e3o para debater a greve de \u00f4nibus em S\u00e3o Lu\u00eds, no Maranh\u00e3o, com representantes dos trabalhadores do transporte rodovi\u00e1rio coletivo, das empresas de transporte e da Prefeitura de S\u00e3o Lu\u00eds. A tentativa de media\u00e7\u00e3o da greve, deflagrada nesta sexta, foi realizada \u00e0 tarde, na sede do [&hellip;]<\/p>\n","protected":false},"author":2,"featured_media":381302,"comment_status":"closed","ping_status":"closed","sticky":false,"template":"","format":"standard","meta":{"_acf_changed":false,"footnotes":""},"categories":[165],"tags":[],"class_list":["post-381301","post","type-post","status-publish","format-standard","has-post-thumbnail","hentry","category-nordeste"],"acf":[],"yoast_head":"<!-- This site is optimized with the Yoast SEO plugin v27.2 - https:\/\/yoast.com\/product\/yoast-seo-wordpress\/ -->\n<title>Concilia\u00e7\u00e3o sobre greve de \u00f4nibus termina em impasse - Notibras<\/title>\n<meta name=\"robots\" content=\"index, follow, max-snippet:-1, max-image-preview:large, max-video-preview:-1\" \/>\n<link rel=\"canonical\" href=\"https:\/\/www.notibras.com\/site\/conciliacao-sobre-greve-de-onibus-termina-em-impasse\/\" \/>\n<meta property=\"og:locale\" content=\"pt_BR\" \/>\n<meta property=\"og:type\" content=\"article\" \/>\n<meta property=\"og:title\" content=\"Concilia\u00e7\u00e3o sobre greve de \u00f4nibus termina em impasse - Notibras\" \/>\n<meta property=\"og:description\" content=\"Terminou sem acordo nesta sexta-feira (30) a reuni\u00e3o de concilia\u00e7\u00e3o para debater a greve de \u00f4nibus em S\u00e3o Lu\u00eds, no Maranh\u00e3o, com representantes dos trabalhadores do transporte rodovi\u00e1rio coletivo, das empresas de transporte e da Prefeitura de S\u00e3o Lu\u00eds. A tentativa de media\u00e7\u00e3o da greve, deflagrada nesta sexta, foi realizada \u00e0 tarde, na sede do [&hellip;]\" \/>\n<meta property=\"og:url\" content=\"https:\/\/www.notibras.com\/site\/conciliacao-sobre-greve-de-onibus-termina-em-impasse\/\" \/>\n<meta property=\"og:site_name\" content=\"Notibras\" \/>\n<meta property=\"article:publisher\" content=\"https:\/\/www.facebook.com\/notibras\/\" \/>\n<meta property=\"article:published_time\" content=\"2026-01-31T03:00:25+00:00\" \/>\n<meta property=\"article:modified_time\" content=\"2026-01-31T05:23:19+00:00\" \/>\n<meta property=\"og:image\" content=\"https:\/\/www.notibras.com\/site\/wp-content\/uploads\/2026\/01\/reuniao_de_conciliacao_para_debater_a_greve_de_onibus_em_sao_luis.jpg\" \/>\n\t<meta property=\"og:image:width\" content=\"1170\" \/>\n\t<meta property=\"og:image:height\" content=\"700\" \/>\n\t<meta property=\"og:image:type\" content=\"image\/jpeg\" \/>\n<meta name=\"author\" content=\"Reda\u00e7\u00e3o\" \/>\n<meta name=\"twitter:card\" content=\"summary_large_image\" \/>\n<meta name=\"twitter:creator\" content=\"@Notibras\" \/>\n<meta name=\"twitter:site\" content=\"@Notibras\" \/>\n<meta name=\"twitter:label1\" content=\"Escrito por\" \/>\n\t<meta name=\"twitter:data1\" content=\"Reda\u00e7\u00e3o\" \/>\n\t<meta name=\"twitter:label2\" content=\"Est. tempo de leitura\" \/>\n\t<meta name=\"twitter:data2\" content=\"3 minutos\" \/>\n<script type=\"application\/ld+json\" class=\"yoast-schema-graph\">{\"@context\":\"https:\/\/schema.org\",\"@graph\":[{\"@type\":\"Article\",\"@id\":\"https:\/\/www.notibras.com\/site\/conciliacao-sobre-greve-de-onibus-termina-em-impasse\/#article\",\"isPartOf\":{\"@id\":\"https:\/\/www.notibras.com\/site\/conciliacao-sobre-greve-de-onibus-termina-em-impasse\/\"},\"author\":{\"name\":\"Reda\u00e7\u00e3o\",\"@id\":\"https:\/\/www.notibras.com\/site\/#\/schema\/person\/36ab0979449956132d3e5b517ea76ac8\"},\"headline\":\"Concilia\u00e7\u00e3o sobre greve de \u00f4nibus termina em impasse\",\"datePublished\":\"2026-01-31T03:00:25+00:00\",\"dateModified\":\"2026-01-31T05:23:19+00:00\",\"mainEntityOfPage\":{\"@id\":\"https:\/\/www.notibras.com\/site\/conciliacao-sobre-greve-de-onibus-termina-em-impasse\/\"},\"wordCount\":417,\"publisher\":{\"@id\":\"https:\/\/www.notibras.com\/site\/#organization\"},\"image\":{\"@id\":\"https:\/\/www.notibras.com\/site\/conciliacao-sobre-greve-de-onibus-termina-em-impasse\/#primaryimage\"},\"thumbnailUrl\":\"https:\/\/www.notibras.com\/site\/wp-content\/uploads\/2026\/01\/reuniao_de_conciliacao_para_debater_a_greve_de_onibus_em_sao_luis.jpg\",\"articleSection\":[\"Nordeste\"],\"inLanguage\":\"pt-BR\"},{\"@type\":\"WebPage\",\"@id\":\"https:\/\/www.notibras.com\/site\/conciliacao-sobre-greve-de-onibus-termina-em-impasse\/\",\"url\":\"https:\/\/www.notibras.com\/site\/conciliacao-sobre-greve-de-onibus-termina-em-impasse\/\",\"name\":\"Concilia\u00e7\u00e3o sobre greve de \u00f4nibus termina em impasse - Notibras\",\"isPartOf\":{\"@id\":\"https:\/\/www.notibras.com\/site\/#website\"},\"primaryImageOfPage\":{\"@id\":\"https:\/\/www.notibras.com\/site\/conciliacao-sobre-greve-de-onibus-termina-em-impasse\/#primaryimage\"},\"image\":{\"@id\":\"https:\/\/www.notibras.com\/site\/conciliacao-sobre-greve-de-onibus-termina-em-impasse\/#primaryimage\"},\"thumbnailUrl\":\"https:\/\/www.notibras.com\/site\/wp-content\/uploads\/2026\/01\/reuniao_de_conciliacao_para_debater_a_greve_de_onibus_em_sao_luis.jpg\",\"datePublished\":\"2026-01-31T03:00:25+00:00\",\"dateModified\":\"2026-01-31T05:23:19+00:00\",\"breadcrumb\":{\"@id\":\"https:\/\/www.notibras.com\/site\/conciliacao-sobre-greve-de-onibus-termina-em-impasse\/#breadcrumb\"},\"inLanguage\":\"pt-BR\",\"potentialAction\":[{\"@type\":\"ReadAction\",\"target\":[\"https:\/\/www.notibras.com\/site\/conciliacao-sobre-greve-de-onibus-termina-em-impasse\/\"]}]},{\"@type\":\"ImageObject\",\"inLanguage\":\"pt-BR\",\"@id\":\"https:\/\/www.notibras.com\/site\/conciliacao-sobre-greve-de-onibus-termina-em-impasse\/#primaryimage\",\"url\":\"https:\/\/www.notibras.com\/site\/wp-content\/uploads\/2026\/01\/reuniao_de_conciliacao_para_debater_a_greve_de_onibus_em_sao_luis.jpg\",\"contentUrl\":\"https:\/\/www.notibras.com\/site\/wp-content\/uploads\/2026\/01\/reuniao_de_conciliacao_para_debater_a_greve_de_onibus_em_sao_luis.jpg\",\"width\":1170,\"height\":700},{\"@type\":\"BreadcrumbList\",\"@id\":\"https:\/\/www.notibras.com\/site\/conciliacao-sobre-greve-de-onibus-termina-em-impasse\/#breadcrumb\",\"itemListElement\":[{\"@type\":\"ListItem\",\"position\":1,\"name\":\"In\u00edcio\",\"item\":\"https:\/\/www.notibras.com\/site\/\"},{\"@type\":\"ListItem\",\"position\":2,\"name\":\"Concilia\u00e7\u00e3o sobre greve de \u00f4nibus termina em impasse\"}]},{\"@type\":\"WebSite\",\"@id\":\"https:\/\/www.notibras.com\/site\/#website\",\"url\":\"https:\/\/www.notibras.com\/site\/\",\"name\":\"Notibras\",\"description\":\"Not\u00edcias de Bras\u00edlia, do Brasil e do Mundo\",\"publisher\":{\"@id\":\"https:\/\/www.notibras.com\/site\/#organization\"},\"potentialAction\":[{\"@type\":\"SearchAction\",\"target\":{\"@type\":\"EntryPoint\",\"urlTemplate\":\"https:\/\/www.notibras.com\/site\/?s={search_term_string}\"},\"query-input\":{\"@type\":\"PropertyValueSpecification\",\"valueRequired\":true,\"valueName\":\"search_term_string\"}}],\"inLanguage\":\"pt-BR\"},{\"@type\":\"Organization\",\"@id\":\"https:\/\/www.notibras.com\/site\/#organization\",\"name\":\"Grupo Notibras de Comunica\u00e7\u00e3o\",\"url\":\"https:\/\/www.notibras.com\/site\/\",\"logo\":{\"@type\":\"ImageObject\",\"inLanguage\":\"pt-BR\",\"@id\":\"https:\/\/www.notibras.com\/site\/#\/schema\/logo\/image\/\",\"url\":\"https:\/\/www.notibras.com\/site\/wp-content\/uploads\/2023\/01\/notibras23.png\",\"contentUrl\":\"https:\/\/www.notibras.com\/site\/wp-content\/uploads\/2023\/01\/notibras23.png\",\"width\":350,\"height\":87,\"caption\":\"Grupo Notibras de Comunica\u00e7\u00e3o\"},\"image\":{\"@id\":\"https:\/\/www.notibras.com\/site\/#\/schema\/logo\/image\/\"},\"sameAs\":[\"https:\/\/www.facebook.com\/notibras\/\",\"https:\/\/x.com\/Notibras\",\"https:\/\/www.instagram.com\/notibras\/\"]},{\"@type\":\"Person\",\"@id\":\"https:\/\/www.notibras.com\/site\/#\/schema\/person\/36ab0979449956132d3e5b517ea76ac8\",\"name\":\"Reda\u00e7\u00e3o\",\"image\":{\"@type\":\"ImageObject\",\"inLanguage\":\"pt-BR\",\"@id\":\"https:\/\/secure.gravatar.com\/avatar\/e0a867bdedb85fd243eadf09663511f96fc81e0720a4a42581f334ad4303aa6b?s=96&d=mm&r=g\",\"url\":\"https:\/\/secure.gravatar.com\/avatar\/e0a867bdedb85fd243eadf09663511f96fc81e0720a4a42581f334ad4303aa6b?s=96&d=mm&r=g\",\"contentUrl\":\"https:\/\/secure.gravatar.com\/avatar\/e0a867bdedb85fd243eadf09663511f96fc81e0720a4a42581f334ad4303aa6b?s=96&d=mm&r=g\",\"caption\":\"Reda\u00e7\u00e3o\"}}]}<\/script>\n<!-- \/ Yoast SEO plugin. -->","yoast_head_json":{"title":"Concilia\u00e7\u00e3o sobre greve de \u00f4nibus termina em impasse - Notibras","robots":{"index":"index","follow":"follow","max-snippet":"max-snippet:-1","max-image-preview":"max-image-preview:large","max-video-preview":"max-video-preview:-1"},"canonical":"https:\/\/www.notibras.com\/site\/conciliacao-sobre-greve-de-onibus-termina-em-impasse\/","og_locale":"pt_BR","og_type":"article","og_title":"Concilia\u00e7\u00e3o sobre greve de \u00f4nibus termina em impasse - Notibras","og_description":"Terminou sem acordo nesta sexta-feira (30) a reuni\u00e3o de concilia\u00e7\u00e3o para debater a greve de \u00f4nibus em S\u00e3o Lu\u00eds, no Maranh\u00e3o, com representantes dos trabalhadores do transporte rodovi\u00e1rio coletivo, das empresas de transporte e da Prefeitura de S\u00e3o Lu\u00eds. A tentativa de media\u00e7\u00e3o da greve, deflagrada nesta sexta, foi realizada \u00e0 tarde, na sede do [&hellip;]","og_url":"https:\/\/www.notibras.com\/site\/conciliacao-sobre-greve-de-onibus-termina-em-impasse\/","og_site_name":"Notibras","article_publisher":"https:\/\/www.facebook.com\/notibras\/","article_published_time":"2026-01-31T03:00:25+00:00","article_modified_time":"2026-01-31T05:23:19+00:00","og_image":[{"width":1170,"height":700,"url":"https:\/\/www.notibras.com\/site\/wp-content\/uploads\/2026\/01\/reuniao_de_conciliacao_para_debater_a_greve_de_onibus_em_sao_luis.jpg","type":"image\/jpeg"}],"author":"Reda\u00e7\u00e3o","twitter_card":"summary_large_image","twitter_creator":"@Notibras","twitter_site":"@Notibras","twitter_misc":{"Escrito por":"Reda\u00e7\u00e3o","Est. tempo de leitura":"3 minutos"},"schema":{"@context":"https:\/\/schema.org","@graph":[{"@type":"Article","@id":"https:\/\/www.notibras.com\/site\/conciliacao-sobre-greve-de-onibus-termina-em-impasse\/#article","isPartOf":{"@id":"https:\/\/www.notibras.com\/site\/conciliacao-sobre-greve-de-onibus-termina-em-impasse\/"},"author":{"name":"Reda\u00e7\u00e3o","@id":"https:\/\/www.notibras.com\/site\/#\/schema\/person\/36ab0979449956132d3e5b517ea76ac8"},"headline":"Concilia\u00e7\u00e3o sobre greve de \u00f4nibus termina em impasse","datePublished":"2026-01-31T03:00:25+00:00","dateModified":"2026-01-31T05:23:19+00:00","mainEntityOfPage":{"@id":"https:\/\/www.notibras.com\/site\/conciliacao-sobre-greve-de-onibus-termina-em-impasse\/"},"wordCount":417,"publisher":{"@id":"https:\/\/www.notibras.com\/site\/#organization"},"image":{"@id":"https:\/\/www.notibras.com\/site\/conciliacao-sobre-greve-de-onibus-termina-em-impasse\/#primaryimage"},"thumbnailUrl":"https:\/\/www.notibras.com\/site\/wp-content\/uploads\/2026\/01\/reuniao_de_conciliacao_para_debater_a_greve_de_onibus_em_sao_luis.jpg","articleSection":["Nordeste"],"inLanguage":"pt-BR"},{"@type":"WebPage","@id":"https:\/\/www.notibras.com\/site\/conciliacao-sobre-greve-de-onibus-termina-em-impasse\/","url":"https:\/\/www.notibras.com\/site\/conciliacao-sobre-greve-de-onibus-termina-em-impasse\/","name":"Concilia\u00e7\u00e3o sobre greve de \u00f4nibus termina em impasse - Notibras","isPartOf":{"@id":"https:\/\/www.notibras.com\/site\/#website"},"primaryImageOfPage":{"@id":"https:\/\/www.notibras.com\/site\/conciliacao-sobre-greve-de-onibus-termina-em-impasse\/#primaryimage"},"image":{"@id":"https:\/\/www.notibras.com\/site\/conciliacao-sobre-greve-de-onibus-termina-em-impasse\/#primaryimage"},"thumbnailUrl":"https:\/\/www.notibras.com\/site\/wp-content\/uploads\/2026\/01\/reuniao_de_conciliacao_para_debater_a_greve_de_onibus_em_sao_luis.jpg","datePublished":"2026-01-31T03:00:25+00:00","dateModified":"2026-01-31T05:23:19+00:00","breadcrumb":{"@id":"https:\/\/www.notibras.com\/site\/conciliacao-sobre-greve-de-onibus-termina-em-impasse\/#breadcrumb"},"inLanguage":"pt-BR","potentialAction":[{"@type":"ReadAction","target":["https:\/\/www.notibras.com\/site\/conciliacao-sobre-greve-de-onibus-termina-em-impasse\/"]}]},{"@type":"ImageObject","inLanguage":"pt-BR","@id":"https:\/\/www.notibras.com\/site\/conciliacao-sobre-greve-de-onibus-termina-em-impasse\/#primaryimage","url":"https:\/\/www.notibras.com\/site\/wp-content\/uploads\/2026\/01\/reuniao_de_conciliacao_para_debater_a_greve_de_onibus_em_sao_luis.jpg","contentUrl":"https:\/\/www.notibras.com\/site\/wp-content\/uploads\/2026\/01\/reuniao_de_conciliacao_para_debater_a_greve_de_onibus_em_sao_luis.jpg","width":1170,"height":700},{"@type":"BreadcrumbList","@id":"https:\/\/www.notibras.com\/site\/conciliacao-sobre-greve-de-onibus-termina-em-impasse\/#breadcrumb","itemListElement":[{"@type":"ListItem","position":1,"name":"In\u00edcio","item":"https:\/\/www.notibras.com\/site\/"},{"@type":"ListItem","position":2,"name":"Concilia\u00e7\u00e3o sobre greve de \u00f4nibus termina em impasse"}]},{"@type":"WebSite","@id":"https:\/\/www.notibras.com\/site\/#website","url":"https:\/\/www.notibras.com\/site\/","name":"Notibras","description":"Not\u00edcias de Bras\u00edlia, do Brasil e do Mundo","publisher":{"@id":"https:\/\/www.notibras.com\/site\/#organization"},"potentialAction":[{"@type":"SearchAction","target":{"@type":"EntryPoint","urlTemplate":"https:\/\/www.notibras.com\/site\/?s={search_term_string}"},"query-input":{"@type":"PropertyValueSpecification","valueRequired":true,"valueName":"search_term_string"}}],"inLanguage":"pt-BR"},{"@type":"Organization","@id":"https:\/\/www.notibras.com\/site\/#organization","name":"Grupo Notibras de Comunica\u00e7\u00e3o","url":"https:\/\/www.notibras.com\/site\/","logo":{"@type":"ImageObject","inLanguage":"pt-BR","@id":"https:\/\/www.notibras.com\/site\/#\/schema\/logo\/image\/","url":"https:\/\/www.notibras.com\/site\/wp-content\/uploads\/2023\/01\/notibras23.png","contentUrl":"https:\/\/www.notibras.com\/site\/wp-content\/uploads\/2023\/01\/notibras23.png","width":350,"height":87,"caption":"Grupo Notibras de Comunica\u00e7\u00e3o"},"image":{"@id":"https:\/\/www.notibras.com\/site\/#\/schema\/logo\/image\/"},"sameAs":["https:\/\/www.facebook.com\/notibras\/","https:\/\/x.com\/Notibras","https:\/\/www.instagram.com\/notibras\/"]},{"@type":"Person","@id":"https:\/\/www.notibras.com\/site\/#\/schema\/person\/36ab0979449956132d3e5b517ea76ac8","name":"Reda\u00e7\u00e3o","image":{"@type":"ImageObject","inLanguage":"pt-BR","@id":"https:\/\/secure.gravatar.com\/avatar\/e0a867bdedb85fd243eadf09663511f96fc81e0720a4a42581f334ad4303aa6b?s=96&d=mm&r=g","url":"https:\/\/secure.gravatar.com\/avatar\/e0a867bdedb85fd243eadf09663511f96fc81e0720a4a42581f334ad4303aa6b?s=96&d=mm&r=g","contentUrl":"https:\/\/secure.gravatar.com\/avatar\/e0a867bdedb85fd243eadf09663511f96fc81e0720a4a42581f334ad4303aa6b?s=96&d=mm&r=g","caption":"Reda\u00e7\u00e3o"}}]}},"amp_enabled":true,"_links":{"self":[{"href":"https:\/\/www.notibras.com\/site\/wp-json\/wp\/v2\/posts\/381301","targetHints":{"allow":["GET"]}}],"collection":[{"href":"https:\/\/www.notibras.com\/site\/wp-json\/wp\/v2\/posts"}],"about":[{"href":"https:\/\/www.notibras.com\/site\/wp-json\/wp\/v2\/types\/post"}],"author":[{"embeddable":true,"href":"https:\/\/www.notibras.com\/site\/wp-json\/wp\/v2\/users\/2"}],"replies":[{"embeddable":true,"href":"https:\/\/www.notibras.com\/site\/wp-json\/wp\/v2\/comments?post=381301"}],"version-history":[{"count":1,"href":"https:\/\/www.notibras.com\/site\/wp-json\/wp\/v2\/posts\/381301\/revisions"}],"predecessor-version":[{"id":381303,"href":"https:\/\/www.notibras.com\/site\/wp-json\/wp\/v2\/posts\/381301\/revisions\/381303"}],"wp:featuredmedia":[{"embeddable":true,"href":"https:\/\/www.notibras.com\/site\/wp-json\/wp\/v2\/media\/381302"}],"wp:attachment":[{"href":"https:\/\/www.notibras.com\/site\/wp-json\/wp\/v2\/media?parent=381301"}],"wp:term":[{"taxonomy":"category","embeddable":true,"href":"https:\/\/www.notibras.com\/site\/wp-json\/wp\/v2\/categories?post=381301"},{"taxonomy":"post_tag","embeddable":true,"href":"https:\/\/www.notibras.com\/site\/wp-json\/wp\/v2\/tags?post=381301"}],"curies":[{"name":"wp","href":"https:\/\/api.w.org\/{rel}","templated":true}]}}