{"id":381335,"date":"2026-01-31T10:31:00","date_gmt":"2026-01-31T13:31:00","guid":{"rendered":"https:\/\/www.notibras.com\/site\/?p=381335"},"modified":"2026-01-31T10:32:11","modified_gmt":"2026-01-31T13:32:11","slug":"nordestino-filho-do-sol-herdeiro-da-forca","status":"publish","type":"post","link":"https:\/\/www.notibras.com\/site\/nordestino-filho-do-sol-herdeiro-da-forca\/","title":{"rendered":"Nordestino, filho do sol, herdeiro da for\u00e7a"},"content":{"rendered":"<p>O sol nasce cedo no Nordeste. Antes mesmo de tocar o ch\u00e3o quente, ele j\u00e1 parece conhecer cada rosto, cada luta e cada esperan\u00e7a de quem vive aqui. Ser nordestino \u00e9 crescer sob essa luz intensa \u2014 que castiga, mas tamb\u00e9m fortalece. \u00c9 nesse cen\u00e1rio que se constr\u00f3i a hist\u00f3ria de quem aprende, desde cedo, a resistir.<\/p>\n<p>No interior ou no litoral, a vida nordestina n\u00e3o se define apenas pela paisagem, mas pela postura. A seca ensina paci\u00eancia, o calor imp\u00f5e ritmo, e a escassez molda criatividade. Onde falta, o povo inventa. Onde aperta, o nordestino se reinventa. N\u00e3o por escolha, mas por sobreviv\u00eancia.<\/p>\n<p>Ser \u201cfilho do sol\u201d \u00e9 carregar no corpo as marcas do tempo e do trabalho. \u00c9 acordar cedo, enfrentar longas jornadas e, ainda assim, guardar um sorriso no rosto. A for\u00e7a n\u00e3o est\u00e1 apenas nos bra\u00e7os calejados, mas na mente que n\u00e3o desiste. Cada dificuldade vira aprendizado; cada queda, um empurr\u00e3o para seguir em frente.<\/p>\n<p>A heran\u00e7a que passa de gera\u00e7\u00e3o em gera\u00e7\u00e3o n\u00e3o \u00e9 material. \u00c9 a coragem. Pais e m\u00e3es ensinam, pelo exemplo, que reclamar n\u00e3o enche o prato, mas lutar aumenta as chances. A mesa simples re\u00fane hist\u00f3rias de supera\u00e7\u00e3o, f\u00e9 e uni\u00e3o \u2014 valores que sustentam fam\u00edlias inteiras mesmo nos per\u00edodos mais duros.<\/p>\n<p>Apesar dos desafios hist\u00f3ricos \u2014 desigualdade, falta de oportunidades e pol\u00edticas p\u00fablicas insuficientes \u2014 o Nordeste avan\u00e7a. O acesso \u00e0 educa\u00e7\u00e3o cresce, o empreendedorismo ganha for\u00e7a e a identidade cultural se afirma com orgulho. O nordestino j\u00e1 n\u00e3o aceita apenas resistir: quer prosperar sem perder suas ra\u00edzes.<\/p>\n<p>Minha vida nordestina \u00e9 feita desse contraste constante entre dificuldade e esperan\u00e7a. Entre o sol que queima e a chuva que demora, h\u00e1 um povo que n\u00e3o se rende. Um povo que transforma adversidade em car\u00e1ter e luta em legado.<\/p>\n<p>Ser nordestino n\u00e3o \u00e9 apenas nascer aqui. \u00c9 aprender a ser forte sem endurecer, resiliente sem perder a ternura. \u00c9 ser herdeiro de uma for\u00e7a silenciosa, moldada pelo sol e sustentada pela vontade de viver melhor \u2014 hoje e amanh\u00e3.<\/p>\n","protected":false},"excerpt":{"rendered":"<p>O sol nasce cedo no Nordeste. Antes mesmo de tocar o ch\u00e3o quente, ele j\u00e1 parece conhecer cada rosto, cada luta e cada esperan\u00e7a de quem vive aqui. Ser nordestino \u00e9 crescer sob essa luz intensa \u2014 que castiga, mas tamb\u00e9m fortalece. \u00c9 nesse cen\u00e1rio que se constr\u00f3i a hist\u00f3ria de quem aprende, desde cedo, [&hellip;]<\/p>\n","protected":false},"author":2,"featured_media":381338,"comment_status":"closed","ping_status":"closed","sticky":false,"template":"","format":"standard","meta":{"_acf_changed":false,"footnotes":""},"categories":[165],"tags":[],"class_list":["post-381335","post","type-post","status-publish","format-standard","has-post-thumbnail","hentry","category-nordeste"],"acf":[],"yoast_head":"<!-- This site is optimized with the Yoast SEO plugin v27.2 - https:\/\/yoast.com\/product\/yoast-seo-wordpress\/ -->\n<title>Nordestino, filho do sol, herdeiro da for\u00e7a - Notibras<\/title>\n<meta name=\"robots\" content=\"index, follow, max-snippet:-1, max-image-preview:large, max-video-preview:-1\" \/>\n<link rel=\"canonical\" href=\"https:\/\/www.notibras.com\/site\/nordestino-filho-do-sol-herdeiro-da-forca\/\" \/>\n<meta property=\"og:locale\" content=\"pt_BR\" \/>\n<meta property=\"og:type\" content=\"article\" \/>\n<meta property=\"og:title\" content=\"Nordestino, filho do sol, herdeiro da for\u00e7a - Notibras\" \/>\n<meta property=\"og:description\" content=\"O sol nasce cedo no Nordeste. Antes mesmo de tocar o ch\u00e3o quente, ele j\u00e1 parece conhecer cada rosto, cada luta e cada esperan\u00e7a de quem vive aqui. Ser nordestino \u00e9 crescer sob essa luz intensa \u2014 que castiga, mas tamb\u00e9m fortalece. \u00c9 nesse cen\u00e1rio que se constr\u00f3i a hist\u00f3ria de quem aprende, desde cedo, [&hellip;]\" \/>\n<meta property=\"og:url\" content=\"https:\/\/www.notibras.com\/site\/nordestino-filho-do-sol-herdeiro-da-forca\/\" \/>\n<meta property=\"og:site_name\" content=\"Notibras\" \/>\n<meta property=\"article:publisher\" content=\"https:\/\/www.facebook.com\/notibras\/\" \/>\n<meta property=\"article:published_time\" content=\"2026-01-31T13:31:00+00:00\" \/>\n<meta property=\"article:modified_time\" content=\"2026-01-31T13:32:11+00:00\" \/>\n<meta property=\"og:image\" content=\"https:\/\/www.notibras.com\/site\/wp-content\/uploads\/2026\/01\/15772449-e4a2-4714-ac69-889292bab95a.jpg\" \/>\n\t<meta property=\"og:image:width\" content=\"969\" \/>\n\t<meta property=\"og:image:height\" content=\"538\" \/>\n\t<meta property=\"og:image:type\" content=\"image\/jpeg\" \/>\n<meta name=\"author\" content=\"Reda\u00e7\u00e3o\" \/>\n<meta name=\"twitter:card\" content=\"summary_large_image\" \/>\n<meta name=\"twitter:creator\" content=\"@Notibras\" \/>\n<meta name=\"twitter:site\" content=\"@Notibras\" \/>\n<meta name=\"twitter:label1\" content=\"Escrito por\" \/>\n\t<meta name=\"twitter:data1\" content=\"Reda\u00e7\u00e3o\" \/>\n\t<meta name=\"twitter:label2\" content=\"Est. tempo de leitura\" \/>\n\t<meta name=\"twitter:data2\" content=\"3 minutos\" \/>\n<script type=\"application\/ld+json\" class=\"yoast-schema-graph\">{\"@context\":\"https:\/\/schema.org\",\"@graph\":[{\"@type\":\"Article\",\"@id\":\"https:\/\/www.notibras.com\/site\/nordestino-filho-do-sol-herdeiro-da-forca\/#article\",\"isPartOf\":{\"@id\":\"https:\/\/www.notibras.com\/site\/nordestino-filho-do-sol-herdeiro-da-forca\/\"},\"author\":{\"name\":\"Reda\u00e7\u00e3o\",\"@id\":\"https:\/\/www.notibras.com\/site\/#\/schema\/person\/36ab0979449956132d3e5b517ea76ac8\"},\"headline\":\"Nordestino, filho do sol, herdeiro da for\u00e7a\",\"datePublished\":\"2026-01-31T13:31:00+00:00\",\"dateModified\":\"2026-01-31T13:32:11+00:00\",\"mainEntityOfPage\":{\"@id\":\"https:\/\/www.notibras.com\/site\/nordestino-filho-do-sol-herdeiro-da-forca\/\"},\"wordCount\":371,\"publisher\":{\"@id\":\"https:\/\/www.notibras.com\/site\/#organization\"},\"image\":{\"@id\":\"https:\/\/www.notibras.com\/site\/nordestino-filho-do-sol-herdeiro-da-forca\/#primaryimage\"},\"thumbnailUrl\":\"https:\/\/www.notibras.com\/site\/wp-content\/uploads\/2026\/01\/15772449-e4a2-4714-ac69-889292bab95a.jpg\",\"articleSection\":[\"Nordeste\"],\"inLanguage\":\"pt-BR\"},{\"@type\":\"WebPage\",\"@id\":\"https:\/\/www.notibras.com\/site\/nordestino-filho-do-sol-herdeiro-da-forca\/\",\"url\":\"https:\/\/www.notibras.com\/site\/nordestino-filho-do-sol-herdeiro-da-forca\/\",\"name\":\"Nordestino, filho do sol, herdeiro da for\u00e7a - Notibras\",\"isPartOf\":{\"@id\":\"https:\/\/www.notibras.com\/site\/#website\"},\"primaryImageOfPage\":{\"@id\":\"https:\/\/www.notibras.com\/site\/nordestino-filho-do-sol-herdeiro-da-forca\/#primaryimage\"},\"image\":{\"@id\":\"https:\/\/www.notibras.com\/site\/nordestino-filho-do-sol-herdeiro-da-forca\/#primaryimage\"},\"thumbnailUrl\":\"https:\/\/www.notibras.com\/site\/wp-content\/uploads\/2026\/01\/15772449-e4a2-4714-ac69-889292bab95a.jpg\",\"datePublished\":\"2026-01-31T13:31:00+00:00\",\"dateModified\":\"2026-01-31T13:32:11+00:00\",\"breadcrumb\":{\"@id\":\"https:\/\/www.notibras.com\/site\/nordestino-filho-do-sol-herdeiro-da-forca\/#breadcrumb\"},\"inLanguage\":\"pt-BR\",\"potentialAction\":[{\"@type\":\"ReadAction\",\"target\":[\"https:\/\/www.notibras.com\/site\/nordestino-filho-do-sol-herdeiro-da-forca\/\"]}]},{\"@type\":\"ImageObject\",\"inLanguage\":\"pt-BR\",\"@id\":\"https:\/\/www.notibras.com\/site\/nordestino-filho-do-sol-herdeiro-da-forca\/#primaryimage\",\"url\":\"https:\/\/www.notibras.com\/site\/wp-content\/uploads\/2026\/01\/15772449-e4a2-4714-ac69-889292bab95a.jpg\",\"contentUrl\":\"https:\/\/www.notibras.com\/site\/wp-content\/uploads\/2026\/01\/15772449-e4a2-4714-ac69-889292bab95a.jpg\",\"width\":969,\"height\":538},{\"@type\":\"BreadcrumbList\",\"@id\":\"https:\/\/www.notibras.com\/site\/nordestino-filho-do-sol-herdeiro-da-forca\/#breadcrumb\",\"itemListElement\":[{\"@type\":\"ListItem\",\"position\":1,\"name\":\"In\u00edcio\",\"item\":\"https:\/\/www.notibras.com\/site\/\"},{\"@type\":\"ListItem\",\"position\":2,\"name\":\"Nordestino, filho do sol, herdeiro da for\u00e7a\"}]},{\"@type\":\"WebSite\",\"@id\":\"https:\/\/www.notibras.com\/site\/#website\",\"url\":\"https:\/\/www.notibras.com\/site\/\",\"name\":\"Notibras\",\"description\":\"Not\u00edcias de Bras\u00edlia, do Brasil e do Mundo\",\"publisher\":{\"@id\":\"https:\/\/www.notibras.com\/site\/#organization\"},\"potentialAction\":[{\"@type\":\"SearchAction\",\"target\":{\"@type\":\"EntryPoint\",\"urlTemplate\":\"https:\/\/www.notibras.com\/site\/?s={search_term_string}\"},\"query-input\":{\"@type\":\"PropertyValueSpecification\",\"valueRequired\":true,\"valueName\":\"search_term_string\"}}],\"inLanguage\":\"pt-BR\"},{\"@type\":\"Organization\",\"@id\":\"https:\/\/www.notibras.com\/site\/#organization\",\"name\":\"Grupo Notibras de Comunica\u00e7\u00e3o\",\"url\":\"https:\/\/www.notibras.com\/site\/\",\"logo\":{\"@type\":\"ImageObject\",\"inLanguage\":\"pt-BR\",\"@id\":\"https:\/\/www.notibras.com\/site\/#\/schema\/logo\/image\/\",\"url\":\"https:\/\/www.notibras.com\/site\/wp-content\/uploads\/2023\/01\/notibras23.png\",\"contentUrl\":\"https:\/\/www.notibras.com\/site\/wp-content\/uploads\/2023\/01\/notibras23.png\",\"width\":350,\"height\":87,\"caption\":\"Grupo Notibras de Comunica\u00e7\u00e3o\"},\"image\":{\"@id\":\"https:\/\/www.notibras.com\/site\/#\/schema\/logo\/image\/\"},\"sameAs\":[\"https:\/\/www.facebook.com\/notibras\/\",\"https:\/\/x.com\/Notibras\",\"https:\/\/www.instagram.com\/notibras\/\"]},{\"@type\":\"Person\",\"@id\":\"https:\/\/www.notibras.com\/site\/#\/schema\/person\/36ab0979449956132d3e5b517ea76ac8\",\"name\":\"Reda\u00e7\u00e3o\",\"image\":{\"@type\":\"ImageObject\",\"inLanguage\":\"pt-BR\",\"@id\":\"https:\/\/secure.gravatar.com\/avatar\/e0a867bdedb85fd243eadf09663511f96fc81e0720a4a42581f334ad4303aa6b?s=96&d=mm&r=g\",\"url\":\"https:\/\/secure.gravatar.com\/avatar\/e0a867bdedb85fd243eadf09663511f96fc81e0720a4a42581f334ad4303aa6b?s=96&d=mm&r=g\",\"contentUrl\":\"https:\/\/secure.gravatar.com\/avatar\/e0a867bdedb85fd243eadf09663511f96fc81e0720a4a42581f334ad4303aa6b?s=96&d=mm&r=g\",\"caption\":\"Reda\u00e7\u00e3o\"}}]}<\/script>\n<!-- \/ Yoast SEO plugin. -->","yoast_head_json":{"title":"Nordestino, filho do sol, herdeiro da for\u00e7a - Notibras","robots":{"index":"index","follow":"follow","max-snippet":"max-snippet:-1","max-image-preview":"max-image-preview:large","max-video-preview":"max-video-preview:-1"},"canonical":"https:\/\/www.notibras.com\/site\/nordestino-filho-do-sol-herdeiro-da-forca\/","og_locale":"pt_BR","og_type":"article","og_title":"Nordestino, filho do sol, herdeiro da for\u00e7a - Notibras","og_description":"O sol nasce cedo no Nordeste. Antes mesmo de tocar o ch\u00e3o quente, ele j\u00e1 parece conhecer cada rosto, cada luta e cada esperan\u00e7a de quem vive aqui. Ser nordestino \u00e9 crescer sob essa luz intensa \u2014 que castiga, mas tamb\u00e9m fortalece. \u00c9 nesse cen\u00e1rio que se constr\u00f3i a hist\u00f3ria de quem aprende, desde cedo, [&hellip;]","og_url":"https:\/\/www.notibras.com\/site\/nordestino-filho-do-sol-herdeiro-da-forca\/","og_site_name":"Notibras","article_publisher":"https:\/\/www.facebook.com\/notibras\/","article_published_time":"2026-01-31T13:31:00+00:00","article_modified_time":"2026-01-31T13:32:11+00:00","og_image":[{"width":969,"height":538,"url":"https:\/\/www.notibras.com\/site\/wp-content\/uploads\/2026\/01\/15772449-e4a2-4714-ac69-889292bab95a.jpg","type":"image\/jpeg"}],"author":"Reda\u00e7\u00e3o","twitter_card":"summary_large_image","twitter_creator":"@Notibras","twitter_site":"@Notibras","twitter_misc":{"Escrito por":"Reda\u00e7\u00e3o","Est. tempo de leitura":"3 minutos"},"schema":{"@context":"https:\/\/schema.org","@graph":[{"@type":"Article","@id":"https:\/\/www.notibras.com\/site\/nordestino-filho-do-sol-herdeiro-da-forca\/#article","isPartOf":{"@id":"https:\/\/www.notibras.com\/site\/nordestino-filho-do-sol-herdeiro-da-forca\/"},"author":{"name":"Reda\u00e7\u00e3o","@id":"https:\/\/www.notibras.com\/site\/#\/schema\/person\/36ab0979449956132d3e5b517ea76ac8"},"headline":"Nordestino, filho do sol, herdeiro da for\u00e7a","datePublished":"2026-01-31T13:31:00+00:00","dateModified":"2026-01-31T13:32:11+00:00","mainEntityOfPage":{"@id":"https:\/\/www.notibras.com\/site\/nordestino-filho-do-sol-herdeiro-da-forca\/"},"wordCount":371,"publisher":{"@id":"https:\/\/www.notibras.com\/site\/#organization"},"image":{"@id":"https:\/\/www.notibras.com\/site\/nordestino-filho-do-sol-herdeiro-da-forca\/#primaryimage"},"thumbnailUrl":"https:\/\/www.notibras.com\/site\/wp-content\/uploads\/2026\/01\/15772449-e4a2-4714-ac69-889292bab95a.jpg","articleSection":["Nordeste"],"inLanguage":"pt-BR"},{"@type":"WebPage","@id":"https:\/\/www.notibras.com\/site\/nordestino-filho-do-sol-herdeiro-da-forca\/","url":"https:\/\/www.notibras.com\/site\/nordestino-filho-do-sol-herdeiro-da-forca\/","name":"Nordestino, filho do sol, herdeiro da for\u00e7a - Notibras","isPartOf":{"@id":"https:\/\/www.notibras.com\/site\/#website"},"primaryImageOfPage":{"@id":"https:\/\/www.notibras.com\/site\/nordestino-filho-do-sol-herdeiro-da-forca\/#primaryimage"},"image":{"@id":"https:\/\/www.notibras.com\/site\/nordestino-filho-do-sol-herdeiro-da-forca\/#primaryimage"},"thumbnailUrl":"https:\/\/www.notibras.com\/site\/wp-content\/uploads\/2026\/01\/15772449-e4a2-4714-ac69-889292bab95a.jpg","datePublished":"2026-01-31T13:31:00+00:00","dateModified":"2026-01-31T13:32:11+00:00","breadcrumb":{"@id":"https:\/\/www.notibras.com\/site\/nordestino-filho-do-sol-herdeiro-da-forca\/#breadcrumb"},"inLanguage":"pt-BR","potentialAction":[{"@type":"ReadAction","target":["https:\/\/www.notibras.com\/site\/nordestino-filho-do-sol-herdeiro-da-forca\/"]}]},{"@type":"ImageObject","inLanguage":"pt-BR","@id":"https:\/\/www.notibras.com\/site\/nordestino-filho-do-sol-herdeiro-da-forca\/#primaryimage","url":"https:\/\/www.notibras.com\/site\/wp-content\/uploads\/2026\/01\/15772449-e4a2-4714-ac69-889292bab95a.jpg","contentUrl":"https:\/\/www.notibras.com\/site\/wp-content\/uploads\/2026\/01\/15772449-e4a2-4714-ac69-889292bab95a.jpg","width":969,"height":538},{"@type":"BreadcrumbList","@id":"https:\/\/www.notibras.com\/site\/nordestino-filho-do-sol-herdeiro-da-forca\/#breadcrumb","itemListElement":[{"@type":"ListItem","position":1,"name":"In\u00edcio","item":"https:\/\/www.notibras.com\/site\/"},{"@type":"ListItem","position":2,"name":"Nordestino, filho do sol, herdeiro da for\u00e7a"}]},{"@type":"WebSite","@id":"https:\/\/www.notibras.com\/site\/#website","url":"https:\/\/www.notibras.com\/site\/","name":"Notibras","description":"Not\u00edcias de Bras\u00edlia, do Brasil e do Mundo","publisher":{"@id":"https:\/\/www.notibras.com\/site\/#organization"},"potentialAction":[{"@type":"SearchAction","target":{"@type":"EntryPoint","urlTemplate":"https:\/\/www.notibras.com\/site\/?s={search_term_string}"},"query-input":{"@type":"PropertyValueSpecification","valueRequired":true,"valueName":"search_term_string"}}],"inLanguage":"pt-BR"},{"@type":"Organization","@id":"https:\/\/www.notibras.com\/site\/#organization","name":"Grupo Notibras de Comunica\u00e7\u00e3o","url":"https:\/\/www.notibras.com\/site\/","logo":{"@type":"ImageObject","inLanguage":"pt-BR","@id":"https:\/\/www.notibras.com\/site\/#\/schema\/logo\/image\/","url":"https:\/\/www.notibras.com\/site\/wp-content\/uploads\/2023\/01\/notibras23.png","contentUrl":"https:\/\/www.notibras.com\/site\/wp-content\/uploads\/2023\/01\/notibras23.png","width":350,"height":87,"caption":"Grupo Notibras de Comunica\u00e7\u00e3o"},"image":{"@id":"https:\/\/www.notibras.com\/site\/#\/schema\/logo\/image\/"},"sameAs":["https:\/\/www.facebook.com\/notibras\/","https:\/\/x.com\/Notibras","https:\/\/www.instagram.com\/notibras\/"]},{"@type":"Person","@id":"https:\/\/www.notibras.com\/site\/#\/schema\/person\/36ab0979449956132d3e5b517ea76ac8","name":"Reda\u00e7\u00e3o","image":{"@type":"ImageObject","inLanguage":"pt-BR","@id":"https:\/\/secure.gravatar.com\/avatar\/e0a867bdedb85fd243eadf09663511f96fc81e0720a4a42581f334ad4303aa6b?s=96&d=mm&r=g","url":"https:\/\/secure.gravatar.com\/avatar\/e0a867bdedb85fd243eadf09663511f96fc81e0720a4a42581f334ad4303aa6b?s=96&d=mm&r=g","contentUrl":"https:\/\/secure.gravatar.com\/avatar\/e0a867bdedb85fd243eadf09663511f96fc81e0720a4a42581f334ad4303aa6b?s=96&d=mm&r=g","caption":"Reda\u00e7\u00e3o"}}]}},"amp_enabled":true,"_links":{"self":[{"href":"https:\/\/www.notibras.com\/site\/wp-json\/wp\/v2\/posts\/381335","targetHints":{"allow":["GET"]}}],"collection":[{"href":"https:\/\/www.notibras.com\/site\/wp-json\/wp\/v2\/posts"}],"about":[{"href":"https:\/\/www.notibras.com\/site\/wp-json\/wp\/v2\/types\/post"}],"author":[{"embeddable":true,"href":"https:\/\/www.notibras.com\/site\/wp-json\/wp\/v2\/users\/2"}],"replies":[{"embeddable":true,"href":"https:\/\/www.notibras.com\/site\/wp-json\/wp\/v2\/comments?post=381335"}],"version-history":[{"count":1,"href":"https:\/\/www.notibras.com\/site\/wp-json\/wp\/v2\/posts\/381335\/revisions"}],"predecessor-version":[{"id":381337,"href":"https:\/\/www.notibras.com\/site\/wp-json\/wp\/v2\/posts\/381335\/revisions\/381337"}],"wp:featuredmedia":[{"embeddable":true,"href":"https:\/\/www.notibras.com\/site\/wp-json\/wp\/v2\/media\/381338"}],"wp:attachment":[{"href":"https:\/\/www.notibras.com\/site\/wp-json\/wp\/v2\/media?parent=381335"}],"wp:term":[{"taxonomy":"category","embeddable":true,"href":"https:\/\/www.notibras.com\/site\/wp-json\/wp\/v2\/categories?post=381335"},{"taxonomy":"post_tag","embeddable":true,"href":"https:\/\/www.notibras.com\/site\/wp-json\/wp\/v2\/tags?post=381335"}],"curies":[{"name":"wp","href":"https:\/\/api.w.org\/{rel}","templated":true}]}}