{"id":381352,"date":"2026-02-02T02:00:23","date_gmt":"2026-02-02T05:00:23","guid":{"rendered":"https:\/\/www.notibras.com\/site\/?p=381352"},"modified":"2026-02-02T03:02:41","modified_gmt":"2026-02-02T06:02:41","slug":"um-voo-sem-volta","status":"publish","type":"post","link":"https:\/\/www.notibras.com\/site\/um-voo-sem-volta\/","title":{"rendered":"Um voo sem volta"},"content":{"rendered":"<p>Uma das maiores decep\u00e7\u00f5es do professor universit\u00e1rio Agnaldo foi ver Lu\u00edsa, sua \u00fanica filha, se casar com Fabiano, nos idos de 1969. No entanto, tentou aparentar uma serenidade que n\u00e3o tinha diante de tamanho desgosto. O rapaz era policial civil na capital do pa\u00eds, e os tempos de persegui\u00e7\u00e3o pol\u00edtica estavam ainda mais acirrados.<\/p>\n<p>Agnaldo, apesar de n\u00e3o entrar para o confronto armado, n\u00e3o escondia sua repulsa \u00e0 Ditadura Militar. E isso, n\u00e3o tardaria, chegaria aos ouvidos de algu\u00e9m ligado ao governo, ainda mais porque o sujeito morava em Bras\u00edlia. \u00c9 bom atentar que a capital, ainda hoje um ovo, naqueles idos era menor do que o de codorna. Todo mundo se conhecia e, os que n\u00e3o diretamente, acabavam se topando na rua ou em algum evento.<\/p>\n<p>Fabiano, mesmo que de n\u00e3o compactuasse com o sistema vigente, muito menos com o <em>modus operandi<\/em> de se livrar daqueles que eram contra as atrocidades cometidas pelos que estavam no poder, sabia que n\u00e3o era corajoso a ponto de expor seus pensamentos, ainda mais no ambiente policial. Ali, as pessoas tendiam, quase que por completo, a apoiar o combate do inimigo imagin\u00e1rio do comunismo. E praticamente todos acreditavam nessa ladainha, e aqueles que eram conscientes, n\u00e3o se permitiam a ser contr\u00e1rios ao mantra de que os ditos subversivos queriam fazer do Brasil um pa\u00eds socialista.<\/p>\n<p>No ano seguinte, enquanto a Sele\u00e7\u00e3o Brasileira distra\u00eda parte da popula\u00e7\u00e3o, muitos cidad\u00e3os foram ca\u00e7ados pelos militares. In\u00fameros desaparecidos, dezenas de emboscadas armadas pelas for\u00e7as governamentais viravam manchetes como se fossem confrontos com terroristas. Se acontecia com gente gra\u00fada que nem Rubens Paiva no ano de 1971, imagine como era a coisa com os an\u00f4nimos. E entre os desconhecidos do grande p\u00fablico se encontrava Agnaldo Santos Vieira, o nosso Agnaldo, sogro do policial civil Fabiano Pereira.<\/p>\n<p>Aconteceu em um domingo, quando Bras\u00edlia se tornava ainda mais deserta. Dois homens abordaram Agnaldo na sa\u00edda da padaria. Pego de surpresa, o professor deixou cair o saquinho de leite, que, com o impacto na cal\u00e7ada da quadra 312, na Asa Norte, estourou.<\/p>\n<p>\u2014 Professor, me d\u00e1 aqui esses p\u00e3es, antes que eles virem comida de passarinho.<\/p>\n<p>Agnaldo entregou o saco de papel com seis p\u00e3es para um dos sujeitos, enquanto o outro lhe apontava um rev\u00f3lver sob a jaqueta.<\/p>\n<p>\u2014 Melhor n\u00e3o tentar nenhuma gracinha.<\/p>\n<p>N\u00e3o era assalto. Agnaldo nunca imaginou que fosse. Pensou na esposa, na filha e no neto, que acabara de nascer. A coragem n\u00e3o era uma das suas virtudes, mas, naquele instante, decidiu enfrentar o inevit\u00e1vel de modo digno. N\u00e3o pediria clem\u00eancia, mesmo porque sabia que de nada adiantaria. Manteria a dignidade at\u00e9 quando os nervos lhe permitissem.<\/p>\n<p>Agnaldo foi levado para um local, que n\u00e3o conseguiu identificar, pois estava encapuzado. Ficou isolado em uma pequena sala de n\u00e3o mais de 4 metros quadrados. Apesar da tortura psicol\u00f3gica, n\u00e3o apanhou. Quer dizer, tomou dois ou tr\u00eas tapas na cara, o que ele entendeu se tratar de um tratamento diferenciado, haja vista os gritos de dor e horror no ambiente. Cada vez que entrava algu\u00e9m no cub\u00edculo onde ficou, imaginava que iria levar choque, ter as unhas arrancadas, que enfiariam agulhas nos dedos. Por sorte, nada al\u00e9m do que aqueles dois ou tr\u00eas tabefes.<\/p>\n<p>Dois dias depois, dois homens apareceram. N\u00e3o eram os mesmos que o abordaram. Bem menos corpulentos, mas com faces marcadas pela maldade, eles observaram Agnaldo por breve momento, quando um deles disse:<\/p>\n<p>\u2014 Tem medo de viajar de avi\u00e3o, professor?<\/p>\n<p>\u2014 Nunca viajei de avi\u00e3o, senhor.<\/p>\n<p>\u2014 Pois hoje voc\u00ea vai fazer a sua primeira viagem.<\/p>\n<p>Agnaldo foi conduzido at\u00e9 uma base a\u00e9rea, onde foi colocado em uma fila de aproximadamente 20 pessoas. Ele observou aqueles rostos assustados e imaginou que seriam levados para um pres\u00eddio ou algo do tipo. Talvez expulsos do pa\u00eds. A tens\u00e3o se fazia presente naqueles seres humanos sem voz.<\/p>\n<p>Enquanto o grupo aguardava o comando para entrarem na aeronave, eis que um Fusca estacionou a poucos metros. Um homem de um metro e oitenta, cabelos aloirados e bigode desceu do ve\u00edculo e, passos firmes, foi em dire\u00e7\u00e3o ao que parecia o comandante daquela opera\u00e7\u00e3o. Ele mostrou um papel e, ap\u00f3s breve di\u00e1logo exaltado, o homem do Fusca foi at\u00e9 a fila, puxou Agnaldo pelo bra\u00e7o e sussurrou:<\/p>\n<p>\u2014 N\u00e3o fale nada, seu Agnaldo. Agora vire-se, que precisou algemar o senhor.<\/p>\n<p>Cinco minutos depois, j\u00e1 distante da base a\u00e9rea, Fabiano, enquanto dirigia, libertou o sogro das algemas.<\/p>\n<p>\u2014 O que significa isso tudo?<\/p>\n<p>\u2014 Seu Agnaldo, vamos tir\u00e1-lo do pa\u00eds.<\/p>\n<p>\u2014 O qu\u00ea? Vamos? Quem?<\/p>\n<p>\u2014 Tenho um amigo que me ajudou a encontrar o senhor. E agora o senhor precisa sair do pa\u00eds.<\/p>\n<p>\u2014 E a minha mulher? E a minha filha? E o meu neto?<\/p>\n<p>\u2014 Todos v\u00e3o ficar bem, eu prometo. Mas o senhor precisa sair por um tempo.<\/p>\n<p>\u2014 Tempo? Quanto tempo?<\/p>\n<p>\u2014 N\u00e3o sei. Pelo menos at\u00e9 as coisas se acalmarem.<\/p>\n<p>Agnaldo entendeu que Fabiano, o homem que n\u00e3o queria que se casasse com sua filha, havia lhe salvado de algo muito pior.<\/p>\n<p>\u2014 Eles iriam me torturar?<\/p>\n<p>\u2014 N\u00e3o.<\/p>\n<p>\u2014 E para onde iriam me levar? E para onde v\u00e3o levar aquelas pessoas?<\/p>\n<p>Um sil\u00eancio se instalou dentro do Fusca, at\u00e9 que Agnaldo insistiu:<\/p>\n<p>\u2014 Diga, Fabiano! Pra onde?<\/p>\n<p>\u2014 Aquele era o voo da morte.<\/p>\n<p>\u2014 Voo da morte? O que isso significa, Fabiano?<\/p>\n<p>\u2014 Iriam jog\u00e1-lo do avi\u00e3o enquanto sobrevoavam o Pantanal.<\/p>\n<p>\u2014 Aquelas pessoas&#8230; Precisamos voltar, Fabiano!<\/p>\n<p>\u2014 N\u00e3o podemos, seu Agnaldo. N\u00e3o podemos.<\/p>\n<p>Agnaldo foi retirado do pa\u00eds a salvo. Carregou aquela dor por anos, que o consumiu. Nunca mais voltou ao Brasil. Teve um enfarto no dia 3 de julho de 1974. Ironicamente, quando a Sele\u00e7\u00e3o Brasileira tombava diante do Carrossel Holand\u00eas por 2 a 0 na Copa do Mundo.<\/p>\n<p><strong>\u2026\u2026\u2026\u2026\u2026\u2026\u2026\u2026<\/strong><\/p>\n<p><strong>Eduardo Mart\u00ednez \u00e9 autor do livro \u201957 Contos e Cr\u00f4nicas por um Autor Muito Velho\u2019 (Vencedor do Pr\u00eamio Liter\u00e1rio Clarice Lispector \u2013 2025 na categoria livro de contos).<\/strong><\/p>\n<p><strong>Compre aqui<\/strong><\/p>\n<p><a href=\"https:\/\/www.joanineditora.com.br\/57-contos-e-cronicas-por-um-autor-muito-velho\"><strong>https:\/\/www.joanineditora.com.br\/57-contos-e-cronicas-por-um-autor-muito-velho<\/strong><\/a><\/p>\n","protected":false},"excerpt":{"rendered":"<p>Uma das maiores decep\u00e7\u00f5es do professor universit\u00e1rio Agnaldo foi ver Lu\u00edsa, sua \u00fanica filha, se casar com Fabiano, nos idos de 1969. No entanto, tentou aparentar uma serenidade que n\u00e3o tinha diante de tamanho desgosto. O rapaz era policial civil na capital do pa\u00eds, e os tempos de persegui\u00e7\u00e3o pol\u00edtica estavam ainda mais acirrados. Agnaldo, [&hellip;]<\/p>\n","protected":false},"author":21,"featured_media":381353,"comment_status":"closed","ping_status":"closed","sticky":false,"template":"","format":"standard","meta":{"_acf_changed":false,"footnotes":""},"categories":[161],"tags":[],"class_list":["post-381352","post","type-post","status-publish","format-standard","has-post-thumbnail","hentry","category-quadradinho-em-foco"],"acf":[],"yoast_head":"<!-- This site is optimized with the Yoast SEO plugin v27.2 - https:\/\/yoast.com\/product\/yoast-seo-wordpress\/ -->\n<title>Um voo sem volta - Notibras<\/title>\n<meta name=\"robots\" content=\"index, follow, max-snippet:-1, max-image-preview:large, max-video-preview:-1\" \/>\n<link rel=\"canonical\" href=\"https:\/\/www.notibras.com\/site\/um-voo-sem-volta\/\" \/>\n<meta property=\"og:locale\" content=\"pt_BR\" \/>\n<meta property=\"og:type\" content=\"article\" \/>\n<meta property=\"og:title\" content=\"Um voo sem volta - Notibras\" \/>\n<meta property=\"og:description\" content=\"Uma das maiores decep\u00e7\u00f5es do professor universit\u00e1rio Agnaldo foi ver Lu\u00edsa, sua \u00fanica filha, se casar com Fabiano, nos idos de 1969. No entanto, tentou aparentar uma serenidade que n\u00e3o tinha diante de tamanho desgosto. O rapaz era policial civil na capital do pa\u00eds, e os tempos de persegui\u00e7\u00e3o pol\u00edtica estavam ainda mais acirrados. Agnaldo, [&hellip;]\" \/>\n<meta property=\"og:url\" content=\"https:\/\/www.notibras.com\/site\/um-voo-sem-volta\/\" \/>\n<meta property=\"og:site_name\" content=\"Notibras\" \/>\n<meta property=\"article:publisher\" content=\"https:\/\/www.facebook.com\/notibras\/\" \/>\n<meta property=\"article:published_time\" content=\"2026-02-02T05:00:23+00:00\" \/>\n<meta property=\"article:modified_time\" content=\"2026-02-02T06:02:41+00:00\" \/>\n<meta property=\"og:image\" content=\"https:\/\/www.notibras.com\/site\/wp-content\/uploads\/2026\/01\/IMG_0770-1.jpg\" \/>\n\t<meta property=\"og:image:width\" content=\"1023\" \/>\n\t<meta property=\"og:image:height\" content=\"941\" \/>\n\t<meta property=\"og:image:type\" content=\"image\/jpeg\" \/>\n<meta name=\"author\" content=\"Eduardo Mart\u00ednez\" \/>\n<meta name=\"twitter:card\" content=\"summary_large_image\" \/>\n<meta name=\"twitter:creator\" content=\"@Notibras\" \/>\n<meta name=\"twitter:site\" content=\"@Notibras\" \/>\n<meta name=\"twitter:label1\" content=\"Escrito por\" \/>\n\t<meta name=\"twitter:data1\" content=\"Eduardo Mart\u00ednez\" \/>\n\t<meta name=\"twitter:label2\" content=\"Est. tempo de leitura\" \/>\n\t<meta name=\"twitter:data2\" content=\"6 minutos\" \/>\n<script type=\"application\/ld+json\" class=\"yoast-schema-graph\">{\"@context\":\"https:\/\/schema.org\",\"@graph\":[{\"@type\":\"Article\",\"@id\":\"https:\/\/www.notibras.com\/site\/um-voo-sem-volta\/#article\",\"isPartOf\":{\"@id\":\"https:\/\/www.notibras.com\/site\/um-voo-sem-volta\/\"},\"author\":{\"name\":\"Eduardo Mart\u00ednez\",\"@id\":\"https:\/\/www.notibras.com\/site\/#\/schema\/person\/5b7fabf2aedc3ada2105f03b22b4d3dd\"},\"headline\":\"Um voo sem volta\",\"datePublished\":\"2026-02-02T05:00:23+00:00\",\"dateModified\":\"2026-02-02T06:02:41+00:00\",\"mainEntityOfPage\":{\"@id\":\"https:\/\/www.notibras.com\/site\/um-voo-sem-volta\/\"},\"wordCount\":1048,\"publisher\":{\"@id\":\"https:\/\/www.notibras.com\/site\/#organization\"},\"image\":{\"@id\":\"https:\/\/www.notibras.com\/site\/um-voo-sem-volta\/#primaryimage\"},\"thumbnailUrl\":\"https:\/\/www.notibras.com\/site\/wp-content\/uploads\/2026\/01\/IMG_0770-1.jpg\",\"articleSection\":[\"Quadradinho em Foco\"],\"inLanguage\":\"pt-BR\"},{\"@type\":\"WebPage\",\"@id\":\"https:\/\/www.notibras.com\/site\/um-voo-sem-volta\/\",\"url\":\"https:\/\/www.notibras.com\/site\/um-voo-sem-volta\/\",\"name\":\"Um voo sem volta - Notibras\",\"isPartOf\":{\"@id\":\"https:\/\/www.notibras.com\/site\/#website\"},\"primaryImageOfPage\":{\"@id\":\"https:\/\/www.notibras.com\/site\/um-voo-sem-volta\/#primaryimage\"},\"image\":{\"@id\":\"https:\/\/www.notibras.com\/site\/um-voo-sem-volta\/#primaryimage\"},\"thumbnailUrl\":\"https:\/\/www.notibras.com\/site\/wp-content\/uploads\/2026\/01\/IMG_0770-1.jpg\",\"datePublished\":\"2026-02-02T05:00:23+00:00\",\"dateModified\":\"2026-02-02T06:02:41+00:00\",\"breadcrumb\":{\"@id\":\"https:\/\/www.notibras.com\/site\/um-voo-sem-volta\/#breadcrumb\"},\"inLanguage\":\"pt-BR\",\"potentialAction\":[{\"@type\":\"ReadAction\",\"target\":[\"https:\/\/www.notibras.com\/site\/um-voo-sem-volta\/\"]}]},{\"@type\":\"ImageObject\",\"inLanguage\":\"pt-BR\",\"@id\":\"https:\/\/www.notibras.com\/site\/um-voo-sem-volta\/#primaryimage\",\"url\":\"https:\/\/www.notibras.com\/site\/wp-content\/uploads\/2026\/01\/IMG_0770-1.jpg\",\"contentUrl\":\"https:\/\/www.notibras.com\/site\/wp-content\/uploads\/2026\/01\/IMG_0770-1.jpg\",\"width\":1023,\"height\":941},{\"@type\":\"BreadcrumbList\",\"@id\":\"https:\/\/www.notibras.com\/site\/um-voo-sem-volta\/#breadcrumb\",\"itemListElement\":[{\"@type\":\"ListItem\",\"position\":1,\"name\":\"In\u00edcio\",\"item\":\"https:\/\/www.notibras.com\/site\/\"},{\"@type\":\"ListItem\",\"position\":2,\"name\":\"Um voo sem volta\"}]},{\"@type\":\"WebSite\",\"@id\":\"https:\/\/www.notibras.com\/site\/#website\",\"url\":\"https:\/\/www.notibras.com\/site\/\",\"name\":\"Notibras\",\"description\":\"Not\u00edcias de Bras\u00edlia, do Brasil e do Mundo\",\"publisher\":{\"@id\":\"https:\/\/www.notibras.com\/site\/#organization\"},\"potentialAction\":[{\"@type\":\"SearchAction\",\"target\":{\"@type\":\"EntryPoint\",\"urlTemplate\":\"https:\/\/www.notibras.com\/site\/?s={search_term_string}\"},\"query-input\":{\"@type\":\"PropertyValueSpecification\",\"valueRequired\":true,\"valueName\":\"search_term_string\"}}],\"inLanguage\":\"pt-BR\"},{\"@type\":\"Organization\",\"@id\":\"https:\/\/www.notibras.com\/site\/#organization\",\"name\":\"Grupo Notibras de Comunica\u00e7\u00e3o\",\"url\":\"https:\/\/www.notibras.com\/site\/\",\"logo\":{\"@type\":\"ImageObject\",\"inLanguage\":\"pt-BR\",\"@id\":\"https:\/\/www.notibras.com\/site\/#\/schema\/logo\/image\/\",\"url\":\"https:\/\/www.notibras.com\/site\/wp-content\/uploads\/2023\/01\/notibras23.png\",\"contentUrl\":\"https:\/\/www.notibras.com\/site\/wp-content\/uploads\/2023\/01\/notibras23.png\",\"width\":350,\"height\":87,\"caption\":\"Grupo Notibras de Comunica\u00e7\u00e3o\"},\"image\":{\"@id\":\"https:\/\/www.notibras.com\/site\/#\/schema\/logo\/image\/\"},\"sameAs\":[\"https:\/\/www.facebook.com\/notibras\/\",\"https:\/\/x.com\/Notibras\",\"https:\/\/www.instagram.com\/notibras\/\"]},{\"@type\":\"Person\",\"@id\":\"https:\/\/www.notibras.com\/site\/#\/schema\/person\/5b7fabf2aedc3ada2105f03b22b4d3dd\",\"name\":\"Eduardo Mart\u00ednez\",\"image\":{\"@type\":\"ImageObject\",\"inLanguage\":\"pt-BR\",\"@id\":\"https:\/\/secure.gravatar.com\/avatar\/7902f906289926289cbcda644b5197c796b893c6ffd7b9a536a42d290f7704a0?s=96&d=mm&r=g\",\"url\":\"https:\/\/secure.gravatar.com\/avatar\/7902f906289926289cbcda644b5197c796b893c6ffd7b9a536a42d290f7704a0?s=96&d=mm&r=g\",\"contentUrl\":\"https:\/\/secure.gravatar.com\/avatar\/7902f906289926289cbcda644b5197c796b893c6ffd7b9a536a42d290f7704a0?s=96&d=mm&r=g\",\"caption\":\"Eduardo Mart\u00ednez\"}}]}<\/script>\n<!-- \/ Yoast SEO plugin. -->","yoast_head_json":{"title":"Um voo sem volta - Notibras","robots":{"index":"index","follow":"follow","max-snippet":"max-snippet:-1","max-image-preview":"max-image-preview:large","max-video-preview":"max-video-preview:-1"},"canonical":"https:\/\/www.notibras.com\/site\/um-voo-sem-volta\/","og_locale":"pt_BR","og_type":"article","og_title":"Um voo sem volta - Notibras","og_description":"Uma das maiores decep\u00e7\u00f5es do professor universit\u00e1rio Agnaldo foi ver Lu\u00edsa, sua \u00fanica filha, se casar com Fabiano, nos idos de 1969. No entanto, tentou aparentar uma serenidade que n\u00e3o tinha diante de tamanho desgosto. O rapaz era policial civil na capital do pa\u00eds, e os tempos de persegui\u00e7\u00e3o pol\u00edtica estavam ainda mais acirrados. Agnaldo, [&hellip;]","og_url":"https:\/\/www.notibras.com\/site\/um-voo-sem-volta\/","og_site_name":"Notibras","article_publisher":"https:\/\/www.facebook.com\/notibras\/","article_published_time":"2026-02-02T05:00:23+00:00","article_modified_time":"2026-02-02T06:02:41+00:00","og_image":[{"width":1023,"height":941,"url":"https:\/\/www.notibras.com\/site\/wp-content\/uploads\/2026\/01\/IMG_0770-1.jpg","type":"image\/jpeg"}],"author":"Eduardo Mart\u00ednez","twitter_card":"summary_large_image","twitter_creator":"@Notibras","twitter_site":"@Notibras","twitter_misc":{"Escrito por":"Eduardo Mart\u00ednez","Est. tempo de leitura":"6 minutos"},"schema":{"@context":"https:\/\/schema.org","@graph":[{"@type":"Article","@id":"https:\/\/www.notibras.com\/site\/um-voo-sem-volta\/#article","isPartOf":{"@id":"https:\/\/www.notibras.com\/site\/um-voo-sem-volta\/"},"author":{"name":"Eduardo Mart\u00ednez","@id":"https:\/\/www.notibras.com\/site\/#\/schema\/person\/5b7fabf2aedc3ada2105f03b22b4d3dd"},"headline":"Um voo sem volta","datePublished":"2026-02-02T05:00:23+00:00","dateModified":"2026-02-02T06:02:41+00:00","mainEntityOfPage":{"@id":"https:\/\/www.notibras.com\/site\/um-voo-sem-volta\/"},"wordCount":1048,"publisher":{"@id":"https:\/\/www.notibras.com\/site\/#organization"},"image":{"@id":"https:\/\/www.notibras.com\/site\/um-voo-sem-volta\/#primaryimage"},"thumbnailUrl":"https:\/\/www.notibras.com\/site\/wp-content\/uploads\/2026\/01\/IMG_0770-1.jpg","articleSection":["Quadradinho em Foco"],"inLanguage":"pt-BR"},{"@type":"WebPage","@id":"https:\/\/www.notibras.com\/site\/um-voo-sem-volta\/","url":"https:\/\/www.notibras.com\/site\/um-voo-sem-volta\/","name":"Um voo sem volta - Notibras","isPartOf":{"@id":"https:\/\/www.notibras.com\/site\/#website"},"primaryImageOfPage":{"@id":"https:\/\/www.notibras.com\/site\/um-voo-sem-volta\/#primaryimage"},"image":{"@id":"https:\/\/www.notibras.com\/site\/um-voo-sem-volta\/#primaryimage"},"thumbnailUrl":"https:\/\/www.notibras.com\/site\/wp-content\/uploads\/2026\/01\/IMG_0770-1.jpg","datePublished":"2026-02-02T05:00:23+00:00","dateModified":"2026-02-02T06:02:41+00:00","breadcrumb":{"@id":"https:\/\/www.notibras.com\/site\/um-voo-sem-volta\/#breadcrumb"},"inLanguage":"pt-BR","potentialAction":[{"@type":"ReadAction","target":["https:\/\/www.notibras.com\/site\/um-voo-sem-volta\/"]}]},{"@type":"ImageObject","inLanguage":"pt-BR","@id":"https:\/\/www.notibras.com\/site\/um-voo-sem-volta\/#primaryimage","url":"https:\/\/www.notibras.com\/site\/wp-content\/uploads\/2026\/01\/IMG_0770-1.jpg","contentUrl":"https:\/\/www.notibras.com\/site\/wp-content\/uploads\/2026\/01\/IMG_0770-1.jpg","width":1023,"height":941},{"@type":"BreadcrumbList","@id":"https:\/\/www.notibras.com\/site\/um-voo-sem-volta\/#breadcrumb","itemListElement":[{"@type":"ListItem","position":1,"name":"In\u00edcio","item":"https:\/\/www.notibras.com\/site\/"},{"@type":"ListItem","position":2,"name":"Um voo sem volta"}]},{"@type":"WebSite","@id":"https:\/\/www.notibras.com\/site\/#website","url":"https:\/\/www.notibras.com\/site\/","name":"Notibras","description":"Not\u00edcias de Bras\u00edlia, do Brasil e do Mundo","publisher":{"@id":"https:\/\/www.notibras.com\/site\/#organization"},"potentialAction":[{"@type":"SearchAction","target":{"@type":"EntryPoint","urlTemplate":"https:\/\/www.notibras.com\/site\/?s={search_term_string}"},"query-input":{"@type":"PropertyValueSpecification","valueRequired":true,"valueName":"search_term_string"}}],"inLanguage":"pt-BR"},{"@type":"Organization","@id":"https:\/\/www.notibras.com\/site\/#organization","name":"Grupo Notibras de Comunica\u00e7\u00e3o","url":"https:\/\/www.notibras.com\/site\/","logo":{"@type":"ImageObject","inLanguage":"pt-BR","@id":"https:\/\/www.notibras.com\/site\/#\/schema\/logo\/image\/","url":"https:\/\/www.notibras.com\/site\/wp-content\/uploads\/2023\/01\/notibras23.png","contentUrl":"https:\/\/www.notibras.com\/site\/wp-content\/uploads\/2023\/01\/notibras23.png","width":350,"height":87,"caption":"Grupo Notibras de Comunica\u00e7\u00e3o"},"image":{"@id":"https:\/\/www.notibras.com\/site\/#\/schema\/logo\/image\/"},"sameAs":["https:\/\/www.facebook.com\/notibras\/","https:\/\/x.com\/Notibras","https:\/\/www.instagram.com\/notibras\/"]},{"@type":"Person","@id":"https:\/\/www.notibras.com\/site\/#\/schema\/person\/5b7fabf2aedc3ada2105f03b22b4d3dd","name":"Eduardo Mart\u00ednez","image":{"@type":"ImageObject","inLanguage":"pt-BR","@id":"https:\/\/secure.gravatar.com\/avatar\/7902f906289926289cbcda644b5197c796b893c6ffd7b9a536a42d290f7704a0?s=96&d=mm&r=g","url":"https:\/\/secure.gravatar.com\/avatar\/7902f906289926289cbcda644b5197c796b893c6ffd7b9a536a42d290f7704a0?s=96&d=mm&r=g","contentUrl":"https:\/\/secure.gravatar.com\/avatar\/7902f906289926289cbcda644b5197c796b893c6ffd7b9a536a42d290f7704a0?s=96&d=mm&r=g","caption":"Eduardo Mart\u00ednez"}}]}},"amp_enabled":true,"_links":{"self":[{"href":"https:\/\/www.notibras.com\/site\/wp-json\/wp\/v2\/posts\/381352","targetHints":{"allow":["GET"]}}],"collection":[{"href":"https:\/\/www.notibras.com\/site\/wp-json\/wp\/v2\/posts"}],"about":[{"href":"https:\/\/www.notibras.com\/site\/wp-json\/wp\/v2\/types\/post"}],"author":[{"embeddable":true,"href":"https:\/\/www.notibras.com\/site\/wp-json\/wp\/v2\/users\/21"}],"replies":[{"embeddable":true,"href":"https:\/\/www.notibras.com\/site\/wp-json\/wp\/v2\/comments?post=381352"}],"version-history":[{"count":3,"href":"https:\/\/www.notibras.com\/site\/wp-json\/wp\/v2\/posts\/381352\/revisions"}],"predecessor-version":[{"id":381580,"href":"https:\/\/www.notibras.com\/site\/wp-json\/wp\/v2\/posts\/381352\/revisions\/381580"}],"wp:featuredmedia":[{"embeddable":true,"href":"https:\/\/www.notibras.com\/site\/wp-json\/wp\/v2\/media\/381353"}],"wp:attachment":[{"href":"https:\/\/www.notibras.com\/site\/wp-json\/wp\/v2\/media?parent=381352"}],"wp:term":[{"taxonomy":"category","embeddable":true,"href":"https:\/\/www.notibras.com\/site\/wp-json\/wp\/v2\/categories?post=381352"},{"taxonomy":"post_tag","embeddable":true,"href":"https:\/\/www.notibras.com\/site\/wp-json\/wp\/v2\/tags?post=381352"}],"curies":[{"name":"wp","href":"https:\/\/api.w.org\/{rel}","templated":true}]}}