{"id":381356,"date":"2026-01-31T15:24:25","date_gmt":"2026-01-31T18:24:25","guid":{"rendered":"https:\/\/www.notibras.com\/site\/?p=381356"},"modified":"2026-01-31T19:27:44","modified_gmt":"2026-01-31T22:27:44","slug":"mantida-prisao-de-piloto-que-espancou-jovem","status":"publish","type":"post","link":"https:\/\/www.notibras.com\/site\/mantida-prisao-de-piloto-que-espancou-jovem\/","title":{"rendered":"Mantida pris\u00e3o de piloto que espancou jovem"},"content":{"rendered":"<p>A Justi\u00e7a do Distrito Federal decidiu neste s\u00e1bado (31) manter a pris\u00e3o do empres\u00e1rio e piloto de automobilismo Pedro Turra, de 19 anos, ap\u00f3s audi\u00eancia de cust\u00f3dia. A decis\u00e3o foi confirmada pela defesa do acusado.<\/p>\n<p>Turra foi preso nesta sexta-feira (30) pela Pol\u00edcia Civil por les\u00e3o corporal grave. Ele \u00e9 acusado de agredir um adolescente de 16 anos, durante uma briga ocorrida na semana passada, no bairro de Vicente Pires, na capital federal.<\/p>\n<p>O desentendimento ocorreu por causa de um chiclete arremessado em um amigo da v\u00edtima, que est\u00e1 internado na unidade de terapia intensiva (UTI) do Hospital \u00c1guas Claras, onde segue em estado de coma.<\/p>\n<p>Na decis\u00e3o, a ju\u00edza respons\u00e1vel pela audi\u00eancia tamb\u00e9m determinou que a corregedoria da Pol\u00edcia Civil seja comunicada sobre o poss\u00edvel descumprimento dos deveres funcionais pelos policiais que realizaram a pris\u00e3o do piloto.<\/p>\n<p>Defesa<br \/>\nEm nota enviada \u00e0 Ag\u00eancia Brasil, o advogado Eder Fior disse que o acusado relatou durante a audi\u00eancia que est\u00e1 sendo alvo de amea\u00e7as de morte e acusou os policiais que efetuaram a pris\u00e3o de descumprirem o dever legal de prote\u00e7\u00e3o.<\/p>\n<p>Al\u00e9m disso, a defesa acusou a pol\u00edcia de promover a \u201cespetaculariza\u00e7\u00e3o\u201d do caso.<\/p>\n<p>\u201cA defesa registra estarrecimento diante da espetaculariza\u00e7\u00e3o indevida promovida por delegado e agentes policiais, que, em conduta frontalmente incompat\u00edvel com o Estado de Direito, teriam desrespeitado decis\u00e3o judicial expressa que determinava a preserva\u00e7\u00e3o da imagem do custodiado, expondo-o de forma degradante e potencializando riscos concretos \u00e0 sua seguran\u00e7a e dignidade\u201d, afirmou o advogado.<\/p>\n<p><strong>Nova pris\u00e3o <\/strong><br \/>\nTurra chegou a ser preso um dia ap\u00f3s a agress\u00e3o, mas pagou fian\u00e7a de R$ 24 mil e passou a ser responder ao inqu\u00e9rito por les\u00e3o corporal em liberdade.<\/p>\n<p>A nova pris\u00e3o foi autorizada pela Justi\u00e7a ap\u00f3s a pol\u00edcia apresentar provas de que o empres\u00e1rio est\u00e1 envolvido em outros casos de agress\u00e3o. Em um deles, ele teria usado um taser (arma de choque) contra uma adolescente de 17 anos para obrig\u00e1-la a ingerir bebida alco\u00f3lica durante uma festa. Al\u00e9m disso, um homem compareceu \u00e0 delegacia para informar que tamb\u00e9m foi agredido pelo piloto em junho do ano passado.<\/p>\n<p>Ap\u00f3s o epis\u00f3dio, Turra tamb\u00e9m foi desligado da F\u00f3rmula Delta, competi\u00e7\u00e3o de automobilismo na qual atuava como piloto.<\/p>\n","protected":false},"excerpt":{"rendered":"<p>A Justi\u00e7a do Distrito Federal decidiu neste s\u00e1bado (31) manter a pris\u00e3o do empres\u00e1rio e piloto de automobilismo Pedro Turra, de 19 anos, ap\u00f3s audi\u00eancia de cust\u00f3dia. A decis\u00e3o foi confirmada pela defesa do acusado. Turra foi preso nesta sexta-feira (30) pela Pol\u00edcia Civil por les\u00e3o corporal grave. Ele \u00e9 acusado de agredir um adolescente [&hellip;]<\/p>\n","protected":false},"author":2,"featured_media":381357,"comment_status":"closed","ping_status":"closed","sticky":false,"template":"","format":"standard","meta":{"_acf_changed":false,"footnotes":""},"categories":[161],"tags":[],"class_list":["post-381356","post","type-post","status-publish","format-standard","has-post-thumbnail","hentry","category-quadradinho-em-foco"],"acf":[],"yoast_head":"<!-- This site is optimized with the Yoast SEO plugin v27.2 - https:\/\/yoast.com\/product\/yoast-seo-wordpress\/ -->\n<title>Mantida pris\u00e3o de piloto que espancou jovem - Notibras<\/title>\n<meta name=\"robots\" content=\"index, follow, max-snippet:-1, max-image-preview:large, max-video-preview:-1\" \/>\n<link rel=\"canonical\" href=\"https:\/\/www.notibras.com\/site\/mantida-prisao-de-piloto-que-espancou-jovem\/\" \/>\n<meta property=\"og:locale\" content=\"pt_BR\" \/>\n<meta property=\"og:type\" content=\"article\" \/>\n<meta property=\"og:title\" content=\"Mantida pris\u00e3o de piloto que espancou jovem - Notibras\" \/>\n<meta property=\"og:description\" content=\"A Justi\u00e7a do Distrito Federal decidiu neste s\u00e1bado (31) manter a pris\u00e3o do empres\u00e1rio e piloto de automobilismo Pedro Turra, de 19 anos, ap\u00f3s audi\u00eancia de cust\u00f3dia. A decis\u00e3o foi confirmada pela defesa do acusado. Turra foi preso nesta sexta-feira (30) pela Pol\u00edcia Civil por les\u00e3o corporal grave. Ele \u00e9 acusado de agredir um adolescente [&hellip;]\" \/>\n<meta property=\"og:url\" content=\"https:\/\/www.notibras.com\/site\/mantida-prisao-de-piloto-que-espancou-jovem\/\" \/>\n<meta property=\"og:site_name\" content=\"Notibras\" \/>\n<meta property=\"article:publisher\" content=\"https:\/\/www.facebook.com\/notibras\/\" \/>\n<meta property=\"article:published_time\" content=\"2026-01-31T18:24:25+00:00\" \/>\n<meta property=\"article:modified_time\" content=\"2026-01-31T22:27:44+00:00\" \/>\n<meta property=\"og:image\" content=\"https:\/\/www.notibras.com\/site\/wp-content\/uploads\/2026\/01\/pedro.webp\" \/>\n\t<meta property=\"og:image:width\" content=\"1170\" \/>\n\t<meta property=\"og:image:height\" content=\"700\" \/>\n\t<meta property=\"og:image:type\" content=\"image\/webp\" \/>\n<meta name=\"author\" content=\"Reda\u00e7\u00e3o\" \/>\n<meta name=\"twitter:card\" content=\"summary_large_image\" \/>\n<meta name=\"twitter:creator\" content=\"@Notibras\" \/>\n<meta name=\"twitter:site\" content=\"@Notibras\" \/>\n<meta name=\"twitter:label1\" content=\"Escrito por\" \/>\n\t<meta name=\"twitter:data1\" content=\"Reda\u00e7\u00e3o\" \/>\n\t<meta name=\"twitter:label2\" content=\"Est. tempo de leitura\" \/>\n\t<meta name=\"twitter:data2\" content=\"3 minutos\" \/>\n<script type=\"application\/ld+json\" class=\"yoast-schema-graph\">{\"@context\":\"https:\/\/schema.org\",\"@graph\":[{\"@type\":\"Article\",\"@id\":\"https:\/\/www.notibras.com\/site\/mantida-prisao-de-piloto-que-espancou-jovem\/#article\",\"isPartOf\":{\"@id\":\"https:\/\/www.notibras.com\/site\/mantida-prisao-de-piloto-que-espancou-jovem\/\"},\"author\":{\"name\":\"Reda\u00e7\u00e3o\",\"@id\":\"https:\/\/www.notibras.com\/site\/#\/schema\/person\/36ab0979449956132d3e5b517ea76ac8\"},\"headline\":\"Mantida pris\u00e3o de piloto que espancou jovem\",\"datePublished\":\"2026-01-31T18:24:25+00:00\",\"dateModified\":\"2026-01-31T22:27:44+00:00\",\"mainEntityOfPage\":{\"@id\":\"https:\/\/www.notibras.com\/site\/mantida-prisao-de-piloto-que-espancou-jovem\/\"},\"wordCount\":415,\"publisher\":{\"@id\":\"https:\/\/www.notibras.com\/site\/#organization\"},\"image\":{\"@id\":\"https:\/\/www.notibras.com\/site\/mantida-prisao-de-piloto-que-espancou-jovem\/#primaryimage\"},\"thumbnailUrl\":\"https:\/\/www.notibras.com\/site\/wp-content\/uploads\/2026\/01\/pedro.webp\",\"articleSection\":[\"Quadradinho em Foco\"],\"inLanguage\":\"pt-BR\"},{\"@type\":\"WebPage\",\"@id\":\"https:\/\/www.notibras.com\/site\/mantida-prisao-de-piloto-que-espancou-jovem\/\",\"url\":\"https:\/\/www.notibras.com\/site\/mantida-prisao-de-piloto-que-espancou-jovem\/\",\"name\":\"Mantida pris\u00e3o de piloto que espancou jovem - Notibras\",\"isPartOf\":{\"@id\":\"https:\/\/www.notibras.com\/site\/#website\"},\"primaryImageOfPage\":{\"@id\":\"https:\/\/www.notibras.com\/site\/mantida-prisao-de-piloto-que-espancou-jovem\/#primaryimage\"},\"image\":{\"@id\":\"https:\/\/www.notibras.com\/site\/mantida-prisao-de-piloto-que-espancou-jovem\/#primaryimage\"},\"thumbnailUrl\":\"https:\/\/www.notibras.com\/site\/wp-content\/uploads\/2026\/01\/pedro.webp\",\"datePublished\":\"2026-01-31T18:24:25+00:00\",\"dateModified\":\"2026-01-31T22:27:44+00:00\",\"breadcrumb\":{\"@id\":\"https:\/\/www.notibras.com\/site\/mantida-prisao-de-piloto-que-espancou-jovem\/#breadcrumb\"},\"inLanguage\":\"pt-BR\",\"potentialAction\":[{\"@type\":\"ReadAction\",\"target\":[\"https:\/\/www.notibras.com\/site\/mantida-prisao-de-piloto-que-espancou-jovem\/\"]}]},{\"@type\":\"ImageObject\",\"inLanguage\":\"pt-BR\",\"@id\":\"https:\/\/www.notibras.com\/site\/mantida-prisao-de-piloto-que-espancou-jovem\/#primaryimage\",\"url\":\"https:\/\/www.notibras.com\/site\/wp-content\/uploads\/2026\/01\/pedro.webp\",\"contentUrl\":\"https:\/\/www.notibras.com\/site\/wp-content\/uploads\/2026\/01\/pedro.webp\",\"width\":1170,\"height\":700},{\"@type\":\"BreadcrumbList\",\"@id\":\"https:\/\/www.notibras.com\/site\/mantida-prisao-de-piloto-que-espancou-jovem\/#breadcrumb\",\"itemListElement\":[{\"@type\":\"ListItem\",\"position\":1,\"name\":\"In\u00edcio\",\"item\":\"https:\/\/www.notibras.com\/site\/\"},{\"@type\":\"ListItem\",\"position\":2,\"name\":\"Mantida pris\u00e3o de piloto que espancou jovem\"}]},{\"@type\":\"WebSite\",\"@id\":\"https:\/\/www.notibras.com\/site\/#website\",\"url\":\"https:\/\/www.notibras.com\/site\/\",\"name\":\"Notibras\",\"description\":\"Not\u00edcias de Bras\u00edlia, do Brasil e do Mundo\",\"publisher\":{\"@id\":\"https:\/\/www.notibras.com\/site\/#organization\"},\"potentialAction\":[{\"@type\":\"SearchAction\",\"target\":{\"@type\":\"EntryPoint\",\"urlTemplate\":\"https:\/\/www.notibras.com\/site\/?s={search_term_string}\"},\"query-input\":{\"@type\":\"PropertyValueSpecification\",\"valueRequired\":true,\"valueName\":\"search_term_string\"}}],\"inLanguage\":\"pt-BR\"},{\"@type\":\"Organization\",\"@id\":\"https:\/\/www.notibras.com\/site\/#organization\",\"name\":\"Grupo Notibras de Comunica\u00e7\u00e3o\",\"url\":\"https:\/\/www.notibras.com\/site\/\",\"logo\":{\"@type\":\"ImageObject\",\"inLanguage\":\"pt-BR\",\"@id\":\"https:\/\/www.notibras.com\/site\/#\/schema\/logo\/image\/\",\"url\":\"https:\/\/www.notibras.com\/site\/wp-content\/uploads\/2023\/01\/notibras23.png\",\"contentUrl\":\"https:\/\/www.notibras.com\/site\/wp-content\/uploads\/2023\/01\/notibras23.png\",\"width\":350,\"height\":87,\"caption\":\"Grupo Notibras de Comunica\u00e7\u00e3o\"},\"image\":{\"@id\":\"https:\/\/www.notibras.com\/site\/#\/schema\/logo\/image\/\"},\"sameAs\":[\"https:\/\/www.facebook.com\/notibras\/\",\"https:\/\/x.com\/Notibras\",\"https:\/\/www.instagram.com\/notibras\/\"]},{\"@type\":\"Person\",\"@id\":\"https:\/\/www.notibras.com\/site\/#\/schema\/person\/36ab0979449956132d3e5b517ea76ac8\",\"name\":\"Reda\u00e7\u00e3o\",\"image\":{\"@type\":\"ImageObject\",\"inLanguage\":\"pt-BR\",\"@id\":\"https:\/\/secure.gravatar.com\/avatar\/e0a867bdedb85fd243eadf09663511f96fc81e0720a4a42581f334ad4303aa6b?s=96&d=mm&r=g\",\"url\":\"https:\/\/secure.gravatar.com\/avatar\/e0a867bdedb85fd243eadf09663511f96fc81e0720a4a42581f334ad4303aa6b?s=96&d=mm&r=g\",\"contentUrl\":\"https:\/\/secure.gravatar.com\/avatar\/e0a867bdedb85fd243eadf09663511f96fc81e0720a4a42581f334ad4303aa6b?s=96&d=mm&r=g\",\"caption\":\"Reda\u00e7\u00e3o\"}}]}<\/script>\n<!-- \/ Yoast SEO plugin. -->","yoast_head_json":{"title":"Mantida pris\u00e3o de piloto que espancou jovem - Notibras","robots":{"index":"index","follow":"follow","max-snippet":"max-snippet:-1","max-image-preview":"max-image-preview:large","max-video-preview":"max-video-preview:-1"},"canonical":"https:\/\/www.notibras.com\/site\/mantida-prisao-de-piloto-que-espancou-jovem\/","og_locale":"pt_BR","og_type":"article","og_title":"Mantida pris\u00e3o de piloto que espancou jovem - Notibras","og_description":"A Justi\u00e7a do Distrito Federal decidiu neste s\u00e1bado (31) manter a pris\u00e3o do empres\u00e1rio e piloto de automobilismo Pedro Turra, de 19 anos, ap\u00f3s audi\u00eancia de cust\u00f3dia. A decis\u00e3o foi confirmada pela defesa do acusado. Turra foi preso nesta sexta-feira (30) pela Pol\u00edcia Civil por les\u00e3o corporal grave. Ele \u00e9 acusado de agredir um adolescente [&hellip;]","og_url":"https:\/\/www.notibras.com\/site\/mantida-prisao-de-piloto-que-espancou-jovem\/","og_site_name":"Notibras","article_publisher":"https:\/\/www.facebook.com\/notibras\/","article_published_time":"2026-01-31T18:24:25+00:00","article_modified_time":"2026-01-31T22:27:44+00:00","og_image":[{"width":1170,"height":700,"url":"https:\/\/www.notibras.com\/site\/wp-content\/uploads\/2026\/01\/pedro.webp","type":"image\/webp"}],"author":"Reda\u00e7\u00e3o","twitter_card":"summary_large_image","twitter_creator":"@Notibras","twitter_site":"@Notibras","twitter_misc":{"Escrito por":"Reda\u00e7\u00e3o","Est. tempo de leitura":"3 minutos"},"schema":{"@context":"https:\/\/schema.org","@graph":[{"@type":"Article","@id":"https:\/\/www.notibras.com\/site\/mantida-prisao-de-piloto-que-espancou-jovem\/#article","isPartOf":{"@id":"https:\/\/www.notibras.com\/site\/mantida-prisao-de-piloto-que-espancou-jovem\/"},"author":{"name":"Reda\u00e7\u00e3o","@id":"https:\/\/www.notibras.com\/site\/#\/schema\/person\/36ab0979449956132d3e5b517ea76ac8"},"headline":"Mantida pris\u00e3o de piloto que espancou jovem","datePublished":"2026-01-31T18:24:25+00:00","dateModified":"2026-01-31T22:27:44+00:00","mainEntityOfPage":{"@id":"https:\/\/www.notibras.com\/site\/mantida-prisao-de-piloto-que-espancou-jovem\/"},"wordCount":415,"publisher":{"@id":"https:\/\/www.notibras.com\/site\/#organization"},"image":{"@id":"https:\/\/www.notibras.com\/site\/mantida-prisao-de-piloto-que-espancou-jovem\/#primaryimage"},"thumbnailUrl":"https:\/\/www.notibras.com\/site\/wp-content\/uploads\/2026\/01\/pedro.webp","articleSection":["Quadradinho em Foco"],"inLanguage":"pt-BR"},{"@type":"WebPage","@id":"https:\/\/www.notibras.com\/site\/mantida-prisao-de-piloto-que-espancou-jovem\/","url":"https:\/\/www.notibras.com\/site\/mantida-prisao-de-piloto-que-espancou-jovem\/","name":"Mantida pris\u00e3o de piloto que espancou jovem - Notibras","isPartOf":{"@id":"https:\/\/www.notibras.com\/site\/#website"},"primaryImageOfPage":{"@id":"https:\/\/www.notibras.com\/site\/mantida-prisao-de-piloto-que-espancou-jovem\/#primaryimage"},"image":{"@id":"https:\/\/www.notibras.com\/site\/mantida-prisao-de-piloto-que-espancou-jovem\/#primaryimage"},"thumbnailUrl":"https:\/\/www.notibras.com\/site\/wp-content\/uploads\/2026\/01\/pedro.webp","datePublished":"2026-01-31T18:24:25+00:00","dateModified":"2026-01-31T22:27:44+00:00","breadcrumb":{"@id":"https:\/\/www.notibras.com\/site\/mantida-prisao-de-piloto-que-espancou-jovem\/#breadcrumb"},"inLanguage":"pt-BR","potentialAction":[{"@type":"ReadAction","target":["https:\/\/www.notibras.com\/site\/mantida-prisao-de-piloto-que-espancou-jovem\/"]}]},{"@type":"ImageObject","inLanguage":"pt-BR","@id":"https:\/\/www.notibras.com\/site\/mantida-prisao-de-piloto-que-espancou-jovem\/#primaryimage","url":"https:\/\/www.notibras.com\/site\/wp-content\/uploads\/2026\/01\/pedro.webp","contentUrl":"https:\/\/www.notibras.com\/site\/wp-content\/uploads\/2026\/01\/pedro.webp","width":1170,"height":700},{"@type":"BreadcrumbList","@id":"https:\/\/www.notibras.com\/site\/mantida-prisao-de-piloto-que-espancou-jovem\/#breadcrumb","itemListElement":[{"@type":"ListItem","position":1,"name":"In\u00edcio","item":"https:\/\/www.notibras.com\/site\/"},{"@type":"ListItem","position":2,"name":"Mantida pris\u00e3o de piloto que espancou jovem"}]},{"@type":"WebSite","@id":"https:\/\/www.notibras.com\/site\/#website","url":"https:\/\/www.notibras.com\/site\/","name":"Notibras","description":"Not\u00edcias de Bras\u00edlia, do Brasil e do Mundo","publisher":{"@id":"https:\/\/www.notibras.com\/site\/#organization"},"potentialAction":[{"@type":"SearchAction","target":{"@type":"EntryPoint","urlTemplate":"https:\/\/www.notibras.com\/site\/?s={search_term_string}"},"query-input":{"@type":"PropertyValueSpecification","valueRequired":true,"valueName":"search_term_string"}}],"inLanguage":"pt-BR"},{"@type":"Organization","@id":"https:\/\/www.notibras.com\/site\/#organization","name":"Grupo Notibras de Comunica\u00e7\u00e3o","url":"https:\/\/www.notibras.com\/site\/","logo":{"@type":"ImageObject","inLanguage":"pt-BR","@id":"https:\/\/www.notibras.com\/site\/#\/schema\/logo\/image\/","url":"https:\/\/www.notibras.com\/site\/wp-content\/uploads\/2023\/01\/notibras23.png","contentUrl":"https:\/\/www.notibras.com\/site\/wp-content\/uploads\/2023\/01\/notibras23.png","width":350,"height":87,"caption":"Grupo Notibras de Comunica\u00e7\u00e3o"},"image":{"@id":"https:\/\/www.notibras.com\/site\/#\/schema\/logo\/image\/"},"sameAs":["https:\/\/www.facebook.com\/notibras\/","https:\/\/x.com\/Notibras","https:\/\/www.instagram.com\/notibras\/"]},{"@type":"Person","@id":"https:\/\/www.notibras.com\/site\/#\/schema\/person\/36ab0979449956132d3e5b517ea76ac8","name":"Reda\u00e7\u00e3o","image":{"@type":"ImageObject","inLanguage":"pt-BR","@id":"https:\/\/secure.gravatar.com\/avatar\/e0a867bdedb85fd243eadf09663511f96fc81e0720a4a42581f334ad4303aa6b?s=96&d=mm&r=g","url":"https:\/\/secure.gravatar.com\/avatar\/e0a867bdedb85fd243eadf09663511f96fc81e0720a4a42581f334ad4303aa6b?s=96&d=mm&r=g","contentUrl":"https:\/\/secure.gravatar.com\/avatar\/e0a867bdedb85fd243eadf09663511f96fc81e0720a4a42581f334ad4303aa6b?s=96&d=mm&r=g","caption":"Reda\u00e7\u00e3o"}}]}},"amp_enabled":true,"_links":{"self":[{"href":"https:\/\/www.notibras.com\/site\/wp-json\/wp\/v2\/posts\/381356","targetHints":{"allow":["GET"]}}],"collection":[{"href":"https:\/\/www.notibras.com\/site\/wp-json\/wp\/v2\/posts"}],"about":[{"href":"https:\/\/www.notibras.com\/site\/wp-json\/wp\/v2\/types\/post"}],"author":[{"embeddable":true,"href":"https:\/\/www.notibras.com\/site\/wp-json\/wp\/v2\/users\/2"}],"replies":[{"embeddable":true,"href":"https:\/\/www.notibras.com\/site\/wp-json\/wp\/v2\/comments?post=381356"}],"version-history":[{"count":1,"href":"https:\/\/www.notibras.com\/site\/wp-json\/wp\/v2\/posts\/381356\/revisions"}],"predecessor-version":[{"id":381358,"href":"https:\/\/www.notibras.com\/site\/wp-json\/wp\/v2\/posts\/381356\/revisions\/381358"}],"wp:featuredmedia":[{"embeddable":true,"href":"https:\/\/www.notibras.com\/site\/wp-json\/wp\/v2\/media\/381357"}],"wp:attachment":[{"href":"https:\/\/www.notibras.com\/site\/wp-json\/wp\/v2\/media?parent=381356"}],"wp:term":[{"taxonomy":"category","embeddable":true,"href":"https:\/\/www.notibras.com\/site\/wp-json\/wp\/v2\/categories?post=381356"},{"taxonomy":"post_tag","embeddable":true,"href":"https:\/\/www.notibras.com\/site\/wp-json\/wp\/v2\/tags?post=381356"}],"curies":[{"name":"wp","href":"https:\/\/api.w.org\/{rel}","templated":true}]}}