{"id":381363,"date":"2026-02-01T01:15:39","date_gmt":"2026-02-01T04:15:39","guid":{"rendered":"https:\/\/www.notibras.com\/site\/?p=381363"},"modified":"2026-01-31T21:41:51","modified_gmt":"2026-02-01T00:41:51","slug":"justica-mantem-prisao-de-piloto-pedro-turra-por-interferencia-em-investigacao","status":"publish","type":"post","link":"https:\/\/www.notibras.com\/site\/justica-mantem-prisao-de-piloto-pedro-turra-por-interferencia-em-investigacao\/","title":{"rendered":"Justi\u00e7a mant\u00e9m pris\u00e3o de piloto Pedro Turra por interfer\u00eancia em investiga\u00e7\u00e3o"},"content":{"rendered":"<p>A Justi\u00e7a do Distrito Federal determinou a manuten\u00e7\u00e3o da pris\u00e3o preventiva do piloto e empres\u00e1rio Pedro Arthur Turra Basso, de 19 anos, ap\u00f3s a audi\u00eancia de cust\u00f3dia realizada este s\u00e1bado. O magistrado da 1\u00aa Vara Criminal de Taguatinga fundamentou a decis\u00e3o na descoberta de provas de que o jovem estaria a obstruir a justi\u00e7a, tentando coagir testemunhas e &#8220;combinar vers\u00f5es&#8221; para forjar uma tese de leg\u00edtima defesa no caso da agress\u00e3o a um adolescente de 16 anos em Vicente Pires.<\/p>\n<p>O crime, motivado por uma discuss\u00e3o f\u00fatil sobre um chiclete, deixou a v\u00edtima em estado cr\u00edtico. O adolescente permanece em coma induzido na UTI do Hospital \u00c1guas Claras, com traumatismo craniano grave e sem previs\u00e3o de alta. A brutalidade do ato, que incluiu paragens card\u00edacas logo ap\u00f3s o incidente, mobilizou a Pol\u00edcia Civil e o Minist\u00e9rio P\u00fablico, que agora avaliam a reclassifica\u00e7\u00e3o do crime para tentativa de homic\u00eddio.<\/p>\n<p>A investiga\u00e7\u00e3o revelou um perfil de viol\u00eancia reiterada. Pedro Turra j\u00e1 \u00e9 alvo de outros tr\u00eas inqu\u00e9ritos, incluindo uma agress\u00e3o a um idoso em 2025 e o fornecimento de bebidas alco\u00f3licas a menores. Segundo os investigadores, o piloto utilizava instrumentos como soco ingl\u00eas e facas para intimidar terceiros, comportamento que o delegado descreveu como possivelmente sociop\u00e1tico e de extrema perigosidade social.<\/p>\n<p>A repercuss\u00e3o do caso resultou na expuls\u00e3o imediata de Turra da F\u00f3rmula Delta. A organiza\u00e7\u00e3o da categoria escola desligou o piloto da temporada 2026, afirmando que os seus atos s\u00e3o absolutamente incompat\u00edveis com os valores do desporto. A decis\u00e3o foi tomada ap\u00f3s a apreens\u00e3o de telem\u00f3veis e objetos il\u00edcitos nas resid\u00eancias do suspeito, que refor\u00e7aram as provas de m\u00e1 conduta.<\/p>\n<p>No \u00e2mbito jur\u00eddico, o cen\u00e1rio para o empres\u00e1rio \u00e9 severo. Especialistas indicam que, se condenado por les\u00e3o corporal grav\u00edssima (devido \u00e0s sequelas permanentes da v\u00edtima) em conjunto com o crime de coa\u00e7\u00e3o no curso do processo, a pena m\u00e1xima pode ultrapassar os 12 anos de reclus\u00e3o. Caso o Minist\u00e9rio P\u00fablico opte pela den\u00fancia por tentativa de homic\u00eddio qualificado, a senten\u00e7a poder\u00e1 ser ainda mais elevada.<\/p>\n<p>A defesa do piloto tentou substituir a pris\u00e3o por medidas cautelares e uso de tornozeleira eletr\u00f3nica, mas o pedido foi negado. O juiz considerou que a fian\u00e7a anterior, de R$ 24,3 mil, foi ineficaz, uma vez que o r\u00e9u utilizou a sua liberdade para tentar manipular o depoimento de testemunhas oculares, comprometendo a integridade do processo.<\/p>\n<p>A fam\u00edlia da v\u00edtima, representada pelo tio Flavio Henrique Fleury, expressou um misto de al\u00edvio com a pris\u00e3o e ang\u00fastia pelo futuro do jovem atleta. &#8220;A nossa vida parou&#8221;, afirmou Fleury, destacando que a preocupa\u00e7\u00e3o agora \u00e9 com as poss\u00edveis sequelas neurol\u00f3gicas que o adolescente poder\u00e1 enfrentar caso acorde do coma.<\/p>\n<p>Na pr\u00f3xima semana, o inqu\u00e9rito dever\u00e1 ser oficialmente relatado e entregue ao Minist\u00e9rio P\u00fablico do Distrito Federal e Territ\u00f3rios (MPDFT). Os promotores ir\u00e3o analisar os dados dos telem\u00f3veis apreendidos para verificar se houve a participa\u00e7\u00e3o de advogados ou familiares na tentativa de obstru\u00e7\u00e3o da justi\u00e7a, o que poderia gerar novos indiciamentos.<\/p>\n<p>Pedro Turra foi transferido para o Centro de Deten\u00e7\u00e3o Provis\u00f3ria (CDP) no Complexo Penitenci\u00e1rio da Papuda. Ali, permanecer\u00e1 em regime fechado enquanto aguarda o desenrolar das m\u00faltiplas frentes de investiga\u00e7\u00e3o. A defesa do acusado reiterou que, por enquanto, n\u00e3o se manifestar\u00e1 publicamente sobre o m\u00e9rito das acusa\u00e7\u00f5es.<\/p>\n<p>O caso segue sob segredo de justi\u00e7a parcial para preservar a identidade de testemunhas que relataram medo de repres\u00e1lias. A pol\u00edcia continua a recolher imagens de c\u00e2maras de seguran\u00e7a de Vicente Pires para detalhar cada segundo da agress\u00e3o e confirmar se houve aux\u00edlio de terceiros na fuga inicial do local do crime.<\/p>\n","protected":false},"excerpt":{"rendered":"<p>A Justi\u00e7a do Distrito Federal determinou a manuten\u00e7\u00e3o da pris\u00e3o preventiva do piloto e empres\u00e1rio Pedro Arthur Turra Basso, de 19 anos, ap\u00f3s a audi\u00eancia de cust\u00f3dia realizada este s\u00e1bado. O magistrado da 1\u00aa Vara Criminal de Taguatinga fundamentou a decis\u00e3o na descoberta de provas de que o jovem estaria a obstruir a justi\u00e7a, tentando [&hellip;]<\/p>\n","protected":false},"author":21,"featured_media":381366,"comment_status":"closed","ping_status":"closed","sticky":false,"template":"","format":"standard","meta":{"_acf_changed":false,"footnotes":""},"categories":[161],"tags":[],"class_list":["post-381363","post","type-post","status-publish","format-standard","has-post-thumbnail","hentry","category-quadradinho-em-foco"],"acf":[],"yoast_head":"<!-- This site is optimized with the Yoast SEO plugin v27.2 - https:\/\/yoast.com\/product\/yoast-seo-wordpress\/ -->\n<title>Justi\u00e7a mant\u00e9m pris\u00e3o de piloto Pedro Turra por interfer\u00eancia em investiga\u00e7\u00e3o - Notibras<\/title>\n<meta name=\"robots\" content=\"index, follow, max-snippet:-1, max-image-preview:large, max-video-preview:-1\" \/>\n<link rel=\"canonical\" href=\"https:\/\/www.notibras.com\/site\/justica-mantem-prisao-de-piloto-pedro-turra-por-interferencia-em-investigacao\/\" \/>\n<meta property=\"og:locale\" content=\"pt_BR\" \/>\n<meta property=\"og:type\" content=\"article\" \/>\n<meta property=\"og:title\" content=\"Justi\u00e7a mant\u00e9m pris\u00e3o de piloto Pedro Turra por interfer\u00eancia em investiga\u00e7\u00e3o - Notibras\" \/>\n<meta property=\"og:description\" content=\"A Justi\u00e7a do Distrito Federal determinou a manuten\u00e7\u00e3o da pris\u00e3o preventiva do piloto e empres\u00e1rio Pedro Arthur Turra Basso, de 19 anos, ap\u00f3s a audi\u00eancia de cust\u00f3dia realizada este s\u00e1bado. O magistrado da 1\u00aa Vara Criminal de Taguatinga fundamentou a decis\u00e3o na descoberta de provas de que o jovem estaria a obstruir a justi\u00e7a, tentando [&hellip;]\" \/>\n<meta property=\"og:url\" content=\"https:\/\/www.notibras.com\/site\/justica-mantem-prisao-de-piloto-pedro-turra-por-interferencia-em-investigacao\/\" \/>\n<meta property=\"og:site_name\" content=\"Notibras\" \/>\n<meta property=\"article:publisher\" content=\"https:\/\/www.facebook.com\/notibras\/\" \/>\n<meta property=\"article:published_time\" content=\"2026-02-01T04:15:39+00:00\" \/>\n<meta property=\"og:image\" content=\"https:\/\/www.notibras.com\/site\/wp-content\/uploads\/2026\/02\/quem-e-pedro-turra.jpg\" \/>\n\t<meta property=\"og:image:width\" content=\"1200\" \/>\n\t<meta property=\"og:image:height\" content=\"700\" \/>\n\t<meta property=\"og:image:type\" content=\"image\/jpeg\" \/>\n<meta name=\"author\" content=\"Eduardo Mart\u00ednez\" \/>\n<meta name=\"twitter:card\" content=\"summary_large_image\" \/>\n<meta name=\"twitter:creator\" content=\"@Notibras\" \/>\n<meta name=\"twitter:site\" content=\"@Notibras\" \/>\n<meta name=\"twitter:label1\" content=\"Escrito por\" \/>\n\t<meta name=\"twitter:data1\" content=\"Eduardo Mart\u00ednez\" \/>\n\t<meta name=\"twitter:label2\" content=\"Est. tempo de leitura\" \/>\n\t<meta name=\"twitter:data2\" content=\"4 minutos\" \/>\n<script type=\"application\/ld+json\" class=\"yoast-schema-graph\">{\"@context\":\"https:\/\/schema.org\",\"@graph\":[{\"@type\":\"Article\",\"@id\":\"https:\/\/www.notibras.com\/site\/justica-mantem-prisao-de-piloto-pedro-turra-por-interferencia-em-investigacao\/#article\",\"isPartOf\":{\"@id\":\"https:\/\/www.notibras.com\/site\/justica-mantem-prisao-de-piloto-pedro-turra-por-interferencia-em-investigacao\/\"},\"author\":{\"name\":\"Eduardo Mart\u00ednez\",\"@id\":\"https:\/\/www.notibras.com\/site\/#\/schema\/person\/5b7fabf2aedc3ada2105f03b22b4d3dd\"},\"headline\":\"Justi\u00e7a mant\u00e9m pris\u00e3o de piloto Pedro Turra por interfer\u00eancia em investiga\u00e7\u00e3o\",\"datePublished\":\"2026-02-01T04:15:39+00:00\",\"mainEntityOfPage\":{\"@id\":\"https:\/\/www.notibras.com\/site\/justica-mantem-prisao-de-piloto-pedro-turra-por-interferencia-em-investigacao\/\"},\"wordCount\":694,\"publisher\":{\"@id\":\"https:\/\/www.notibras.com\/site\/#organization\"},\"image\":{\"@id\":\"https:\/\/www.notibras.com\/site\/justica-mantem-prisao-de-piloto-pedro-turra-por-interferencia-em-investigacao\/#primaryimage\"},\"thumbnailUrl\":\"https:\/\/www.notibras.com\/site\/wp-content\/uploads\/2026\/02\/quem-e-pedro-turra.jpg\",\"articleSection\":[\"Quadradinho em Foco\"],\"inLanguage\":\"pt-BR\"},{\"@type\":\"WebPage\",\"@id\":\"https:\/\/www.notibras.com\/site\/justica-mantem-prisao-de-piloto-pedro-turra-por-interferencia-em-investigacao\/\",\"url\":\"https:\/\/www.notibras.com\/site\/justica-mantem-prisao-de-piloto-pedro-turra-por-interferencia-em-investigacao\/\",\"name\":\"Justi\u00e7a mant\u00e9m pris\u00e3o de piloto Pedro Turra por interfer\u00eancia em investiga\u00e7\u00e3o - Notibras\",\"isPartOf\":{\"@id\":\"https:\/\/www.notibras.com\/site\/#website\"},\"primaryImageOfPage\":{\"@id\":\"https:\/\/www.notibras.com\/site\/justica-mantem-prisao-de-piloto-pedro-turra-por-interferencia-em-investigacao\/#primaryimage\"},\"image\":{\"@id\":\"https:\/\/www.notibras.com\/site\/justica-mantem-prisao-de-piloto-pedro-turra-por-interferencia-em-investigacao\/#primaryimage\"},\"thumbnailUrl\":\"https:\/\/www.notibras.com\/site\/wp-content\/uploads\/2026\/02\/quem-e-pedro-turra.jpg\",\"datePublished\":\"2026-02-01T04:15:39+00:00\",\"breadcrumb\":{\"@id\":\"https:\/\/www.notibras.com\/site\/justica-mantem-prisao-de-piloto-pedro-turra-por-interferencia-em-investigacao\/#breadcrumb\"},\"inLanguage\":\"pt-BR\",\"potentialAction\":[{\"@type\":\"ReadAction\",\"target\":[\"https:\/\/www.notibras.com\/site\/justica-mantem-prisao-de-piloto-pedro-turra-por-interferencia-em-investigacao\/\"]}]},{\"@type\":\"ImageObject\",\"inLanguage\":\"pt-BR\",\"@id\":\"https:\/\/www.notibras.com\/site\/justica-mantem-prisao-de-piloto-pedro-turra-por-interferencia-em-investigacao\/#primaryimage\",\"url\":\"https:\/\/www.notibras.com\/site\/wp-content\/uploads\/2026\/02\/quem-e-pedro-turra.jpg\",\"contentUrl\":\"https:\/\/www.notibras.com\/site\/wp-content\/uploads\/2026\/02\/quem-e-pedro-turra.jpg\",\"width\":1200,\"height\":700},{\"@type\":\"BreadcrumbList\",\"@id\":\"https:\/\/www.notibras.com\/site\/justica-mantem-prisao-de-piloto-pedro-turra-por-interferencia-em-investigacao\/#breadcrumb\",\"itemListElement\":[{\"@type\":\"ListItem\",\"position\":1,\"name\":\"In\u00edcio\",\"item\":\"https:\/\/www.notibras.com\/site\/\"},{\"@type\":\"ListItem\",\"position\":2,\"name\":\"Justi\u00e7a mant\u00e9m pris\u00e3o de piloto Pedro Turra por interfer\u00eancia em investiga\u00e7\u00e3o\"}]},{\"@type\":\"WebSite\",\"@id\":\"https:\/\/www.notibras.com\/site\/#website\",\"url\":\"https:\/\/www.notibras.com\/site\/\",\"name\":\"Notibras\",\"description\":\"Not\u00edcias de Bras\u00edlia, do Brasil e do Mundo\",\"publisher\":{\"@id\":\"https:\/\/www.notibras.com\/site\/#organization\"},\"potentialAction\":[{\"@type\":\"SearchAction\",\"target\":{\"@type\":\"EntryPoint\",\"urlTemplate\":\"https:\/\/www.notibras.com\/site\/?s={search_term_string}\"},\"query-input\":{\"@type\":\"PropertyValueSpecification\",\"valueRequired\":true,\"valueName\":\"search_term_string\"}}],\"inLanguage\":\"pt-BR\"},{\"@type\":\"Organization\",\"@id\":\"https:\/\/www.notibras.com\/site\/#organization\",\"name\":\"Grupo Notibras de Comunica\u00e7\u00e3o\",\"url\":\"https:\/\/www.notibras.com\/site\/\",\"logo\":{\"@type\":\"ImageObject\",\"inLanguage\":\"pt-BR\",\"@id\":\"https:\/\/www.notibras.com\/site\/#\/schema\/logo\/image\/\",\"url\":\"https:\/\/www.notibras.com\/site\/wp-content\/uploads\/2023\/01\/notibras23.png\",\"contentUrl\":\"https:\/\/www.notibras.com\/site\/wp-content\/uploads\/2023\/01\/notibras23.png\",\"width\":350,\"height\":87,\"caption\":\"Grupo Notibras de Comunica\u00e7\u00e3o\"},\"image\":{\"@id\":\"https:\/\/www.notibras.com\/site\/#\/schema\/logo\/image\/\"},\"sameAs\":[\"https:\/\/www.facebook.com\/notibras\/\",\"https:\/\/x.com\/Notibras\",\"https:\/\/www.instagram.com\/notibras\/\"]},{\"@type\":\"Person\",\"@id\":\"https:\/\/www.notibras.com\/site\/#\/schema\/person\/5b7fabf2aedc3ada2105f03b22b4d3dd\",\"name\":\"Eduardo Mart\u00ednez\",\"image\":{\"@type\":\"ImageObject\",\"inLanguage\":\"pt-BR\",\"@id\":\"https:\/\/secure.gravatar.com\/avatar\/7902f906289926289cbcda644b5197c796b893c6ffd7b9a536a42d290f7704a0?s=96&d=mm&r=g\",\"url\":\"https:\/\/secure.gravatar.com\/avatar\/7902f906289926289cbcda644b5197c796b893c6ffd7b9a536a42d290f7704a0?s=96&d=mm&r=g\",\"contentUrl\":\"https:\/\/secure.gravatar.com\/avatar\/7902f906289926289cbcda644b5197c796b893c6ffd7b9a536a42d290f7704a0?s=96&d=mm&r=g\",\"caption\":\"Eduardo Mart\u00ednez\"}}]}<\/script>\n<!-- \/ Yoast SEO plugin. -->","yoast_head_json":{"title":"Justi\u00e7a mant\u00e9m pris\u00e3o de piloto Pedro Turra por interfer\u00eancia em investiga\u00e7\u00e3o - Notibras","robots":{"index":"index","follow":"follow","max-snippet":"max-snippet:-1","max-image-preview":"max-image-preview:large","max-video-preview":"max-video-preview:-1"},"canonical":"https:\/\/www.notibras.com\/site\/justica-mantem-prisao-de-piloto-pedro-turra-por-interferencia-em-investigacao\/","og_locale":"pt_BR","og_type":"article","og_title":"Justi\u00e7a mant\u00e9m pris\u00e3o de piloto Pedro Turra por interfer\u00eancia em investiga\u00e7\u00e3o - Notibras","og_description":"A Justi\u00e7a do Distrito Federal determinou a manuten\u00e7\u00e3o da pris\u00e3o preventiva do piloto e empres\u00e1rio Pedro Arthur Turra Basso, de 19 anos, ap\u00f3s a audi\u00eancia de cust\u00f3dia realizada este s\u00e1bado. O magistrado da 1\u00aa Vara Criminal de Taguatinga fundamentou a decis\u00e3o na descoberta de provas de que o jovem estaria a obstruir a justi\u00e7a, tentando [&hellip;]","og_url":"https:\/\/www.notibras.com\/site\/justica-mantem-prisao-de-piloto-pedro-turra-por-interferencia-em-investigacao\/","og_site_name":"Notibras","article_publisher":"https:\/\/www.facebook.com\/notibras\/","article_published_time":"2026-02-01T04:15:39+00:00","og_image":[{"width":1200,"height":700,"url":"https:\/\/www.notibras.com\/site\/wp-content\/uploads\/2026\/02\/quem-e-pedro-turra.jpg","type":"image\/jpeg"}],"author":"Eduardo Mart\u00ednez","twitter_card":"summary_large_image","twitter_creator":"@Notibras","twitter_site":"@Notibras","twitter_misc":{"Escrito por":"Eduardo Mart\u00ednez","Est. tempo de leitura":"4 minutos"},"schema":{"@context":"https:\/\/schema.org","@graph":[{"@type":"Article","@id":"https:\/\/www.notibras.com\/site\/justica-mantem-prisao-de-piloto-pedro-turra-por-interferencia-em-investigacao\/#article","isPartOf":{"@id":"https:\/\/www.notibras.com\/site\/justica-mantem-prisao-de-piloto-pedro-turra-por-interferencia-em-investigacao\/"},"author":{"name":"Eduardo Mart\u00ednez","@id":"https:\/\/www.notibras.com\/site\/#\/schema\/person\/5b7fabf2aedc3ada2105f03b22b4d3dd"},"headline":"Justi\u00e7a mant\u00e9m pris\u00e3o de piloto Pedro Turra por interfer\u00eancia em investiga\u00e7\u00e3o","datePublished":"2026-02-01T04:15:39+00:00","mainEntityOfPage":{"@id":"https:\/\/www.notibras.com\/site\/justica-mantem-prisao-de-piloto-pedro-turra-por-interferencia-em-investigacao\/"},"wordCount":694,"publisher":{"@id":"https:\/\/www.notibras.com\/site\/#organization"},"image":{"@id":"https:\/\/www.notibras.com\/site\/justica-mantem-prisao-de-piloto-pedro-turra-por-interferencia-em-investigacao\/#primaryimage"},"thumbnailUrl":"https:\/\/www.notibras.com\/site\/wp-content\/uploads\/2026\/02\/quem-e-pedro-turra.jpg","articleSection":["Quadradinho em Foco"],"inLanguage":"pt-BR"},{"@type":"WebPage","@id":"https:\/\/www.notibras.com\/site\/justica-mantem-prisao-de-piloto-pedro-turra-por-interferencia-em-investigacao\/","url":"https:\/\/www.notibras.com\/site\/justica-mantem-prisao-de-piloto-pedro-turra-por-interferencia-em-investigacao\/","name":"Justi\u00e7a mant\u00e9m pris\u00e3o de piloto Pedro Turra por interfer\u00eancia em investiga\u00e7\u00e3o - Notibras","isPartOf":{"@id":"https:\/\/www.notibras.com\/site\/#website"},"primaryImageOfPage":{"@id":"https:\/\/www.notibras.com\/site\/justica-mantem-prisao-de-piloto-pedro-turra-por-interferencia-em-investigacao\/#primaryimage"},"image":{"@id":"https:\/\/www.notibras.com\/site\/justica-mantem-prisao-de-piloto-pedro-turra-por-interferencia-em-investigacao\/#primaryimage"},"thumbnailUrl":"https:\/\/www.notibras.com\/site\/wp-content\/uploads\/2026\/02\/quem-e-pedro-turra.jpg","datePublished":"2026-02-01T04:15:39+00:00","breadcrumb":{"@id":"https:\/\/www.notibras.com\/site\/justica-mantem-prisao-de-piloto-pedro-turra-por-interferencia-em-investigacao\/#breadcrumb"},"inLanguage":"pt-BR","potentialAction":[{"@type":"ReadAction","target":["https:\/\/www.notibras.com\/site\/justica-mantem-prisao-de-piloto-pedro-turra-por-interferencia-em-investigacao\/"]}]},{"@type":"ImageObject","inLanguage":"pt-BR","@id":"https:\/\/www.notibras.com\/site\/justica-mantem-prisao-de-piloto-pedro-turra-por-interferencia-em-investigacao\/#primaryimage","url":"https:\/\/www.notibras.com\/site\/wp-content\/uploads\/2026\/02\/quem-e-pedro-turra.jpg","contentUrl":"https:\/\/www.notibras.com\/site\/wp-content\/uploads\/2026\/02\/quem-e-pedro-turra.jpg","width":1200,"height":700},{"@type":"BreadcrumbList","@id":"https:\/\/www.notibras.com\/site\/justica-mantem-prisao-de-piloto-pedro-turra-por-interferencia-em-investigacao\/#breadcrumb","itemListElement":[{"@type":"ListItem","position":1,"name":"In\u00edcio","item":"https:\/\/www.notibras.com\/site\/"},{"@type":"ListItem","position":2,"name":"Justi\u00e7a mant\u00e9m pris\u00e3o de piloto Pedro Turra por interfer\u00eancia em investiga\u00e7\u00e3o"}]},{"@type":"WebSite","@id":"https:\/\/www.notibras.com\/site\/#website","url":"https:\/\/www.notibras.com\/site\/","name":"Notibras","description":"Not\u00edcias de Bras\u00edlia, do Brasil e do Mundo","publisher":{"@id":"https:\/\/www.notibras.com\/site\/#organization"},"potentialAction":[{"@type":"SearchAction","target":{"@type":"EntryPoint","urlTemplate":"https:\/\/www.notibras.com\/site\/?s={search_term_string}"},"query-input":{"@type":"PropertyValueSpecification","valueRequired":true,"valueName":"search_term_string"}}],"inLanguage":"pt-BR"},{"@type":"Organization","@id":"https:\/\/www.notibras.com\/site\/#organization","name":"Grupo Notibras de Comunica\u00e7\u00e3o","url":"https:\/\/www.notibras.com\/site\/","logo":{"@type":"ImageObject","inLanguage":"pt-BR","@id":"https:\/\/www.notibras.com\/site\/#\/schema\/logo\/image\/","url":"https:\/\/www.notibras.com\/site\/wp-content\/uploads\/2023\/01\/notibras23.png","contentUrl":"https:\/\/www.notibras.com\/site\/wp-content\/uploads\/2023\/01\/notibras23.png","width":350,"height":87,"caption":"Grupo Notibras de Comunica\u00e7\u00e3o"},"image":{"@id":"https:\/\/www.notibras.com\/site\/#\/schema\/logo\/image\/"},"sameAs":["https:\/\/www.facebook.com\/notibras\/","https:\/\/x.com\/Notibras","https:\/\/www.instagram.com\/notibras\/"]},{"@type":"Person","@id":"https:\/\/www.notibras.com\/site\/#\/schema\/person\/5b7fabf2aedc3ada2105f03b22b4d3dd","name":"Eduardo Mart\u00ednez","image":{"@type":"ImageObject","inLanguage":"pt-BR","@id":"https:\/\/secure.gravatar.com\/avatar\/7902f906289926289cbcda644b5197c796b893c6ffd7b9a536a42d290f7704a0?s=96&d=mm&r=g","url":"https:\/\/secure.gravatar.com\/avatar\/7902f906289926289cbcda644b5197c796b893c6ffd7b9a536a42d290f7704a0?s=96&d=mm&r=g","contentUrl":"https:\/\/secure.gravatar.com\/avatar\/7902f906289926289cbcda644b5197c796b893c6ffd7b9a536a42d290f7704a0?s=96&d=mm&r=g","caption":"Eduardo Mart\u00ednez"}}]}},"amp_enabled":true,"_links":{"self":[{"href":"https:\/\/www.notibras.com\/site\/wp-json\/wp\/v2\/posts\/381363","targetHints":{"allow":["GET"]}}],"collection":[{"href":"https:\/\/www.notibras.com\/site\/wp-json\/wp\/v2\/posts"}],"about":[{"href":"https:\/\/www.notibras.com\/site\/wp-json\/wp\/v2\/types\/post"}],"author":[{"embeddable":true,"href":"https:\/\/www.notibras.com\/site\/wp-json\/wp\/v2\/users\/21"}],"replies":[{"embeddable":true,"href":"https:\/\/www.notibras.com\/site\/wp-json\/wp\/v2\/comments?post=381363"}],"version-history":[{"count":4,"href":"https:\/\/www.notibras.com\/site\/wp-json\/wp\/v2\/posts\/381363\/revisions"}],"predecessor-version":[{"id":381368,"href":"https:\/\/www.notibras.com\/site\/wp-json\/wp\/v2\/posts\/381363\/revisions\/381368"}],"wp:featuredmedia":[{"embeddable":true,"href":"https:\/\/www.notibras.com\/site\/wp-json\/wp\/v2\/media\/381366"}],"wp:attachment":[{"href":"https:\/\/www.notibras.com\/site\/wp-json\/wp\/v2\/media?parent=381363"}],"wp:term":[{"taxonomy":"category","embeddable":true,"href":"https:\/\/www.notibras.com\/site\/wp-json\/wp\/v2\/categories?post=381363"},{"taxonomy":"post_tag","embeddable":true,"href":"https:\/\/www.notibras.com\/site\/wp-json\/wp\/v2\/tags?post=381363"}],"curies":[{"name":"wp","href":"https:\/\/api.w.org\/{rel}","templated":true}]}}