{"id":381375,"date":"2026-02-01T00:15:46","date_gmt":"2026-02-01T03:15:46","guid":{"rendered":"https:\/\/www.notibras.com\/site\/?p=381375"},"modified":"2026-01-31T22:26:12","modified_gmt":"2026-02-01T01:26:12","slug":"turismo-pedagogico-para-mais-de-10-mil-jovens","status":"publish","type":"post","link":"https:\/\/www.notibras.com\/site\/turismo-pedagogico-para-mais-de-10-mil-jovens\/","title":{"rendered":"Turismo pedag\u00f3gico para mais de 10 mil jovens"},"content":{"rendered":"<p>O audit\u00f3rio do Centro de Ensino Fundamental (CEF) 4 do Gama est\u00e1 cheio. Estudantes de 14 e 15 anos acompanham a palestra do projeto &#8220;Sou de Bras\u00edlia, Mas N\u00e3o Conhecia&#8221;. O palestrante, Rafael Marinho, que \u00e9 guia tur\u00edstico, pergunta: \u201cJ\u00e1 ouviram falar no presidente Juscelino Kubitschek? E no arquiteto Oscar Niemeyer? Quem planejou Bras\u00edlia? Quando a cidade foi inaugurada?\u201d As m\u00e3os dos alunos se levantam, as respostas se cruzam e a curiosidade toma conta do espa\u00e7o. A din\u00e2mica faz parte do Turismo Pedag\u00f3gico, primeira etapa do projeto promovido pelo Instituto Cultural Caminhos (ICC), com apoio da Secretaria de Turismo (Setur-DF).<\/p>\n<p>&#8220;\u00c9 uma oportunidade \u00fanica para que nossos jovens conhe\u00e7am de perto a riqueza hist\u00f3rica, cultural e c\u00edvica da nossa capital. Mais do que visitas, oferecemos experi\u00eancias que despertam o sentimento de pertencimento, fortalecem a identidade brasiliense e ampliam o acesso ao turismo de forma inclusiva\u201d, afirma o secret\u00e1rio de Turismo, Cristiano Ara\u00fajo.<\/p>\n<p>O CEF 4 do Gama \u00e9 uma das 30 escolas p\u00fablicas do Distrito Federal atendidas pelo projeto. Com fomento de quase R$ 700 mil da Setur-DF, a iniciativa vai beneficiar mais de 10 mil estudantes do DF e do Entorno at\u00e9 dezembro, com palestras e visitas guiadas sobre o patrim\u00f4nio cultural e hist\u00f3rico da capital. \u201c\u00c9 por meio da educa\u00e7\u00e3o e da viv\u00eancia que formamos cidad\u00e3os conscientes do valor do nosso patrim\u00f4nio e protagonistas no fortalecimento do turismo interno\u201d, complementa o secret\u00e1rio.<\/p>\n<p><strong>Turismo e cidadania<\/strong><\/p>\n<p>Jo\u00e3o Pedro Rodrigues, estudante de 15 anos, assistiu \u00e0 palestra empolgado. Ele diz que sempre se interessou pela hist\u00f3ria de Bras\u00edlia. \u201cEu conhecia muito pelos livros, sempre gostei de ler sobre a cidade. Eu j\u00e1 sabia um pouco da trajet\u00f3ria do Athos Bulc\u00e3o e do Lucio Costa. Agora poderemos visitar pessoalmente tudo o que antes v\u00edamos s\u00f3 nos livros. Eu acho isso muito legal\u201d, diz, animado.<\/p>\n<p>J\u00e1 Ana Beatriz Alves, tamb\u00e9m de 15 anos, conta que ainda n\u00e3o teve a oportunidade de conhecer todos os pontos tur\u00edsticos de Bras\u00edlia. \u201cEu, por exemplo, n\u00e3o fui em todos, mas j\u00e1 conheci alguns. Meu pai e minha m\u00e3e trabalham muito, ent\u00e3o fica dif\u00edcil para eles me levarem em todos os lugares\u201d, explica a aluna.<\/p>\n<p>Para o presidente do Instituto Cultural Caminhos e idealizador do projeto, Stein Anistia, a iniciativa busca aproximar os alunos do patrim\u00f4nio de Bras\u00edlia. \u201cSomos pioneiros no turismo pedag\u00f3gico, que \u00e9 falar sobre os pontos tur\u00edsticos da cidade de forma educativa. Mostramos imagens da Torre de TV, da Ponte JK e de outras constru\u00e7\u00f5es no tel\u00e3o, enquanto o guia explica detalhes e o sentimento de pertencimento. A segunda etapa do projeto \u00e9 um passeio com os mesmos alunos, levando-os gratuitamente aos pontos tur\u00edsticos que foram apresentados durante as atividades\u201d, explica Stein.<\/p>\n","protected":false},"excerpt":{"rendered":"<p>O audit\u00f3rio do Centro de Ensino Fundamental (CEF) 4 do Gama est\u00e1 cheio. Estudantes de 14 e 15 anos acompanham a palestra do projeto &#8220;Sou de Bras\u00edlia, Mas N\u00e3o Conhecia&#8221;. O palestrante, Rafael Marinho, que \u00e9 guia tur\u00edstico, pergunta: \u201cJ\u00e1 ouviram falar no presidente Juscelino Kubitschek? E no arquiteto Oscar Niemeyer? Quem planejou Bras\u00edlia? Quando [&hellip;]<\/p>\n","protected":false},"author":21,"featured_media":381376,"comment_status":"closed","ping_status":"closed","sticky":false,"template":"","format":"standard","meta":{"_acf_changed":false,"footnotes":""},"categories":[161],"tags":[],"class_list":["post-381375","post","type-post","status-publish","format-standard","has-post-thumbnail","hentry","category-quadradinho-em-foco"],"acf":[],"yoast_head":"<!-- This site is optimized with the Yoast SEO plugin v27.2 - https:\/\/yoast.com\/product\/yoast-seo-wordpress\/ -->\n<title>Turismo pedag\u00f3gico para mais de 10 mil jovens - Notibras<\/title>\n<meta name=\"robots\" content=\"index, follow, max-snippet:-1, max-image-preview:large, max-video-preview:-1\" \/>\n<link rel=\"canonical\" href=\"https:\/\/www.notibras.com\/site\/turismo-pedagogico-para-mais-de-10-mil-jovens\/\" \/>\n<meta property=\"og:locale\" content=\"pt_BR\" \/>\n<meta property=\"og:type\" content=\"article\" \/>\n<meta property=\"og:title\" content=\"Turismo pedag\u00f3gico para mais de 10 mil jovens - Notibras\" \/>\n<meta property=\"og:description\" content=\"O audit\u00f3rio do Centro de Ensino Fundamental (CEF) 4 do Gama est\u00e1 cheio. Estudantes de 14 e 15 anos acompanham a palestra do projeto &#8220;Sou de Bras\u00edlia, Mas N\u00e3o Conhecia&#8221;. O palestrante, Rafael Marinho, que \u00e9 guia tur\u00edstico, pergunta: \u201cJ\u00e1 ouviram falar no presidente Juscelino Kubitschek? E no arquiteto Oscar Niemeyer? Quem planejou Bras\u00edlia? Quando [&hellip;]\" \/>\n<meta property=\"og:url\" content=\"https:\/\/www.notibras.com\/site\/turismo-pedagogico-para-mais-de-10-mil-jovens\/\" \/>\n<meta property=\"og:site_name\" content=\"Notibras\" \/>\n<meta property=\"article:publisher\" content=\"https:\/\/www.facebook.com\/notibras\/\" \/>\n<meta property=\"article:published_time\" content=\"2026-02-01T03:15:46+00:00\" \/>\n<meta property=\"og:image\" content=\"https:\/\/www.notibras.com\/site\/wp-content\/uploads\/2026\/01\/DENTRO-2-JRO_0661_1.jpg\" \/>\n\t<meta property=\"og:image:width\" content=\"1920\" \/>\n\t<meta property=\"og:image:height\" content=\"1280\" \/>\n\t<meta property=\"og:image:type\" content=\"image\/jpeg\" \/>\n<meta name=\"author\" content=\"Eduardo Mart\u00ednez\" \/>\n<meta name=\"twitter:card\" content=\"summary_large_image\" \/>\n<meta name=\"twitter:creator\" content=\"@Notibras\" \/>\n<meta name=\"twitter:site\" content=\"@Notibras\" \/>\n<meta name=\"twitter:label1\" content=\"Escrito por\" \/>\n\t<meta name=\"twitter:data1\" content=\"Eduardo Mart\u00ednez\" \/>\n\t<meta name=\"twitter:label2\" content=\"Est. tempo de leitura\" \/>\n\t<meta name=\"twitter:data2\" content=\"3 minutos\" \/>\n<script type=\"application\/ld+json\" class=\"yoast-schema-graph\">{\"@context\":\"https:\/\/schema.org\",\"@graph\":[{\"@type\":\"Article\",\"@id\":\"https:\/\/www.notibras.com\/site\/turismo-pedagogico-para-mais-de-10-mil-jovens\/#article\",\"isPartOf\":{\"@id\":\"https:\/\/www.notibras.com\/site\/turismo-pedagogico-para-mais-de-10-mil-jovens\/\"},\"author\":{\"name\":\"Eduardo Mart\u00ednez\",\"@id\":\"https:\/\/www.notibras.com\/site\/#\/schema\/person\/5b7fabf2aedc3ada2105f03b22b4d3dd\"},\"headline\":\"Turismo pedag\u00f3gico para mais de 10 mil jovens\",\"datePublished\":\"2026-02-01T03:15:46+00:00\",\"mainEntityOfPage\":{\"@id\":\"https:\/\/www.notibras.com\/site\/turismo-pedagogico-para-mais-de-10-mil-jovens\/\"},\"wordCount\":484,\"publisher\":{\"@id\":\"https:\/\/www.notibras.com\/site\/#organization\"},\"image\":{\"@id\":\"https:\/\/www.notibras.com\/site\/turismo-pedagogico-para-mais-de-10-mil-jovens\/#primaryimage\"},\"thumbnailUrl\":\"https:\/\/www.notibras.com\/site\/wp-content\/uploads\/2026\/01\/DENTRO-2-JRO_0661_1.jpg\",\"articleSection\":[\"Quadradinho em Foco\"],\"inLanguage\":\"pt-BR\"},{\"@type\":\"WebPage\",\"@id\":\"https:\/\/www.notibras.com\/site\/turismo-pedagogico-para-mais-de-10-mil-jovens\/\",\"url\":\"https:\/\/www.notibras.com\/site\/turismo-pedagogico-para-mais-de-10-mil-jovens\/\",\"name\":\"Turismo pedag\u00f3gico para mais de 10 mil jovens - Notibras\",\"isPartOf\":{\"@id\":\"https:\/\/www.notibras.com\/site\/#website\"},\"primaryImageOfPage\":{\"@id\":\"https:\/\/www.notibras.com\/site\/turismo-pedagogico-para-mais-de-10-mil-jovens\/#primaryimage\"},\"image\":{\"@id\":\"https:\/\/www.notibras.com\/site\/turismo-pedagogico-para-mais-de-10-mil-jovens\/#primaryimage\"},\"thumbnailUrl\":\"https:\/\/www.notibras.com\/site\/wp-content\/uploads\/2026\/01\/DENTRO-2-JRO_0661_1.jpg\",\"datePublished\":\"2026-02-01T03:15:46+00:00\",\"breadcrumb\":{\"@id\":\"https:\/\/www.notibras.com\/site\/turismo-pedagogico-para-mais-de-10-mil-jovens\/#breadcrumb\"},\"inLanguage\":\"pt-BR\",\"potentialAction\":[{\"@type\":\"ReadAction\",\"target\":[\"https:\/\/www.notibras.com\/site\/turismo-pedagogico-para-mais-de-10-mil-jovens\/\"]}]},{\"@type\":\"ImageObject\",\"inLanguage\":\"pt-BR\",\"@id\":\"https:\/\/www.notibras.com\/site\/turismo-pedagogico-para-mais-de-10-mil-jovens\/#primaryimage\",\"url\":\"https:\/\/www.notibras.com\/site\/wp-content\/uploads\/2026\/01\/DENTRO-2-JRO_0661_1.jpg\",\"contentUrl\":\"https:\/\/www.notibras.com\/site\/wp-content\/uploads\/2026\/01\/DENTRO-2-JRO_0661_1.jpg\",\"width\":1920,\"height\":1280},{\"@type\":\"BreadcrumbList\",\"@id\":\"https:\/\/www.notibras.com\/site\/turismo-pedagogico-para-mais-de-10-mil-jovens\/#breadcrumb\",\"itemListElement\":[{\"@type\":\"ListItem\",\"position\":1,\"name\":\"In\u00edcio\",\"item\":\"https:\/\/www.notibras.com\/site\/\"},{\"@type\":\"ListItem\",\"position\":2,\"name\":\"Turismo pedag\u00f3gico para mais de 10 mil jovens\"}]},{\"@type\":\"WebSite\",\"@id\":\"https:\/\/www.notibras.com\/site\/#website\",\"url\":\"https:\/\/www.notibras.com\/site\/\",\"name\":\"Notibras\",\"description\":\"Not\u00edcias de Bras\u00edlia, do Brasil e do Mundo\",\"publisher\":{\"@id\":\"https:\/\/www.notibras.com\/site\/#organization\"},\"potentialAction\":[{\"@type\":\"SearchAction\",\"target\":{\"@type\":\"EntryPoint\",\"urlTemplate\":\"https:\/\/www.notibras.com\/site\/?s={search_term_string}\"},\"query-input\":{\"@type\":\"PropertyValueSpecification\",\"valueRequired\":true,\"valueName\":\"search_term_string\"}}],\"inLanguage\":\"pt-BR\"},{\"@type\":\"Organization\",\"@id\":\"https:\/\/www.notibras.com\/site\/#organization\",\"name\":\"Grupo Notibras de Comunica\u00e7\u00e3o\",\"url\":\"https:\/\/www.notibras.com\/site\/\",\"logo\":{\"@type\":\"ImageObject\",\"inLanguage\":\"pt-BR\",\"@id\":\"https:\/\/www.notibras.com\/site\/#\/schema\/logo\/image\/\",\"url\":\"https:\/\/www.notibras.com\/site\/wp-content\/uploads\/2023\/01\/notibras23.png\",\"contentUrl\":\"https:\/\/www.notibras.com\/site\/wp-content\/uploads\/2023\/01\/notibras23.png\",\"width\":350,\"height\":87,\"caption\":\"Grupo Notibras de Comunica\u00e7\u00e3o\"},\"image\":{\"@id\":\"https:\/\/www.notibras.com\/site\/#\/schema\/logo\/image\/\"},\"sameAs\":[\"https:\/\/www.facebook.com\/notibras\/\",\"https:\/\/x.com\/Notibras\",\"https:\/\/www.instagram.com\/notibras\/\"]},{\"@type\":\"Person\",\"@id\":\"https:\/\/www.notibras.com\/site\/#\/schema\/person\/5b7fabf2aedc3ada2105f03b22b4d3dd\",\"name\":\"Eduardo Mart\u00ednez\",\"image\":{\"@type\":\"ImageObject\",\"inLanguage\":\"pt-BR\",\"@id\":\"https:\/\/secure.gravatar.com\/avatar\/7902f906289926289cbcda644b5197c796b893c6ffd7b9a536a42d290f7704a0?s=96&d=mm&r=g\",\"url\":\"https:\/\/secure.gravatar.com\/avatar\/7902f906289926289cbcda644b5197c796b893c6ffd7b9a536a42d290f7704a0?s=96&d=mm&r=g\",\"contentUrl\":\"https:\/\/secure.gravatar.com\/avatar\/7902f906289926289cbcda644b5197c796b893c6ffd7b9a536a42d290f7704a0?s=96&d=mm&r=g\",\"caption\":\"Eduardo Mart\u00ednez\"}}]}<\/script>\n<!-- \/ Yoast SEO plugin. -->","yoast_head_json":{"title":"Turismo pedag\u00f3gico para mais de 10 mil jovens - Notibras","robots":{"index":"index","follow":"follow","max-snippet":"max-snippet:-1","max-image-preview":"max-image-preview:large","max-video-preview":"max-video-preview:-1"},"canonical":"https:\/\/www.notibras.com\/site\/turismo-pedagogico-para-mais-de-10-mil-jovens\/","og_locale":"pt_BR","og_type":"article","og_title":"Turismo pedag\u00f3gico para mais de 10 mil jovens - Notibras","og_description":"O audit\u00f3rio do Centro de Ensino Fundamental (CEF) 4 do Gama est\u00e1 cheio. Estudantes de 14 e 15 anos acompanham a palestra do projeto &#8220;Sou de Bras\u00edlia, Mas N\u00e3o Conhecia&#8221;. O palestrante, Rafael Marinho, que \u00e9 guia tur\u00edstico, pergunta: \u201cJ\u00e1 ouviram falar no presidente Juscelino Kubitschek? E no arquiteto Oscar Niemeyer? Quem planejou Bras\u00edlia? Quando [&hellip;]","og_url":"https:\/\/www.notibras.com\/site\/turismo-pedagogico-para-mais-de-10-mil-jovens\/","og_site_name":"Notibras","article_publisher":"https:\/\/www.facebook.com\/notibras\/","article_published_time":"2026-02-01T03:15:46+00:00","og_image":[{"width":1920,"height":1280,"url":"https:\/\/www.notibras.com\/site\/wp-content\/uploads\/2026\/01\/DENTRO-2-JRO_0661_1.jpg","type":"image\/jpeg"}],"author":"Eduardo Mart\u00ednez","twitter_card":"summary_large_image","twitter_creator":"@Notibras","twitter_site":"@Notibras","twitter_misc":{"Escrito por":"Eduardo Mart\u00ednez","Est. tempo de leitura":"3 minutos"},"schema":{"@context":"https:\/\/schema.org","@graph":[{"@type":"Article","@id":"https:\/\/www.notibras.com\/site\/turismo-pedagogico-para-mais-de-10-mil-jovens\/#article","isPartOf":{"@id":"https:\/\/www.notibras.com\/site\/turismo-pedagogico-para-mais-de-10-mil-jovens\/"},"author":{"name":"Eduardo Mart\u00ednez","@id":"https:\/\/www.notibras.com\/site\/#\/schema\/person\/5b7fabf2aedc3ada2105f03b22b4d3dd"},"headline":"Turismo pedag\u00f3gico para mais de 10 mil jovens","datePublished":"2026-02-01T03:15:46+00:00","mainEntityOfPage":{"@id":"https:\/\/www.notibras.com\/site\/turismo-pedagogico-para-mais-de-10-mil-jovens\/"},"wordCount":484,"publisher":{"@id":"https:\/\/www.notibras.com\/site\/#organization"},"image":{"@id":"https:\/\/www.notibras.com\/site\/turismo-pedagogico-para-mais-de-10-mil-jovens\/#primaryimage"},"thumbnailUrl":"https:\/\/www.notibras.com\/site\/wp-content\/uploads\/2026\/01\/DENTRO-2-JRO_0661_1.jpg","articleSection":["Quadradinho em Foco"],"inLanguage":"pt-BR"},{"@type":"WebPage","@id":"https:\/\/www.notibras.com\/site\/turismo-pedagogico-para-mais-de-10-mil-jovens\/","url":"https:\/\/www.notibras.com\/site\/turismo-pedagogico-para-mais-de-10-mil-jovens\/","name":"Turismo pedag\u00f3gico para mais de 10 mil jovens - Notibras","isPartOf":{"@id":"https:\/\/www.notibras.com\/site\/#website"},"primaryImageOfPage":{"@id":"https:\/\/www.notibras.com\/site\/turismo-pedagogico-para-mais-de-10-mil-jovens\/#primaryimage"},"image":{"@id":"https:\/\/www.notibras.com\/site\/turismo-pedagogico-para-mais-de-10-mil-jovens\/#primaryimage"},"thumbnailUrl":"https:\/\/www.notibras.com\/site\/wp-content\/uploads\/2026\/01\/DENTRO-2-JRO_0661_1.jpg","datePublished":"2026-02-01T03:15:46+00:00","breadcrumb":{"@id":"https:\/\/www.notibras.com\/site\/turismo-pedagogico-para-mais-de-10-mil-jovens\/#breadcrumb"},"inLanguage":"pt-BR","potentialAction":[{"@type":"ReadAction","target":["https:\/\/www.notibras.com\/site\/turismo-pedagogico-para-mais-de-10-mil-jovens\/"]}]},{"@type":"ImageObject","inLanguage":"pt-BR","@id":"https:\/\/www.notibras.com\/site\/turismo-pedagogico-para-mais-de-10-mil-jovens\/#primaryimage","url":"https:\/\/www.notibras.com\/site\/wp-content\/uploads\/2026\/01\/DENTRO-2-JRO_0661_1.jpg","contentUrl":"https:\/\/www.notibras.com\/site\/wp-content\/uploads\/2026\/01\/DENTRO-2-JRO_0661_1.jpg","width":1920,"height":1280},{"@type":"BreadcrumbList","@id":"https:\/\/www.notibras.com\/site\/turismo-pedagogico-para-mais-de-10-mil-jovens\/#breadcrumb","itemListElement":[{"@type":"ListItem","position":1,"name":"In\u00edcio","item":"https:\/\/www.notibras.com\/site\/"},{"@type":"ListItem","position":2,"name":"Turismo pedag\u00f3gico para mais de 10 mil jovens"}]},{"@type":"WebSite","@id":"https:\/\/www.notibras.com\/site\/#website","url":"https:\/\/www.notibras.com\/site\/","name":"Notibras","description":"Not\u00edcias de Bras\u00edlia, do Brasil e do Mundo","publisher":{"@id":"https:\/\/www.notibras.com\/site\/#organization"},"potentialAction":[{"@type":"SearchAction","target":{"@type":"EntryPoint","urlTemplate":"https:\/\/www.notibras.com\/site\/?s={search_term_string}"},"query-input":{"@type":"PropertyValueSpecification","valueRequired":true,"valueName":"search_term_string"}}],"inLanguage":"pt-BR"},{"@type":"Organization","@id":"https:\/\/www.notibras.com\/site\/#organization","name":"Grupo Notibras de Comunica\u00e7\u00e3o","url":"https:\/\/www.notibras.com\/site\/","logo":{"@type":"ImageObject","inLanguage":"pt-BR","@id":"https:\/\/www.notibras.com\/site\/#\/schema\/logo\/image\/","url":"https:\/\/www.notibras.com\/site\/wp-content\/uploads\/2023\/01\/notibras23.png","contentUrl":"https:\/\/www.notibras.com\/site\/wp-content\/uploads\/2023\/01\/notibras23.png","width":350,"height":87,"caption":"Grupo Notibras de Comunica\u00e7\u00e3o"},"image":{"@id":"https:\/\/www.notibras.com\/site\/#\/schema\/logo\/image\/"},"sameAs":["https:\/\/www.facebook.com\/notibras\/","https:\/\/x.com\/Notibras","https:\/\/www.instagram.com\/notibras\/"]},{"@type":"Person","@id":"https:\/\/www.notibras.com\/site\/#\/schema\/person\/5b7fabf2aedc3ada2105f03b22b4d3dd","name":"Eduardo Mart\u00ednez","image":{"@type":"ImageObject","inLanguage":"pt-BR","@id":"https:\/\/secure.gravatar.com\/avatar\/7902f906289926289cbcda644b5197c796b893c6ffd7b9a536a42d290f7704a0?s=96&d=mm&r=g","url":"https:\/\/secure.gravatar.com\/avatar\/7902f906289926289cbcda644b5197c796b893c6ffd7b9a536a42d290f7704a0?s=96&d=mm&r=g","contentUrl":"https:\/\/secure.gravatar.com\/avatar\/7902f906289926289cbcda644b5197c796b893c6ffd7b9a536a42d290f7704a0?s=96&d=mm&r=g","caption":"Eduardo Mart\u00ednez"}}]}},"amp_enabled":true,"_links":{"self":[{"href":"https:\/\/www.notibras.com\/site\/wp-json\/wp\/v2\/posts\/381375","targetHints":{"allow":["GET"]}}],"collection":[{"href":"https:\/\/www.notibras.com\/site\/wp-json\/wp\/v2\/posts"}],"about":[{"href":"https:\/\/www.notibras.com\/site\/wp-json\/wp\/v2\/types\/post"}],"author":[{"embeddable":true,"href":"https:\/\/www.notibras.com\/site\/wp-json\/wp\/v2\/users\/21"}],"replies":[{"embeddable":true,"href":"https:\/\/www.notibras.com\/site\/wp-json\/wp\/v2\/comments?post=381375"}],"version-history":[{"count":3,"href":"https:\/\/www.notibras.com\/site\/wp-json\/wp\/v2\/posts\/381375\/revisions"}],"predecessor-version":[{"id":381379,"href":"https:\/\/www.notibras.com\/site\/wp-json\/wp\/v2\/posts\/381375\/revisions\/381379"}],"wp:featuredmedia":[{"embeddable":true,"href":"https:\/\/www.notibras.com\/site\/wp-json\/wp\/v2\/media\/381376"}],"wp:attachment":[{"href":"https:\/\/www.notibras.com\/site\/wp-json\/wp\/v2\/media?parent=381375"}],"wp:term":[{"taxonomy":"category","embeddable":true,"href":"https:\/\/www.notibras.com\/site\/wp-json\/wp\/v2\/categories?post=381375"},{"taxonomy":"post_tag","embeddable":true,"href":"https:\/\/www.notibras.com\/site\/wp-json\/wp\/v2\/tags?post=381375"}],"curies":[{"name":"wp","href":"https:\/\/api.w.org\/{rel}","templated":true}]}}