{"id":381382,"date":"2026-02-01T00:30:43","date_gmt":"2026-02-01T03:30:43","guid":{"rendered":"https:\/\/www.notibras.com\/site\/?p=381382"},"modified":"2026-01-31T22:50:58","modified_gmt":"2026-02-01T01:50:58","slug":"mais-de-3-mil-exames-teoricos-ja-foram-realizados","status":"publish","type":"post","link":"https:\/\/www.notibras.com\/site\/mais-de-3-mil-exames-teoricos-ja-foram-realizados\/","title":{"rendered":"Mais de 3 mil exames te\u00f3ricos j\u00e1 foram realizados"},"content":{"rendered":"<p>O Departamento de Tr\u00e2nsito do Distrito Federal (Detran-DF) aplicou, no per\u00edodo de 12 a 29 deste m\u00eas, 3.032 exames te\u00f3ricos no modelo do novo processo para obter a Carteira Nacional de Habilita\u00e7\u00e3o (CNH), conforme estabelecido pela Resolu\u00e7\u00e3o n\u00ba 1.020, de 1\u00b0 de dezembro de 2025, do Conselho Nacional de Tr\u00e2nsito (Contran).<\/p>\n<p>De acordo com a legisla\u00e7\u00e3o, antes de realizar a prova, \u00e9 necess\u00e1rio fazer o curso te\u00f3rico, que pode ser feito por meio do aplicativo CNH do Brasil, em autoescolas, escolas p\u00fablicas de tr\u00e2nsito (EPTs), institui\u00e7\u00f5es de ensino de tr\u00e2nsito (IETs) ou em \u00f3rg\u00e3os integrantes do Sistema Nacional de Tr\u00e2nsito.<\/p>\n<p>O exame te\u00f3rico \u00e9 composto por quest\u00f5es de m\u00faltipla escolha, com quatro alternativas de resposta e apenas uma correta. A prova cont\u00e9m 30 proposi\u00e7\u00f5es que s\u00e3o extra\u00eddas do Banco Nacional de Quest\u00f5es, organizado e mantido pela Secretaria Nacional de Tr\u00e2nsito (Senatran). A dura\u00e7\u00e3o do exame \u00e9 de 80 minutos, com tempo dobrado para candidatos com dislexia, transtorno do d\u00e9ficit de aten\u00e7\u00e3o com hiperatividade (TDAH) ou transtorno do espectro autista (TEA). Para a aprova\u00e7\u00e3o, o candidato dever\u00e1 alcan\u00e7ar, no m\u00ednimo, vinte acertos.<\/p>\n<p><strong>Marca\u00e7\u00e3o do exame te\u00f3rico<\/strong><\/p>\n<p>O Detran-DF disponibiliza, por meio do Portal de Servi\u00e7os, o agendamento eletr\u00f4nico para o exame te\u00f3rico, permitindo que o pr\u00f3prio candidato escolha a data, o local e o hor\u00e1rio para a realiza\u00e7\u00e3o da prova. O sistema libera o agendamento ap\u00f3s o registro da conclus\u00e3o do curso te\u00f3rico.<\/p>\n<p>Segundo a diretora de Controle de Ve\u00edculos e Condutores do Detran-DF, Bruna Pacheco, a ferramenta atende \u00e0 exig\u00eancia nacional de padroniza\u00e7\u00e3o e efici\u00eancia nos exames de tr\u00e2nsito, al\u00e9m de permitir que o cidad\u00e3o tenha maior autonomia e agilidade na realiza\u00e7\u00e3o do servi\u00e7o. &#8220;O agendamento eletr\u00f4nico \u00e9 um passo crucial para garantir que o processo de habilita\u00e7\u00e3o no Distrito Federal seja mais transparente e acess\u00edvel. Ao permitir o agendamento direto pelo candidato ap\u00f3s a forma\u00e7\u00e3o, otimizamos e agilizamos o fluxo de atendimento&#8221;, destaca.<\/p>\n<p>Para agendar a prova te\u00f3rica, o candidato deve acessar o <a href=\"https:\/\/portal.detran.df.gov.br\/\">Portal de Servi\u00e7os do Detran-DF<\/a>, clicar na aba CNH e, em seguida, em Marca\u00e7\u00e3o de Exames CNH, confirmando os dados pessoais. Na sequ\u00eancia, \u00e9 poss\u00edvel optar por uma das unidades do Detran-DF onde o exame \u00e9 aplicado \u2014 Aeroporto, Asa Sul, Gama, Parano\u00e1, Sobradinho e Taguatinga \u2014, selecionar a data e o hor\u00e1rio e, por fim, gerar o comprovante de marca\u00e7\u00e3o.<\/p>\n","protected":false},"excerpt":{"rendered":"<p>O Departamento de Tr\u00e2nsito do Distrito Federal (Detran-DF) aplicou, no per\u00edodo de 12 a 29 deste m\u00eas, 3.032 exames te\u00f3ricos no modelo do novo processo para obter a Carteira Nacional de Habilita\u00e7\u00e3o (CNH), conforme estabelecido pela Resolu\u00e7\u00e3o n\u00ba 1.020, de 1\u00b0 de dezembro de 2025, do Conselho Nacional de Tr\u00e2nsito (Contran). De acordo com a [&hellip;]<\/p>\n","protected":false},"author":21,"featured_media":381383,"comment_status":"closed","ping_status":"closed","sticky":false,"template":"","format":"standard","meta":{"_acf_changed":false,"footnotes":""},"categories":[161],"tags":[],"class_list":["post-381382","post","type-post","status-publish","format-standard","has-post-thumbnail","hentry","category-quadradinho-em-foco"],"acf":[],"yoast_head":"<!-- This site is optimized with the Yoast SEO plugin v27.2 - https:\/\/yoast.com\/product\/yoast-seo-wordpress\/ -->\n<title>Mais de 3 mil exames te\u00f3ricos j\u00e1 foram realizados - Notibras<\/title>\n<meta name=\"robots\" content=\"index, follow, max-snippet:-1, max-image-preview:large, max-video-preview:-1\" \/>\n<link rel=\"canonical\" href=\"https:\/\/www.notibras.com\/site\/mais-de-3-mil-exames-teoricos-ja-foram-realizados\/\" \/>\n<meta property=\"og:locale\" content=\"pt_BR\" \/>\n<meta property=\"og:type\" content=\"article\" \/>\n<meta property=\"og:title\" content=\"Mais de 3 mil exames te\u00f3ricos j\u00e1 foram realizados - Notibras\" \/>\n<meta property=\"og:description\" content=\"O Departamento de Tr\u00e2nsito do Distrito Federal (Detran-DF) aplicou, no per\u00edodo de 12 a 29 deste m\u00eas, 3.032 exames te\u00f3ricos no modelo do novo processo para obter a Carteira Nacional de Habilita\u00e7\u00e3o (CNH), conforme estabelecido pela Resolu\u00e7\u00e3o n\u00ba 1.020, de 1\u00b0 de dezembro de 2025, do Conselho Nacional de Tr\u00e2nsito (Contran). De acordo com a [&hellip;]\" \/>\n<meta property=\"og:url\" content=\"https:\/\/www.notibras.com\/site\/mais-de-3-mil-exames-teoricos-ja-foram-realizados\/\" \/>\n<meta property=\"og:site_name\" content=\"Notibras\" \/>\n<meta property=\"article:publisher\" content=\"https:\/\/www.facebook.com\/notibras\/\" \/>\n<meta property=\"article:published_time\" content=\"2026-02-01T03:30:43+00:00\" \/>\n<meta property=\"og:image\" content=\"https:\/\/www.notibras.com\/site\/wp-content\/uploads\/2026\/01\/Prova-teorica-II-1.jpeg\" \/>\n\t<meta property=\"og:image:width\" content=\"1600\" \/>\n\t<meta property=\"og:image:height\" content=\"1200\" \/>\n\t<meta property=\"og:image:type\" content=\"image\/jpeg\" \/>\n<meta name=\"author\" content=\"Eduardo Mart\u00ednez\" \/>\n<meta name=\"twitter:card\" content=\"summary_large_image\" \/>\n<meta name=\"twitter:creator\" content=\"@Notibras\" \/>\n<meta name=\"twitter:site\" content=\"@Notibras\" \/>\n<meta name=\"twitter:label1\" content=\"Escrito por\" \/>\n\t<meta name=\"twitter:data1\" content=\"Eduardo Mart\u00ednez\" \/>\n\t<meta name=\"twitter:label2\" content=\"Est. tempo de leitura\" \/>\n\t<meta name=\"twitter:data2\" content=\"3 minutos\" \/>\n<script type=\"application\/ld+json\" class=\"yoast-schema-graph\">{\"@context\":\"https:\/\/schema.org\",\"@graph\":[{\"@type\":\"Article\",\"@id\":\"https:\/\/www.notibras.com\/site\/mais-de-3-mil-exames-teoricos-ja-foram-realizados\/#article\",\"isPartOf\":{\"@id\":\"https:\/\/www.notibras.com\/site\/mais-de-3-mil-exames-teoricos-ja-foram-realizados\/\"},\"author\":{\"name\":\"Eduardo Mart\u00ednez\",\"@id\":\"https:\/\/www.notibras.com\/site\/#\/schema\/person\/5b7fabf2aedc3ada2105f03b22b4d3dd\"},\"headline\":\"Mais de 3 mil exames te\u00f3ricos j\u00e1 foram realizados\",\"datePublished\":\"2026-02-01T03:30:43+00:00\",\"mainEntityOfPage\":{\"@id\":\"https:\/\/www.notibras.com\/site\/mais-de-3-mil-exames-teoricos-ja-foram-realizados\/\"},\"wordCount\":440,\"publisher\":{\"@id\":\"https:\/\/www.notibras.com\/site\/#organization\"},\"image\":{\"@id\":\"https:\/\/www.notibras.com\/site\/mais-de-3-mil-exames-teoricos-ja-foram-realizados\/#primaryimage\"},\"thumbnailUrl\":\"https:\/\/www.notibras.com\/site\/wp-content\/uploads\/2026\/01\/Prova-teorica-II-1.jpeg\",\"articleSection\":[\"Quadradinho em Foco\"],\"inLanguage\":\"pt-BR\"},{\"@type\":\"WebPage\",\"@id\":\"https:\/\/www.notibras.com\/site\/mais-de-3-mil-exames-teoricos-ja-foram-realizados\/\",\"url\":\"https:\/\/www.notibras.com\/site\/mais-de-3-mil-exames-teoricos-ja-foram-realizados\/\",\"name\":\"Mais de 3 mil exames te\u00f3ricos j\u00e1 foram realizados - Notibras\",\"isPartOf\":{\"@id\":\"https:\/\/www.notibras.com\/site\/#website\"},\"primaryImageOfPage\":{\"@id\":\"https:\/\/www.notibras.com\/site\/mais-de-3-mil-exames-teoricos-ja-foram-realizados\/#primaryimage\"},\"image\":{\"@id\":\"https:\/\/www.notibras.com\/site\/mais-de-3-mil-exames-teoricos-ja-foram-realizados\/#primaryimage\"},\"thumbnailUrl\":\"https:\/\/www.notibras.com\/site\/wp-content\/uploads\/2026\/01\/Prova-teorica-II-1.jpeg\",\"datePublished\":\"2026-02-01T03:30:43+00:00\",\"breadcrumb\":{\"@id\":\"https:\/\/www.notibras.com\/site\/mais-de-3-mil-exames-teoricos-ja-foram-realizados\/#breadcrumb\"},\"inLanguage\":\"pt-BR\",\"potentialAction\":[{\"@type\":\"ReadAction\",\"target\":[\"https:\/\/www.notibras.com\/site\/mais-de-3-mil-exames-teoricos-ja-foram-realizados\/\"]}]},{\"@type\":\"ImageObject\",\"inLanguage\":\"pt-BR\",\"@id\":\"https:\/\/www.notibras.com\/site\/mais-de-3-mil-exames-teoricos-ja-foram-realizados\/#primaryimage\",\"url\":\"https:\/\/www.notibras.com\/site\/wp-content\/uploads\/2026\/01\/Prova-teorica-II-1.jpeg\",\"contentUrl\":\"https:\/\/www.notibras.com\/site\/wp-content\/uploads\/2026\/01\/Prova-teorica-II-1.jpeg\",\"width\":1600,\"height\":1200},{\"@type\":\"BreadcrumbList\",\"@id\":\"https:\/\/www.notibras.com\/site\/mais-de-3-mil-exames-teoricos-ja-foram-realizados\/#breadcrumb\",\"itemListElement\":[{\"@type\":\"ListItem\",\"position\":1,\"name\":\"In\u00edcio\",\"item\":\"https:\/\/www.notibras.com\/site\/\"},{\"@type\":\"ListItem\",\"position\":2,\"name\":\"Mais de 3 mil exames te\u00f3ricos j\u00e1 foram realizados\"}]},{\"@type\":\"WebSite\",\"@id\":\"https:\/\/www.notibras.com\/site\/#website\",\"url\":\"https:\/\/www.notibras.com\/site\/\",\"name\":\"Notibras\",\"description\":\"Not\u00edcias de Bras\u00edlia, do Brasil e do Mundo\",\"publisher\":{\"@id\":\"https:\/\/www.notibras.com\/site\/#organization\"},\"potentialAction\":[{\"@type\":\"SearchAction\",\"target\":{\"@type\":\"EntryPoint\",\"urlTemplate\":\"https:\/\/www.notibras.com\/site\/?s={search_term_string}\"},\"query-input\":{\"@type\":\"PropertyValueSpecification\",\"valueRequired\":true,\"valueName\":\"search_term_string\"}}],\"inLanguage\":\"pt-BR\"},{\"@type\":\"Organization\",\"@id\":\"https:\/\/www.notibras.com\/site\/#organization\",\"name\":\"Grupo Notibras de Comunica\u00e7\u00e3o\",\"url\":\"https:\/\/www.notibras.com\/site\/\",\"logo\":{\"@type\":\"ImageObject\",\"inLanguage\":\"pt-BR\",\"@id\":\"https:\/\/www.notibras.com\/site\/#\/schema\/logo\/image\/\",\"url\":\"https:\/\/www.notibras.com\/site\/wp-content\/uploads\/2023\/01\/notibras23.png\",\"contentUrl\":\"https:\/\/www.notibras.com\/site\/wp-content\/uploads\/2023\/01\/notibras23.png\",\"width\":350,\"height\":87,\"caption\":\"Grupo Notibras de Comunica\u00e7\u00e3o\"},\"image\":{\"@id\":\"https:\/\/www.notibras.com\/site\/#\/schema\/logo\/image\/\"},\"sameAs\":[\"https:\/\/www.facebook.com\/notibras\/\",\"https:\/\/x.com\/Notibras\",\"https:\/\/www.instagram.com\/notibras\/\"]},{\"@type\":\"Person\",\"@id\":\"https:\/\/www.notibras.com\/site\/#\/schema\/person\/5b7fabf2aedc3ada2105f03b22b4d3dd\",\"name\":\"Eduardo Mart\u00ednez\",\"image\":{\"@type\":\"ImageObject\",\"inLanguage\":\"pt-BR\",\"@id\":\"https:\/\/secure.gravatar.com\/avatar\/7902f906289926289cbcda644b5197c796b893c6ffd7b9a536a42d290f7704a0?s=96&d=mm&r=g\",\"url\":\"https:\/\/secure.gravatar.com\/avatar\/7902f906289926289cbcda644b5197c796b893c6ffd7b9a536a42d290f7704a0?s=96&d=mm&r=g\",\"contentUrl\":\"https:\/\/secure.gravatar.com\/avatar\/7902f906289926289cbcda644b5197c796b893c6ffd7b9a536a42d290f7704a0?s=96&d=mm&r=g\",\"caption\":\"Eduardo Mart\u00ednez\"}}]}<\/script>\n<!-- \/ Yoast SEO plugin. -->","yoast_head_json":{"title":"Mais de 3 mil exames te\u00f3ricos j\u00e1 foram realizados - Notibras","robots":{"index":"index","follow":"follow","max-snippet":"max-snippet:-1","max-image-preview":"max-image-preview:large","max-video-preview":"max-video-preview:-1"},"canonical":"https:\/\/www.notibras.com\/site\/mais-de-3-mil-exames-teoricos-ja-foram-realizados\/","og_locale":"pt_BR","og_type":"article","og_title":"Mais de 3 mil exames te\u00f3ricos j\u00e1 foram realizados - Notibras","og_description":"O Departamento de Tr\u00e2nsito do Distrito Federal (Detran-DF) aplicou, no per\u00edodo de 12 a 29 deste m\u00eas, 3.032 exames te\u00f3ricos no modelo do novo processo para obter a Carteira Nacional de Habilita\u00e7\u00e3o (CNH), conforme estabelecido pela Resolu\u00e7\u00e3o n\u00ba 1.020, de 1\u00b0 de dezembro de 2025, do Conselho Nacional de Tr\u00e2nsito (Contran). De acordo com a [&hellip;]","og_url":"https:\/\/www.notibras.com\/site\/mais-de-3-mil-exames-teoricos-ja-foram-realizados\/","og_site_name":"Notibras","article_publisher":"https:\/\/www.facebook.com\/notibras\/","article_published_time":"2026-02-01T03:30:43+00:00","og_image":[{"width":1600,"height":1200,"url":"https:\/\/www.notibras.com\/site\/wp-content\/uploads\/2026\/01\/Prova-teorica-II-1.jpeg","type":"image\/jpeg"}],"author":"Eduardo Mart\u00ednez","twitter_card":"summary_large_image","twitter_creator":"@Notibras","twitter_site":"@Notibras","twitter_misc":{"Escrito por":"Eduardo Mart\u00ednez","Est. tempo de leitura":"3 minutos"},"schema":{"@context":"https:\/\/schema.org","@graph":[{"@type":"Article","@id":"https:\/\/www.notibras.com\/site\/mais-de-3-mil-exames-teoricos-ja-foram-realizados\/#article","isPartOf":{"@id":"https:\/\/www.notibras.com\/site\/mais-de-3-mil-exames-teoricos-ja-foram-realizados\/"},"author":{"name":"Eduardo Mart\u00ednez","@id":"https:\/\/www.notibras.com\/site\/#\/schema\/person\/5b7fabf2aedc3ada2105f03b22b4d3dd"},"headline":"Mais de 3 mil exames te\u00f3ricos j\u00e1 foram realizados","datePublished":"2026-02-01T03:30:43+00:00","mainEntityOfPage":{"@id":"https:\/\/www.notibras.com\/site\/mais-de-3-mil-exames-teoricos-ja-foram-realizados\/"},"wordCount":440,"publisher":{"@id":"https:\/\/www.notibras.com\/site\/#organization"},"image":{"@id":"https:\/\/www.notibras.com\/site\/mais-de-3-mil-exames-teoricos-ja-foram-realizados\/#primaryimage"},"thumbnailUrl":"https:\/\/www.notibras.com\/site\/wp-content\/uploads\/2026\/01\/Prova-teorica-II-1.jpeg","articleSection":["Quadradinho em Foco"],"inLanguage":"pt-BR"},{"@type":"WebPage","@id":"https:\/\/www.notibras.com\/site\/mais-de-3-mil-exames-teoricos-ja-foram-realizados\/","url":"https:\/\/www.notibras.com\/site\/mais-de-3-mil-exames-teoricos-ja-foram-realizados\/","name":"Mais de 3 mil exames te\u00f3ricos j\u00e1 foram realizados - Notibras","isPartOf":{"@id":"https:\/\/www.notibras.com\/site\/#website"},"primaryImageOfPage":{"@id":"https:\/\/www.notibras.com\/site\/mais-de-3-mil-exames-teoricos-ja-foram-realizados\/#primaryimage"},"image":{"@id":"https:\/\/www.notibras.com\/site\/mais-de-3-mil-exames-teoricos-ja-foram-realizados\/#primaryimage"},"thumbnailUrl":"https:\/\/www.notibras.com\/site\/wp-content\/uploads\/2026\/01\/Prova-teorica-II-1.jpeg","datePublished":"2026-02-01T03:30:43+00:00","breadcrumb":{"@id":"https:\/\/www.notibras.com\/site\/mais-de-3-mil-exames-teoricos-ja-foram-realizados\/#breadcrumb"},"inLanguage":"pt-BR","potentialAction":[{"@type":"ReadAction","target":["https:\/\/www.notibras.com\/site\/mais-de-3-mil-exames-teoricos-ja-foram-realizados\/"]}]},{"@type":"ImageObject","inLanguage":"pt-BR","@id":"https:\/\/www.notibras.com\/site\/mais-de-3-mil-exames-teoricos-ja-foram-realizados\/#primaryimage","url":"https:\/\/www.notibras.com\/site\/wp-content\/uploads\/2026\/01\/Prova-teorica-II-1.jpeg","contentUrl":"https:\/\/www.notibras.com\/site\/wp-content\/uploads\/2026\/01\/Prova-teorica-II-1.jpeg","width":1600,"height":1200},{"@type":"BreadcrumbList","@id":"https:\/\/www.notibras.com\/site\/mais-de-3-mil-exames-teoricos-ja-foram-realizados\/#breadcrumb","itemListElement":[{"@type":"ListItem","position":1,"name":"In\u00edcio","item":"https:\/\/www.notibras.com\/site\/"},{"@type":"ListItem","position":2,"name":"Mais de 3 mil exames te\u00f3ricos j\u00e1 foram realizados"}]},{"@type":"WebSite","@id":"https:\/\/www.notibras.com\/site\/#website","url":"https:\/\/www.notibras.com\/site\/","name":"Notibras","description":"Not\u00edcias de Bras\u00edlia, do Brasil e do Mundo","publisher":{"@id":"https:\/\/www.notibras.com\/site\/#organization"},"potentialAction":[{"@type":"SearchAction","target":{"@type":"EntryPoint","urlTemplate":"https:\/\/www.notibras.com\/site\/?s={search_term_string}"},"query-input":{"@type":"PropertyValueSpecification","valueRequired":true,"valueName":"search_term_string"}}],"inLanguage":"pt-BR"},{"@type":"Organization","@id":"https:\/\/www.notibras.com\/site\/#organization","name":"Grupo Notibras de Comunica\u00e7\u00e3o","url":"https:\/\/www.notibras.com\/site\/","logo":{"@type":"ImageObject","inLanguage":"pt-BR","@id":"https:\/\/www.notibras.com\/site\/#\/schema\/logo\/image\/","url":"https:\/\/www.notibras.com\/site\/wp-content\/uploads\/2023\/01\/notibras23.png","contentUrl":"https:\/\/www.notibras.com\/site\/wp-content\/uploads\/2023\/01\/notibras23.png","width":350,"height":87,"caption":"Grupo Notibras de Comunica\u00e7\u00e3o"},"image":{"@id":"https:\/\/www.notibras.com\/site\/#\/schema\/logo\/image\/"},"sameAs":["https:\/\/www.facebook.com\/notibras\/","https:\/\/x.com\/Notibras","https:\/\/www.instagram.com\/notibras\/"]},{"@type":"Person","@id":"https:\/\/www.notibras.com\/site\/#\/schema\/person\/5b7fabf2aedc3ada2105f03b22b4d3dd","name":"Eduardo Mart\u00ednez","image":{"@type":"ImageObject","inLanguage":"pt-BR","@id":"https:\/\/secure.gravatar.com\/avatar\/7902f906289926289cbcda644b5197c796b893c6ffd7b9a536a42d290f7704a0?s=96&d=mm&r=g","url":"https:\/\/secure.gravatar.com\/avatar\/7902f906289926289cbcda644b5197c796b893c6ffd7b9a536a42d290f7704a0?s=96&d=mm&r=g","contentUrl":"https:\/\/secure.gravatar.com\/avatar\/7902f906289926289cbcda644b5197c796b893c6ffd7b9a536a42d290f7704a0?s=96&d=mm&r=g","caption":"Eduardo Mart\u00ednez"}}]}},"amp_enabled":true,"_links":{"self":[{"href":"https:\/\/www.notibras.com\/site\/wp-json\/wp\/v2\/posts\/381382","targetHints":{"allow":["GET"]}}],"collection":[{"href":"https:\/\/www.notibras.com\/site\/wp-json\/wp\/v2\/posts"}],"about":[{"href":"https:\/\/www.notibras.com\/site\/wp-json\/wp\/v2\/types\/post"}],"author":[{"embeddable":true,"href":"https:\/\/www.notibras.com\/site\/wp-json\/wp\/v2\/users\/21"}],"replies":[{"embeddable":true,"href":"https:\/\/www.notibras.com\/site\/wp-json\/wp\/v2\/comments?post=381382"}],"version-history":[{"count":4,"href":"https:\/\/www.notibras.com\/site\/wp-json\/wp\/v2\/posts\/381382\/revisions"}],"predecessor-version":[{"id":381391,"href":"https:\/\/www.notibras.com\/site\/wp-json\/wp\/v2\/posts\/381382\/revisions\/381391"}],"wp:featuredmedia":[{"embeddable":true,"href":"https:\/\/www.notibras.com\/site\/wp-json\/wp\/v2\/media\/381383"}],"wp:attachment":[{"href":"https:\/\/www.notibras.com\/site\/wp-json\/wp\/v2\/media?parent=381382"}],"wp:term":[{"taxonomy":"category","embeddable":true,"href":"https:\/\/www.notibras.com\/site\/wp-json\/wp\/v2\/categories?post=381382"},{"taxonomy":"post_tag","embeddable":true,"href":"https:\/\/www.notibras.com\/site\/wp-json\/wp\/v2\/tags?post=381382"}],"curies":[{"name":"wp","href":"https:\/\/api.w.org\/{rel}","templated":true}]}}