{"id":381387,"date":"2026-02-01T00:45:47","date_gmt":"2026-02-01T03:45:47","guid":{"rendered":"https:\/\/www.notibras.com\/site\/?p=381387"},"modified":"2026-01-31T22:48:11","modified_gmt":"2026-02-01T01:48:11","slug":"fiscalizacao-interdita-distribuidora-de-gas","status":"publish","type":"post","link":"https:\/\/www.notibras.com\/site\/fiscalizacao-interdita-distribuidora-de-gas\/","title":{"rendered":"Fiscaliza\u00e7\u00e3o interdita distribuidora de g\u00e1s"},"content":{"rendered":"<p>Ap\u00f3s a explos\u00e3o de botij\u00f5es de g\u00e1s registrada na noite de ter\u00e7a-feira (27), em uma resid\u00eancia no Sol Nascente, que resultou em um inc\u00eandio e deixou quatro pessoas feridas, a Administra\u00e7\u00e3o Regional de Ceil\u00e2ndia solicitou o refor\u00e7o das a\u00e7\u00f5es de fiscaliza\u00e7\u00e3o em distribuidoras e com\u00e9rcios de g\u00e1s na regi\u00e3o. Neste s\u00e1bado (31), foi realizada uma a\u00e7\u00e3o conjunta entre a DF Legal e o 10\u00ba Batalh\u00e3o da Pol\u00edcia Militar do Distrito Federal (10\u00ba BPM), durante fiscaliza\u00e7\u00e3o de rotina em estabelecimentos que comercializam g\u00e1s liquefeito de petr\u00f3leo (GLP) em Ceil\u00e2ndia.<\/p>\n<p>Durante a opera\u00e7\u00e3o, uma distribuidora de g\u00e1s foi interditada sumariamente em raz\u00e3o de pend\u00eancias no Registro e Licenciamento de Empresas (RLE). A atividade foi enquadrada como de risco, conforme o CNAE 4784-9\/00 \u2013 com\u00e9rcio varejista de g\u00e1s liquefeito de petr\u00f3leo (GLP), nos termos do Decreto n\u00ba 36.948, de 4 de dezembro de 2015, Anexo VI.<\/p>\n<p>Diante do risco \u00e0 seguran\u00e7a p\u00fablica, a DF Legal, com o apoio da Pol\u00edcia Militar do Distrito Federal (PMDF), informou que ir\u00e1 intensificar as a\u00e7\u00f5es de fiscaliza\u00e7\u00e3o desse tipo de estabelecimento, com o objetivo de assegurar a regularidade das atividades e proteger a popula\u00e7\u00e3o, especialmente no que se refere ao armazenamento e \u00e0 comercializa\u00e7\u00e3o de botij\u00f5es de g\u00e1s.<\/p>\n<p>&#8220;A fiscaliza\u00e7\u00e3o de estabelecimentos que comercializam g\u00e1s liquefeito de petr\u00f3leo (GLP) \u00e9 fundamental para a prote\u00e7\u00e3o da vida, da seguran\u00e7a p\u00fablica e do patrim\u00f4nio da popula\u00e7\u00e3o. Trata-se de uma atividade classificada como de risco, uma vez que o armazenamento e a comercializa\u00e7\u00e3o inadequados de GLP podem resultar em explos\u00f5es, inc\u00eandios de grandes propor\u00e7\u00f5es e vazamentos com elevado potencial de danos humanos, materiais e ambientais&#8221;, afirmou Rafael Barbosa, diretor de Opera\u00e7\u00f5es Especiais da Unidade de Fiscaliza\u00e7\u00e3o e Opera\u00e7\u00f5es Especiais (Ufope) da DF Legal.<\/p>\n<p>Segundo o administrador regional de Ceil\u00e2ndia, Dilson Resende, a iniciativa busca prevenir novos acidentes e garantir mais seguran\u00e7a para a comunidade. \u201cAp\u00f3s o grave incidente ocorrido no Sol Nascente, solicitamos o refor\u00e7o imediato das fiscaliza\u00e7\u00f5es para evitar que situa\u00e7\u00f5es semelhantes voltem a acontecer. Nosso compromisso \u00e9 com a seguran\u00e7a da popula\u00e7\u00e3o de Ceil\u00e2ndia, atuando de forma integrada com os \u00f3rg\u00e3os competentes para coibir irregularidades e preservar vidas\u201d, destacou o administrador.<\/p>\n<p>A Administra\u00e7\u00e3o Regional de Ceil\u00e2ndia refor\u00e7a que segue atuando de forma articulada com os \u00f3rg\u00e3os de fiscaliza\u00e7\u00e3o e seguran\u00e7a para promover a\u00e7\u00f5es preventivas e assegurar o cumprimento da legisla\u00e7\u00e3o vigente.<\/p>\n","protected":false},"excerpt":{"rendered":"<p>Ap\u00f3s a explos\u00e3o de botij\u00f5es de g\u00e1s registrada na noite de ter\u00e7a-feira (27), em uma resid\u00eancia no Sol Nascente, que resultou em um inc\u00eandio e deixou quatro pessoas feridas, a Administra\u00e7\u00e3o Regional de Ceil\u00e2ndia solicitou o refor\u00e7o das a\u00e7\u00f5es de fiscaliza\u00e7\u00e3o em distribuidoras e com\u00e9rcios de g\u00e1s na regi\u00e3o. Neste s\u00e1bado (31), foi realizada uma [&hellip;]<\/p>\n","protected":false},"author":21,"featured_media":381390,"comment_status":"closed","ping_status":"closed","sticky":false,"template":"","format":"standard","meta":{"_acf_changed":false,"footnotes":""},"categories":[161],"tags":[],"class_list":["post-381387","post","type-post","status-publish","format-standard","has-post-thumbnail","hentry","category-quadradinho-em-foco"],"acf":[],"yoast_head":"<!-- This site is optimized with the Yoast SEO plugin v27.2 - https:\/\/yoast.com\/product\/yoast-seo-wordpress\/ -->\n<title>Fiscaliza\u00e7\u00e3o interdita distribuidora de g\u00e1s - Notibras<\/title>\n<meta name=\"robots\" content=\"index, follow, max-snippet:-1, max-image-preview:large, max-video-preview:-1\" \/>\n<link rel=\"canonical\" href=\"https:\/\/www.notibras.com\/site\/fiscalizacao-interdita-distribuidora-de-gas\/\" \/>\n<meta property=\"og:locale\" content=\"pt_BR\" \/>\n<meta property=\"og:type\" content=\"article\" \/>\n<meta property=\"og:title\" content=\"Fiscaliza\u00e7\u00e3o interdita distribuidora de g\u00e1s - Notibras\" \/>\n<meta property=\"og:description\" content=\"Ap\u00f3s a explos\u00e3o de botij\u00f5es de g\u00e1s registrada na noite de ter\u00e7a-feira (27), em uma resid\u00eancia no Sol Nascente, que resultou em um inc\u00eandio e deixou quatro pessoas feridas, a Administra\u00e7\u00e3o Regional de Ceil\u00e2ndia solicitou o refor\u00e7o das a\u00e7\u00f5es de fiscaliza\u00e7\u00e3o em distribuidoras e com\u00e9rcios de g\u00e1s na regi\u00e3o. Neste s\u00e1bado (31), foi realizada uma [&hellip;]\" \/>\n<meta property=\"og:url\" content=\"https:\/\/www.notibras.com\/site\/fiscalizacao-interdita-distribuidora-de-gas\/\" \/>\n<meta property=\"og:site_name\" content=\"Notibras\" \/>\n<meta property=\"article:publisher\" content=\"https:\/\/www.facebook.com\/notibras\/\" \/>\n<meta property=\"article:published_time\" content=\"2026-02-01T03:45:47+00:00\" \/>\n<meta property=\"og:image\" content=\"https:\/\/www.notibras.com\/site\/wp-content\/uploads\/2026\/02\/f9ee021d-1c20-47cb-a34f-59f7651fd020-1.jpeg\" \/>\n\t<meta property=\"og:image:width\" content=\"1600\" \/>\n\t<meta property=\"og:image:height\" content=\"1200\" \/>\n\t<meta property=\"og:image:type\" content=\"image\/jpeg\" \/>\n<meta name=\"author\" content=\"Eduardo Mart\u00ednez\" \/>\n<meta name=\"twitter:card\" content=\"summary_large_image\" \/>\n<meta name=\"twitter:creator\" content=\"@Notibras\" \/>\n<meta name=\"twitter:site\" content=\"@Notibras\" \/>\n<meta name=\"twitter:label1\" content=\"Escrito por\" \/>\n\t<meta name=\"twitter:data1\" content=\"Eduardo Mart\u00ednez\" \/>\n\t<meta name=\"twitter:label2\" content=\"Est. tempo de leitura\" \/>\n\t<meta name=\"twitter:data2\" content=\"3 minutos\" \/>\n<script type=\"application\/ld+json\" class=\"yoast-schema-graph\">{\"@context\":\"https:\/\/schema.org\",\"@graph\":[{\"@type\":\"Article\",\"@id\":\"https:\/\/www.notibras.com\/site\/fiscalizacao-interdita-distribuidora-de-gas\/#article\",\"isPartOf\":{\"@id\":\"https:\/\/www.notibras.com\/site\/fiscalizacao-interdita-distribuidora-de-gas\/\"},\"author\":{\"name\":\"Eduardo Mart\u00ednez\",\"@id\":\"https:\/\/www.notibras.com\/site\/#\/schema\/person\/5b7fabf2aedc3ada2105f03b22b4d3dd\"},\"headline\":\"Fiscaliza\u00e7\u00e3o interdita distribuidora de g\u00e1s\",\"datePublished\":\"2026-02-01T03:45:47+00:00\",\"mainEntityOfPage\":{\"@id\":\"https:\/\/www.notibras.com\/site\/fiscalizacao-interdita-distribuidora-de-gas\/\"},\"wordCount\":450,\"publisher\":{\"@id\":\"https:\/\/www.notibras.com\/site\/#organization\"},\"image\":{\"@id\":\"https:\/\/www.notibras.com\/site\/fiscalizacao-interdita-distribuidora-de-gas\/#primaryimage\"},\"thumbnailUrl\":\"https:\/\/www.notibras.com\/site\/wp-content\/uploads\/2026\/02\/f9ee021d-1c20-47cb-a34f-59f7651fd020-1.jpeg\",\"articleSection\":[\"Quadradinho em Foco\"],\"inLanguage\":\"pt-BR\"},{\"@type\":\"WebPage\",\"@id\":\"https:\/\/www.notibras.com\/site\/fiscalizacao-interdita-distribuidora-de-gas\/\",\"url\":\"https:\/\/www.notibras.com\/site\/fiscalizacao-interdita-distribuidora-de-gas\/\",\"name\":\"Fiscaliza\u00e7\u00e3o interdita distribuidora de g\u00e1s - Notibras\",\"isPartOf\":{\"@id\":\"https:\/\/www.notibras.com\/site\/#website\"},\"primaryImageOfPage\":{\"@id\":\"https:\/\/www.notibras.com\/site\/fiscalizacao-interdita-distribuidora-de-gas\/#primaryimage\"},\"image\":{\"@id\":\"https:\/\/www.notibras.com\/site\/fiscalizacao-interdita-distribuidora-de-gas\/#primaryimage\"},\"thumbnailUrl\":\"https:\/\/www.notibras.com\/site\/wp-content\/uploads\/2026\/02\/f9ee021d-1c20-47cb-a34f-59f7651fd020-1.jpeg\",\"datePublished\":\"2026-02-01T03:45:47+00:00\",\"breadcrumb\":{\"@id\":\"https:\/\/www.notibras.com\/site\/fiscalizacao-interdita-distribuidora-de-gas\/#breadcrumb\"},\"inLanguage\":\"pt-BR\",\"potentialAction\":[{\"@type\":\"ReadAction\",\"target\":[\"https:\/\/www.notibras.com\/site\/fiscalizacao-interdita-distribuidora-de-gas\/\"]}]},{\"@type\":\"ImageObject\",\"inLanguage\":\"pt-BR\",\"@id\":\"https:\/\/www.notibras.com\/site\/fiscalizacao-interdita-distribuidora-de-gas\/#primaryimage\",\"url\":\"https:\/\/www.notibras.com\/site\/wp-content\/uploads\/2026\/02\/f9ee021d-1c20-47cb-a34f-59f7651fd020-1.jpeg\",\"contentUrl\":\"https:\/\/www.notibras.com\/site\/wp-content\/uploads\/2026\/02\/f9ee021d-1c20-47cb-a34f-59f7651fd020-1.jpeg\",\"width\":1600,\"height\":1200},{\"@type\":\"BreadcrumbList\",\"@id\":\"https:\/\/www.notibras.com\/site\/fiscalizacao-interdita-distribuidora-de-gas\/#breadcrumb\",\"itemListElement\":[{\"@type\":\"ListItem\",\"position\":1,\"name\":\"In\u00edcio\",\"item\":\"https:\/\/www.notibras.com\/site\/\"},{\"@type\":\"ListItem\",\"position\":2,\"name\":\"Fiscaliza\u00e7\u00e3o interdita distribuidora de g\u00e1s\"}]},{\"@type\":\"WebSite\",\"@id\":\"https:\/\/www.notibras.com\/site\/#website\",\"url\":\"https:\/\/www.notibras.com\/site\/\",\"name\":\"Notibras\",\"description\":\"Not\u00edcias de Bras\u00edlia, do Brasil e do Mundo\",\"publisher\":{\"@id\":\"https:\/\/www.notibras.com\/site\/#organization\"},\"potentialAction\":[{\"@type\":\"SearchAction\",\"target\":{\"@type\":\"EntryPoint\",\"urlTemplate\":\"https:\/\/www.notibras.com\/site\/?s={search_term_string}\"},\"query-input\":{\"@type\":\"PropertyValueSpecification\",\"valueRequired\":true,\"valueName\":\"search_term_string\"}}],\"inLanguage\":\"pt-BR\"},{\"@type\":\"Organization\",\"@id\":\"https:\/\/www.notibras.com\/site\/#organization\",\"name\":\"Grupo Notibras de Comunica\u00e7\u00e3o\",\"url\":\"https:\/\/www.notibras.com\/site\/\",\"logo\":{\"@type\":\"ImageObject\",\"inLanguage\":\"pt-BR\",\"@id\":\"https:\/\/www.notibras.com\/site\/#\/schema\/logo\/image\/\",\"url\":\"https:\/\/www.notibras.com\/site\/wp-content\/uploads\/2023\/01\/notibras23.png\",\"contentUrl\":\"https:\/\/www.notibras.com\/site\/wp-content\/uploads\/2023\/01\/notibras23.png\",\"width\":350,\"height\":87,\"caption\":\"Grupo Notibras de Comunica\u00e7\u00e3o\"},\"image\":{\"@id\":\"https:\/\/www.notibras.com\/site\/#\/schema\/logo\/image\/\"},\"sameAs\":[\"https:\/\/www.facebook.com\/notibras\/\",\"https:\/\/x.com\/Notibras\",\"https:\/\/www.instagram.com\/notibras\/\"]},{\"@type\":\"Person\",\"@id\":\"https:\/\/www.notibras.com\/site\/#\/schema\/person\/5b7fabf2aedc3ada2105f03b22b4d3dd\",\"name\":\"Eduardo Mart\u00ednez\",\"image\":{\"@type\":\"ImageObject\",\"inLanguage\":\"pt-BR\",\"@id\":\"https:\/\/secure.gravatar.com\/avatar\/7902f906289926289cbcda644b5197c796b893c6ffd7b9a536a42d290f7704a0?s=96&d=mm&r=g\",\"url\":\"https:\/\/secure.gravatar.com\/avatar\/7902f906289926289cbcda644b5197c796b893c6ffd7b9a536a42d290f7704a0?s=96&d=mm&r=g\",\"contentUrl\":\"https:\/\/secure.gravatar.com\/avatar\/7902f906289926289cbcda644b5197c796b893c6ffd7b9a536a42d290f7704a0?s=96&d=mm&r=g\",\"caption\":\"Eduardo Mart\u00ednez\"}}]}<\/script>\n<!-- \/ Yoast SEO plugin. -->","yoast_head_json":{"title":"Fiscaliza\u00e7\u00e3o interdita distribuidora de g\u00e1s - Notibras","robots":{"index":"index","follow":"follow","max-snippet":"max-snippet:-1","max-image-preview":"max-image-preview:large","max-video-preview":"max-video-preview:-1"},"canonical":"https:\/\/www.notibras.com\/site\/fiscalizacao-interdita-distribuidora-de-gas\/","og_locale":"pt_BR","og_type":"article","og_title":"Fiscaliza\u00e7\u00e3o interdita distribuidora de g\u00e1s - Notibras","og_description":"Ap\u00f3s a explos\u00e3o de botij\u00f5es de g\u00e1s registrada na noite de ter\u00e7a-feira (27), em uma resid\u00eancia no Sol Nascente, que resultou em um inc\u00eandio e deixou quatro pessoas feridas, a Administra\u00e7\u00e3o Regional de Ceil\u00e2ndia solicitou o refor\u00e7o das a\u00e7\u00f5es de fiscaliza\u00e7\u00e3o em distribuidoras e com\u00e9rcios de g\u00e1s na regi\u00e3o. Neste s\u00e1bado (31), foi realizada uma [&hellip;]","og_url":"https:\/\/www.notibras.com\/site\/fiscalizacao-interdita-distribuidora-de-gas\/","og_site_name":"Notibras","article_publisher":"https:\/\/www.facebook.com\/notibras\/","article_published_time":"2026-02-01T03:45:47+00:00","og_image":[{"width":1600,"height":1200,"url":"https:\/\/www.notibras.com\/site\/wp-content\/uploads\/2026\/02\/f9ee021d-1c20-47cb-a34f-59f7651fd020-1.jpeg","type":"image\/jpeg"}],"author":"Eduardo Mart\u00ednez","twitter_card":"summary_large_image","twitter_creator":"@Notibras","twitter_site":"@Notibras","twitter_misc":{"Escrito por":"Eduardo Mart\u00ednez","Est. tempo de leitura":"3 minutos"},"schema":{"@context":"https:\/\/schema.org","@graph":[{"@type":"Article","@id":"https:\/\/www.notibras.com\/site\/fiscalizacao-interdita-distribuidora-de-gas\/#article","isPartOf":{"@id":"https:\/\/www.notibras.com\/site\/fiscalizacao-interdita-distribuidora-de-gas\/"},"author":{"name":"Eduardo Mart\u00ednez","@id":"https:\/\/www.notibras.com\/site\/#\/schema\/person\/5b7fabf2aedc3ada2105f03b22b4d3dd"},"headline":"Fiscaliza\u00e7\u00e3o interdita distribuidora de g\u00e1s","datePublished":"2026-02-01T03:45:47+00:00","mainEntityOfPage":{"@id":"https:\/\/www.notibras.com\/site\/fiscalizacao-interdita-distribuidora-de-gas\/"},"wordCount":450,"publisher":{"@id":"https:\/\/www.notibras.com\/site\/#organization"},"image":{"@id":"https:\/\/www.notibras.com\/site\/fiscalizacao-interdita-distribuidora-de-gas\/#primaryimage"},"thumbnailUrl":"https:\/\/www.notibras.com\/site\/wp-content\/uploads\/2026\/02\/f9ee021d-1c20-47cb-a34f-59f7651fd020-1.jpeg","articleSection":["Quadradinho em Foco"],"inLanguage":"pt-BR"},{"@type":"WebPage","@id":"https:\/\/www.notibras.com\/site\/fiscalizacao-interdita-distribuidora-de-gas\/","url":"https:\/\/www.notibras.com\/site\/fiscalizacao-interdita-distribuidora-de-gas\/","name":"Fiscaliza\u00e7\u00e3o interdita distribuidora de g\u00e1s - Notibras","isPartOf":{"@id":"https:\/\/www.notibras.com\/site\/#website"},"primaryImageOfPage":{"@id":"https:\/\/www.notibras.com\/site\/fiscalizacao-interdita-distribuidora-de-gas\/#primaryimage"},"image":{"@id":"https:\/\/www.notibras.com\/site\/fiscalizacao-interdita-distribuidora-de-gas\/#primaryimage"},"thumbnailUrl":"https:\/\/www.notibras.com\/site\/wp-content\/uploads\/2026\/02\/f9ee021d-1c20-47cb-a34f-59f7651fd020-1.jpeg","datePublished":"2026-02-01T03:45:47+00:00","breadcrumb":{"@id":"https:\/\/www.notibras.com\/site\/fiscalizacao-interdita-distribuidora-de-gas\/#breadcrumb"},"inLanguage":"pt-BR","potentialAction":[{"@type":"ReadAction","target":["https:\/\/www.notibras.com\/site\/fiscalizacao-interdita-distribuidora-de-gas\/"]}]},{"@type":"ImageObject","inLanguage":"pt-BR","@id":"https:\/\/www.notibras.com\/site\/fiscalizacao-interdita-distribuidora-de-gas\/#primaryimage","url":"https:\/\/www.notibras.com\/site\/wp-content\/uploads\/2026\/02\/f9ee021d-1c20-47cb-a34f-59f7651fd020-1.jpeg","contentUrl":"https:\/\/www.notibras.com\/site\/wp-content\/uploads\/2026\/02\/f9ee021d-1c20-47cb-a34f-59f7651fd020-1.jpeg","width":1600,"height":1200},{"@type":"BreadcrumbList","@id":"https:\/\/www.notibras.com\/site\/fiscalizacao-interdita-distribuidora-de-gas\/#breadcrumb","itemListElement":[{"@type":"ListItem","position":1,"name":"In\u00edcio","item":"https:\/\/www.notibras.com\/site\/"},{"@type":"ListItem","position":2,"name":"Fiscaliza\u00e7\u00e3o interdita distribuidora de g\u00e1s"}]},{"@type":"WebSite","@id":"https:\/\/www.notibras.com\/site\/#website","url":"https:\/\/www.notibras.com\/site\/","name":"Notibras","description":"Not\u00edcias de Bras\u00edlia, do Brasil e do Mundo","publisher":{"@id":"https:\/\/www.notibras.com\/site\/#organization"},"potentialAction":[{"@type":"SearchAction","target":{"@type":"EntryPoint","urlTemplate":"https:\/\/www.notibras.com\/site\/?s={search_term_string}"},"query-input":{"@type":"PropertyValueSpecification","valueRequired":true,"valueName":"search_term_string"}}],"inLanguage":"pt-BR"},{"@type":"Organization","@id":"https:\/\/www.notibras.com\/site\/#organization","name":"Grupo Notibras de Comunica\u00e7\u00e3o","url":"https:\/\/www.notibras.com\/site\/","logo":{"@type":"ImageObject","inLanguage":"pt-BR","@id":"https:\/\/www.notibras.com\/site\/#\/schema\/logo\/image\/","url":"https:\/\/www.notibras.com\/site\/wp-content\/uploads\/2023\/01\/notibras23.png","contentUrl":"https:\/\/www.notibras.com\/site\/wp-content\/uploads\/2023\/01\/notibras23.png","width":350,"height":87,"caption":"Grupo Notibras de Comunica\u00e7\u00e3o"},"image":{"@id":"https:\/\/www.notibras.com\/site\/#\/schema\/logo\/image\/"},"sameAs":["https:\/\/www.facebook.com\/notibras\/","https:\/\/x.com\/Notibras","https:\/\/www.instagram.com\/notibras\/"]},{"@type":"Person","@id":"https:\/\/www.notibras.com\/site\/#\/schema\/person\/5b7fabf2aedc3ada2105f03b22b4d3dd","name":"Eduardo Mart\u00ednez","image":{"@type":"ImageObject","inLanguage":"pt-BR","@id":"https:\/\/secure.gravatar.com\/avatar\/7902f906289926289cbcda644b5197c796b893c6ffd7b9a536a42d290f7704a0?s=96&d=mm&r=g","url":"https:\/\/secure.gravatar.com\/avatar\/7902f906289926289cbcda644b5197c796b893c6ffd7b9a536a42d290f7704a0?s=96&d=mm&r=g","contentUrl":"https:\/\/secure.gravatar.com\/avatar\/7902f906289926289cbcda644b5197c796b893c6ffd7b9a536a42d290f7704a0?s=96&d=mm&r=g","caption":"Eduardo Mart\u00ednez"}}]}},"amp_enabled":true,"_links":{"self":[{"href":"https:\/\/www.notibras.com\/site\/wp-json\/wp\/v2\/posts\/381387","targetHints":{"allow":["GET"]}}],"collection":[{"href":"https:\/\/www.notibras.com\/site\/wp-json\/wp\/v2\/posts"}],"about":[{"href":"https:\/\/www.notibras.com\/site\/wp-json\/wp\/v2\/types\/post"}],"author":[{"embeddable":true,"href":"https:\/\/www.notibras.com\/site\/wp-json\/wp\/v2\/users\/21"}],"replies":[{"embeddable":true,"href":"https:\/\/www.notibras.com\/site\/wp-json\/wp\/v2\/comments?post=381387"}],"version-history":[{"count":2,"href":"https:\/\/www.notibras.com\/site\/wp-json\/wp\/v2\/posts\/381387\/revisions"}],"predecessor-version":[{"id":381389,"href":"https:\/\/www.notibras.com\/site\/wp-json\/wp\/v2\/posts\/381387\/revisions\/381389"}],"wp:featuredmedia":[{"embeddable":true,"href":"https:\/\/www.notibras.com\/site\/wp-json\/wp\/v2\/media\/381390"}],"wp:attachment":[{"href":"https:\/\/www.notibras.com\/site\/wp-json\/wp\/v2\/media?parent=381387"}],"wp:term":[{"taxonomy":"category","embeddable":true,"href":"https:\/\/www.notibras.com\/site\/wp-json\/wp\/v2\/categories?post=381387"},{"taxonomy":"post_tag","embeddable":true,"href":"https:\/\/www.notibras.com\/site\/wp-json\/wp\/v2\/tags?post=381387"}],"curies":[{"name":"wp","href":"https:\/\/api.w.org\/{rel}","templated":true}]}}