{"id":381445,"date":"2026-02-01T07:13:16","date_gmt":"2026-02-01T10:13:16","guid":{"rendered":"https:\/\/www.notibras.com\/site\/?p=381445"},"modified":"2026-02-01T07:13:16","modified_gmt":"2026-02-01T10:13:16","slug":"caso-do-master-deixou-a-republica-sob-suspeicao","status":"publish","type":"post","link":"https:\/\/www.notibras.com\/site\/caso-do-master-deixou-a-republica-sob-suspeicao\/","title":{"rendered":"Caso do Master deixou a Rep\u00fablica sob suspei\u00e7\u00e3o"},"content":{"rendered":"<p>Mais cabeludo do que a perna cabeluda criada pelo cineasta Kleber Mendon\u00e7a Filho, o caso do Banco Master parece um novelo de l\u00e3. Depois de aberto, cada fio puxado \u00e9 um novo flash. Digna de um roteiro de filme ou de enredo de escola de samba, a rocambolesca hist\u00f3ria \u00e9 c\u00f4mica n\u00e3o fosse economicamente tr\u00e1gica para quase dois milh\u00f5es de pequenos e m\u00e9dios investidores. H\u00e1 de tudo um pouco no cen\u00e1rio dantesco do roteiro que acabou virando um conto de fantasmas trai\u00e7oeiros. Al\u00e9m do remediado menino mineiro que ficou bilion\u00e1rio, h\u00e1 uma bilion\u00e1ria institui\u00e7\u00e3o financeira que foi para o buraco e figuras que enriqueceram atuando como agentes secretos de um e de outro lado.<\/p>\n<p>E o que sobrou para a incr\u00e9dula plateia? Como sempre, restou o p\u00e3o com a manteiga no ch\u00e3o e com a manteiga para baixo. Ou seja, o b\u00f4nus derreteu, se transformando em \u00f4nus daqueles que nem os xepeiros de feira livre se arriscam a apreciar. Para o bem da credibilidade do pa\u00eds e da Justi\u00e7a, em breve o menino prod\u00edgio batizado Daniel Bueno Vorcaro dever\u00e1 atender por um n\u00famero no sistema penitenci\u00e1rio do pa\u00eds. Apesar dos amigos \u201cpesados\u201d em todos os poderes, dificilmente ele se livrar\u00e1 do pomposo uniforme de agente secreto do xilindr\u00f3.<\/p>\n<p>Obviamente que, na bolsa de apostas dos contraventores do Rio, S\u00e3o Paulo, Bras\u00edlia e Minas Gerais, os numerais 171 est\u00e3o cotados, isto \u00e9, s\u00f3 pagam a metade do que for investido. N\u00e3o \u00e9 nada, n\u00e3o nada, mais \u00e9 muito mais do que o Banco Master oferece. S\u00f3 para lembrar, no dia da liquida\u00e7\u00e3o, a institui\u00e7\u00e3o comandada por Vorcaro dispunha de apenas R$ 4 milh\u00f5es em caixa. Tudo isso depois de R$ 5 bilh\u00f5es de rombo financeiro que o Master imp\u00f4s \u00e0quele banco oficial que n\u00e3o est\u00e1 mais acima de qualquer suspeita.<\/p>\n<p>Ali\u00e1s, sob suspeita est\u00e3o at\u00e9 os m\u00f3veis que eventualmente assistiram \u2013 ou participaram \u2013 dos nada eventuais encontros furtivos (alguns noturnos, outros sem hora combinada) entre todos os atores envolvidos na estrogon\u00f3fica historieta que abalou a republiqueta do bananal. Embora apresente um elenco de astros de espectros diferentes, alguns eleitos, outros indicados e muitos coadjuvantes, o filme em cartaz na Pol\u00edcia Federal exige credibilidade. Afinal, pelo menos em tese, n\u00e3o h\u00e1 no Brasil artistas intoc\u00e1veis. Nessa altura da bandalheira generalizada, intoc\u00e1vel deve ser o povo que paga impostos, o povo para quem normalmente sobra esse tipo de conta.<\/p>\n<p>O Master era um banco que serviu a gregos, baianos, troianos, engravatados e togados. Esse banco quebrou e levou a confian\u00e7a e a legitimidade dessas pessoas como autoridades para o buraco negro de oz\u00f4nio. Os gases se dissiparam, mas a participa\u00e7\u00e3o e queda de todas elas precisam ser explicadas, sob pena de o mesmo buraco engolir de uma s\u00f3 vez a seriedade e o respeito constitucional devidos ao Estado e, por extens\u00e3o, \u00e0 sociedade. Temas vergonhosos como o do Master n\u00e3o podem acabar em pizza. O esc\u00e2ndalo do Master \u00e9 t\u00e3o real que, antes de qualquer indica\u00e7\u00e3o ao Oscar da safadeza, h\u00e1 a exig\u00eancia de respostas r\u00e1pidas, inequ\u00edvocas e democr\u00e1ticas \u00e0 popula\u00e7\u00e3o.<\/p>\n<p>\u00c9 fato e n\u00e3o fake que a Pra\u00e7a dos Tr\u00ea$ Podere$ e toda a Rep\u00fablica est\u00e3o sob suspei\u00e7\u00e3o. Na lona como pessoa jur\u00eddica desde o governo passado, hoje Daniel Vorcaro n\u00e3o \u00e9 somente um banqueiro quebrado. Ele virou motivo de provoca\u00e7\u00e3o pol\u00edtica de parlamentares vinculados \u00e0 gest\u00e3o passada. Portanto, considerando a forma com a penumbra o encobriu por tanto tempo, desde j\u00e1 \u00e9 inaceit\u00e1vel trabalhar para emparedar autoridades que, baseadas na lei, emparedaram o perna cabeluda que alguns deputados e senadores teimam em idolatrar. Nada contra. Idolatrem quem quiserem, mas que sejam parcimoniosos e tamb\u00e9m incluam em suas investiga\u00e7\u00f5es ministros e congressistas do passado. N\u00e3o esquecendo, \u00e9 claro, dos que sabidamente compraram bananas podres de um cacho reconhecidamente condenado.<\/p>\n<p>&#8230;&#8230;&#8230;<\/p>\n<p><strong>Sonja Tavares \u00e9 Editora de Pol\u00edtica de Notibras<\/strong><\/p>\n","protected":false},"excerpt":{"rendered":"<p>Mais cabeludo do que a perna cabeluda criada pelo cineasta Kleber Mendon\u00e7a Filho, o caso do Banco Master parece um novelo de l\u00e3. Depois de aberto, cada fio puxado \u00e9 um novo flash. Digna de um roteiro de filme ou de enredo de escola de samba, a rocambolesca hist\u00f3ria \u00e9 c\u00f4mica n\u00e3o fosse economicamente tr\u00e1gica [&hellip;]<\/p>\n","protected":false},"author":2,"featured_media":363124,"comment_status":"closed","ping_status":"closed","sticky":false,"template":"","format":"standard","meta":{"_acf_changed":false,"footnotes":""},"categories":[16],"tags":[95],"class_list":["post-381445","post","type-post","status-publish","format-standard","has-post-thumbnail","hentry","category-brasil","tag-capa"],"acf":[],"yoast_head":"<!-- This site is optimized with the Yoast SEO plugin v27.2 - https:\/\/yoast.com\/product\/yoast-seo-wordpress\/ -->\n<title>Caso do Master deixou a Rep\u00fablica sob suspei\u00e7\u00e3o - Notibras<\/title>\n<meta name=\"robots\" content=\"index, follow, max-snippet:-1, max-image-preview:large, max-video-preview:-1\" \/>\n<link rel=\"canonical\" href=\"https:\/\/www.notibras.com\/site\/caso-do-master-deixou-a-republica-sob-suspeicao\/\" \/>\n<meta property=\"og:locale\" content=\"pt_BR\" \/>\n<meta property=\"og:type\" content=\"article\" \/>\n<meta property=\"og:title\" content=\"Caso do Master deixou a Rep\u00fablica sob suspei\u00e7\u00e3o - Notibras\" \/>\n<meta property=\"og:description\" content=\"Mais cabeludo do que a perna cabeluda criada pelo cineasta Kleber Mendon\u00e7a Filho, o caso do Banco Master parece um novelo de l\u00e3. Depois de aberto, cada fio puxado \u00e9 um novo flash. Digna de um roteiro de filme ou de enredo de escola de samba, a rocambolesca hist\u00f3ria \u00e9 c\u00f4mica n\u00e3o fosse economicamente tr\u00e1gica [&hellip;]\" \/>\n<meta property=\"og:url\" content=\"https:\/\/www.notibras.com\/site\/caso-do-master-deixou-a-republica-sob-suspeicao\/\" \/>\n<meta property=\"og:site_name\" content=\"Notibras\" \/>\n<meta property=\"article:publisher\" content=\"https:\/\/www.facebook.com\/notibras\/\" \/>\n<meta property=\"article:published_time\" content=\"2026-02-01T10:13:16+00:00\" \/>\n<meta property=\"og:image\" content=\"https:\/\/www.notibras.com\/site\/wp-content\/uploads\/2025\/09\/1_banco-master-45658547-58910159-1.webp\" \/>\n\t<meta property=\"og:image:width\" content=\"1080\" \/>\n\t<meta property=\"og:image:height\" content=\"565\" \/>\n\t<meta property=\"og:image:type\" content=\"image\/webp\" \/>\n<meta name=\"author\" content=\"Reda\u00e7\u00e3o\" \/>\n<meta name=\"twitter:card\" content=\"summary_large_image\" \/>\n<meta name=\"twitter:creator\" content=\"@Notibras\" \/>\n<meta name=\"twitter:site\" content=\"@Notibras\" \/>\n<meta name=\"twitter:label1\" content=\"Escrito por\" \/>\n\t<meta name=\"twitter:data1\" content=\"Reda\u00e7\u00e3o\" \/>\n\t<meta name=\"twitter:label2\" content=\"Est. tempo de leitura\" \/>\n\t<meta name=\"twitter:data2\" content=\"4 minutos\" \/>\n<script type=\"application\/ld+json\" class=\"yoast-schema-graph\">{\"@context\":\"https:\/\/schema.org\",\"@graph\":[{\"@type\":\"Article\",\"@id\":\"https:\/\/www.notibras.com\/site\/caso-do-master-deixou-a-republica-sob-suspeicao\/#article\",\"isPartOf\":{\"@id\":\"https:\/\/www.notibras.com\/site\/caso-do-master-deixou-a-republica-sob-suspeicao\/\"},\"author\":{\"name\":\"Reda\u00e7\u00e3o\",\"@id\":\"https:\/\/www.notibras.com\/site\/#\/schema\/person\/36ab0979449956132d3e5b517ea76ac8\"},\"headline\":\"Caso do Master deixou a Rep\u00fablica sob suspei\u00e7\u00e3o\",\"datePublished\":\"2026-02-01T10:13:16+00:00\",\"mainEntityOfPage\":{\"@id\":\"https:\/\/www.notibras.com\/site\/caso-do-master-deixou-a-republica-sob-suspeicao\/\"},\"wordCount\":697,\"publisher\":{\"@id\":\"https:\/\/www.notibras.com\/site\/#organization\"},\"image\":{\"@id\":\"https:\/\/www.notibras.com\/site\/caso-do-master-deixou-a-republica-sob-suspeicao\/#primaryimage\"},\"thumbnailUrl\":\"https:\/\/www.notibras.com\/site\/wp-content\/uploads\/2025\/09\/1_banco-master-45658547-58910159-1.webp\",\"keywords\":[\"capa\"],\"articleSection\":[\"Brasil\"],\"inLanguage\":\"pt-BR\"},{\"@type\":\"WebPage\",\"@id\":\"https:\/\/www.notibras.com\/site\/caso-do-master-deixou-a-republica-sob-suspeicao\/\",\"url\":\"https:\/\/www.notibras.com\/site\/caso-do-master-deixou-a-republica-sob-suspeicao\/\",\"name\":\"Caso do Master deixou a Rep\u00fablica sob suspei\u00e7\u00e3o - Notibras\",\"isPartOf\":{\"@id\":\"https:\/\/www.notibras.com\/site\/#website\"},\"primaryImageOfPage\":{\"@id\":\"https:\/\/www.notibras.com\/site\/caso-do-master-deixou-a-republica-sob-suspeicao\/#primaryimage\"},\"image\":{\"@id\":\"https:\/\/www.notibras.com\/site\/caso-do-master-deixou-a-republica-sob-suspeicao\/#primaryimage\"},\"thumbnailUrl\":\"https:\/\/www.notibras.com\/site\/wp-content\/uploads\/2025\/09\/1_banco-master-45658547-58910159-1.webp\",\"datePublished\":\"2026-02-01T10:13:16+00:00\",\"breadcrumb\":{\"@id\":\"https:\/\/www.notibras.com\/site\/caso-do-master-deixou-a-republica-sob-suspeicao\/#breadcrumb\"},\"inLanguage\":\"pt-BR\",\"potentialAction\":[{\"@type\":\"ReadAction\",\"target\":[\"https:\/\/www.notibras.com\/site\/caso-do-master-deixou-a-republica-sob-suspeicao\/\"]}]},{\"@type\":\"ImageObject\",\"inLanguage\":\"pt-BR\",\"@id\":\"https:\/\/www.notibras.com\/site\/caso-do-master-deixou-a-republica-sob-suspeicao\/#primaryimage\",\"url\":\"https:\/\/www.notibras.com\/site\/wp-content\/uploads\/2025\/09\/1_banco-master-45658547-58910159-1.webp\",\"contentUrl\":\"https:\/\/www.notibras.com\/site\/wp-content\/uploads\/2025\/09\/1_banco-master-45658547-58910159-1.webp\",\"width\":1080,\"height\":565},{\"@type\":\"BreadcrumbList\",\"@id\":\"https:\/\/www.notibras.com\/site\/caso-do-master-deixou-a-republica-sob-suspeicao\/#breadcrumb\",\"itemListElement\":[{\"@type\":\"ListItem\",\"position\":1,\"name\":\"In\u00edcio\",\"item\":\"https:\/\/www.notibras.com\/site\/\"},{\"@type\":\"ListItem\",\"position\":2,\"name\":\"Caso do Master deixou a Rep\u00fablica sob suspei\u00e7\u00e3o\"}]},{\"@type\":\"WebSite\",\"@id\":\"https:\/\/www.notibras.com\/site\/#website\",\"url\":\"https:\/\/www.notibras.com\/site\/\",\"name\":\"Notibras\",\"description\":\"Not\u00edcias de Bras\u00edlia, do Brasil e do Mundo\",\"publisher\":{\"@id\":\"https:\/\/www.notibras.com\/site\/#organization\"},\"potentialAction\":[{\"@type\":\"SearchAction\",\"target\":{\"@type\":\"EntryPoint\",\"urlTemplate\":\"https:\/\/www.notibras.com\/site\/?s={search_term_string}\"},\"query-input\":{\"@type\":\"PropertyValueSpecification\",\"valueRequired\":true,\"valueName\":\"search_term_string\"}}],\"inLanguage\":\"pt-BR\"},{\"@type\":\"Organization\",\"@id\":\"https:\/\/www.notibras.com\/site\/#organization\",\"name\":\"Grupo Notibras de Comunica\u00e7\u00e3o\",\"url\":\"https:\/\/www.notibras.com\/site\/\",\"logo\":{\"@type\":\"ImageObject\",\"inLanguage\":\"pt-BR\",\"@id\":\"https:\/\/www.notibras.com\/site\/#\/schema\/logo\/image\/\",\"url\":\"https:\/\/www.notibras.com\/site\/wp-content\/uploads\/2023\/01\/notibras23.png\",\"contentUrl\":\"https:\/\/www.notibras.com\/site\/wp-content\/uploads\/2023\/01\/notibras23.png\",\"width\":350,\"height\":87,\"caption\":\"Grupo Notibras de Comunica\u00e7\u00e3o\"},\"image\":{\"@id\":\"https:\/\/www.notibras.com\/site\/#\/schema\/logo\/image\/\"},\"sameAs\":[\"https:\/\/www.facebook.com\/notibras\/\",\"https:\/\/x.com\/Notibras\",\"https:\/\/www.instagram.com\/notibras\/\"]},{\"@type\":\"Person\",\"@id\":\"https:\/\/www.notibras.com\/site\/#\/schema\/person\/36ab0979449956132d3e5b517ea76ac8\",\"name\":\"Reda\u00e7\u00e3o\",\"image\":{\"@type\":\"ImageObject\",\"inLanguage\":\"pt-BR\",\"@id\":\"https:\/\/secure.gravatar.com\/avatar\/e0a867bdedb85fd243eadf09663511f96fc81e0720a4a42581f334ad4303aa6b?s=96&d=mm&r=g\",\"url\":\"https:\/\/secure.gravatar.com\/avatar\/e0a867bdedb85fd243eadf09663511f96fc81e0720a4a42581f334ad4303aa6b?s=96&d=mm&r=g\",\"contentUrl\":\"https:\/\/secure.gravatar.com\/avatar\/e0a867bdedb85fd243eadf09663511f96fc81e0720a4a42581f334ad4303aa6b?s=96&d=mm&r=g\",\"caption\":\"Reda\u00e7\u00e3o\"}}]}<\/script>\n<!-- \/ Yoast SEO plugin. -->","yoast_head_json":{"title":"Caso do Master deixou a Rep\u00fablica sob suspei\u00e7\u00e3o - Notibras","robots":{"index":"index","follow":"follow","max-snippet":"max-snippet:-1","max-image-preview":"max-image-preview:large","max-video-preview":"max-video-preview:-1"},"canonical":"https:\/\/www.notibras.com\/site\/caso-do-master-deixou-a-republica-sob-suspeicao\/","og_locale":"pt_BR","og_type":"article","og_title":"Caso do Master deixou a Rep\u00fablica sob suspei\u00e7\u00e3o - Notibras","og_description":"Mais cabeludo do que a perna cabeluda criada pelo cineasta Kleber Mendon\u00e7a Filho, o caso do Banco Master parece um novelo de l\u00e3. Depois de aberto, cada fio puxado \u00e9 um novo flash. Digna de um roteiro de filme ou de enredo de escola de samba, a rocambolesca hist\u00f3ria \u00e9 c\u00f4mica n\u00e3o fosse economicamente tr\u00e1gica [&hellip;]","og_url":"https:\/\/www.notibras.com\/site\/caso-do-master-deixou-a-republica-sob-suspeicao\/","og_site_name":"Notibras","article_publisher":"https:\/\/www.facebook.com\/notibras\/","article_published_time":"2026-02-01T10:13:16+00:00","og_image":[{"width":1080,"height":565,"url":"https:\/\/www.notibras.com\/site\/wp-content\/uploads\/2025\/09\/1_banco-master-45658547-58910159-1.webp","type":"image\/webp"}],"author":"Reda\u00e7\u00e3o","twitter_card":"summary_large_image","twitter_creator":"@Notibras","twitter_site":"@Notibras","twitter_misc":{"Escrito por":"Reda\u00e7\u00e3o","Est. tempo de leitura":"4 minutos"},"schema":{"@context":"https:\/\/schema.org","@graph":[{"@type":"Article","@id":"https:\/\/www.notibras.com\/site\/caso-do-master-deixou-a-republica-sob-suspeicao\/#article","isPartOf":{"@id":"https:\/\/www.notibras.com\/site\/caso-do-master-deixou-a-republica-sob-suspeicao\/"},"author":{"name":"Reda\u00e7\u00e3o","@id":"https:\/\/www.notibras.com\/site\/#\/schema\/person\/36ab0979449956132d3e5b517ea76ac8"},"headline":"Caso do Master deixou a Rep\u00fablica sob suspei\u00e7\u00e3o","datePublished":"2026-02-01T10:13:16+00:00","mainEntityOfPage":{"@id":"https:\/\/www.notibras.com\/site\/caso-do-master-deixou-a-republica-sob-suspeicao\/"},"wordCount":697,"publisher":{"@id":"https:\/\/www.notibras.com\/site\/#organization"},"image":{"@id":"https:\/\/www.notibras.com\/site\/caso-do-master-deixou-a-republica-sob-suspeicao\/#primaryimage"},"thumbnailUrl":"https:\/\/www.notibras.com\/site\/wp-content\/uploads\/2025\/09\/1_banco-master-45658547-58910159-1.webp","keywords":["capa"],"articleSection":["Brasil"],"inLanguage":"pt-BR"},{"@type":"WebPage","@id":"https:\/\/www.notibras.com\/site\/caso-do-master-deixou-a-republica-sob-suspeicao\/","url":"https:\/\/www.notibras.com\/site\/caso-do-master-deixou-a-republica-sob-suspeicao\/","name":"Caso do Master deixou a Rep\u00fablica sob suspei\u00e7\u00e3o - Notibras","isPartOf":{"@id":"https:\/\/www.notibras.com\/site\/#website"},"primaryImageOfPage":{"@id":"https:\/\/www.notibras.com\/site\/caso-do-master-deixou-a-republica-sob-suspeicao\/#primaryimage"},"image":{"@id":"https:\/\/www.notibras.com\/site\/caso-do-master-deixou-a-republica-sob-suspeicao\/#primaryimage"},"thumbnailUrl":"https:\/\/www.notibras.com\/site\/wp-content\/uploads\/2025\/09\/1_banco-master-45658547-58910159-1.webp","datePublished":"2026-02-01T10:13:16+00:00","breadcrumb":{"@id":"https:\/\/www.notibras.com\/site\/caso-do-master-deixou-a-republica-sob-suspeicao\/#breadcrumb"},"inLanguage":"pt-BR","potentialAction":[{"@type":"ReadAction","target":["https:\/\/www.notibras.com\/site\/caso-do-master-deixou-a-republica-sob-suspeicao\/"]}]},{"@type":"ImageObject","inLanguage":"pt-BR","@id":"https:\/\/www.notibras.com\/site\/caso-do-master-deixou-a-republica-sob-suspeicao\/#primaryimage","url":"https:\/\/www.notibras.com\/site\/wp-content\/uploads\/2025\/09\/1_banco-master-45658547-58910159-1.webp","contentUrl":"https:\/\/www.notibras.com\/site\/wp-content\/uploads\/2025\/09\/1_banco-master-45658547-58910159-1.webp","width":1080,"height":565},{"@type":"BreadcrumbList","@id":"https:\/\/www.notibras.com\/site\/caso-do-master-deixou-a-republica-sob-suspeicao\/#breadcrumb","itemListElement":[{"@type":"ListItem","position":1,"name":"In\u00edcio","item":"https:\/\/www.notibras.com\/site\/"},{"@type":"ListItem","position":2,"name":"Caso do Master deixou a Rep\u00fablica sob suspei\u00e7\u00e3o"}]},{"@type":"WebSite","@id":"https:\/\/www.notibras.com\/site\/#website","url":"https:\/\/www.notibras.com\/site\/","name":"Notibras","description":"Not\u00edcias de Bras\u00edlia, do Brasil e do Mundo","publisher":{"@id":"https:\/\/www.notibras.com\/site\/#organization"},"potentialAction":[{"@type":"SearchAction","target":{"@type":"EntryPoint","urlTemplate":"https:\/\/www.notibras.com\/site\/?s={search_term_string}"},"query-input":{"@type":"PropertyValueSpecification","valueRequired":true,"valueName":"search_term_string"}}],"inLanguage":"pt-BR"},{"@type":"Organization","@id":"https:\/\/www.notibras.com\/site\/#organization","name":"Grupo Notibras de Comunica\u00e7\u00e3o","url":"https:\/\/www.notibras.com\/site\/","logo":{"@type":"ImageObject","inLanguage":"pt-BR","@id":"https:\/\/www.notibras.com\/site\/#\/schema\/logo\/image\/","url":"https:\/\/www.notibras.com\/site\/wp-content\/uploads\/2023\/01\/notibras23.png","contentUrl":"https:\/\/www.notibras.com\/site\/wp-content\/uploads\/2023\/01\/notibras23.png","width":350,"height":87,"caption":"Grupo Notibras de Comunica\u00e7\u00e3o"},"image":{"@id":"https:\/\/www.notibras.com\/site\/#\/schema\/logo\/image\/"},"sameAs":["https:\/\/www.facebook.com\/notibras\/","https:\/\/x.com\/Notibras","https:\/\/www.instagram.com\/notibras\/"]},{"@type":"Person","@id":"https:\/\/www.notibras.com\/site\/#\/schema\/person\/36ab0979449956132d3e5b517ea76ac8","name":"Reda\u00e7\u00e3o","image":{"@type":"ImageObject","inLanguage":"pt-BR","@id":"https:\/\/secure.gravatar.com\/avatar\/e0a867bdedb85fd243eadf09663511f96fc81e0720a4a42581f334ad4303aa6b?s=96&d=mm&r=g","url":"https:\/\/secure.gravatar.com\/avatar\/e0a867bdedb85fd243eadf09663511f96fc81e0720a4a42581f334ad4303aa6b?s=96&d=mm&r=g","contentUrl":"https:\/\/secure.gravatar.com\/avatar\/e0a867bdedb85fd243eadf09663511f96fc81e0720a4a42581f334ad4303aa6b?s=96&d=mm&r=g","caption":"Reda\u00e7\u00e3o"}}]}},"amp_enabled":true,"_links":{"self":[{"href":"https:\/\/www.notibras.com\/site\/wp-json\/wp\/v2\/posts\/381445","targetHints":{"allow":["GET"]}}],"collection":[{"href":"https:\/\/www.notibras.com\/site\/wp-json\/wp\/v2\/posts"}],"about":[{"href":"https:\/\/www.notibras.com\/site\/wp-json\/wp\/v2\/types\/post"}],"author":[{"embeddable":true,"href":"https:\/\/www.notibras.com\/site\/wp-json\/wp\/v2\/users\/2"}],"replies":[{"embeddable":true,"href":"https:\/\/www.notibras.com\/site\/wp-json\/wp\/v2\/comments?post=381445"}],"version-history":[{"count":1,"href":"https:\/\/www.notibras.com\/site\/wp-json\/wp\/v2\/posts\/381445\/revisions"}],"predecessor-version":[{"id":381446,"href":"https:\/\/www.notibras.com\/site\/wp-json\/wp\/v2\/posts\/381445\/revisions\/381446"}],"wp:featuredmedia":[{"embeddable":true,"href":"https:\/\/www.notibras.com\/site\/wp-json\/wp\/v2\/media\/363124"}],"wp:attachment":[{"href":"https:\/\/www.notibras.com\/site\/wp-json\/wp\/v2\/media?parent=381445"}],"wp:term":[{"taxonomy":"category","embeddable":true,"href":"https:\/\/www.notibras.com\/site\/wp-json\/wp\/v2\/categories?post=381445"},{"taxonomy":"post_tag","embeddable":true,"href":"https:\/\/www.notibras.com\/site\/wp-json\/wp\/v2\/tags?post=381445"}],"curies":[{"name":"wp","href":"https:\/\/api.w.org\/{rel}","templated":true}]}}