{"id":381449,"date":"2026-02-01T08:09:42","date_gmt":"2026-02-01T11:09:42","guid":{"rendered":"https:\/\/www.notibras.com\/site\/?p=381449"},"modified":"2026-02-01T08:09:42","modified_gmt":"2026-02-01T11:09:42","slug":"congestionamento-do-1o-turno-tera-um-2o-inevitavel","status":"publish","type":"post","link":"https:\/\/www.notibras.com\/site\/congestionamento-do-1o-turno-tera-um-2o-inevitavel\/","title":{"rendered":"Congestionamento do 1\u00ba turno ter\u00e1 um 2\u00ba inevit\u00e1vel"},"content":{"rendered":"<p>As elei\u00e7\u00f5es presidenciais de outubro se desenham menos como uma disputa cl\u00e1ssica entre dois projetos e mais como um cruzamento de interesses, vaidades e sobreviv\u00eancias pol\u00edticas. O cen\u00e1rio que se consolida aponta para um primeiro turno fragmentado e um segundo turno praticamente inevit\u00e1vel \u2014 salvo um terremoto pol\u00edtico ainda fora do radar.<\/p>\n<p>Luiz In\u00e1cio Lula da Silva entra na corrida buscando um feito in\u00e9dito, que \u00e9 um quarto mandato presidencial. Sua for\u00e7a continua assentada em tr\u00eas pilares bem definidos: base hist\u00f3rica da esquerda, ainda leal ao lulismo; capilaridade institucional, fruto do controle da m\u00e1quina federal; e acordos pragm\u00e1ticos com o Centr\u00e3o, hoje mais interessado em acesso ao poder do que em coer\u00eancia ideol\u00f3gica.<\/p>\n<p>O problema para Lula n\u00e3o \u00e9 a largada, mas a resist\u00eancia ao longo da campanha. O governo enfrenta desgaste natural, cobran\u00e7as econ\u00f4micas, ru\u00eddos fiscais e uma base parlamentar que apoia mais por conveni\u00eancia do que por convic\u00e7\u00e3o. O Centr\u00e3o que hoje sustenta tamb\u00e9m \u00e9 o primeiro a abandonar o barco se farejar derrota. Contudo, Lula chega competitivo ao segundo turno, mesmo n\u00e3o sendo imbat\u00edvel.<\/p>\n<p>No campo da centro-direita, o PSD de Gilberto Kassab tenta ocupar o espa\u00e7o do \u201cnem Lula, nem Bolsonaro\u201d. Re\u00fane nomes com densidade administrativa e eleitoral, a exemplo de Eduardo Leite, com discurso moderno e perfil urbano; Ratinho J\u00fanior, ancorado em gest\u00e3o e forte base regional; e Ronaldo Caiado, representante do conservadorismo institucional.<\/p>\n<p>O problema \u00e9 estrutural, porque h\u00e1 nomes demais e projeto de menos. A pulveriza\u00e7\u00e3o dificulta a consolida\u00e7\u00e3o de uma candidatura \u00fanica capaz de enfrentar Lula no segundo turno. Kassab articula, mas o tempo \u00e9 curto e os egos s\u00e3o longos.<\/p>\n<p>Sem unifica\u00e7\u00e3o, a centro-direita corre o risco de cumprir apenas o papel de fiel da balan\u00e7a, transferindo votos no segundo turno, mas jamais protagonizar\u00e1 a decis\u00e3o.<\/p>\n<p>\u00c9 verdade que o bolsonarismo chega enfraquecido institucionalmente, mas ainda vivo eleitoralmente. Com Jair Bolsonaro fora do jogo, Fl\u00e1vio Bolsonaro, pelo PL, surge como herdeiro natural do capital pol\u00edtico do pai.<\/p>\n<p>As pesquisas indicam um dado inc\u00f4modo para o Planalto. \u00c9 que Fl\u00e1vio \u00e9 hoje o \u00fanico nome capaz de tirar Lula da zona de conforto. Seu eleitorado \u00e9 menor do que em 2018 ou 2022, mas \u00e9 altamente mobilizado, ideologicamente fiel e resistente \u00e0 desconstru\u00e7\u00e3o narrativa.<\/p>\n<p>O bolsonarismo n\u00e3o precisa crescer muito para ir ao segundo turno; basta n\u00e3o minguar para encaminhar um segundo turno como destino l\u00f3gico. Com esse arranjo, o diagn\u00f3stico \u00e9 claro: Lula tende a liderar o primeiro turno; a centro-direita fragmentada dificulta uma rea\u00e7\u00e3o consistente; e o bolsonarismo, mesmo menor, mant\u00e9m musculatura suficiente.<\/p>\n<p>O resultado mais prov\u00e1vel \u00e9 um segundo turno polarizado, ainda que com novos nomes, mas velhos antagonismos. N\u00e3o se trata apenas de esquerda contra direita, mas de continuidade contra ruptura, institucionalidade contra radicaliza\u00e7\u00e3o, governabilidade contra identidade ideol\u00f3gica.<\/p>\n<p>A elei\u00e7\u00e3o de outubro n\u00e3o promete grandes surpresas no formato, mas promete alta tens\u00e3o no conte\u00fado. O Brasil caminha para decidir n\u00e3o apenas quem governa, mas como governar em um Congresso fragmentado, um eleitorado polarizado e um cen\u00e1rio internacional inst\u00e1vel.<\/p>\n<p>O segundo turno n\u00e3o \u00e9 uma hip\u00f3tese. \u00c9, neste momento, o caminho natural do processo.<\/p>\n<p>&#8230;&#8230;&#8230;&#8230;&#8230;&#8230;..<\/p>\n<p><strong>Marta Nobre \u00e9 Editora Executiva de Notibras<\/strong><\/p>\n","protected":false},"excerpt":{"rendered":"<p>As elei\u00e7\u00f5es presidenciais de outubro se desenham menos como uma disputa cl\u00e1ssica entre dois projetos e mais como um cruzamento de interesses, vaidades e sobreviv\u00eancias pol\u00edticas. O cen\u00e1rio que se consolida aponta para um primeiro turno fragmentado e um segundo turno praticamente inevit\u00e1vel \u2014 salvo um terremoto pol\u00edtico ainda fora do radar. Luiz In\u00e1cio Lula [&hellip;]<\/p>\n","protected":false},"author":2,"featured_media":381450,"comment_status":"closed","ping_status":"closed","sticky":false,"template":"","format":"standard","meta":{"_acf_changed":false,"footnotes":""},"categories":[16],"tags":[],"class_list":["post-381449","post","type-post","status-publish","format-standard","has-post-thumbnail","hentry","category-brasil"],"acf":[],"yoast_head":"<!-- This site is optimized with the Yoast SEO plugin v27.2 - https:\/\/yoast.com\/product\/yoast-seo-wordpress\/ -->\n<title>Congestionamento do 1\u00ba turno ter\u00e1 um 2\u00ba inevit\u00e1vel - Notibras<\/title>\n<meta name=\"robots\" content=\"index, follow, max-snippet:-1, max-image-preview:large, max-video-preview:-1\" \/>\n<link rel=\"canonical\" href=\"https:\/\/www.notibras.com\/site\/congestionamento-do-1o-turno-tera-um-2o-inevitavel\/\" \/>\n<meta property=\"og:locale\" content=\"pt_BR\" \/>\n<meta property=\"og:type\" content=\"article\" \/>\n<meta property=\"og:title\" content=\"Congestionamento do 1\u00ba turno ter\u00e1 um 2\u00ba inevit\u00e1vel - Notibras\" \/>\n<meta property=\"og:description\" content=\"As elei\u00e7\u00f5es presidenciais de outubro se desenham menos como uma disputa cl\u00e1ssica entre dois projetos e mais como um cruzamento de interesses, vaidades e sobreviv\u00eancias pol\u00edticas. O cen\u00e1rio que se consolida aponta para um primeiro turno fragmentado e um segundo turno praticamente inevit\u00e1vel \u2014 salvo um terremoto pol\u00edtico ainda fora do radar. Luiz In\u00e1cio Lula [&hellip;]\" \/>\n<meta property=\"og:url\" content=\"https:\/\/www.notibras.com\/site\/congestionamento-do-1o-turno-tera-um-2o-inevitavel\/\" \/>\n<meta property=\"og:site_name\" content=\"Notibras\" \/>\n<meta property=\"article:publisher\" content=\"https:\/\/www.facebook.com\/notibras\/\" \/>\n<meta property=\"article:published_time\" content=\"2026-02-01T11:09:42+00:00\" \/>\n<meta property=\"og:image\" content=\"https:\/\/www.notibras.com\/site\/wp-content\/uploads\/2026\/02\/582c964a-39d8-4563-99d7-74a610301f61-1024x683.png\" \/>\n\t<meta property=\"og:image:width\" content=\"1024\" \/>\n\t<meta property=\"og:image:height\" content=\"683\" \/>\n\t<meta property=\"og:image:type\" content=\"image\/png\" \/>\n<meta name=\"author\" content=\"Reda\u00e7\u00e3o\" \/>\n<meta name=\"twitter:card\" content=\"summary_large_image\" \/>\n<meta name=\"twitter:creator\" content=\"@Notibras\" \/>\n<meta name=\"twitter:site\" content=\"@Notibras\" \/>\n<meta name=\"twitter:label1\" content=\"Escrito por\" \/>\n\t<meta name=\"twitter:data1\" content=\"Reda\u00e7\u00e3o\" \/>\n\t<meta name=\"twitter:label2\" content=\"Est. tempo de leitura\" \/>\n\t<meta name=\"twitter:data2\" content=\"4 minutos\" \/>\n<script type=\"application\/ld+json\" class=\"yoast-schema-graph\">{\"@context\":\"https:\/\/schema.org\",\"@graph\":[{\"@type\":\"Article\",\"@id\":\"https:\/\/www.notibras.com\/site\/congestionamento-do-1o-turno-tera-um-2o-inevitavel\/#article\",\"isPartOf\":{\"@id\":\"https:\/\/www.notibras.com\/site\/congestionamento-do-1o-turno-tera-um-2o-inevitavel\/\"},\"author\":{\"name\":\"Reda\u00e7\u00e3o\",\"@id\":\"https:\/\/www.notibras.com\/site\/#\/schema\/person\/36ab0979449956132d3e5b517ea76ac8\"},\"headline\":\"Congestionamento do 1\u00ba turno ter\u00e1 um 2\u00ba inevit\u00e1vel\",\"datePublished\":\"2026-02-01T11:09:42+00:00\",\"mainEntityOfPage\":{\"@id\":\"https:\/\/www.notibras.com\/site\/congestionamento-do-1o-turno-tera-um-2o-inevitavel\/\"},\"wordCount\":572,\"publisher\":{\"@id\":\"https:\/\/www.notibras.com\/site\/#organization\"},\"image\":{\"@id\":\"https:\/\/www.notibras.com\/site\/congestionamento-do-1o-turno-tera-um-2o-inevitavel\/#primaryimage\"},\"thumbnailUrl\":\"https:\/\/www.notibras.com\/site\/wp-content\/uploads\/2026\/02\/582c964a-39d8-4563-99d7-74a610301f61.png\",\"articleSection\":[\"Brasil\"],\"inLanguage\":\"pt-BR\"},{\"@type\":\"WebPage\",\"@id\":\"https:\/\/www.notibras.com\/site\/congestionamento-do-1o-turno-tera-um-2o-inevitavel\/\",\"url\":\"https:\/\/www.notibras.com\/site\/congestionamento-do-1o-turno-tera-um-2o-inevitavel\/\",\"name\":\"Congestionamento do 1\u00ba turno ter\u00e1 um 2\u00ba inevit\u00e1vel - Notibras\",\"isPartOf\":{\"@id\":\"https:\/\/www.notibras.com\/site\/#website\"},\"primaryImageOfPage\":{\"@id\":\"https:\/\/www.notibras.com\/site\/congestionamento-do-1o-turno-tera-um-2o-inevitavel\/#primaryimage\"},\"image\":{\"@id\":\"https:\/\/www.notibras.com\/site\/congestionamento-do-1o-turno-tera-um-2o-inevitavel\/#primaryimage\"},\"thumbnailUrl\":\"https:\/\/www.notibras.com\/site\/wp-content\/uploads\/2026\/02\/582c964a-39d8-4563-99d7-74a610301f61.png\",\"datePublished\":\"2026-02-01T11:09:42+00:00\",\"breadcrumb\":{\"@id\":\"https:\/\/www.notibras.com\/site\/congestionamento-do-1o-turno-tera-um-2o-inevitavel\/#breadcrumb\"},\"inLanguage\":\"pt-BR\",\"potentialAction\":[{\"@type\":\"ReadAction\",\"target\":[\"https:\/\/www.notibras.com\/site\/congestionamento-do-1o-turno-tera-um-2o-inevitavel\/\"]}]},{\"@type\":\"ImageObject\",\"inLanguage\":\"pt-BR\",\"@id\":\"https:\/\/www.notibras.com\/site\/congestionamento-do-1o-turno-tera-um-2o-inevitavel\/#primaryimage\",\"url\":\"https:\/\/www.notibras.com\/site\/wp-content\/uploads\/2026\/02\/582c964a-39d8-4563-99d7-74a610301f61.png\",\"contentUrl\":\"https:\/\/www.notibras.com\/site\/wp-content\/uploads\/2026\/02\/582c964a-39d8-4563-99d7-74a610301f61.png\",\"width\":1536,\"height\":1024},{\"@type\":\"BreadcrumbList\",\"@id\":\"https:\/\/www.notibras.com\/site\/congestionamento-do-1o-turno-tera-um-2o-inevitavel\/#breadcrumb\",\"itemListElement\":[{\"@type\":\"ListItem\",\"position\":1,\"name\":\"In\u00edcio\",\"item\":\"https:\/\/www.notibras.com\/site\/\"},{\"@type\":\"ListItem\",\"position\":2,\"name\":\"Congestionamento do 1\u00ba turno ter\u00e1 um 2\u00ba inevit\u00e1vel\"}]},{\"@type\":\"WebSite\",\"@id\":\"https:\/\/www.notibras.com\/site\/#website\",\"url\":\"https:\/\/www.notibras.com\/site\/\",\"name\":\"Notibras\",\"description\":\"Not\u00edcias de Bras\u00edlia, do Brasil e do Mundo\",\"publisher\":{\"@id\":\"https:\/\/www.notibras.com\/site\/#organization\"},\"potentialAction\":[{\"@type\":\"SearchAction\",\"target\":{\"@type\":\"EntryPoint\",\"urlTemplate\":\"https:\/\/www.notibras.com\/site\/?s={search_term_string}\"},\"query-input\":{\"@type\":\"PropertyValueSpecification\",\"valueRequired\":true,\"valueName\":\"search_term_string\"}}],\"inLanguage\":\"pt-BR\"},{\"@type\":\"Organization\",\"@id\":\"https:\/\/www.notibras.com\/site\/#organization\",\"name\":\"Grupo Notibras de Comunica\u00e7\u00e3o\",\"url\":\"https:\/\/www.notibras.com\/site\/\",\"logo\":{\"@type\":\"ImageObject\",\"inLanguage\":\"pt-BR\",\"@id\":\"https:\/\/www.notibras.com\/site\/#\/schema\/logo\/image\/\",\"url\":\"https:\/\/www.notibras.com\/site\/wp-content\/uploads\/2023\/01\/notibras23.png\",\"contentUrl\":\"https:\/\/www.notibras.com\/site\/wp-content\/uploads\/2023\/01\/notibras23.png\",\"width\":350,\"height\":87,\"caption\":\"Grupo Notibras de Comunica\u00e7\u00e3o\"},\"image\":{\"@id\":\"https:\/\/www.notibras.com\/site\/#\/schema\/logo\/image\/\"},\"sameAs\":[\"https:\/\/www.facebook.com\/notibras\/\",\"https:\/\/x.com\/Notibras\",\"https:\/\/www.instagram.com\/notibras\/\"]},{\"@type\":\"Person\",\"@id\":\"https:\/\/www.notibras.com\/site\/#\/schema\/person\/36ab0979449956132d3e5b517ea76ac8\",\"name\":\"Reda\u00e7\u00e3o\",\"image\":{\"@type\":\"ImageObject\",\"inLanguage\":\"pt-BR\",\"@id\":\"https:\/\/secure.gravatar.com\/avatar\/e0a867bdedb85fd243eadf09663511f96fc81e0720a4a42581f334ad4303aa6b?s=96&d=mm&r=g\",\"url\":\"https:\/\/secure.gravatar.com\/avatar\/e0a867bdedb85fd243eadf09663511f96fc81e0720a4a42581f334ad4303aa6b?s=96&d=mm&r=g\",\"contentUrl\":\"https:\/\/secure.gravatar.com\/avatar\/e0a867bdedb85fd243eadf09663511f96fc81e0720a4a42581f334ad4303aa6b?s=96&d=mm&r=g\",\"caption\":\"Reda\u00e7\u00e3o\"}}]}<\/script>\n<!-- \/ Yoast SEO plugin. -->","yoast_head_json":{"title":"Congestionamento do 1\u00ba turno ter\u00e1 um 2\u00ba inevit\u00e1vel - Notibras","robots":{"index":"index","follow":"follow","max-snippet":"max-snippet:-1","max-image-preview":"max-image-preview:large","max-video-preview":"max-video-preview:-1"},"canonical":"https:\/\/www.notibras.com\/site\/congestionamento-do-1o-turno-tera-um-2o-inevitavel\/","og_locale":"pt_BR","og_type":"article","og_title":"Congestionamento do 1\u00ba turno ter\u00e1 um 2\u00ba inevit\u00e1vel - Notibras","og_description":"As elei\u00e7\u00f5es presidenciais de outubro se desenham menos como uma disputa cl\u00e1ssica entre dois projetos e mais como um cruzamento de interesses, vaidades e sobreviv\u00eancias pol\u00edticas. O cen\u00e1rio que se consolida aponta para um primeiro turno fragmentado e um segundo turno praticamente inevit\u00e1vel \u2014 salvo um terremoto pol\u00edtico ainda fora do radar. Luiz In\u00e1cio Lula [&hellip;]","og_url":"https:\/\/www.notibras.com\/site\/congestionamento-do-1o-turno-tera-um-2o-inevitavel\/","og_site_name":"Notibras","article_publisher":"https:\/\/www.facebook.com\/notibras\/","article_published_time":"2026-02-01T11:09:42+00:00","og_image":[{"width":1024,"height":683,"url":"https:\/\/www.notibras.com\/site\/wp-content\/uploads\/2026\/02\/582c964a-39d8-4563-99d7-74a610301f61-1024x683.png","type":"image\/png"}],"author":"Reda\u00e7\u00e3o","twitter_card":"summary_large_image","twitter_creator":"@Notibras","twitter_site":"@Notibras","twitter_misc":{"Escrito por":"Reda\u00e7\u00e3o","Est. tempo de leitura":"4 minutos"},"schema":{"@context":"https:\/\/schema.org","@graph":[{"@type":"Article","@id":"https:\/\/www.notibras.com\/site\/congestionamento-do-1o-turno-tera-um-2o-inevitavel\/#article","isPartOf":{"@id":"https:\/\/www.notibras.com\/site\/congestionamento-do-1o-turno-tera-um-2o-inevitavel\/"},"author":{"name":"Reda\u00e7\u00e3o","@id":"https:\/\/www.notibras.com\/site\/#\/schema\/person\/36ab0979449956132d3e5b517ea76ac8"},"headline":"Congestionamento do 1\u00ba turno ter\u00e1 um 2\u00ba inevit\u00e1vel","datePublished":"2026-02-01T11:09:42+00:00","mainEntityOfPage":{"@id":"https:\/\/www.notibras.com\/site\/congestionamento-do-1o-turno-tera-um-2o-inevitavel\/"},"wordCount":572,"publisher":{"@id":"https:\/\/www.notibras.com\/site\/#organization"},"image":{"@id":"https:\/\/www.notibras.com\/site\/congestionamento-do-1o-turno-tera-um-2o-inevitavel\/#primaryimage"},"thumbnailUrl":"https:\/\/www.notibras.com\/site\/wp-content\/uploads\/2026\/02\/582c964a-39d8-4563-99d7-74a610301f61.png","articleSection":["Brasil"],"inLanguage":"pt-BR"},{"@type":"WebPage","@id":"https:\/\/www.notibras.com\/site\/congestionamento-do-1o-turno-tera-um-2o-inevitavel\/","url":"https:\/\/www.notibras.com\/site\/congestionamento-do-1o-turno-tera-um-2o-inevitavel\/","name":"Congestionamento do 1\u00ba turno ter\u00e1 um 2\u00ba inevit\u00e1vel - Notibras","isPartOf":{"@id":"https:\/\/www.notibras.com\/site\/#website"},"primaryImageOfPage":{"@id":"https:\/\/www.notibras.com\/site\/congestionamento-do-1o-turno-tera-um-2o-inevitavel\/#primaryimage"},"image":{"@id":"https:\/\/www.notibras.com\/site\/congestionamento-do-1o-turno-tera-um-2o-inevitavel\/#primaryimage"},"thumbnailUrl":"https:\/\/www.notibras.com\/site\/wp-content\/uploads\/2026\/02\/582c964a-39d8-4563-99d7-74a610301f61.png","datePublished":"2026-02-01T11:09:42+00:00","breadcrumb":{"@id":"https:\/\/www.notibras.com\/site\/congestionamento-do-1o-turno-tera-um-2o-inevitavel\/#breadcrumb"},"inLanguage":"pt-BR","potentialAction":[{"@type":"ReadAction","target":["https:\/\/www.notibras.com\/site\/congestionamento-do-1o-turno-tera-um-2o-inevitavel\/"]}]},{"@type":"ImageObject","inLanguage":"pt-BR","@id":"https:\/\/www.notibras.com\/site\/congestionamento-do-1o-turno-tera-um-2o-inevitavel\/#primaryimage","url":"https:\/\/www.notibras.com\/site\/wp-content\/uploads\/2026\/02\/582c964a-39d8-4563-99d7-74a610301f61.png","contentUrl":"https:\/\/www.notibras.com\/site\/wp-content\/uploads\/2026\/02\/582c964a-39d8-4563-99d7-74a610301f61.png","width":1536,"height":1024},{"@type":"BreadcrumbList","@id":"https:\/\/www.notibras.com\/site\/congestionamento-do-1o-turno-tera-um-2o-inevitavel\/#breadcrumb","itemListElement":[{"@type":"ListItem","position":1,"name":"In\u00edcio","item":"https:\/\/www.notibras.com\/site\/"},{"@type":"ListItem","position":2,"name":"Congestionamento do 1\u00ba turno ter\u00e1 um 2\u00ba inevit\u00e1vel"}]},{"@type":"WebSite","@id":"https:\/\/www.notibras.com\/site\/#website","url":"https:\/\/www.notibras.com\/site\/","name":"Notibras","description":"Not\u00edcias de Bras\u00edlia, do Brasil e do Mundo","publisher":{"@id":"https:\/\/www.notibras.com\/site\/#organization"},"potentialAction":[{"@type":"SearchAction","target":{"@type":"EntryPoint","urlTemplate":"https:\/\/www.notibras.com\/site\/?s={search_term_string}"},"query-input":{"@type":"PropertyValueSpecification","valueRequired":true,"valueName":"search_term_string"}}],"inLanguage":"pt-BR"},{"@type":"Organization","@id":"https:\/\/www.notibras.com\/site\/#organization","name":"Grupo Notibras de Comunica\u00e7\u00e3o","url":"https:\/\/www.notibras.com\/site\/","logo":{"@type":"ImageObject","inLanguage":"pt-BR","@id":"https:\/\/www.notibras.com\/site\/#\/schema\/logo\/image\/","url":"https:\/\/www.notibras.com\/site\/wp-content\/uploads\/2023\/01\/notibras23.png","contentUrl":"https:\/\/www.notibras.com\/site\/wp-content\/uploads\/2023\/01\/notibras23.png","width":350,"height":87,"caption":"Grupo Notibras de Comunica\u00e7\u00e3o"},"image":{"@id":"https:\/\/www.notibras.com\/site\/#\/schema\/logo\/image\/"},"sameAs":["https:\/\/www.facebook.com\/notibras\/","https:\/\/x.com\/Notibras","https:\/\/www.instagram.com\/notibras\/"]},{"@type":"Person","@id":"https:\/\/www.notibras.com\/site\/#\/schema\/person\/36ab0979449956132d3e5b517ea76ac8","name":"Reda\u00e7\u00e3o","image":{"@type":"ImageObject","inLanguage":"pt-BR","@id":"https:\/\/secure.gravatar.com\/avatar\/e0a867bdedb85fd243eadf09663511f96fc81e0720a4a42581f334ad4303aa6b?s=96&d=mm&r=g","url":"https:\/\/secure.gravatar.com\/avatar\/e0a867bdedb85fd243eadf09663511f96fc81e0720a4a42581f334ad4303aa6b?s=96&d=mm&r=g","contentUrl":"https:\/\/secure.gravatar.com\/avatar\/e0a867bdedb85fd243eadf09663511f96fc81e0720a4a42581f334ad4303aa6b?s=96&d=mm&r=g","caption":"Reda\u00e7\u00e3o"}}]}},"amp_enabled":true,"_links":{"self":[{"href":"https:\/\/www.notibras.com\/site\/wp-json\/wp\/v2\/posts\/381449","targetHints":{"allow":["GET"]}}],"collection":[{"href":"https:\/\/www.notibras.com\/site\/wp-json\/wp\/v2\/posts"}],"about":[{"href":"https:\/\/www.notibras.com\/site\/wp-json\/wp\/v2\/types\/post"}],"author":[{"embeddable":true,"href":"https:\/\/www.notibras.com\/site\/wp-json\/wp\/v2\/users\/2"}],"replies":[{"embeddable":true,"href":"https:\/\/www.notibras.com\/site\/wp-json\/wp\/v2\/comments?post=381449"}],"version-history":[{"count":1,"href":"https:\/\/www.notibras.com\/site\/wp-json\/wp\/v2\/posts\/381449\/revisions"}],"predecessor-version":[{"id":381451,"href":"https:\/\/www.notibras.com\/site\/wp-json\/wp\/v2\/posts\/381449\/revisions\/381451"}],"wp:featuredmedia":[{"embeddable":true,"href":"https:\/\/www.notibras.com\/site\/wp-json\/wp\/v2\/media\/381450"}],"wp:attachment":[{"href":"https:\/\/www.notibras.com\/site\/wp-json\/wp\/v2\/media?parent=381449"}],"wp:term":[{"taxonomy":"category","embeddable":true,"href":"https:\/\/www.notibras.com\/site\/wp-json\/wp\/v2\/categories?post=381449"},{"taxonomy":"post_tag","embeddable":true,"href":"https:\/\/www.notibras.com\/site\/wp-json\/wp\/v2\/tags?post=381449"}],"curies":[{"name":"wp","href":"https:\/\/api.w.org\/{rel}","templated":true}]}}