{"id":381452,"date":"2026-02-01T08:00:52","date_gmt":"2026-02-01T11:00:52","guid":{"rendered":"https:\/\/www.notibras.com\/site\/?p=381452"},"modified":"2026-02-01T08:16:04","modified_gmt":"2026-02-01T11:16:04","slug":"quando-a-soma-dos-votos-nao-fecha-e-o-impoderavel-acontece","status":"publish","type":"post","link":"https:\/\/www.notibras.com\/site\/quando-a-soma-dos-votos-nao-fecha-e-o-impoderavel-acontece\/","title":{"rendered":"Quando a soma dos votos n\u00e3o fecha e o impoder\u00e1vel acontece"},"content":{"rendered":"<p>H\u00e1 elei\u00e7\u00f5es decididas por projetos, outras por rejei\u00e7\u00f5es acumuladas. E h\u00e1 aquelas, talvez as mais brasileiras de todas, em que o resultado nasce de um terreno inst\u00e1vel, marcado por fragmenta\u00e7\u00e3o, cansa\u00e7o institucional e acontecimentos que ningu\u00e9m controla por completo. Em 2026, o Brasil j\u00e1 se move nesse ambiente, com o tabuleiro armado e as pe\u00e7as em deslocamento constante.<\/p>\n<p>No campo de centro e de direita, nunca houve tantos nomes vi\u00e1veis. Governadores bem avaliados, discursos ajustados ao centro do eleitorado, trajet\u00f3rias administrativas consistentes. No papel, isso sugere vitalidade pol\u00edtica. Na pr\u00e1tica, pode esconder um risco menos evidente. Enquanto alternativas disputam espa\u00e7o entre si, Lula aparece nas pesquisas liderando cen\u00e1rios n\u00e3o por empolgar, mas por algo mais silencioso e, justamente por isso, mais eficaz: estabilidade relativa em meio ao barulho.<\/p>\n<p>A elei\u00e7\u00e3o presidencial brasileira nunca foi uma corrida em linha reta. Ela se constr\u00f3i como um mosaico, formado por disputas estaduais que obedecem a l\u00f3gicas pr\u00f3prias, muitas vezes indiferentes ao alinhamento nacional. Governadores disputam seus estados, n\u00e3o a Presid\u00eancia. Senadores defendem seus mandatos. Deputados protegem suas bases. O eleitor, por sua vez, n\u00e3o se sente obrigado \u00e0 coer\u00eancia vertical. Vota no governador pragm\u00e1tico, no senador poss\u00edvel e no presidente que lhe parece menos distante. N\u00e3o \u00e9 contradi\u00e7\u00e3o. \u00c9 sobreviv\u00eancia pol\u00edtica.<\/p>\n<p>\u00c9 nesse ponto que os grandes partidos revelam sua verdadeira natureza. MDB, Uni\u00e3o Brasil, PP, Republicanos e PSD funcionam menos como legendas ideol\u00f3gicas e mais como grandes estruturas regionais de poder. Cada estado \u00e9 um jogo distinto. Cada palanque, uma negocia\u00e7\u00e3o espec\u00edfica. A elei\u00e7\u00e3o presidencial entra nessa equa\u00e7\u00e3o como fator relevante, mas raramente decisivo.<\/p>\n<p>N\u00e3o \u00e9 incomum que esses partidos estejam pr\u00f3ximos do governo federal em determinados estados e mantenham dist\u00e2ncia, ou at\u00e9 oposi\u00e7\u00e3o, em outros. O crit\u00e9rio n\u00e3o \u00e9 incoer\u00eancia, mas conveni\u00eancia pol\u00edtica. Onde o governo ajuda, aproxima-se. Onde atrapalha, relativiza-se. Onde amea\u00e7a, afasta-se. O resultado \u00e9 um arranjo desigual, no qual a candidatura presidencial pode ser central em um territ\u00f3rio e quase irrelevante no vizinho.<\/p>\n<p>Nesse ambiente, a fragmenta\u00e7\u00e3o do campo conservador cria uma sensa\u00e7\u00e3o confort\u00e1vel, por\u00e9m enganosa. A ideia de que m\u00faltiplas candidaturas garantem o segundo turno e, nele, uma uni\u00e3o autom\u00e1tica contra o incumbente \u00e9 sedutora, mas n\u00e3o necessariamente verdadeira. Funciona quando o l\u00edder permanece claramente abaixo de um patamar cr\u00edtico dos votos v\u00e1lidos. Mas se o incumbente se aproxima dos 47% ou 48%, com brancos e nulos em alta e advers\u00e1rios pulverizados, o sistema pode produzir um desfecho inesperado. N\u00e3o por ades\u00e3o entusiasmada, mas por dispers\u00e3o alheia.<\/p>\n<p>A esse quadro soma-se um elemento decisivo: o PL, que em 2026 se prop\u00f5e a representar a direita mais radical e identit\u00e1ria, com candidatura pr\u00f3pria liderada por Fl\u00e1vio Bolsonaro. A presen\u00e7a do PL nesse arranjo n\u00e3o \u00e9 detalhe. Ela tensiona todo o campo conservador. Ao reivindicar para si a autenticidade da direita dura, o partido estreita a margem de negocia\u00e7\u00e3o e reduz a elasticidade do voto. Parte do eleitorado se move por identidade, n\u00e3o por c\u00e1lculo. E identidade, quando ativada, raramente migra com facilidade no segundo turno.<\/p>\n<p>\u00c9 nesse ponto que o imponder\u00e1vel entra em campo, n\u00e3o como fator externo, mas como parte do pr\u00f3prio jogo pol\u00edtico. O Brasil vive um ambiente cont\u00ednuo de esc\u00e2ndalos, atravessando Executivo, Legislativo e Judici\u00e1rio. Eles j\u00e1 n\u00e3o causam espanto. Produzem desgaste difuso. O imponder\u00e1vel, aqui, n\u00e3o \u00e9 a exist\u00eancia dos esc\u00e2ndalos, mas quem ser\u00e1 mais atingido por eles. A experi\u00eancia recente mostra que o impacto raramente segue a l\u00f3gica imediata. \u00c0s vezes, o cansa\u00e7o institucional protege quem j\u00e1 est\u00e1 no poder. Outras vezes, penaliza quem tenta se apresentar como alternativa. Em certos momentos, apenas empurra o eleitor para fora do jogo, ampliando absten\u00e7\u00e3o, votos brancos e nulos.<\/p>\n<p>Esse cen\u00e1rio n\u00e3o favorece necessariamente quem fala melhor ou tem o discurso mais correto. Favorece quem atravessa a turbul\u00eancia sem parecer desorganizado. Favorece quem transmite a sensa\u00e7\u00e3o de que, apesar de tudo, o sistema ainda se mant\u00e9m de p\u00e9 sob seu comando. Em contextos assim, partidos grandes tendem a reduzir riscos, n\u00e3o a apostar tudo numa ruptura incerta. Neutralidade, nesse jogo, j\u00e1 \u00e9 uma escolha.<\/p>\n<p>H\u00e1 tamb\u00e9m um equ\u00edvoco recorrente no debate p\u00fablico: confundir civilidade entre candidatos com garantia de uni\u00e3o eleitoral. Civilidade reduz ataques. N\u00e3o constr\u00f3i converg\u00eancia. Uni\u00e3o real exige costura pol\u00edtica, compromissos claros, incentivos concretos e uma narrativa minimamente compartilhada. Sem isso, o segundo turno, se vier, pode chegar com cansa\u00e7o, ressentimentos e transfer\u00eancia incompleta de votos. Apoios protocolares produzem campanhas mornas. Milit\u00e2ncia fria n\u00e3o se converte em maioria.<\/p>\n<p>No Brasil, isso se agrava pelo peso dos estados e pela forma como os grandes partidos operam. MDB, Uni\u00e3o Brasil, PP, Republicanos e PSD raramente entregam seus territ\u00f3rios em bloco. Negociam peda\u00e7o por peda\u00e7o. Quando a disputa nacional vira assunto lateral nas campanhas locais, o presidenci\u00e1vel vira figurante da pr\u00f3pria elei\u00e7\u00e3o. Quando lideran\u00e7as regionais apostam at\u00e9 o limite em seus projetos individuais, esperando que a converg\u00eancia venha depois, o tempo costuma cobrar um pre\u00e7o alto.<\/p>\n<p>Lula conhece bem essa l\u00f3gica. Seus advers\u00e1rios tamb\u00e9m, ao menos em tese. A diferen\u00e7a, em 2026, est\u00e1 menos no diagn\u00f3stico e mais na capacidade de agir antes que o jogo se feche. O campo de centro e direita chega a este ano com m\u00faltiplas lideran\u00e7as, partidos grandes operando em chave regional e o PL ocupando o espa\u00e7o da direita mais ideol\u00f3gica. Esse movimento n\u00e3o apenas adiciona um nome ao tabuleiro. Ele redefine as margens de negocia\u00e7\u00e3o e imp\u00f5e custos reais \u00e0 ideia de converg\u00eancia autom\u00e1tica.<\/p>\n<p>O maior risco para o campo de centro e direita n\u00e3o \u00e9 perder uma disputa direta no segundo turno. \u00c9 chegar a ele fragmentado demais, cansado demais ou, no limite, sequer chegar. Em um ambiente marcado por esc\u00e2ndalos espalhados, alian\u00e7as estaduais desalinhadas e grandes partidos jogando na defensiva, elei\u00e7\u00f5es n\u00e3o s\u00e3o decididas por entusiasmo nem por indigna\u00e7\u00e3o. S\u00e3o decididas por in\u00e9rcia.<\/p>\n<p>E a in\u00e9rcia, quase sempre, favorece quem j\u00e1 ocupa o centro do tabuleiro. Quando a soma n\u00e3o soma, a pol\u00edtica n\u00e3o espera consenso, nem respeita expectativas. Ela simplesmente resolve.<\/p>\n","protected":false},"excerpt":{"rendered":"<p>H\u00e1 elei\u00e7\u00f5es decididas por projetos, outras por rejei\u00e7\u00f5es acumuladas. E h\u00e1 aquelas, talvez as mais brasileiras de todas, em que o resultado nasce de um terreno inst\u00e1vel, marcado por fragmenta\u00e7\u00e3o, cansa\u00e7o institucional e acontecimentos que ningu\u00e9m controla por completo. Em 2026, o Brasil j\u00e1 se move nesse ambiente, com o tabuleiro armado e as pe\u00e7as [&hellip;]<\/p>\n","protected":false},"author":2,"featured_media":381453,"comment_status":"closed","ping_status":"closed","sticky":false,"template":"","format":"standard","meta":{"_acf_changed":false,"footnotes":""},"categories":[16],"tags":[],"class_list":["post-381452","post","type-post","status-publish","format-standard","has-post-thumbnail","hentry","category-brasil"],"acf":[],"yoast_head":"<!-- This site is optimized with the Yoast SEO plugin v27.2 - https:\/\/yoast.com\/product\/yoast-seo-wordpress\/ -->\n<title>Quando a soma dos votos n\u00e3o fecha e o impoder\u00e1vel acontece - Notibras<\/title>\n<meta name=\"robots\" content=\"index, follow, max-snippet:-1, max-image-preview:large, max-video-preview:-1\" \/>\n<link rel=\"canonical\" href=\"https:\/\/www.notibras.com\/site\/quando-a-soma-dos-votos-nao-fecha-e-o-impoderavel-acontece\/\" \/>\n<meta property=\"og:locale\" content=\"pt_BR\" \/>\n<meta property=\"og:type\" content=\"article\" \/>\n<meta property=\"og:title\" content=\"Quando a soma dos votos n\u00e3o fecha e o impoder\u00e1vel acontece - Notibras\" \/>\n<meta property=\"og:description\" content=\"H\u00e1 elei\u00e7\u00f5es decididas por projetos, outras por rejei\u00e7\u00f5es acumuladas. E h\u00e1 aquelas, talvez as mais brasileiras de todas, em que o resultado nasce de um terreno inst\u00e1vel, marcado por fragmenta\u00e7\u00e3o, cansa\u00e7o institucional e acontecimentos que ningu\u00e9m controla por completo. Em 2026, o Brasil j\u00e1 se move nesse ambiente, com o tabuleiro armado e as pe\u00e7as [&hellip;]\" \/>\n<meta property=\"og:url\" content=\"https:\/\/www.notibras.com\/site\/quando-a-soma-dos-votos-nao-fecha-e-o-impoderavel-acontece\/\" \/>\n<meta property=\"og:site_name\" content=\"Notibras\" \/>\n<meta property=\"article:publisher\" content=\"https:\/\/www.facebook.com\/notibras\/\" \/>\n<meta property=\"article:published_time\" content=\"2026-02-01T11:00:52+00:00\" \/>\n<meta property=\"article:modified_time\" content=\"2026-02-01T11:16:04+00:00\" \/>\n<meta property=\"og:image\" content=\"https:\/\/www.notibras.com\/site\/wp-content\/uploads\/2026\/02\/e8125d2f-9b62-40d3-bc6e-7cf3c18e4a5a.jpg\" \/>\n\t<meta property=\"og:image:width\" content=\"1536\" \/>\n\t<meta property=\"og:image:height\" content=\"1024\" \/>\n\t<meta property=\"og:image:type\" content=\"image\/jpeg\" \/>\n<meta name=\"author\" content=\"Reda\u00e7\u00e3o\" \/>\n<meta name=\"twitter:card\" content=\"summary_large_image\" \/>\n<meta name=\"twitter:creator\" content=\"@Notibras\" \/>\n<meta name=\"twitter:site\" content=\"@Notibras\" \/>\n<meta name=\"twitter:label1\" content=\"Escrito por\" \/>\n\t<meta name=\"twitter:data1\" content=\"Reda\u00e7\u00e3o\" \/>\n\t<meta name=\"twitter:label2\" content=\"Est. tempo de leitura\" \/>\n\t<meta name=\"twitter:data2\" content=\"6 minutos\" \/>\n<script type=\"application\/ld+json\" class=\"yoast-schema-graph\">{\"@context\":\"https:\/\/schema.org\",\"@graph\":[{\"@type\":\"Article\",\"@id\":\"https:\/\/www.notibras.com\/site\/quando-a-soma-dos-votos-nao-fecha-e-o-impoderavel-acontece\/#article\",\"isPartOf\":{\"@id\":\"https:\/\/www.notibras.com\/site\/quando-a-soma-dos-votos-nao-fecha-e-o-impoderavel-acontece\/\"},\"author\":{\"name\":\"Reda\u00e7\u00e3o\",\"@id\":\"https:\/\/www.notibras.com\/site\/#\/schema\/person\/36ab0979449956132d3e5b517ea76ac8\"},\"headline\":\"Quando a soma dos votos n\u00e3o fecha e o impoder\u00e1vel acontece\",\"datePublished\":\"2026-02-01T11:00:52+00:00\",\"dateModified\":\"2026-02-01T11:16:04+00:00\",\"mainEntityOfPage\":{\"@id\":\"https:\/\/www.notibras.com\/site\/quando-a-soma-dos-votos-nao-fecha-e-o-impoderavel-acontece\/\"},\"wordCount\":1117,\"publisher\":{\"@id\":\"https:\/\/www.notibras.com\/site\/#organization\"},\"image\":{\"@id\":\"https:\/\/www.notibras.com\/site\/quando-a-soma-dos-votos-nao-fecha-e-o-impoderavel-acontece\/#primaryimage\"},\"thumbnailUrl\":\"https:\/\/www.notibras.com\/site\/wp-content\/uploads\/2026\/02\/e8125d2f-9b62-40d3-bc6e-7cf3c18e4a5a.jpg\",\"articleSection\":[\"Brasil\"],\"inLanguage\":\"pt-BR\"},{\"@type\":\"WebPage\",\"@id\":\"https:\/\/www.notibras.com\/site\/quando-a-soma-dos-votos-nao-fecha-e-o-impoderavel-acontece\/\",\"url\":\"https:\/\/www.notibras.com\/site\/quando-a-soma-dos-votos-nao-fecha-e-o-impoderavel-acontece\/\",\"name\":\"Quando a soma dos votos n\u00e3o fecha e o impoder\u00e1vel acontece - Notibras\",\"isPartOf\":{\"@id\":\"https:\/\/www.notibras.com\/site\/#website\"},\"primaryImageOfPage\":{\"@id\":\"https:\/\/www.notibras.com\/site\/quando-a-soma-dos-votos-nao-fecha-e-o-impoderavel-acontece\/#primaryimage\"},\"image\":{\"@id\":\"https:\/\/www.notibras.com\/site\/quando-a-soma-dos-votos-nao-fecha-e-o-impoderavel-acontece\/#primaryimage\"},\"thumbnailUrl\":\"https:\/\/www.notibras.com\/site\/wp-content\/uploads\/2026\/02\/e8125d2f-9b62-40d3-bc6e-7cf3c18e4a5a.jpg\",\"datePublished\":\"2026-02-01T11:00:52+00:00\",\"dateModified\":\"2026-02-01T11:16:04+00:00\",\"breadcrumb\":{\"@id\":\"https:\/\/www.notibras.com\/site\/quando-a-soma-dos-votos-nao-fecha-e-o-impoderavel-acontece\/#breadcrumb\"},\"inLanguage\":\"pt-BR\",\"potentialAction\":[{\"@type\":\"ReadAction\",\"target\":[\"https:\/\/www.notibras.com\/site\/quando-a-soma-dos-votos-nao-fecha-e-o-impoderavel-acontece\/\"]}]},{\"@type\":\"ImageObject\",\"inLanguage\":\"pt-BR\",\"@id\":\"https:\/\/www.notibras.com\/site\/quando-a-soma-dos-votos-nao-fecha-e-o-impoderavel-acontece\/#primaryimage\",\"url\":\"https:\/\/www.notibras.com\/site\/wp-content\/uploads\/2026\/02\/e8125d2f-9b62-40d3-bc6e-7cf3c18e4a5a.jpg\",\"contentUrl\":\"https:\/\/www.notibras.com\/site\/wp-content\/uploads\/2026\/02\/e8125d2f-9b62-40d3-bc6e-7cf3c18e4a5a.jpg\",\"width\":1536,\"height\":1024},{\"@type\":\"BreadcrumbList\",\"@id\":\"https:\/\/www.notibras.com\/site\/quando-a-soma-dos-votos-nao-fecha-e-o-impoderavel-acontece\/#breadcrumb\",\"itemListElement\":[{\"@type\":\"ListItem\",\"position\":1,\"name\":\"In\u00edcio\",\"item\":\"https:\/\/www.notibras.com\/site\/\"},{\"@type\":\"ListItem\",\"position\":2,\"name\":\"Quando a soma dos votos n\u00e3o fecha e o impoder\u00e1vel acontece\"}]},{\"@type\":\"WebSite\",\"@id\":\"https:\/\/www.notibras.com\/site\/#website\",\"url\":\"https:\/\/www.notibras.com\/site\/\",\"name\":\"Notibras\",\"description\":\"Not\u00edcias de Bras\u00edlia, do Brasil e do Mundo\",\"publisher\":{\"@id\":\"https:\/\/www.notibras.com\/site\/#organization\"},\"potentialAction\":[{\"@type\":\"SearchAction\",\"target\":{\"@type\":\"EntryPoint\",\"urlTemplate\":\"https:\/\/www.notibras.com\/site\/?s={search_term_string}\"},\"query-input\":{\"@type\":\"PropertyValueSpecification\",\"valueRequired\":true,\"valueName\":\"search_term_string\"}}],\"inLanguage\":\"pt-BR\"},{\"@type\":\"Organization\",\"@id\":\"https:\/\/www.notibras.com\/site\/#organization\",\"name\":\"Grupo Notibras de Comunica\u00e7\u00e3o\",\"url\":\"https:\/\/www.notibras.com\/site\/\",\"logo\":{\"@type\":\"ImageObject\",\"inLanguage\":\"pt-BR\",\"@id\":\"https:\/\/www.notibras.com\/site\/#\/schema\/logo\/image\/\",\"url\":\"https:\/\/www.notibras.com\/site\/wp-content\/uploads\/2023\/01\/notibras23.png\",\"contentUrl\":\"https:\/\/www.notibras.com\/site\/wp-content\/uploads\/2023\/01\/notibras23.png\",\"width\":350,\"height\":87,\"caption\":\"Grupo Notibras de Comunica\u00e7\u00e3o\"},\"image\":{\"@id\":\"https:\/\/www.notibras.com\/site\/#\/schema\/logo\/image\/\"},\"sameAs\":[\"https:\/\/www.facebook.com\/notibras\/\",\"https:\/\/x.com\/Notibras\",\"https:\/\/www.instagram.com\/notibras\/\"]},{\"@type\":\"Person\",\"@id\":\"https:\/\/www.notibras.com\/site\/#\/schema\/person\/36ab0979449956132d3e5b517ea76ac8\",\"name\":\"Reda\u00e7\u00e3o\",\"image\":{\"@type\":\"ImageObject\",\"inLanguage\":\"pt-BR\",\"@id\":\"https:\/\/secure.gravatar.com\/avatar\/e0a867bdedb85fd243eadf09663511f96fc81e0720a4a42581f334ad4303aa6b?s=96&d=mm&r=g\",\"url\":\"https:\/\/secure.gravatar.com\/avatar\/e0a867bdedb85fd243eadf09663511f96fc81e0720a4a42581f334ad4303aa6b?s=96&d=mm&r=g\",\"contentUrl\":\"https:\/\/secure.gravatar.com\/avatar\/e0a867bdedb85fd243eadf09663511f96fc81e0720a4a42581f334ad4303aa6b?s=96&d=mm&r=g\",\"caption\":\"Reda\u00e7\u00e3o\"}}]}<\/script>\n<!-- \/ Yoast SEO plugin. -->","yoast_head_json":{"title":"Quando a soma dos votos n\u00e3o fecha e o impoder\u00e1vel acontece - Notibras","robots":{"index":"index","follow":"follow","max-snippet":"max-snippet:-1","max-image-preview":"max-image-preview:large","max-video-preview":"max-video-preview:-1"},"canonical":"https:\/\/www.notibras.com\/site\/quando-a-soma-dos-votos-nao-fecha-e-o-impoderavel-acontece\/","og_locale":"pt_BR","og_type":"article","og_title":"Quando a soma dos votos n\u00e3o fecha e o impoder\u00e1vel acontece - Notibras","og_description":"H\u00e1 elei\u00e7\u00f5es decididas por projetos, outras por rejei\u00e7\u00f5es acumuladas. E h\u00e1 aquelas, talvez as mais brasileiras de todas, em que o resultado nasce de um terreno inst\u00e1vel, marcado por fragmenta\u00e7\u00e3o, cansa\u00e7o institucional e acontecimentos que ningu\u00e9m controla por completo. Em 2026, o Brasil j\u00e1 se move nesse ambiente, com o tabuleiro armado e as pe\u00e7as [&hellip;]","og_url":"https:\/\/www.notibras.com\/site\/quando-a-soma-dos-votos-nao-fecha-e-o-impoderavel-acontece\/","og_site_name":"Notibras","article_publisher":"https:\/\/www.facebook.com\/notibras\/","article_published_time":"2026-02-01T11:00:52+00:00","article_modified_time":"2026-02-01T11:16:04+00:00","og_image":[{"width":1536,"height":1024,"url":"https:\/\/www.notibras.com\/site\/wp-content\/uploads\/2026\/02\/e8125d2f-9b62-40d3-bc6e-7cf3c18e4a5a.jpg","type":"image\/jpeg"}],"author":"Reda\u00e7\u00e3o","twitter_card":"summary_large_image","twitter_creator":"@Notibras","twitter_site":"@Notibras","twitter_misc":{"Escrito por":"Reda\u00e7\u00e3o","Est. tempo de leitura":"6 minutos"},"schema":{"@context":"https:\/\/schema.org","@graph":[{"@type":"Article","@id":"https:\/\/www.notibras.com\/site\/quando-a-soma-dos-votos-nao-fecha-e-o-impoderavel-acontece\/#article","isPartOf":{"@id":"https:\/\/www.notibras.com\/site\/quando-a-soma-dos-votos-nao-fecha-e-o-impoderavel-acontece\/"},"author":{"name":"Reda\u00e7\u00e3o","@id":"https:\/\/www.notibras.com\/site\/#\/schema\/person\/36ab0979449956132d3e5b517ea76ac8"},"headline":"Quando a soma dos votos n\u00e3o fecha e o impoder\u00e1vel acontece","datePublished":"2026-02-01T11:00:52+00:00","dateModified":"2026-02-01T11:16:04+00:00","mainEntityOfPage":{"@id":"https:\/\/www.notibras.com\/site\/quando-a-soma-dos-votos-nao-fecha-e-o-impoderavel-acontece\/"},"wordCount":1117,"publisher":{"@id":"https:\/\/www.notibras.com\/site\/#organization"},"image":{"@id":"https:\/\/www.notibras.com\/site\/quando-a-soma-dos-votos-nao-fecha-e-o-impoderavel-acontece\/#primaryimage"},"thumbnailUrl":"https:\/\/www.notibras.com\/site\/wp-content\/uploads\/2026\/02\/e8125d2f-9b62-40d3-bc6e-7cf3c18e4a5a.jpg","articleSection":["Brasil"],"inLanguage":"pt-BR"},{"@type":"WebPage","@id":"https:\/\/www.notibras.com\/site\/quando-a-soma-dos-votos-nao-fecha-e-o-impoderavel-acontece\/","url":"https:\/\/www.notibras.com\/site\/quando-a-soma-dos-votos-nao-fecha-e-o-impoderavel-acontece\/","name":"Quando a soma dos votos n\u00e3o fecha e o impoder\u00e1vel acontece - Notibras","isPartOf":{"@id":"https:\/\/www.notibras.com\/site\/#website"},"primaryImageOfPage":{"@id":"https:\/\/www.notibras.com\/site\/quando-a-soma-dos-votos-nao-fecha-e-o-impoderavel-acontece\/#primaryimage"},"image":{"@id":"https:\/\/www.notibras.com\/site\/quando-a-soma-dos-votos-nao-fecha-e-o-impoderavel-acontece\/#primaryimage"},"thumbnailUrl":"https:\/\/www.notibras.com\/site\/wp-content\/uploads\/2026\/02\/e8125d2f-9b62-40d3-bc6e-7cf3c18e4a5a.jpg","datePublished":"2026-02-01T11:00:52+00:00","dateModified":"2026-02-01T11:16:04+00:00","breadcrumb":{"@id":"https:\/\/www.notibras.com\/site\/quando-a-soma-dos-votos-nao-fecha-e-o-impoderavel-acontece\/#breadcrumb"},"inLanguage":"pt-BR","potentialAction":[{"@type":"ReadAction","target":["https:\/\/www.notibras.com\/site\/quando-a-soma-dos-votos-nao-fecha-e-o-impoderavel-acontece\/"]}]},{"@type":"ImageObject","inLanguage":"pt-BR","@id":"https:\/\/www.notibras.com\/site\/quando-a-soma-dos-votos-nao-fecha-e-o-impoderavel-acontece\/#primaryimage","url":"https:\/\/www.notibras.com\/site\/wp-content\/uploads\/2026\/02\/e8125d2f-9b62-40d3-bc6e-7cf3c18e4a5a.jpg","contentUrl":"https:\/\/www.notibras.com\/site\/wp-content\/uploads\/2026\/02\/e8125d2f-9b62-40d3-bc6e-7cf3c18e4a5a.jpg","width":1536,"height":1024},{"@type":"BreadcrumbList","@id":"https:\/\/www.notibras.com\/site\/quando-a-soma-dos-votos-nao-fecha-e-o-impoderavel-acontece\/#breadcrumb","itemListElement":[{"@type":"ListItem","position":1,"name":"In\u00edcio","item":"https:\/\/www.notibras.com\/site\/"},{"@type":"ListItem","position":2,"name":"Quando a soma dos votos n\u00e3o fecha e o impoder\u00e1vel acontece"}]},{"@type":"WebSite","@id":"https:\/\/www.notibras.com\/site\/#website","url":"https:\/\/www.notibras.com\/site\/","name":"Notibras","description":"Not\u00edcias de Bras\u00edlia, do Brasil e do Mundo","publisher":{"@id":"https:\/\/www.notibras.com\/site\/#organization"},"potentialAction":[{"@type":"SearchAction","target":{"@type":"EntryPoint","urlTemplate":"https:\/\/www.notibras.com\/site\/?s={search_term_string}"},"query-input":{"@type":"PropertyValueSpecification","valueRequired":true,"valueName":"search_term_string"}}],"inLanguage":"pt-BR"},{"@type":"Organization","@id":"https:\/\/www.notibras.com\/site\/#organization","name":"Grupo Notibras de Comunica\u00e7\u00e3o","url":"https:\/\/www.notibras.com\/site\/","logo":{"@type":"ImageObject","inLanguage":"pt-BR","@id":"https:\/\/www.notibras.com\/site\/#\/schema\/logo\/image\/","url":"https:\/\/www.notibras.com\/site\/wp-content\/uploads\/2023\/01\/notibras23.png","contentUrl":"https:\/\/www.notibras.com\/site\/wp-content\/uploads\/2023\/01\/notibras23.png","width":350,"height":87,"caption":"Grupo Notibras de Comunica\u00e7\u00e3o"},"image":{"@id":"https:\/\/www.notibras.com\/site\/#\/schema\/logo\/image\/"},"sameAs":["https:\/\/www.facebook.com\/notibras\/","https:\/\/x.com\/Notibras","https:\/\/www.instagram.com\/notibras\/"]},{"@type":"Person","@id":"https:\/\/www.notibras.com\/site\/#\/schema\/person\/36ab0979449956132d3e5b517ea76ac8","name":"Reda\u00e7\u00e3o","image":{"@type":"ImageObject","inLanguage":"pt-BR","@id":"https:\/\/secure.gravatar.com\/avatar\/e0a867bdedb85fd243eadf09663511f96fc81e0720a4a42581f334ad4303aa6b?s=96&d=mm&r=g","url":"https:\/\/secure.gravatar.com\/avatar\/e0a867bdedb85fd243eadf09663511f96fc81e0720a4a42581f334ad4303aa6b?s=96&d=mm&r=g","contentUrl":"https:\/\/secure.gravatar.com\/avatar\/e0a867bdedb85fd243eadf09663511f96fc81e0720a4a42581f334ad4303aa6b?s=96&d=mm&r=g","caption":"Reda\u00e7\u00e3o"}}]}},"amp_enabled":true,"_links":{"self":[{"href":"https:\/\/www.notibras.com\/site\/wp-json\/wp\/v2\/posts\/381452","targetHints":{"allow":["GET"]}}],"collection":[{"href":"https:\/\/www.notibras.com\/site\/wp-json\/wp\/v2\/posts"}],"about":[{"href":"https:\/\/www.notibras.com\/site\/wp-json\/wp\/v2\/types\/post"}],"author":[{"embeddable":true,"href":"https:\/\/www.notibras.com\/site\/wp-json\/wp\/v2\/users\/2"}],"replies":[{"embeddable":true,"href":"https:\/\/www.notibras.com\/site\/wp-json\/wp\/v2\/comments?post=381452"}],"version-history":[{"count":1,"href":"https:\/\/www.notibras.com\/site\/wp-json\/wp\/v2\/posts\/381452\/revisions"}],"predecessor-version":[{"id":381454,"href":"https:\/\/www.notibras.com\/site\/wp-json\/wp\/v2\/posts\/381452\/revisions\/381454"}],"wp:featuredmedia":[{"embeddable":true,"href":"https:\/\/www.notibras.com\/site\/wp-json\/wp\/v2\/media\/381453"}],"wp:attachment":[{"href":"https:\/\/www.notibras.com\/site\/wp-json\/wp\/v2\/media?parent=381452"}],"wp:term":[{"taxonomy":"category","embeddable":true,"href":"https:\/\/www.notibras.com\/site\/wp-json\/wp\/v2\/categories?post=381452"},{"taxonomy":"post_tag","embeddable":true,"href":"https:\/\/www.notibras.com\/site\/wp-json\/wp\/v2\/tags?post=381452"}],"curies":[{"name":"wp","href":"https:\/\/api.w.org\/{rel}","templated":true}]}}