{"id":381455,"date":"2026-02-01T00:00:41","date_gmt":"2026-02-01T03:00:41","guid":{"rendered":"https:\/\/www.notibras.com\/site\/?p=381455"},"modified":"2026-02-01T08:24:11","modified_gmt":"2026-02-01T11:24:11","slug":"encontrada-menina-de-4-anos-que-desapareceu-em-regiao-de-mata","status":"publish","type":"post","link":"https:\/\/www.notibras.com\/site\/encontrada-menina-de-4-anos-que-desapareceu-em-regiao-de-mata\/","title":{"rendered":"Encontrada menina de 4 anos que desapareceu em regi\u00e3o de mata"},"content":{"rendered":"<p>O Corpo de Bombeiros de Minas Gerais resgatou, neste s\u00e1bado (31), a menina Alice Maciel Lacerda Lisboa, de 4 anos, que havia desaparecido na \u00faltima quinta-feira (29), em uma \u00e1rea de mata no povoado de Bituri, em Jeceaba, regi\u00e3o metropolitana de Belo Horizonte.<\/p>\n<p>Ela foi localizada por volunt\u00e1rios locais que integravam a for\u00e7a-tarefa formada por bombeiros, policiais civis e militares, agentes da Defesa Civil e moradores da regi\u00e3o. Ap\u00f3s avistada, o Corpo de Bombeiros foi avisado e resgatou a menina.<\/p>\n<p>A corpora\u00e7\u00e3o publicou nas redes sociais uma imagem de Alice Maciel nos bra\u00e7os de um dos socorristas. \u201cAp\u00f3s 48 horas de buscas, a menina Alice foi encontrada com vida\u201d, diz uma bombeira na publica\u00e7\u00e3o.<\/p>\n<p>Logo ap\u00f3s o resgate, ela foi encaminhada para atendimento hospitalar. Segundo os bombeiros, a crian\u00e7a foi encontrada bem, com sinais vitais preservados e algumas marcas de capim pelo corpo.<\/p>\n<p>\u201cLogo estar\u00e1 junto a seus familiares\u201d, diz uma socorrista.<\/p>\n<p><strong>Desaparecimento<\/strong><br \/>\nQuase 40 militares dos bombeiros chegaram a participar da opera\u00e7\u00e3o de busca, iniciada na tarde de quinta-feira. As buscas contaram tamb\u00e9m com drones de varredura e c\u00e2meras t\u00e9rmicas. Os bombeiros classificaram a regi\u00e3o de busca como uma mata de dif\u00edcil acesso.<\/p>\n<p>Durante a campanha de busca, a fam\u00edlia informou que a menina tem o transtorno do espectro autista (TEA) n\u00e3o verbal e n\u00e3o sabe se comunicar, al\u00e9m de precisar tomar medicamentos controlados.<\/p>\n<p><strong>Amber Alert<\/strong><br \/>\nUma campanha de divulga\u00e7\u00e3o foi compartilhada pelas redes sociais. O Minist\u00e9rio da Justi\u00e7a e da Seguran\u00e7a P\u00fablica acionou a rede Amber Alert \u2013 voltada para o desaparecimento de pessoas \u2013 para divulgar alertas em busca do paradeiro de Alice.<\/p>\n<p>A plataforma foi desenvolvida nos Estados Unidos e integra as pol\u00edcias civil de todo o pa\u00eds com a Meta, empresa respons\u00e1vel pelo Instagram, Facebook e WhatsApp.<\/p>\n<p>Quando uma crian\u00e7a desaparece ou \u00e9 sequestrada, o sistema \u00e9 ativado, e um comunicado \u00e9 encaminhado \u00e0s plataformas da Meta para publicar o comunicado no raio de at\u00e9 160 quil\u00f4metros do local do fato ocorrido.<\/p>\n","protected":false},"excerpt":{"rendered":"<p>O Corpo de Bombeiros de Minas Gerais resgatou, neste s\u00e1bado (31), a menina Alice Maciel Lacerda Lisboa, de 4 anos, que havia desaparecido na \u00faltima quinta-feira (29), em uma \u00e1rea de mata no povoado de Bituri, em Jeceaba, regi\u00e3o metropolitana de Belo Horizonte. Ela foi localizada por volunt\u00e1rios locais que integravam a for\u00e7a-tarefa formada por [&hellip;]<\/p>\n","protected":false},"author":2,"featured_media":381456,"comment_status":"closed","ping_status":"closed","sticky":false,"template":"","format":"standard","meta":{"_acf_changed":false,"footnotes":""},"categories":[16],"tags":[],"class_list":["post-381455","post","type-post","status-publish","format-standard","has-post-thumbnail","hentry","category-brasil"],"acf":[],"yoast_head":"<!-- This site is optimized with the Yoast SEO plugin v27.2 - https:\/\/yoast.com\/product\/yoast-seo-wordpress\/ -->\n<title>Encontrada menina de 4 anos que desapareceu em regi\u00e3o de mata - Notibras<\/title>\n<meta name=\"robots\" content=\"index, follow, max-snippet:-1, max-image-preview:large, max-video-preview:-1\" \/>\n<link rel=\"canonical\" href=\"https:\/\/www.notibras.com\/site\/encontrada-menina-de-4-anos-que-desapareceu-em-regiao-de-mata\/\" \/>\n<meta property=\"og:locale\" content=\"pt_BR\" \/>\n<meta property=\"og:type\" content=\"article\" \/>\n<meta property=\"og:title\" content=\"Encontrada menina de 4 anos que desapareceu em regi\u00e3o de mata - Notibras\" \/>\n<meta property=\"og:description\" content=\"O Corpo de Bombeiros de Minas Gerais resgatou, neste s\u00e1bado (31), a menina Alice Maciel Lacerda Lisboa, de 4 anos, que havia desaparecido na \u00faltima quinta-feira (29), em uma \u00e1rea de mata no povoado de Bituri, em Jeceaba, regi\u00e3o metropolitana de Belo Horizonte. Ela foi localizada por volunt\u00e1rios locais que integravam a for\u00e7a-tarefa formada por [&hellip;]\" \/>\n<meta property=\"og:url\" content=\"https:\/\/www.notibras.com\/site\/encontrada-menina-de-4-anos-que-desapareceu-em-regiao-de-mata\/\" \/>\n<meta property=\"og:site_name\" content=\"Notibras\" \/>\n<meta property=\"article:publisher\" content=\"https:\/\/www.facebook.com\/notibras\/\" \/>\n<meta property=\"article:published_time\" content=\"2026-02-01T03:00:41+00:00\" \/>\n<meta property=\"article:modified_time\" content=\"2026-02-01T11:24:11+00:00\" \/>\n<meta property=\"og:image\" content=\"https:\/\/www.notibras.com\/site\/wp-content\/uploads\/2026\/02\/captura_de_tela_2026-01-31_163751_copy_2.webp\" \/>\n\t<meta property=\"og:image:width\" content=\"1170\" \/>\n\t<meta property=\"og:image:height\" content=\"700\" \/>\n\t<meta property=\"og:image:type\" content=\"image\/webp\" \/>\n<meta name=\"author\" content=\"Reda\u00e7\u00e3o\" \/>\n<meta name=\"twitter:card\" content=\"summary_large_image\" \/>\n<meta name=\"twitter:creator\" content=\"@Notibras\" \/>\n<meta name=\"twitter:site\" content=\"@Notibras\" \/>\n<meta name=\"twitter:label1\" content=\"Escrito por\" \/>\n\t<meta name=\"twitter:data1\" content=\"Reda\u00e7\u00e3o\" \/>\n\t<meta name=\"twitter:label2\" content=\"Est. tempo de leitura\" \/>\n\t<meta name=\"twitter:data2\" content=\"3 minutos\" \/>\n<script type=\"application\/ld+json\" class=\"yoast-schema-graph\">{\"@context\":\"https:\/\/schema.org\",\"@graph\":[{\"@type\":\"Article\",\"@id\":\"https:\/\/www.notibras.com\/site\/encontrada-menina-de-4-anos-que-desapareceu-em-regiao-de-mata\/#article\",\"isPartOf\":{\"@id\":\"https:\/\/www.notibras.com\/site\/encontrada-menina-de-4-anos-que-desapareceu-em-regiao-de-mata\/\"},\"author\":{\"name\":\"Reda\u00e7\u00e3o\",\"@id\":\"https:\/\/www.notibras.com\/site\/#\/schema\/person\/36ab0979449956132d3e5b517ea76ac8\"},\"headline\":\"Encontrada menina de 4 anos que desapareceu em regi\u00e3o de mata\",\"datePublished\":\"2026-02-01T03:00:41+00:00\",\"dateModified\":\"2026-02-01T11:24:11+00:00\",\"mainEntityOfPage\":{\"@id\":\"https:\/\/www.notibras.com\/site\/encontrada-menina-de-4-anos-que-desapareceu-em-regiao-de-mata\/\"},\"wordCount\":359,\"publisher\":{\"@id\":\"https:\/\/www.notibras.com\/site\/#organization\"},\"image\":{\"@id\":\"https:\/\/www.notibras.com\/site\/encontrada-menina-de-4-anos-que-desapareceu-em-regiao-de-mata\/#primaryimage\"},\"thumbnailUrl\":\"https:\/\/www.notibras.com\/site\/wp-content\/uploads\/2026\/02\/captura_de_tela_2026-01-31_163751_copy_2.webp\",\"articleSection\":[\"Brasil\"],\"inLanguage\":\"pt-BR\"},{\"@type\":\"WebPage\",\"@id\":\"https:\/\/www.notibras.com\/site\/encontrada-menina-de-4-anos-que-desapareceu-em-regiao-de-mata\/\",\"url\":\"https:\/\/www.notibras.com\/site\/encontrada-menina-de-4-anos-que-desapareceu-em-regiao-de-mata\/\",\"name\":\"Encontrada menina de 4 anos que desapareceu em regi\u00e3o de mata - Notibras\",\"isPartOf\":{\"@id\":\"https:\/\/www.notibras.com\/site\/#website\"},\"primaryImageOfPage\":{\"@id\":\"https:\/\/www.notibras.com\/site\/encontrada-menina-de-4-anos-que-desapareceu-em-regiao-de-mata\/#primaryimage\"},\"image\":{\"@id\":\"https:\/\/www.notibras.com\/site\/encontrada-menina-de-4-anos-que-desapareceu-em-regiao-de-mata\/#primaryimage\"},\"thumbnailUrl\":\"https:\/\/www.notibras.com\/site\/wp-content\/uploads\/2026\/02\/captura_de_tela_2026-01-31_163751_copy_2.webp\",\"datePublished\":\"2026-02-01T03:00:41+00:00\",\"dateModified\":\"2026-02-01T11:24:11+00:00\",\"breadcrumb\":{\"@id\":\"https:\/\/www.notibras.com\/site\/encontrada-menina-de-4-anos-que-desapareceu-em-regiao-de-mata\/#breadcrumb\"},\"inLanguage\":\"pt-BR\",\"potentialAction\":[{\"@type\":\"ReadAction\",\"target\":[\"https:\/\/www.notibras.com\/site\/encontrada-menina-de-4-anos-que-desapareceu-em-regiao-de-mata\/\"]}]},{\"@type\":\"ImageObject\",\"inLanguage\":\"pt-BR\",\"@id\":\"https:\/\/www.notibras.com\/site\/encontrada-menina-de-4-anos-que-desapareceu-em-regiao-de-mata\/#primaryimage\",\"url\":\"https:\/\/www.notibras.com\/site\/wp-content\/uploads\/2026\/02\/captura_de_tela_2026-01-31_163751_copy_2.webp\",\"contentUrl\":\"https:\/\/www.notibras.com\/site\/wp-content\/uploads\/2026\/02\/captura_de_tela_2026-01-31_163751_copy_2.webp\",\"width\":1170,\"height\":700},{\"@type\":\"BreadcrumbList\",\"@id\":\"https:\/\/www.notibras.com\/site\/encontrada-menina-de-4-anos-que-desapareceu-em-regiao-de-mata\/#breadcrumb\",\"itemListElement\":[{\"@type\":\"ListItem\",\"position\":1,\"name\":\"In\u00edcio\",\"item\":\"https:\/\/www.notibras.com\/site\/\"},{\"@type\":\"ListItem\",\"position\":2,\"name\":\"Encontrada menina de 4 anos que desapareceu em regi\u00e3o de mata\"}]},{\"@type\":\"WebSite\",\"@id\":\"https:\/\/www.notibras.com\/site\/#website\",\"url\":\"https:\/\/www.notibras.com\/site\/\",\"name\":\"Notibras\",\"description\":\"Not\u00edcias de Bras\u00edlia, do Brasil e do Mundo\",\"publisher\":{\"@id\":\"https:\/\/www.notibras.com\/site\/#organization\"},\"potentialAction\":[{\"@type\":\"SearchAction\",\"target\":{\"@type\":\"EntryPoint\",\"urlTemplate\":\"https:\/\/www.notibras.com\/site\/?s={search_term_string}\"},\"query-input\":{\"@type\":\"PropertyValueSpecification\",\"valueRequired\":true,\"valueName\":\"search_term_string\"}}],\"inLanguage\":\"pt-BR\"},{\"@type\":\"Organization\",\"@id\":\"https:\/\/www.notibras.com\/site\/#organization\",\"name\":\"Grupo Notibras de Comunica\u00e7\u00e3o\",\"url\":\"https:\/\/www.notibras.com\/site\/\",\"logo\":{\"@type\":\"ImageObject\",\"inLanguage\":\"pt-BR\",\"@id\":\"https:\/\/www.notibras.com\/site\/#\/schema\/logo\/image\/\",\"url\":\"https:\/\/www.notibras.com\/site\/wp-content\/uploads\/2023\/01\/notibras23.png\",\"contentUrl\":\"https:\/\/www.notibras.com\/site\/wp-content\/uploads\/2023\/01\/notibras23.png\",\"width\":350,\"height\":87,\"caption\":\"Grupo Notibras de Comunica\u00e7\u00e3o\"},\"image\":{\"@id\":\"https:\/\/www.notibras.com\/site\/#\/schema\/logo\/image\/\"},\"sameAs\":[\"https:\/\/www.facebook.com\/notibras\/\",\"https:\/\/x.com\/Notibras\",\"https:\/\/www.instagram.com\/notibras\/\"]},{\"@type\":\"Person\",\"@id\":\"https:\/\/www.notibras.com\/site\/#\/schema\/person\/36ab0979449956132d3e5b517ea76ac8\",\"name\":\"Reda\u00e7\u00e3o\",\"image\":{\"@type\":\"ImageObject\",\"inLanguage\":\"pt-BR\",\"@id\":\"https:\/\/secure.gravatar.com\/avatar\/e0a867bdedb85fd243eadf09663511f96fc81e0720a4a42581f334ad4303aa6b?s=96&d=mm&r=g\",\"url\":\"https:\/\/secure.gravatar.com\/avatar\/e0a867bdedb85fd243eadf09663511f96fc81e0720a4a42581f334ad4303aa6b?s=96&d=mm&r=g\",\"contentUrl\":\"https:\/\/secure.gravatar.com\/avatar\/e0a867bdedb85fd243eadf09663511f96fc81e0720a4a42581f334ad4303aa6b?s=96&d=mm&r=g\",\"caption\":\"Reda\u00e7\u00e3o\"}}]}<\/script>\n<!-- \/ Yoast SEO plugin. -->","yoast_head_json":{"title":"Encontrada menina de 4 anos que desapareceu em regi\u00e3o de mata - Notibras","robots":{"index":"index","follow":"follow","max-snippet":"max-snippet:-1","max-image-preview":"max-image-preview:large","max-video-preview":"max-video-preview:-1"},"canonical":"https:\/\/www.notibras.com\/site\/encontrada-menina-de-4-anos-que-desapareceu-em-regiao-de-mata\/","og_locale":"pt_BR","og_type":"article","og_title":"Encontrada menina de 4 anos que desapareceu em regi\u00e3o de mata - Notibras","og_description":"O Corpo de Bombeiros de Minas Gerais resgatou, neste s\u00e1bado (31), a menina Alice Maciel Lacerda Lisboa, de 4 anos, que havia desaparecido na \u00faltima quinta-feira (29), em uma \u00e1rea de mata no povoado de Bituri, em Jeceaba, regi\u00e3o metropolitana de Belo Horizonte. Ela foi localizada por volunt\u00e1rios locais que integravam a for\u00e7a-tarefa formada por [&hellip;]","og_url":"https:\/\/www.notibras.com\/site\/encontrada-menina-de-4-anos-que-desapareceu-em-regiao-de-mata\/","og_site_name":"Notibras","article_publisher":"https:\/\/www.facebook.com\/notibras\/","article_published_time":"2026-02-01T03:00:41+00:00","article_modified_time":"2026-02-01T11:24:11+00:00","og_image":[{"width":1170,"height":700,"url":"https:\/\/www.notibras.com\/site\/wp-content\/uploads\/2026\/02\/captura_de_tela_2026-01-31_163751_copy_2.webp","type":"image\/webp"}],"author":"Reda\u00e7\u00e3o","twitter_card":"summary_large_image","twitter_creator":"@Notibras","twitter_site":"@Notibras","twitter_misc":{"Escrito por":"Reda\u00e7\u00e3o","Est. tempo de leitura":"3 minutos"},"schema":{"@context":"https:\/\/schema.org","@graph":[{"@type":"Article","@id":"https:\/\/www.notibras.com\/site\/encontrada-menina-de-4-anos-que-desapareceu-em-regiao-de-mata\/#article","isPartOf":{"@id":"https:\/\/www.notibras.com\/site\/encontrada-menina-de-4-anos-que-desapareceu-em-regiao-de-mata\/"},"author":{"name":"Reda\u00e7\u00e3o","@id":"https:\/\/www.notibras.com\/site\/#\/schema\/person\/36ab0979449956132d3e5b517ea76ac8"},"headline":"Encontrada menina de 4 anos que desapareceu em regi\u00e3o de mata","datePublished":"2026-02-01T03:00:41+00:00","dateModified":"2026-02-01T11:24:11+00:00","mainEntityOfPage":{"@id":"https:\/\/www.notibras.com\/site\/encontrada-menina-de-4-anos-que-desapareceu-em-regiao-de-mata\/"},"wordCount":359,"publisher":{"@id":"https:\/\/www.notibras.com\/site\/#organization"},"image":{"@id":"https:\/\/www.notibras.com\/site\/encontrada-menina-de-4-anos-que-desapareceu-em-regiao-de-mata\/#primaryimage"},"thumbnailUrl":"https:\/\/www.notibras.com\/site\/wp-content\/uploads\/2026\/02\/captura_de_tela_2026-01-31_163751_copy_2.webp","articleSection":["Brasil"],"inLanguage":"pt-BR"},{"@type":"WebPage","@id":"https:\/\/www.notibras.com\/site\/encontrada-menina-de-4-anos-que-desapareceu-em-regiao-de-mata\/","url":"https:\/\/www.notibras.com\/site\/encontrada-menina-de-4-anos-que-desapareceu-em-regiao-de-mata\/","name":"Encontrada menina de 4 anos que desapareceu em regi\u00e3o de mata - Notibras","isPartOf":{"@id":"https:\/\/www.notibras.com\/site\/#website"},"primaryImageOfPage":{"@id":"https:\/\/www.notibras.com\/site\/encontrada-menina-de-4-anos-que-desapareceu-em-regiao-de-mata\/#primaryimage"},"image":{"@id":"https:\/\/www.notibras.com\/site\/encontrada-menina-de-4-anos-que-desapareceu-em-regiao-de-mata\/#primaryimage"},"thumbnailUrl":"https:\/\/www.notibras.com\/site\/wp-content\/uploads\/2026\/02\/captura_de_tela_2026-01-31_163751_copy_2.webp","datePublished":"2026-02-01T03:00:41+00:00","dateModified":"2026-02-01T11:24:11+00:00","breadcrumb":{"@id":"https:\/\/www.notibras.com\/site\/encontrada-menina-de-4-anos-que-desapareceu-em-regiao-de-mata\/#breadcrumb"},"inLanguage":"pt-BR","potentialAction":[{"@type":"ReadAction","target":["https:\/\/www.notibras.com\/site\/encontrada-menina-de-4-anos-que-desapareceu-em-regiao-de-mata\/"]}]},{"@type":"ImageObject","inLanguage":"pt-BR","@id":"https:\/\/www.notibras.com\/site\/encontrada-menina-de-4-anos-que-desapareceu-em-regiao-de-mata\/#primaryimage","url":"https:\/\/www.notibras.com\/site\/wp-content\/uploads\/2026\/02\/captura_de_tela_2026-01-31_163751_copy_2.webp","contentUrl":"https:\/\/www.notibras.com\/site\/wp-content\/uploads\/2026\/02\/captura_de_tela_2026-01-31_163751_copy_2.webp","width":1170,"height":700},{"@type":"BreadcrumbList","@id":"https:\/\/www.notibras.com\/site\/encontrada-menina-de-4-anos-que-desapareceu-em-regiao-de-mata\/#breadcrumb","itemListElement":[{"@type":"ListItem","position":1,"name":"In\u00edcio","item":"https:\/\/www.notibras.com\/site\/"},{"@type":"ListItem","position":2,"name":"Encontrada menina de 4 anos que desapareceu em regi\u00e3o de mata"}]},{"@type":"WebSite","@id":"https:\/\/www.notibras.com\/site\/#website","url":"https:\/\/www.notibras.com\/site\/","name":"Notibras","description":"Not\u00edcias de Bras\u00edlia, do Brasil e do Mundo","publisher":{"@id":"https:\/\/www.notibras.com\/site\/#organization"},"potentialAction":[{"@type":"SearchAction","target":{"@type":"EntryPoint","urlTemplate":"https:\/\/www.notibras.com\/site\/?s={search_term_string}"},"query-input":{"@type":"PropertyValueSpecification","valueRequired":true,"valueName":"search_term_string"}}],"inLanguage":"pt-BR"},{"@type":"Organization","@id":"https:\/\/www.notibras.com\/site\/#organization","name":"Grupo Notibras de Comunica\u00e7\u00e3o","url":"https:\/\/www.notibras.com\/site\/","logo":{"@type":"ImageObject","inLanguage":"pt-BR","@id":"https:\/\/www.notibras.com\/site\/#\/schema\/logo\/image\/","url":"https:\/\/www.notibras.com\/site\/wp-content\/uploads\/2023\/01\/notibras23.png","contentUrl":"https:\/\/www.notibras.com\/site\/wp-content\/uploads\/2023\/01\/notibras23.png","width":350,"height":87,"caption":"Grupo Notibras de Comunica\u00e7\u00e3o"},"image":{"@id":"https:\/\/www.notibras.com\/site\/#\/schema\/logo\/image\/"},"sameAs":["https:\/\/www.facebook.com\/notibras\/","https:\/\/x.com\/Notibras","https:\/\/www.instagram.com\/notibras\/"]},{"@type":"Person","@id":"https:\/\/www.notibras.com\/site\/#\/schema\/person\/36ab0979449956132d3e5b517ea76ac8","name":"Reda\u00e7\u00e3o","image":{"@type":"ImageObject","inLanguage":"pt-BR","@id":"https:\/\/secure.gravatar.com\/avatar\/e0a867bdedb85fd243eadf09663511f96fc81e0720a4a42581f334ad4303aa6b?s=96&d=mm&r=g","url":"https:\/\/secure.gravatar.com\/avatar\/e0a867bdedb85fd243eadf09663511f96fc81e0720a4a42581f334ad4303aa6b?s=96&d=mm&r=g","contentUrl":"https:\/\/secure.gravatar.com\/avatar\/e0a867bdedb85fd243eadf09663511f96fc81e0720a4a42581f334ad4303aa6b?s=96&d=mm&r=g","caption":"Reda\u00e7\u00e3o"}}]}},"amp_enabled":true,"_links":{"self":[{"href":"https:\/\/www.notibras.com\/site\/wp-json\/wp\/v2\/posts\/381455","targetHints":{"allow":["GET"]}}],"collection":[{"href":"https:\/\/www.notibras.com\/site\/wp-json\/wp\/v2\/posts"}],"about":[{"href":"https:\/\/www.notibras.com\/site\/wp-json\/wp\/v2\/types\/post"}],"author":[{"embeddable":true,"href":"https:\/\/www.notibras.com\/site\/wp-json\/wp\/v2\/users\/2"}],"replies":[{"embeddable":true,"href":"https:\/\/www.notibras.com\/site\/wp-json\/wp\/v2\/comments?post=381455"}],"version-history":[{"count":1,"href":"https:\/\/www.notibras.com\/site\/wp-json\/wp\/v2\/posts\/381455\/revisions"}],"predecessor-version":[{"id":381457,"href":"https:\/\/www.notibras.com\/site\/wp-json\/wp\/v2\/posts\/381455\/revisions\/381457"}],"wp:featuredmedia":[{"embeddable":true,"href":"https:\/\/www.notibras.com\/site\/wp-json\/wp\/v2\/media\/381456"}],"wp:attachment":[{"href":"https:\/\/www.notibras.com\/site\/wp-json\/wp\/v2\/media?parent=381455"}],"wp:term":[{"taxonomy":"category","embeddable":true,"href":"https:\/\/www.notibras.com\/site\/wp-json\/wp\/v2\/categories?post=381455"},{"taxonomy":"post_tag","embeddable":true,"href":"https:\/\/www.notibras.com\/site\/wp-json\/wp\/v2\/tags?post=381455"}],"curies":[{"name":"wp","href":"https:\/\/api.w.org\/{rel}","templated":true}]}}