{"id":381458,"date":"2026-02-01T00:27:33","date_gmt":"2026-02-01T03:27:33","guid":{"rendered":"https:\/\/www.notibras.com\/site\/?p=381458"},"modified":"2026-02-01T08:29:42","modified_gmt":"2026-02-01T11:29:42","slug":"justica-do-trabalho-inicia-acoes-para-atender-ribeirinhos","status":"publish","type":"post","link":"https:\/\/www.notibras.com\/site\/justica-do-trabalho-inicia-acoes-para-atender-ribeirinhos\/","title":{"rendered":"Justi\u00e7a do Trabalho inicia a\u00e7\u00f5es para atender ribeirinhos"},"content":{"rendered":"<p>A Justi\u00e7a do Trabalho inicia a partir do dia 4 a\u00e7\u00f5es de Justi\u00e7a Itinerante com foco no acesso das pessoas que n\u00e3o conseguem chegar a uma vara trabalhista. O municipio escolhido como primeiro ponto de parada \u00e9 Araguatins, no Tocantins. O objetivo \u00e9 atender trabalhadores e comunidades em territ\u00f3rios remotos, como ribeirinhos, ind\u00edgenas, quilombolas e popula\u00e7\u00f5es de periferias urbanas, especialmente em exclus\u00e3o digital.<\/p>\n<p>A iniciativa, chamada Cidadania aqui com voc\u00ea, promove um mutir\u00e3o de atendimentos, com orienta\u00e7\u00f5es e recebimento de den\u00fancias sobre quest\u00f5es trabalhistas; solu\u00e7\u00e3o de conflitos na \u00e1rea do trabalho; emiss\u00e3o de documentos como carteira de trabalho, identidade, t\u00edtulo de eleitor e orienta\u00e7\u00f5es jur\u00eddicas diversas.<\/p>\n<p>O projeto, que se estende at\u00e9 o dia 8, tem parceria nas \u00e1reas federal, estadual e municipal, incluindo atendimento com m\u00e9dicos e dentistas, previdenci\u00e1rio e cerim\u00f4nia de casamento coletivo. Os servi\u00e7os s\u00e3o gratuitos. A expectativa \u00e9 que o programa beneficie entre 700 a 1.000 pessoas diariamente.<\/p>\n<p>\u201cA ideia do casamento comunit\u00e1rio \u00e9 para que as fam\u00edlias possam ter uma situa\u00e7\u00e3o regularizada perante o Estado e isso gere prote\u00e7\u00e3o aos filhos. A a\u00e7\u00e3o tamb\u00e9m \u00e9 voltada \u00e0 prote\u00e7\u00e3o da inf\u00e2ncia e adolesc\u00eancia com atendimento de 7 a 10 mil pessoas durante o per\u00edodo\u201d, disse \u00e0 Ag\u00eancia Brasil o coordenador do programa e juiz auxiliar da Presid\u00eancia do Conselho Superior da Justi\u00e7a do Trabalho (CSJT), Ot\u00e1vio Ferreira.<\/p>\n<p><strong>Pol\u00edtica nacional <\/strong><br \/>\nAs a\u00e7\u00f5es integram a Pol\u00edtica Nacional de Justi\u00e7a Itinerante e Inclus\u00e3o Digital da Justi\u00e7a do Trabalho (PNJIID), aprovada pelo CSJT, em dezembro do ano passado e que determina que a itiner\u00e2ncia passe a ter car\u00e1ter obrigat\u00f3rio na Justi\u00e7a do Trabalho em todo o territ\u00f3rio nacional.<\/p>\n<p>Nas itiner\u00e2ncias, magistrados e servidores da Justi\u00e7a do Trabalho ficam inseridos na comunidade e \u00e0 disposi\u00e7\u00e3o dos cidad\u00e3os para, al\u00e9m de oferecer atendimento jur\u00eddico, prestar informa\u00e7\u00f5es, tirar d\u00favidas, realizar palestras, colher sugest\u00f5es.<\/p>\n<p>Araguatins, que fica na regi\u00e3o do Bico do Papagaio, divisa do Tocantins, Par\u00e1 e Maranh\u00e3o, foi escolhida a partir de um processo que identificou uma s\u00e9rie de vulnerabilidades socioecon\u00f4micas no munic\u00edpio, o mais populoso da regi\u00e3o.<\/p>\n<p>\u201cFizemos um mapeamento da situa\u00e7\u00e3oe identificamos que Araguatins tem mais de 70% da m\u00e3o de obra em um mercado informal, alto risco de explora\u00e7\u00e3o do trabalho infantil, alta possibilidade de aliciamento de pessoas para o trabalho escravo contempor\u00e2neo. H\u00e1 d\u00e9ficit de cidadania em virtude da aus\u00eancia de determinados \u00f3rg\u00e3os que possam prestar servi\u00e7o diretamente \u00e0 popula\u00e7\u00e3o no local\u201d, disse o coordenador.<\/p>\n<p>De acordo com Ferreira, o cen\u00e1rio na \u00e1rea \u00e9 de popula\u00e7\u00f5es tradicionais, quilombolas, ribeirinhas, extrativistas e que merece aten\u00e7\u00e3o do Estado.<\/p>\n<p><strong>Primeira a\u00e7\u00e3o<\/strong><br \/>\nNesta primeira a\u00e7\u00e3o, juntamente com a Justi\u00e7a do Trabalho, participam Ex\u00e9rcito Brasileiro, Justi\u00e7a Estadual, Justi\u00e7a Federal, Defensoria P\u00fablica, Minist\u00e9rio P\u00fablico Estadual e Federal, Advocacia Geral da Uni\u00e3o, Cart\u00f3rios, INSS, Caixa Econ\u00f4mica Federal, Superintend\u00eancia Regional do Trabalho e Emprego.<\/p>\n<p>Al\u00e9m disso, representantes do Minist\u00e9rio do Minist\u00e9rio do Desenvolvimento Agr\u00e1rio e Agricultura Familiar e do INCRA tamb\u00e9m far\u00e3o parte do mutir\u00e3o da cidadania.<\/p>\n<p>Para os atendimentos, os interessados devem levar os documentos de identifica\u00e7\u00e3o que estiverem dispon\u00edveis, al\u00e9m de outros que possam auxiliar nos atendimentos jur\u00eddicos, sociais e de sa\u00fade. Na programa\u00e7\u00e3o ainda constam palestras e momentos de escuta com alunos e professores de escolas locais e p\u00fablico em geral.<\/p>\n<p>A cerim\u00f4nia de casamento coletivo ser\u00e1 no dia 8 de fevereiro, pela manh\u00e3, \u00e9 destinada a casais com renda de at\u00e9 tr\u00eas sal\u00e1rios m\u00ednimos que ainda n\u00e3o formalizaram a uni\u00e3o civil.<\/p>\n<p>O juiz trabalhista destacou ainda que o processo para chegar a um \u201cverdadeiro acesso amplo e substancial \u00e0 justi\u00e7a\u201d, tamb\u00e9m passa por informar as pessoas sobre seus direitos e, por isso, a import\u00e2ncia de que a Justi\u00e7a v\u00e1 para os territ\u00f3rios.<\/p>\n<p>\u201cIsso gera na popula\u00e7\u00e3o atendida a confian\u00e7a de que o Estado est\u00e1 presente, de que o Estado pode ser acionado. O distanciamento do Estado com a popula\u00e7\u00e3o gera situa\u00e7\u00e3o de inseguran\u00e7a, de insensibilidade e falta de confian\u00e7a na institui\u00e7\u00e3o.&#8221;<\/p>\n<p>Pelo calend\u00e1rio, a pr\u00f3xima a\u00e7\u00e3o do programa ser\u00e1 em abril, no Oiapoque, no Amap\u00e1. Em maio, ser\u00e1 a vez da regi\u00e3o da Ilha de Maraj\u00f3 (Melga\u00e7o e Portel), no Par\u00e1, em maio. Em junho a itiner\u00e2ncia vai aportar em Pacaraima, em Roraima.<\/p>\n<p>Veja abaixo os atendimentos que ser\u00e3o oferecidos<\/p>\n<p><strong>Jur\u00eddicos<\/strong><br \/>\n\u2022 Atendimentos<br \/>\n\u2022 Formaliza\u00e7\u00e3o de pedido judicial<br \/>\n\u2022 Audi\u00eancias<br \/>\n\u2022 Acompanhamento de processos<br \/>\n\u2022 Decis\u00f5es<\/p>\n<p><strong>Orienta\u00e7\u00f5es<\/strong><br \/>\n\u2022 Carteira de trabalho (CTPS)<br \/>\n\u2022 V\u00ednculo empregat\u00edcio<br \/>\n\u2022 Sal\u00e1rio m\u00ednimo<br \/>\n\u2022 Hora extra<br \/>\n\u2022 F\u00e9rias<br \/>\n\u2022 13\u00ba sal\u00e1rio<br \/>\n\u2022 FGTS<br \/>\n\u2022 Aviso-pr\u00e9vio<br \/>\n\u2022 Licen\u00e7as<\/p>\n<p><strong>Sa\u00fade<\/strong><br \/>\n\u2022 Atendimentos gerais com dentista<br \/>\n\u2022 Atendimentos gerais com m\u00e9dico<br \/>\nEmiss\u00e3o e regulariza\u00e7\u00e3o de documentos<br \/>\n\u2022 Certid\u00f5es de nascimento, casamento e \u00f3bito<br \/>\n\u2022 Carteira de identidade<br \/>\n\u2022 Carteira de trabalho<br \/>\n\u2022 T\u00edtulo de eleitor<\/p>\n<p><strong>INSS<\/strong><br \/>\n\u2022 Per\u00edcias<br \/>\n\u2022 Atendimento Previdenci\u00e1rio<\/p>\n<p><strong>Receita Federal<\/strong><br \/>\n\u2022 Orienta\u00e7\u00f5es sobre Imposto de Renda<br \/>\n\u2022 Emiss\u00e3o e regulariza\u00e7\u00e3o de CPF<br \/>\n\u2022 Cadastro e atualiza\u00e7\u00e3o no Cad\u00danico<\/p>\n<p><strong>Incra e MDA<\/strong><br \/>\n\u2022 Emiss\u00e3o de CAF (Cadastro Nacional de Agricultura Familiar)<br \/>\n\u2022 Servi\u00e7os financeiros do Pronaf e Desenrola, com Basa e Caixa<br \/>\n\u2022 Regulariza\u00e7\u00e3o de lotes em projetos de assentamento e emiss\u00e3o de Contratos de Concess\u00e3o de Uso<br \/>\n\u2022 Atualiza\u00e7\u00e3o cadastral de benefici\u00e1rios da reforma agr\u00e1ria<br \/>\n\u2022 Realiza\u00e7\u00e3o de vistorias ocupacionais de lotes<br \/>\n\u2022 Informa\u00e7\u00f5es sobre cr\u00e9ditos de instala\u00e7\u00e3o<br \/>\n\u2022 Orienta\u00e7\u00e3o para procedimentos de titula\u00e7\u00e3o<br \/>\n\u2022 Esclarecimentos sobre pol\u00edticas p\u00fablicas executadas pelo INCRA no \u00e2mbito da reforma agr\u00e1ria.<\/p>\n","protected":false},"excerpt":{"rendered":"<p>A Justi\u00e7a do Trabalho inicia a partir do dia 4 a\u00e7\u00f5es de Justi\u00e7a Itinerante com foco no acesso das pessoas que n\u00e3o conseguem chegar a uma vara trabalhista. O municipio escolhido como primeiro ponto de parada \u00e9 Araguatins, no Tocantins. O objetivo \u00e9 atender trabalhadores e comunidades em territ\u00f3rios remotos, como ribeirinhos, ind\u00edgenas, quilombolas e [&hellip;]<\/p>\n","protected":false},"author":2,"featured_media":381459,"comment_status":"closed","ping_status":"closed","sticky":false,"template":"","format":"standard","meta":{"_acf_changed":false,"footnotes":""},"categories":[16],"tags":[],"class_list":["post-381458","post","type-post","status-publish","format-standard","has-post-thumbnail","hentry","category-brasil"],"acf":[],"yoast_head":"<!-- This site is optimized with the Yoast SEO plugin v27.2 - https:\/\/yoast.com\/product\/yoast-seo-wordpress\/ -->\n<title>Justi\u00e7a do Trabalho inicia a\u00e7\u00f5es para atender ribeirinhos - Notibras<\/title>\n<meta name=\"robots\" content=\"index, follow, max-snippet:-1, max-image-preview:large, max-video-preview:-1\" \/>\n<link rel=\"canonical\" href=\"https:\/\/www.notibras.com\/site\/justica-do-trabalho-inicia-acoes-para-atender-ribeirinhos\/\" \/>\n<meta property=\"og:locale\" content=\"pt_BR\" \/>\n<meta property=\"og:type\" content=\"article\" \/>\n<meta property=\"og:title\" content=\"Justi\u00e7a do Trabalho inicia a\u00e7\u00f5es para atender ribeirinhos - Notibras\" \/>\n<meta property=\"og:description\" content=\"A Justi\u00e7a do Trabalho inicia a partir do dia 4 a\u00e7\u00f5es de Justi\u00e7a Itinerante com foco no acesso das pessoas que n\u00e3o conseguem chegar a uma vara trabalhista. O municipio escolhido como primeiro ponto de parada \u00e9 Araguatins, no Tocantins. O objetivo \u00e9 atender trabalhadores e comunidades em territ\u00f3rios remotos, como ribeirinhos, ind\u00edgenas, quilombolas e [&hellip;]\" \/>\n<meta property=\"og:url\" content=\"https:\/\/www.notibras.com\/site\/justica-do-trabalho-inicia-acoes-para-atender-ribeirinhos\/\" \/>\n<meta property=\"og:site_name\" content=\"Notibras\" \/>\n<meta property=\"article:publisher\" content=\"https:\/\/www.facebook.com\/notibras\/\" \/>\n<meta property=\"article:published_time\" content=\"2026-02-01T03:27:33+00:00\" \/>\n<meta property=\"article:modified_time\" content=\"2026-02-01T11:29:42+00:00\" \/>\n<meta property=\"og:image\" content=\"https:\/\/www.notibras.com\/site\/wp-content\/uploads\/2026\/02\/119649.webp\" \/>\n\t<meta property=\"og:image:width\" content=\"1170\" \/>\n\t<meta property=\"og:image:height\" content=\"700\" \/>\n\t<meta property=\"og:image:type\" content=\"image\/webp\" \/>\n<meta name=\"author\" content=\"Reda\u00e7\u00e3o\" \/>\n<meta name=\"twitter:card\" content=\"summary_large_image\" \/>\n<meta name=\"twitter:creator\" content=\"@Notibras\" \/>\n<meta name=\"twitter:site\" content=\"@Notibras\" \/>\n<meta name=\"twitter:label1\" content=\"Escrito por\" \/>\n\t<meta name=\"twitter:data1\" content=\"Reda\u00e7\u00e3o\" \/>\n\t<meta name=\"twitter:label2\" content=\"Est. tempo de leitura\" \/>\n\t<meta name=\"twitter:data2\" content=\"6 minutos\" \/>\n<script type=\"application\/ld+json\" class=\"yoast-schema-graph\">{\"@context\":\"https:\/\/schema.org\",\"@graph\":[{\"@type\":\"Article\",\"@id\":\"https:\/\/www.notibras.com\/site\/justica-do-trabalho-inicia-acoes-para-atender-ribeirinhos\/#article\",\"isPartOf\":{\"@id\":\"https:\/\/www.notibras.com\/site\/justica-do-trabalho-inicia-acoes-para-atender-ribeirinhos\/\"},\"author\":{\"name\":\"Reda\u00e7\u00e3o\",\"@id\":\"https:\/\/www.notibras.com\/site\/#\/schema\/person\/36ab0979449956132d3e5b517ea76ac8\"},\"headline\":\"Justi\u00e7a do Trabalho inicia a\u00e7\u00f5es para atender ribeirinhos\",\"datePublished\":\"2026-02-01T03:27:33+00:00\",\"dateModified\":\"2026-02-01T11:29:42+00:00\",\"mainEntityOfPage\":{\"@id\":\"https:\/\/www.notibras.com\/site\/justica-do-trabalho-inicia-acoes-para-atender-ribeirinhos\/\"},\"wordCount\":995,\"publisher\":{\"@id\":\"https:\/\/www.notibras.com\/site\/#organization\"},\"image\":{\"@id\":\"https:\/\/www.notibras.com\/site\/justica-do-trabalho-inicia-acoes-para-atender-ribeirinhos\/#primaryimage\"},\"thumbnailUrl\":\"https:\/\/www.notibras.com\/site\/wp-content\/uploads\/2026\/02\/119649.webp\",\"articleSection\":[\"Brasil\"],\"inLanguage\":\"pt-BR\"},{\"@type\":\"WebPage\",\"@id\":\"https:\/\/www.notibras.com\/site\/justica-do-trabalho-inicia-acoes-para-atender-ribeirinhos\/\",\"url\":\"https:\/\/www.notibras.com\/site\/justica-do-trabalho-inicia-acoes-para-atender-ribeirinhos\/\",\"name\":\"Justi\u00e7a do Trabalho inicia a\u00e7\u00f5es para atender ribeirinhos - Notibras\",\"isPartOf\":{\"@id\":\"https:\/\/www.notibras.com\/site\/#website\"},\"primaryImageOfPage\":{\"@id\":\"https:\/\/www.notibras.com\/site\/justica-do-trabalho-inicia-acoes-para-atender-ribeirinhos\/#primaryimage\"},\"image\":{\"@id\":\"https:\/\/www.notibras.com\/site\/justica-do-trabalho-inicia-acoes-para-atender-ribeirinhos\/#primaryimage\"},\"thumbnailUrl\":\"https:\/\/www.notibras.com\/site\/wp-content\/uploads\/2026\/02\/119649.webp\",\"datePublished\":\"2026-02-01T03:27:33+00:00\",\"dateModified\":\"2026-02-01T11:29:42+00:00\",\"breadcrumb\":{\"@id\":\"https:\/\/www.notibras.com\/site\/justica-do-trabalho-inicia-acoes-para-atender-ribeirinhos\/#breadcrumb\"},\"inLanguage\":\"pt-BR\",\"potentialAction\":[{\"@type\":\"ReadAction\",\"target\":[\"https:\/\/www.notibras.com\/site\/justica-do-trabalho-inicia-acoes-para-atender-ribeirinhos\/\"]}]},{\"@type\":\"ImageObject\",\"inLanguage\":\"pt-BR\",\"@id\":\"https:\/\/www.notibras.com\/site\/justica-do-trabalho-inicia-acoes-para-atender-ribeirinhos\/#primaryimage\",\"url\":\"https:\/\/www.notibras.com\/site\/wp-content\/uploads\/2026\/02\/119649.webp\",\"contentUrl\":\"https:\/\/www.notibras.com\/site\/wp-content\/uploads\/2026\/02\/119649.webp\",\"width\":1170,\"height\":700},{\"@type\":\"BreadcrumbList\",\"@id\":\"https:\/\/www.notibras.com\/site\/justica-do-trabalho-inicia-acoes-para-atender-ribeirinhos\/#breadcrumb\",\"itemListElement\":[{\"@type\":\"ListItem\",\"position\":1,\"name\":\"In\u00edcio\",\"item\":\"https:\/\/www.notibras.com\/site\/\"},{\"@type\":\"ListItem\",\"position\":2,\"name\":\"Justi\u00e7a do Trabalho inicia a\u00e7\u00f5es para atender ribeirinhos\"}]},{\"@type\":\"WebSite\",\"@id\":\"https:\/\/www.notibras.com\/site\/#website\",\"url\":\"https:\/\/www.notibras.com\/site\/\",\"name\":\"Notibras\",\"description\":\"Not\u00edcias de Bras\u00edlia, do Brasil e do Mundo\",\"publisher\":{\"@id\":\"https:\/\/www.notibras.com\/site\/#organization\"},\"potentialAction\":[{\"@type\":\"SearchAction\",\"target\":{\"@type\":\"EntryPoint\",\"urlTemplate\":\"https:\/\/www.notibras.com\/site\/?s={search_term_string}\"},\"query-input\":{\"@type\":\"PropertyValueSpecification\",\"valueRequired\":true,\"valueName\":\"search_term_string\"}}],\"inLanguage\":\"pt-BR\"},{\"@type\":\"Organization\",\"@id\":\"https:\/\/www.notibras.com\/site\/#organization\",\"name\":\"Grupo Notibras de Comunica\u00e7\u00e3o\",\"url\":\"https:\/\/www.notibras.com\/site\/\",\"logo\":{\"@type\":\"ImageObject\",\"inLanguage\":\"pt-BR\",\"@id\":\"https:\/\/www.notibras.com\/site\/#\/schema\/logo\/image\/\",\"url\":\"https:\/\/www.notibras.com\/site\/wp-content\/uploads\/2023\/01\/notibras23.png\",\"contentUrl\":\"https:\/\/www.notibras.com\/site\/wp-content\/uploads\/2023\/01\/notibras23.png\",\"width\":350,\"height\":87,\"caption\":\"Grupo Notibras de Comunica\u00e7\u00e3o\"},\"image\":{\"@id\":\"https:\/\/www.notibras.com\/site\/#\/schema\/logo\/image\/\"},\"sameAs\":[\"https:\/\/www.facebook.com\/notibras\/\",\"https:\/\/x.com\/Notibras\",\"https:\/\/www.instagram.com\/notibras\/\"]},{\"@type\":\"Person\",\"@id\":\"https:\/\/www.notibras.com\/site\/#\/schema\/person\/36ab0979449956132d3e5b517ea76ac8\",\"name\":\"Reda\u00e7\u00e3o\",\"image\":{\"@type\":\"ImageObject\",\"inLanguage\":\"pt-BR\",\"@id\":\"https:\/\/secure.gravatar.com\/avatar\/e0a867bdedb85fd243eadf09663511f96fc81e0720a4a42581f334ad4303aa6b?s=96&d=mm&r=g\",\"url\":\"https:\/\/secure.gravatar.com\/avatar\/e0a867bdedb85fd243eadf09663511f96fc81e0720a4a42581f334ad4303aa6b?s=96&d=mm&r=g\",\"contentUrl\":\"https:\/\/secure.gravatar.com\/avatar\/e0a867bdedb85fd243eadf09663511f96fc81e0720a4a42581f334ad4303aa6b?s=96&d=mm&r=g\",\"caption\":\"Reda\u00e7\u00e3o\"}}]}<\/script>\n<!-- \/ Yoast SEO plugin. -->","yoast_head_json":{"title":"Justi\u00e7a do Trabalho inicia a\u00e7\u00f5es para atender ribeirinhos - Notibras","robots":{"index":"index","follow":"follow","max-snippet":"max-snippet:-1","max-image-preview":"max-image-preview:large","max-video-preview":"max-video-preview:-1"},"canonical":"https:\/\/www.notibras.com\/site\/justica-do-trabalho-inicia-acoes-para-atender-ribeirinhos\/","og_locale":"pt_BR","og_type":"article","og_title":"Justi\u00e7a do Trabalho inicia a\u00e7\u00f5es para atender ribeirinhos - Notibras","og_description":"A Justi\u00e7a do Trabalho inicia a partir do dia 4 a\u00e7\u00f5es de Justi\u00e7a Itinerante com foco no acesso das pessoas que n\u00e3o conseguem chegar a uma vara trabalhista. O municipio escolhido como primeiro ponto de parada \u00e9 Araguatins, no Tocantins. O objetivo \u00e9 atender trabalhadores e comunidades em territ\u00f3rios remotos, como ribeirinhos, ind\u00edgenas, quilombolas e [&hellip;]","og_url":"https:\/\/www.notibras.com\/site\/justica-do-trabalho-inicia-acoes-para-atender-ribeirinhos\/","og_site_name":"Notibras","article_publisher":"https:\/\/www.facebook.com\/notibras\/","article_published_time":"2026-02-01T03:27:33+00:00","article_modified_time":"2026-02-01T11:29:42+00:00","og_image":[{"width":1170,"height":700,"url":"https:\/\/www.notibras.com\/site\/wp-content\/uploads\/2026\/02\/119649.webp","type":"image\/webp"}],"author":"Reda\u00e7\u00e3o","twitter_card":"summary_large_image","twitter_creator":"@Notibras","twitter_site":"@Notibras","twitter_misc":{"Escrito por":"Reda\u00e7\u00e3o","Est. tempo de leitura":"6 minutos"},"schema":{"@context":"https:\/\/schema.org","@graph":[{"@type":"Article","@id":"https:\/\/www.notibras.com\/site\/justica-do-trabalho-inicia-acoes-para-atender-ribeirinhos\/#article","isPartOf":{"@id":"https:\/\/www.notibras.com\/site\/justica-do-trabalho-inicia-acoes-para-atender-ribeirinhos\/"},"author":{"name":"Reda\u00e7\u00e3o","@id":"https:\/\/www.notibras.com\/site\/#\/schema\/person\/36ab0979449956132d3e5b517ea76ac8"},"headline":"Justi\u00e7a do Trabalho inicia a\u00e7\u00f5es para atender ribeirinhos","datePublished":"2026-02-01T03:27:33+00:00","dateModified":"2026-02-01T11:29:42+00:00","mainEntityOfPage":{"@id":"https:\/\/www.notibras.com\/site\/justica-do-trabalho-inicia-acoes-para-atender-ribeirinhos\/"},"wordCount":995,"publisher":{"@id":"https:\/\/www.notibras.com\/site\/#organization"},"image":{"@id":"https:\/\/www.notibras.com\/site\/justica-do-trabalho-inicia-acoes-para-atender-ribeirinhos\/#primaryimage"},"thumbnailUrl":"https:\/\/www.notibras.com\/site\/wp-content\/uploads\/2026\/02\/119649.webp","articleSection":["Brasil"],"inLanguage":"pt-BR"},{"@type":"WebPage","@id":"https:\/\/www.notibras.com\/site\/justica-do-trabalho-inicia-acoes-para-atender-ribeirinhos\/","url":"https:\/\/www.notibras.com\/site\/justica-do-trabalho-inicia-acoes-para-atender-ribeirinhos\/","name":"Justi\u00e7a do Trabalho inicia a\u00e7\u00f5es para atender ribeirinhos - Notibras","isPartOf":{"@id":"https:\/\/www.notibras.com\/site\/#website"},"primaryImageOfPage":{"@id":"https:\/\/www.notibras.com\/site\/justica-do-trabalho-inicia-acoes-para-atender-ribeirinhos\/#primaryimage"},"image":{"@id":"https:\/\/www.notibras.com\/site\/justica-do-trabalho-inicia-acoes-para-atender-ribeirinhos\/#primaryimage"},"thumbnailUrl":"https:\/\/www.notibras.com\/site\/wp-content\/uploads\/2026\/02\/119649.webp","datePublished":"2026-02-01T03:27:33+00:00","dateModified":"2026-02-01T11:29:42+00:00","breadcrumb":{"@id":"https:\/\/www.notibras.com\/site\/justica-do-trabalho-inicia-acoes-para-atender-ribeirinhos\/#breadcrumb"},"inLanguage":"pt-BR","potentialAction":[{"@type":"ReadAction","target":["https:\/\/www.notibras.com\/site\/justica-do-trabalho-inicia-acoes-para-atender-ribeirinhos\/"]}]},{"@type":"ImageObject","inLanguage":"pt-BR","@id":"https:\/\/www.notibras.com\/site\/justica-do-trabalho-inicia-acoes-para-atender-ribeirinhos\/#primaryimage","url":"https:\/\/www.notibras.com\/site\/wp-content\/uploads\/2026\/02\/119649.webp","contentUrl":"https:\/\/www.notibras.com\/site\/wp-content\/uploads\/2026\/02\/119649.webp","width":1170,"height":700},{"@type":"BreadcrumbList","@id":"https:\/\/www.notibras.com\/site\/justica-do-trabalho-inicia-acoes-para-atender-ribeirinhos\/#breadcrumb","itemListElement":[{"@type":"ListItem","position":1,"name":"In\u00edcio","item":"https:\/\/www.notibras.com\/site\/"},{"@type":"ListItem","position":2,"name":"Justi\u00e7a do Trabalho inicia a\u00e7\u00f5es para atender ribeirinhos"}]},{"@type":"WebSite","@id":"https:\/\/www.notibras.com\/site\/#website","url":"https:\/\/www.notibras.com\/site\/","name":"Notibras","description":"Not\u00edcias de Bras\u00edlia, do Brasil e do Mundo","publisher":{"@id":"https:\/\/www.notibras.com\/site\/#organization"},"potentialAction":[{"@type":"SearchAction","target":{"@type":"EntryPoint","urlTemplate":"https:\/\/www.notibras.com\/site\/?s={search_term_string}"},"query-input":{"@type":"PropertyValueSpecification","valueRequired":true,"valueName":"search_term_string"}}],"inLanguage":"pt-BR"},{"@type":"Organization","@id":"https:\/\/www.notibras.com\/site\/#organization","name":"Grupo Notibras de Comunica\u00e7\u00e3o","url":"https:\/\/www.notibras.com\/site\/","logo":{"@type":"ImageObject","inLanguage":"pt-BR","@id":"https:\/\/www.notibras.com\/site\/#\/schema\/logo\/image\/","url":"https:\/\/www.notibras.com\/site\/wp-content\/uploads\/2023\/01\/notibras23.png","contentUrl":"https:\/\/www.notibras.com\/site\/wp-content\/uploads\/2023\/01\/notibras23.png","width":350,"height":87,"caption":"Grupo Notibras de Comunica\u00e7\u00e3o"},"image":{"@id":"https:\/\/www.notibras.com\/site\/#\/schema\/logo\/image\/"},"sameAs":["https:\/\/www.facebook.com\/notibras\/","https:\/\/x.com\/Notibras","https:\/\/www.instagram.com\/notibras\/"]},{"@type":"Person","@id":"https:\/\/www.notibras.com\/site\/#\/schema\/person\/36ab0979449956132d3e5b517ea76ac8","name":"Reda\u00e7\u00e3o","image":{"@type":"ImageObject","inLanguage":"pt-BR","@id":"https:\/\/secure.gravatar.com\/avatar\/e0a867bdedb85fd243eadf09663511f96fc81e0720a4a42581f334ad4303aa6b?s=96&d=mm&r=g","url":"https:\/\/secure.gravatar.com\/avatar\/e0a867bdedb85fd243eadf09663511f96fc81e0720a4a42581f334ad4303aa6b?s=96&d=mm&r=g","contentUrl":"https:\/\/secure.gravatar.com\/avatar\/e0a867bdedb85fd243eadf09663511f96fc81e0720a4a42581f334ad4303aa6b?s=96&d=mm&r=g","caption":"Reda\u00e7\u00e3o"}}]}},"amp_enabled":true,"_links":{"self":[{"href":"https:\/\/www.notibras.com\/site\/wp-json\/wp\/v2\/posts\/381458","targetHints":{"allow":["GET"]}}],"collection":[{"href":"https:\/\/www.notibras.com\/site\/wp-json\/wp\/v2\/posts"}],"about":[{"href":"https:\/\/www.notibras.com\/site\/wp-json\/wp\/v2\/types\/post"}],"author":[{"embeddable":true,"href":"https:\/\/www.notibras.com\/site\/wp-json\/wp\/v2\/users\/2"}],"replies":[{"embeddable":true,"href":"https:\/\/www.notibras.com\/site\/wp-json\/wp\/v2\/comments?post=381458"}],"version-history":[{"count":1,"href":"https:\/\/www.notibras.com\/site\/wp-json\/wp\/v2\/posts\/381458\/revisions"}],"predecessor-version":[{"id":381460,"href":"https:\/\/www.notibras.com\/site\/wp-json\/wp\/v2\/posts\/381458\/revisions\/381460"}],"wp:featuredmedia":[{"embeddable":true,"href":"https:\/\/www.notibras.com\/site\/wp-json\/wp\/v2\/media\/381459"}],"wp:attachment":[{"href":"https:\/\/www.notibras.com\/site\/wp-json\/wp\/v2\/media?parent=381458"}],"wp:term":[{"taxonomy":"category","embeddable":true,"href":"https:\/\/www.notibras.com\/site\/wp-json\/wp\/v2\/categories?post=381458"},{"taxonomy":"post_tag","embeddable":true,"href":"https:\/\/www.notibras.com\/site\/wp-json\/wp\/v2\/tags?post=381458"}],"curies":[{"name":"wp","href":"https:\/\/api.w.org\/{rel}","templated":true}]}}