{"id":381461,"date":"2026-02-01T00:33:35","date_gmt":"2026-02-01T03:33:35","guid":{"rendered":"https:\/\/www.notibras.com\/site\/?p=381461"},"modified":"2026-02-01T08:35:51","modified_gmt":"2026-02-01T11:35:51","slug":"o-que-muda-para-o-brasil-com-o-tratado-do-alto-mar","status":"publish","type":"post","link":"https:\/\/www.notibras.com\/site\/o-que-muda-para-o-brasil-com-o-tratado-do-alto-mar\/","title":{"rendered":"O que muda para o Brasil com o Tratado do Alto-Mar"},"content":{"rendered":"<p>O Acordo sobre a Conserva\u00e7\u00e3o e o Uso Sustent\u00e1vel da Diversidade Biol\u00f3gica Marinha em \u00c1reas Al\u00e9m da Jurisdi\u00e7\u00e3o Nacional (BBNJ, na sigla em ingl\u00eas) entrou em vigor neste m\u00eas de janeiro, ap\u00f3s duas d\u00e9cadas de negocia\u00e7\u00e3o internacional. Imediatamente depois da finaliza\u00e7\u00e3o do texto no m\u00eas de mar\u00e7o de 2023, 145 pa\u00edses assinaram o documento, que passou a ser chamado de Tratado do Alto-Mar, entre eles o Brasil.<\/p>\n<p>Para entrar em vigor, esse acordo sobre os oceanos al\u00e9m das faixas mar\u00edtimas nacionais precisava da ratifica\u00e7\u00e3o de pelo menos 60 pa\u00edses para come\u00e7ar a valer 120 depois. No Brasil, o Congresso Nacional ratificou o acordo em 16 de dezembro de 2025, mas antes mesmo disso, em setembro, outros 60 pa\u00edses j\u00e1 haviam confirmado a participa\u00e7\u00e3o.<\/p>\n<p>At\u00e9 a publica\u00e7\u00e3o desta reportagem, 84 pa\u00edses j\u00e1 ratificaram o acordo, segundo a rede global de organiza\u00e7\u00f5es sociais High Seas Alliance. Mas, porque esse tratado internacional sobre um bem comum fora dos territ\u00f3rios dos pa\u00edses desperta tanto interesse?<\/p>\n<p>Segundo a diretora do Departamento de Oceano e Gest\u00e3o Costeira do Minist\u00e9rio do Meio Ambiente e Mudan\u00e7a do Clima (MMA), Ana Paula Prates, apesar de outros tratados internacionais estabelecerem regras de conserva\u00e7\u00e3o da biodiversidade marinha, eles alcan\u00e7am principalmente os territ\u00f3rios nacionais, enquanto este \u00e9 o primeiro a tratar integralmente dessa regi\u00e3o internacional, que representa dois ter\u00e7os dos oceanos do planeta.<\/p>\n<p>\u201cEra necess\u00e1rio esse olha integrado, j\u00e1 que tudo o que acontece nas \u00e1guas internacionais interfere tamb\u00e9m nas nossas \u00e1guas jurisdicionais. Seja a quest\u00e3o de biopirataria, dos impactos ambientais de empreendimentos, como pesca de arrasto profundo, seja a quest\u00e3o do pr\u00f3prio pl\u00e1stico\u201d, diz.<\/p>\n<p><strong>Seres vivos<\/strong><br \/>\nCom mais de 360 milh\u00f5es de quil\u00f4metros de extens\u00e3o e locais que ultrapassam 10 quil\u00f4metros de profundidade, os oceanos s\u00e3o os principais respons\u00e1veis pelo equil\u00edbrio da temperatura do planeta, produzem mais da metade do oxig\u00eanio necess\u00e1rio \u00e0 vida e abrigam uma vasta biodiversidade. Cerca de 64% de toda essa imensid\u00e3o representa a \u00e1rea de alto-mar, al\u00e9m das jurisdi\u00e7\u00f5es nacionais.<\/p>\n<p>\u201cA gente conhecendo melhor e sabendo, realizando estudos de impacto ambiental das atividades que os humanos desenvolvem nessa \u00e1rea, a gente tem a possibilidade de melhorar a prote\u00e7\u00e3o e a conserva\u00e7\u00e3o dessa biodiversidade, que \u00e9 de longe a mais importante para a manuten\u00e7\u00e3o da vida na terra\u201d, afirma Andrei Polejack, diretor de pesquisa e inova\u00e7\u00e3o do Instituto Nacional de Pesquisas Oce\u00e2nicas (INPO), organiza\u00e7\u00e3o social dedicada \u00e0 pesquisa e ao desenvolvimento do oceano.<\/p>\n<p>O texto do Tratado do Alto-Mar trata basicamente das diretrizes e governan\u00e7a global para conserva\u00e7\u00e3o e uso sustent\u00e1vel da biodiversidade em alto-mar, a partir de quatro pilares:<\/p>\n<p>Cria\u00e7\u00e3o de \u00e1reas marinhas protegidas em \u00e1guas internacionais (equivalem \u00e0s Unidades de Conserva\u00e7\u00e3o previstas no territ\u00f3rio brasileiro);<\/p>\n<p>Avalia\u00e7\u00e3o de atividades econ\u00f4micas em rela\u00e7\u00e3o ao impacto ambiental;<\/p>\n<p>Reparti\u00e7\u00e3o dos benef\u00edcios dos recursos gen\u00e9ticos;<\/p>\n<p>Transfer\u00eancia de tecnologia e desenvolvimento de capacidades.<\/p>\n<p>Na pr\u00e1tica, qualquer atividade que venha a ser desenvolvida em alto-mar estar\u00e1 sujeita \u00e0s regras do acordo, j\u00e1 que o tratado \u00e9 vinculante, portanto, passa a ser uma obriga\u00e7\u00e3o legal imposta aos pa\u00edses participantes. \u201cN\u00e3o ser\u00e1 de acordo com cada pa\u00eds, cada empresa ou seu respectivo pa\u00eds. Ent\u00e3o, por exemplo, pesca de arrasto de profundidade, que \u00e9 uma coisa que acontece demais e ningu\u00e9m nem sabe aonde, vai ter que ser agora avaliada em conjunto com esses pa\u00edses [que participam do Tratado do Alto-Mar]\u201d, explica Ana Paula Prates.<\/p>\n<p>Para atuar nessas regi\u00f5es, os pa\u00edses tamb\u00e9m precisar\u00e3o compreender melhor a biodiversidade presente, a partir de investimentos em ci\u00eancia e tecnologia capazes de chegar at\u00e9 as esp\u00e9cies, como submers\u00edveis de \u00e1guas profundas, e do mapeamento gen\u00e9tico da fauna e flora existente em alto-mar.<\/p>\n<p><strong>Benef\u00edcios<\/strong><br \/>\n\u201cA gente tem uma possibilidade maravilhosa de recursos novos para medicamentos, cosm\u00e9ticos e outras solu\u00e7\u00f5es. Mas que ter\u00e1 que ser avaliada em conjunto e tamb\u00e9m repartido os benef\u00edcios para todos os pa\u00edses que ratificaram. Do mesmo jeito, uma outra quest\u00e3o que vai ser super pol\u00eamica, mas vai ter que ser negociada, ser\u00e1 o estabelecimento de \u00e1reas mar\u00edtimas protegidas\u201d, afirma a representante do MMA.<\/p>\n<p>A ideia \u00e9 que quando houver d\u00favida sobre a capacidade de conserva\u00e7\u00e3o e manuten\u00e7\u00e3o do equil\u00edbrio de um determinado ecossistema e das esp\u00e9cies existentes nele, a regi\u00e3o seja protegida, com medidas que v\u00e3o desde a avalia\u00e7\u00e3o dos impactos das atividades humanas a serem desenvolvidas no local, at\u00e9 a cria\u00e7\u00e3o das \u00e1reas marinhas protegidas.<\/p>\n<p>\u201cIsso \u00e9 um processo que adota alguns princ\u00edpios do direito internacional, que est\u00e3o vinculantes neste tratado, como, por exemplo, a abordagem precat\u00f3ria, que se a gente n\u00e3o sabe direito qual \u00e9 o impacto, ent\u00e3o \u00e9 melhor a gente suspender as atividades\u201d, refor\u00e7a Polejack.<\/p>\n<p><strong>COP do Alto-Mar<\/strong><br \/>\nCom o tratado j\u00e1 vigorando, somente os pa\u00edses que ratificaram poder\u00e3o participar da constru\u00e7\u00e3o das institui\u00e7\u00f5es, regras operacionais e processos para que o acordo possa ser operacionalizado. As primeiras negocia\u00e7\u00f5es para a constru\u00e7\u00e3o desses instrumentos devem ocorrer a partir da realiza\u00e7\u00e3o de Confer\u00eancias das Partes (COP) do Tratado do Alto-Mar.<\/p>\n<p>Antes mesmo dessa etapa, quando o acordo recebeu as assinaturas dos pa\u00edses interessados em participar, a Assembleia Geral das Na\u00e7\u00f5es Unidas (AGNU) constituiu uma comiss\u00e3o preparat\u00f3ria, respons\u00e1vel pela escolha de um pa\u00eds para abrigar o secretariado e outras institui\u00e7\u00f5es como o corpo cient\u00edfico e t\u00e9cnico, al\u00e9m de estabelecer a estrutura financeira e as regras para a tomada de decis\u00f5es.<\/p>\n<p>Duas reuni\u00f5es j\u00e1 foram realizadas nos meses de abril e agosto de 2025 e uma terceira deve ocorrer em mar\u00e7o de 2026, na sede das Na\u00e7\u00f5es Unidas, em Nova York. \u201cNessa [reuni\u00e3o] a gente vai poder decidir onde vai ser o secretariado, j\u00e1 em disputa. A B\u00e9lgica j\u00e1 se apresentou, o Chile e agora a China. Os tr\u00eas est\u00e3o como candidatos a serem a sede do secretariado executivo. \u00c9 tamb\u00e9m deve definir a data da primeira COP, que a gente ainda n\u00e3o sabe\u201d, diz Ana Paula Prates.<\/p>\n<p><strong>Vantagens<\/strong><br \/>\nNa avalia\u00e7\u00e3o de Andrei Polejack, o Brasil tem muito a contribuir com todo o conhecimento diplom\u00e1tico e cient\u00edfico desenvolvido na atua\u00e7\u00e3o em outros tratados internacionais, como o os que foram criados na Eco92, no Rio de Janeiro, que tratam do clima, biodiversidade e desertifica\u00e7\u00e3o. Ele tamb\u00e9m considera importante que sejam realizados debates sobre os interesses sociais e coletivos da popula\u00e7\u00e3o.<\/p>\n<p>\u201cEsse trabalho tem que ser baseado em evid\u00eancia cient\u00edfica, tem que considerar o equil\u00edbrio entre os usos dessa biodiversidade nas \u00e1reas al\u00e9m da jurisdi\u00e7\u00e3o nacional, no alto mar, mas tamb\u00e9m tem que distribuir os benef\u00edcios gerados nos comerciais. Ent\u00e3o, h\u00e1 muitos detalhes. \u00c9 um acordo complexo e ele realmente precisa de todas as vozes juntas\u201d, conclui.<\/p>\n","protected":false},"excerpt":{"rendered":"<p>O Acordo sobre a Conserva\u00e7\u00e3o e o Uso Sustent\u00e1vel da Diversidade Biol\u00f3gica Marinha em \u00c1reas Al\u00e9m da Jurisdi\u00e7\u00e3o Nacional (BBNJ, na sigla em ingl\u00eas) entrou em vigor neste m\u00eas de janeiro, ap\u00f3s duas d\u00e9cadas de negocia\u00e7\u00e3o internacional. Imediatamente depois da finaliza\u00e7\u00e3o do texto no m\u00eas de mar\u00e7o de 2023, 145 pa\u00edses assinaram o documento, que [&hellip;]<\/p>\n","protected":false},"author":2,"featured_media":381462,"comment_status":"closed","ping_status":"closed","sticky":false,"template":"","format":"standard","meta":{"_acf_changed":false,"footnotes":""},"categories":[16],"tags":[],"class_list":["post-381461","post","type-post","status-publish","format-standard","has-post-thumbnail","hentry","category-brasil"],"acf":[],"yoast_head":"<!-- This site is optimized with the Yoast SEO plugin v27.2 - https:\/\/yoast.com\/product\/yoast-seo-wordpress\/ -->\n<title>O que muda para o Brasil com o Tratado do Alto-Mar - Notibras<\/title>\n<meta name=\"robots\" content=\"index, follow, max-snippet:-1, max-image-preview:large, max-video-preview:-1\" \/>\n<link rel=\"canonical\" href=\"https:\/\/www.notibras.com\/site\/o-que-muda-para-o-brasil-com-o-tratado-do-alto-mar\/\" \/>\n<meta property=\"og:locale\" content=\"pt_BR\" \/>\n<meta property=\"og:type\" content=\"article\" \/>\n<meta property=\"og:title\" content=\"O que muda para o Brasil com o Tratado do Alto-Mar - Notibras\" \/>\n<meta property=\"og:description\" content=\"O Acordo sobre a Conserva\u00e7\u00e3o e o Uso Sustent\u00e1vel da Diversidade Biol\u00f3gica Marinha em \u00c1reas Al\u00e9m da Jurisdi\u00e7\u00e3o Nacional (BBNJ, na sigla em ingl\u00eas) entrou em vigor neste m\u00eas de janeiro, ap\u00f3s duas d\u00e9cadas de negocia\u00e7\u00e3o internacional. Imediatamente depois da finaliza\u00e7\u00e3o do texto no m\u00eas de mar\u00e7o de 2023, 145 pa\u00edses assinaram o documento, que [&hellip;]\" \/>\n<meta property=\"og:url\" content=\"https:\/\/www.notibras.com\/site\/o-que-muda-para-o-brasil-com-o-tratado-do-alto-mar\/\" \/>\n<meta property=\"og:site_name\" content=\"Notibras\" \/>\n<meta property=\"article:publisher\" content=\"https:\/\/www.facebook.com\/notibras\/\" \/>\n<meta property=\"article:published_time\" content=\"2026-02-01T03:33:35+00:00\" \/>\n<meta property=\"article:modified_time\" content=\"2026-02-01T11:35:51+00:00\" \/>\n<meta property=\"og:image\" content=\"https:\/\/www.notibras.com\/site\/wp-content\/uploads\/2026\/02\/sea-1836480.webp\" \/>\n\t<meta property=\"og:image:width\" content=\"1170\" \/>\n\t<meta property=\"og:image:height\" content=\"700\" \/>\n\t<meta property=\"og:image:type\" content=\"image\/webp\" \/>\n<meta name=\"author\" content=\"Reda\u00e7\u00e3o\" \/>\n<meta name=\"twitter:card\" content=\"summary_large_image\" \/>\n<meta name=\"twitter:creator\" content=\"@Notibras\" \/>\n<meta name=\"twitter:site\" content=\"@Notibras\" \/>\n<meta name=\"twitter:label1\" content=\"Escrito por\" \/>\n\t<meta name=\"twitter:data1\" content=\"Reda\u00e7\u00e3o\" \/>\n\t<meta name=\"twitter:label2\" content=\"Est. tempo de leitura\" \/>\n\t<meta name=\"twitter:data2\" content=\"7 minutos\" \/>\n<script type=\"application\/ld+json\" class=\"yoast-schema-graph\">{\"@context\":\"https:\/\/schema.org\",\"@graph\":[{\"@type\":\"Article\",\"@id\":\"https:\/\/www.notibras.com\/site\/o-que-muda-para-o-brasil-com-o-tratado-do-alto-mar\/#article\",\"isPartOf\":{\"@id\":\"https:\/\/www.notibras.com\/site\/o-que-muda-para-o-brasil-com-o-tratado-do-alto-mar\/\"},\"author\":{\"name\":\"Reda\u00e7\u00e3o\",\"@id\":\"https:\/\/www.notibras.com\/site\/#\/schema\/person\/36ab0979449956132d3e5b517ea76ac8\"},\"headline\":\"O que muda para o Brasil com o Tratado do Alto-Mar\",\"datePublished\":\"2026-02-01T03:33:35+00:00\",\"dateModified\":\"2026-02-01T11:35:51+00:00\",\"mainEntityOfPage\":{\"@id\":\"https:\/\/www.notibras.com\/site\/o-que-muda-para-o-brasil-com-o-tratado-do-alto-mar\/\"},\"wordCount\":1210,\"publisher\":{\"@id\":\"https:\/\/www.notibras.com\/site\/#organization\"},\"image\":{\"@id\":\"https:\/\/www.notibras.com\/site\/o-que-muda-para-o-brasil-com-o-tratado-do-alto-mar\/#primaryimage\"},\"thumbnailUrl\":\"https:\/\/www.notibras.com\/site\/wp-content\/uploads\/2026\/02\/sea-1836480.webp\",\"articleSection\":[\"Brasil\"],\"inLanguage\":\"pt-BR\"},{\"@type\":\"WebPage\",\"@id\":\"https:\/\/www.notibras.com\/site\/o-que-muda-para-o-brasil-com-o-tratado-do-alto-mar\/\",\"url\":\"https:\/\/www.notibras.com\/site\/o-que-muda-para-o-brasil-com-o-tratado-do-alto-mar\/\",\"name\":\"O que muda para o Brasil com o Tratado do Alto-Mar - Notibras\",\"isPartOf\":{\"@id\":\"https:\/\/www.notibras.com\/site\/#website\"},\"primaryImageOfPage\":{\"@id\":\"https:\/\/www.notibras.com\/site\/o-que-muda-para-o-brasil-com-o-tratado-do-alto-mar\/#primaryimage\"},\"image\":{\"@id\":\"https:\/\/www.notibras.com\/site\/o-que-muda-para-o-brasil-com-o-tratado-do-alto-mar\/#primaryimage\"},\"thumbnailUrl\":\"https:\/\/www.notibras.com\/site\/wp-content\/uploads\/2026\/02\/sea-1836480.webp\",\"datePublished\":\"2026-02-01T03:33:35+00:00\",\"dateModified\":\"2026-02-01T11:35:51+00:00\",\"breadcrumb\":{\"@id\":\"https:\/\/www.notibras.com\/site\/o-que-muda-para-o-brasil-com-o-tratado-do-alto-mar\/#breadcrumb\"},\"inLanguage\":\"pt-BR\",\"potentialAction\":[{\"@type\":\"ReadAction\",\"target\":[\"https:\/\/www.notibras.com\/site\/o-que-muda-para-o-brasil-com-o-tratado-do-alto-mar\/\"]}]},{\"@type\":\"ImageObject\",\"inLanguage\":\"pt-BR\",\"@id\":\"https:\/\/www.notibras.com\/site\/o-que-muda-para-o-brasil-com-o-tratado-do-alto-mar\/#primaryimage\",\"url\":\"https:\/\/www.notibras.com\/site\/wp-content\/uploads\/2026\/02\/sea-1836480.webp\",\"contentUrl\":\"https:\/\/www.notibras.com\/site\/wp-content\/uploads\/2026\/02\/sea-1836480.webp\",\"width\":1170,\"height\":700},{\"@type\":\"BreadcrumbList\",\"@id\":\"https:\/\/www.notibras.com\/site\/o-que-muda-para-o-brasil-com-o-tratado-do-alto-mar\/#breadcrumb\",\"itemListElement\":[{\"@type\":\"ListItem\",\"position\":1,\"name\":\"In\u00edcio\",\"item\":\"https:\/\/www.notibras.com\/site\/\"},{\"@type\":\"ListItem\",\"position\":2,\"name\":\"O que muda para o Brasil com o Tratado do Alto-Mar\"}]},{\"@type\":\"WebSite\",\"@id\":\"https:\/\/www.notibras.com\/site\/#website\",\"url\":\"https:\/\/www.notibras.com\/site\/\",\"name\":\"Notibras\",\"description\":\"Not\u00edcias de Bras\u00edlia, do Brasil e do Mundo\",\"publisher\":{\"@id\":\"https:\/\/www.notibras.com\/site\/#organization\"},\"potentialAction\":[{\"@type\":\"SearchAction\",\"target\":{\"@type\":\"EntryPoint\",\"urlTemplate\":\"https:\/\/www.notibras.com\/site\/?s={search_term_string}\"},\"query-input\":{\"@type\":\"PropertyValueSpecification\",\"valueRequired\":true,\"valueName\":\"search_term_string\"}}],\"inLanguage\":\"pt-BR\"},{\"@type\":\"Organization\",\"@id\":\"https:\/\/www.notibras.com\/site\/#organization\",\"name\":\"Grupo Notibras de Comunica\u00e7\u00e3o\",\"url\":\"https:\/\/www.notibras.com\/site\/\",\"logo\":{\"@type\":\"ImageObject\",\"inLanguage\":\"pt-BR\",\"@id\":\"https:\/\/www.notibras.com\/site\/#\/schema\/logo\/image\/\",\"url\":\"https:\/\/www.notibras.com\/site\/wp-content\/uploads\/2023\/01\/notibras23.png\",\"contentUrl\":\"https:\/\/www.notibras.com\/site\/wp-content\/uploads\/2023\/01\/notibras23.png\",\"width\":350,\"height\":87,\"caption\":\"Grupo Notibras de Comunica\u00e7\u00e3o\"},\"image\":{\"@id\":\"https:\/\/www.notibras.com\/site\/#\/schema\/logo\/image\/\"},\"sameAs\":[\"https:\/\/www.facebook.com\/notibras\/\",\"https:\/\/x.com\/Notibras\",\"https:\/\/www.instagram.com\/notibras\/\"]},{\"@type\":\"Person\",\"@id\":\"https:\/\/www.notibras.com\/site\/#\/schema\/person\/36ab0979449956132d3e5b517ea76ac8\",\"name\":\"Reda\u00e7\u00e3o\",\"image\":{\"@type\":\"ImageObject\",\"inLanguage\":\"pt-BR\",\"@id\":\"https:\/\/secure.gravatar.com\/avatar\/e0a867bdedb85fd243eadf09663511f96fc81e0720a4a42581f334ad4303aa6b?s=96&d=mm&r=g\",\"url\":\"https:\/\/secure.gravatar.com\/avatar\/e0a867bdedb85fd243eadf09663511f96fc81e0720a4a42581f334ad4303aa6b?s=96&d=mm&r=g\",\"contentUrl\":\"https:\/\/secure.gravatar.com\/avatar\/e0a867bdedb85fd243eadf09663511f96fc81e0720a4a42581f334ad4303aa6b?s=96&d=mm&r=g\",\"caption\":\"Reda\u00e7\u00e3o\"}}]}<\/script>\n<!-- \/ Yoast SEO plugin. -->","yoast_head_json":{"title":"O que muda para o Brasil com o Tratado do Alto-Mar - Notibras","robots":{"index":"index","follow":"follow","max-snippet":"max-snippet:-1","max-image-preview":"max-image-preview:large","max-video-preview":"max-video-preview:-1"},"canonical":"https:\/\/www.notibras.com\/site\/o-que-muda-para-o-brasil-com-o-tratado-do-alto-mar\/","og_locale":"pt_BR","og_type":"article","og_title":"O que muda para o Brasil com o Tratado do Alto-Mar - Notibras","og_description":"O Acordo sobre a Conserva\u00e7\u00e3o e o Uso Sustent\u00e1vel da Diversidade Biol\u00f3gica Marinha em \u00c1reas Al\u00e9m da Jurisdi\u00e7\u00e3o Nacional (BBNJ, na sigla em ingl\u00eas) entrou em vigor neste m\u00eas de janeiro, ap\u00f3s duas d\u00e9cadas de negocia\u00e7\u00e3o internacional. Imediatamente depois da finaliza\u00e7\u00e3o do texto no m\u00eas de mar\u00e7o de 2023, 145 pa\u00edses assinaram o documento, que [&hellip;]","og_url":"https:\/\/www.notibras.com\/site\/o-que-muda-para-o-brasil-com-o-tratado-do-alto-mar\/","og_site_name":"Notibras","article_publisher":"https:\/\/www.facebook.com\/notibras\/","article_published_time":"2026-02-01T03:33:35+00:00","article_modified_time":"2026-02-01T11:35:51+00:00","og_image":[{"width":1170,"height":700,"url":"https:\/\/www.notibras.com\/site\/wp-content\/uploads\/2026\/02\/sea-1836480.webp","type":"image\/webp"}],"author":"Reda\u00e7\u00e3o","twitter_card":"summary_large_image","twitter_creator":"@Notibras","twitter_site":"@Notibras","twitter_misc":{"Escrito por":"Reda\u00e7\u00e3o","Est. tempo de leitura":"7 minutos"},"schema":{"@context":"https:\/\/schema.org","@graph":[{"@type":"Article","@id":"https:\/\/www.notibras.com\/site\/o-que-muda-para-o-brasil-com-o-tratado-do-alto-mar\/#article","isPartOf":{"@id":"https:\/\/www.notibras.com\/site\/o-que-muda-para-o-brasil-com-o-tratado-do-alto-mar\/"},"author":{"name":"Reda\u00e7\u00e3o","@id":"https:\/\/www.notibras.com\/site\/#\/schema\/person\/36ab0979449956132d3e5b517ea76ac8"},"headline":"O que muda para o Brasil com o Tratado do Alto-Mar","datePublished":"2026-02-01T03:33:35+00:00","dateModified":"2026-02-01T11:35:51+00:00","mainEntityOfPage":{"@id":"https:\/\/www.notibras.com\/site\/o-que-muda-para-o-brasil-com-o-tratado-do-alto-mar\/"},"wordCount":1210,"publisher":{"@id":"https:\/\/www.notibras.com\/site\/#organization"},"image":{"@id":"https:\/\/www.notibras.com\/site\/o-que-muda-para-o-brasil-com-o-tratado-do-alto-mar\/#primaryimage"},"thumbnailUrl":"https:\/\/www.notibras.com\/site\/wp-content\/uploads\/2026\/02\/sea-1836480.webp","articleSection":["Brasil"],"inLanguage":"pt-BR"},{"@type":"WebPage","@id":"https:\/\/www.notibras.com\/site\/o-que-muda-para-o-brasil-com-o-tratado-do-alto-mar\/","url":"https:\/\/www.notibras.com\/site\/o-que-muda-para-o-brasil-com-o-tratado-do-alto-mar\/","name":"O que muda para o Brasil com o Tratado do Alto-Mar - Notibras","isPartOf":{"@id":"https:\/\/www.notibras.com\/site\/#website"},"primaryImageOfPage":{"@id":"https:\/\/www.notibras.com\/site\/o-que-muda-para-o-brasil-com-o-tratado-do-alto-mar\/#primaryimage"},"image":{"@id":"https:\/\/www.notibras.com\/site\/o-que-muda-para-o-brasil-com-o-tratado-do-alto-mar\/#primaryimage"},"thumbnailUrl":"https:\/\/www.notibras.com\/site\/wp-content\/uploads\/2026\/02\/sea-1836480.webp","datePublished":"2026-02-01T03:33:35+00:00","dateModified":"2026-02-01T11:35:51+00:00","breadcrumb":{"@id":"https:\/\/www.notibras.com\/site\/o-que-muda-para-o-brasil-com-o-tratado-do-alto-mar\/#breadcrumb"},"inLanguage":"pt-BR","potentialAction":[{"@type":"ReadAction","target":["https:\/\/www.notibras.com\/site\/o-que-muda-para-o-brasil-com-o-tratado-do-alto-mar\/"]}]},{"@type":"ImageObject","inLanguage":"pt-BR","@id":"https:\/\/www.notibras.com\/site\/o-que-muda-para-o-brasil-com-o-tratado-do-alto-mar\/#primaryimage","url":"https:\/\/www.notibras.com\/site\/wp-content\/uploads\/2026\/02\/sea-1836480.webp","contentUrl":"https:\/\/www.notibras.com\/site\/wp-content\/uploads\/2026\/02\/sea-1836480.webp","width":1170,"height":700},{"@type":"BreadcrumbList","@id":"https:\/\/www.notibras.com\/site\/o-que-muda-para-o-brasil-com-o-tratado-do-alto-mar\/#breadcrumb","itemListElement":[{"@type":"ListItem","position":1,"name":"In\u00edcio","item":"https:\/\/www.notibras.com\/site\/"},{"@type":"ListItem","position":2,"name":"O que muda para o Brasil com o Tratado do Alto-Mar"}]},{"@type":"WebSite","@id":"https:\/\/www.notibras.com\/site\/#website","url":"https:\/\/www.notibras.com\/site\/","name":"Notibras","description":"Not\u00edcias de Bras\u00edlia, do Brasil e do Mundo","publisher":{"@id":"https:\/\/www.notibras.com\/site\/#organization"},"potentialAction":[{"@type":"SearchAction","target":{"@type":"EntryPoint","urlTemplate":"https:\/\/www.notibras.com\/site\/?s={search_term_string}"},"query-input":{"@type":"PropertyValueSpecification","valueRequired":true,"valueName":"search_term_string"}}],"inLanguage":"pt-BR"},{"@type":"Organization","@id":"https:\/\/www.notibras.com\/site\/#organization","name":"Grupo Notibras de Comunica\u00e7\u00e3o","url":"https:\/\/www.notibras.com\/site\/","logo":{"@type":"ImageObject","inLanguage":"pt-BR","@id":"https:\/\/www.notibras.com\/site\/#\/schema\/logo\/image\/","url":"https:\/\/www.notibras.com\/site\/wp-content\/uploads\/2023\/01\/notibras23.png","contentUrl":"https:\/\/www.notibras.com\/site\/wp-content\/uploads\/2023\/01\/notibras23.png","width":350,"height":87,"caption":"Grupo Notibras de Comunica\u00e7\u00e3o"},"image":{"@id":"https:\/\/www.notibras.com\/site\/#\/schema\/logo\/image\/"},"sameAs":["https:\/\/www.facebook.com\/notibras\/","https:\/\/x.com\/Notibras","https:\/\/www.instagram.com\/notibras\/"]},{"@type":"Person","@id":"https:\/\/www.notibras.com\/site\/#\/schema\/person\/36ab0979449956132d3e5b517ea76ac8","name":"Reda\u00e7\u00e3o","image":{"@type":"ImageObject","inLanguage":"pt-BR","@id":"https:\/\/secure.gravatar.com\/avatar\/e0a867bdedb85fd243eadf09663511f96fc81e0720a4a42581f334ad4303aa6b?s=96&d=mm&r=g","url":"https:\/\/secure.gravatar.com\/avatar\/e0a867bdedb85fd243eadf09663511f96fc81e0720a4a42581f334ad4303aa6b?s=96&d=mm&r=g","contentUrl":"https:\/\/secure.gravatar.com\/avatar\/e0a867bdedb85fd243eadf09663511f96fc81e0720a4a42581f334ad4303aa6b?s=96&d=mm&r=g","caption":"Reda\u00e7\u00e3o"}}]}},"amp_enabled":true,"_links":{"self":[{"href":"https:\/\/www.notibras.com\/site\/wp-json\/wp\/v2\/posts\/381461","targetHints":{"allow":["GET"]}}],"collection":[{"href":"https:\/\/www.notibras.com\/site\/wp-json\/wp\/v2\/posts"}],"about":[{"href":"https:\/\/www.notibras.com\/site\/wp-json\/wp\/v2\/types\/post"}],"author":[{"embeddable":true,"href":"https:\/\/www.notibras.com\/site\/wp-json\/wp\/v2\/users\/2"}],"replies":[{"embeddable":true,"href":"https:\/\/www.notibras.com\/site\/wp-json\/wp\/v2\/comments?post=381461"}],"version-history":[{"count":1,"href":"https:\/\/www.notibras.com\/site\/wp-json\/wp\/v2\/posts\/381461\/revisions"}],"predecessor-version":[{"id":381463,"href":"https:\/\/www.notibras.com\/site\/wp-json\/wp\/v2\/posts\/381461\/revisions\/381463"}],"wp:featuredmedia":[{"embeddable":true,"href":"https:\/\/www.notibras.com\/site\/wp-json\/wp\/v2\/media\/381462"}],"wp:attachment":[{"href":"https:\/\/www.notibras.com\/site\/wp-json\/wp\/v2\/media?parent=381461"}],"wp:term":[{"taxonomy":"category","embeddable":true,"href":"https:\/\/www.notibras.com\/site\/wp-json\/wp\/v2\/categories?post=381461"},{"taxonomy":"post_tag","embeddable":true,"href":"https:\/\/www.notibras.com\/site\/wp-json\/wp\/v2\/tags?post=381461"}],"curies":[{"name":"wp","href":"https:\/\/api.w.org\/{rel}","templated":true}]}}