{"id":381464,"date":"2026-02-01T00:00:32","date_gmt":"2026-02-01T03:00:32","guid":{"rendered":"https:\/\/www.notibras.com\/site\/?p=381464"},"modified":"2026-02-01T08:41:08","modified_gmt":"2026-02-01T11:41:08","slug":"manual-reune-informacoes-para-microempreendedor-individual","status":"publish","type":"post","link":"https:\/\/www.notibras.com\/site\/manual-reune-informacoes-para-microempreendedor-individual\/","title":{"rendered":"Manual re\u00fane informa\u00e7\u00f5es para microempreendedor individual"},"content":{"rendered":"<p>Guia lan\u00e7ado pelo Minist\u00e9rio do Empreendedorismo, da Microempresa e da Empresa de Pequeno Porte re\u00fane informa\u00e7\u00f5es essenciais para quem quer empreender como Microempreendedor Individual (MEI). O chamado Manual do Jovem Empreendedor re\u00fane informa\u00e7\u00f5es sobre como funciona a formaliza\u00e7\u00e3o, a organiza\u00e7\u00e3o do neg\u00f3cio e o aproveitamento das oportunidades dispon\u00edveis no pa\u00eds.<\/p>\n<p>Al\u00e9m de explicar as regras e custos envolvidos, o manual destaca caminhos para o crescimento do neg\u00f3cio, apresentando iniciativas de capacita\u00e7\u00e3o, programas de cr\u00e9dito e oportunidades de contrata\u00e7\u00e3o p\u00fablica.<\/p>\n<p>A inten\u00e7\u00e3o, de acordo com o Minist\u00e9rio \u00e9 que o guia se consolide como uma porta de entrada para o empreendedorismo jovem, oferecendo conhecimento pr\u00e1tico para planejar, formalizar e desenvolver um neg\u00f3cio com mais confian\u00e7a.<\/p>\n<p>Confira informa\u00e7\u00f5es do manual:<\/p>\n<p><strong>Quem pode se formalizar como MEI? <\/strong><br \/>\nPessoa f\u00edsica com mais de 18 anos;<br \/>\nJovens de 16 a 18 anos podem ser MEI, desde que emancipados;<br \/>\nQue n\u00e3o participe como s\u00f3cio ou titular de outra empresa;<br \/>\nQue exer\u00e7a uma das atividades econ\u00f4micas permitidas para MEI (atualmente, s\u00e3o mais de 467).<br \/>\nO primeiro passo digital \u00e9 se formalizar como MEI. A formaliza\u00e7\u00e3o \u00e9 feita totalmente online e gratuita no Portal do Empreendedor: Acesse: gov.br\/mei<\/p>\n<p><strong>No portal, voc\u00ea pode:<\/strong><br \/>\nFazer o cadastro como MEI;<br \/>\nEmitir seu CNPJ e Certificado na hora;<br \/>\nConsultar as atividades permitidas;<br \/>\nAcompanhar obriga\u00e7\u00f5es,<br \/>\nEmitir boletos (DAS), fazer altera\u00e7\u00f5es e dar baixa.<\/p>\n<p><strong>-Quais as vantagens de ser MEI? <\/strong><br \/>\nCNPJ e certificado gratuitos na hora da formaliza\u00e7\u00e3o;<br \/>\nDireito \u00e0 aposentadoria, aux\u00edlio-doen\u00e7a, sal\u00e1rio-maternidade e outros benef\u00edcios (com contribui\u00e7\u00e3o em dia);<br \/>\nEmiss\u00e3o de nota fiscal;<br \/>\nAcesso facilitado a cr\u00e9dito banc\u00e1rio;<br \/>\nParticipa\u00e7\u00e3o em licita\u00e7\u00f5es p\u00fablicas;<br \/>\nContribui\u00e7\u00e3o mensal fixa e reduzida.<\/p>\n<p><strong>&#8211; Quais as atividades s\u00e3o permitidas para MEI? <\/strong><br \/>\nO MEI pode atuar em mais de 467 ocupa\u00e7\u00f5es diferentes, divididas em segmentos como:<\/p>\n<p>Com\u00e9rcio (vendas de roupas, cosm\u00e9ticos, alimentos etc.)<br \/>\nReparos e Manuten\u00e7\u00e3o (encanador, eletricista, pintor)<br \/>\nBeleza e Bem-estar (manicure, cabeleireiro, depilador)<br \/>\nCultura e Artesanato (m\u00fasico, artes\u00e3o, fot\u00f3grafo)<br \/>\nEduca\u00e7\u00e3o (professor particular, instrutor esportivo)<br \/>\nComunica\u00e7\u00e3o e Tecnologia (digitador, suporte t\u00e9cnico)<br \/>\nTransporte (cargas com ve\u00edculo pr\u00f3prio \u2014 MEI Caminhoneiro)<\/p>\n<p>Cursos online e presencial em temas como:<br \/>\nEmpreendedorismo e Inova\u00e7\u00e3o;<br \/>\nFinan\u00e7as e Planejamento;<br \/>\nVendas e Marketing;<br \/>\nGest\u00e3o de Pessoas.<\/p>\n","protected":false},"excerpt":{"rendered":"<p>Guia lan\u00e7ado pelo Minist\u00e9rio do Empreendedorismo, da Microempresa e da Empresa de Pequeno Porte re\u00fane informa\u00e7\u00f5es essenciais para quem quer empreender como Microempreendedor Individual (MEI). O chamado Manual do Jovem Empreendedor re\u00fane informa\u00e7\u00f5es sobre como funciona a formaliza\u00e7\u00e3o, a organiza\u00e7\u00e3o do neg\u00f3cio e o aproveitamento das oportunidades dispon\u00edveis no pa\u00eds. Al\u00e9m de explicar as regras [&hellip;]<\/p>\n","protected":false},"author":2,"featured_media":381465,"comment_status":"closed","ping_status":"closed","sticky":false,"template":"","format":"standard","meta":{"_acf_changed":false,"footnotes":""},"categories":[16],"tags":[],"class_list":["post-381464","post","type-post","status-publish","format-standard","has-post-thumbnail","hentry","category-brasil"],"acf":[],"yoast_head":"<!-- This site is optimized with the Yoast SEO plugin v27.2 - https:\/\/yoast.com\/product\/yoast-seo-wordpress\/ -->\n<title>Manual re\u00fane informa\u00e7\u00f5es para microempreendedor individual - Notibras<\/title>\n<meta name=\"robots\" content=\"index, follow, max-snippet:-1, max-image-preview:large, max-video-preview:-1\" \/>\n<link rel=\"canonical\" href=\"https:\/\/www.notibras.com\/site\/manual-reune-informacoes-para-microempreendedor-individual\/\" \/>\n<meta property=\"og:locale\" content=\"pt_BR\" \/>\n<meta property=\"og:type\" content=\"article\" \/>\n<meta property=\"og:title\" content=\"Manual re\u00fane informa\u00e7\u00f5es para microempreendedor individual - Notibras\" \/>\n<meta property=\"og:description\" content=\"Guia lan\u00e7ado pelo Minist\u00e9rio do Empreendedorismo, da Microempresa e da Empresa de Pequeno Porte re\u00fane informa\u00e7\u00f5es essenciais para quem quer empreender como Microempreendedor Individual (MEI). O chamado Manual do Jovem Empreendedor re\u00fane informa\u00e7\u00f5es sobre como funciona a formaliza\u00e7\u00e3o, a organiza\u00e7\u00e3o do neg\u00f3cio e o aproveitamento das oportunidades dispon\u00edveis no pa\u00eds. Al\u00e9m de explicar as regras [&hellip;]\" \/>\n<meta property=\"og:url\" content=\"https:\/\/www.notibras.com\/site\/manual-reune-informacoes-para-microempreendedor-individual\/\" \/>\n<meta property=\"og:site_name\" content=\"Notibras\" \/>\n<meta property=\"article:publisher\" content=\"https:\/\/www.facebook.com\/notibras\/\" \/>\n<meta property=\"article:published_time\" content=\"2026-02-01T03:00:32+00:00\" \/>\n<meta property=\"article:modified_time\" content=\"2026-02-01T11:41:08+00:00\" \/>\n<meta property=\"og:image\" content=\"https:\/\/www.notibras.com\/site\/wp-content\/uploads\/2026\/02\/comercio_na_saara_reabre_no_rio_tnrgo_abr_0904216707.webp\" \/>\n\t<meta property=\"og:image:width\" content=\"1170\" \/>\n\t<meta property=\"og:image:height\" content=\"700\" \/>\n\t<meta property=\"og:image:type\" content=\"image\/webp\" \/>\n<meta name=\"author\" content=\"Reda\u00e7\u00e3o\" \/>\n<meta name=\"twitter:card\" content=\"summary_large_image\" \/>\n<meta name=\"twitter:creator\" content=\"@Notibras\" \/>\n<meta name=\"twitter:site\" content=\"@Notibras\" \/>\n<meta name=\"twitter:label1\" content=\"Escrito por\" \/>\n\t<meta name=\"twitter:data1\" content=\"Reda\u00e7\u00e3o\" \/>\n\t<meta name=\"twitter:label2\" content=\"Est. tempo de leitura\" \/>\n\t<meta name=\"twitter:data2\" content=\"3 minutos\" \/>\n<script type=\"application\/ld+json\" class=\"yoast-schema-graph\">{\"@context\":\"https:\/\/schema.org\",\"@graph\":[{\"@type\":\"Article\",\"@id\":\"https:\/\/www.notibras.com\/site\/manual-reune-informacoes-para-microempreendedor-individual\/#article\",\"isPartOf\":{\"@id\":\"https:\/\/www.notibras.com\/site\/manual-reune-informacoes-para-microempreendedor-individual\/\"},\"author\":{\"name\":\"Reda\u00e7\u00e3o\",\"@id\":\"https:\/\/www.notibras.com\/site\/#\/schema\/person\/36ab0979449956132d3e5b517ea76ac8\"},\"headline\":\"Manual re\u00fane informa\u00e7\u00f5es para microempreendedor individual\",\"datePublished\":\"2026-02-01T03:00:32+00:00\",\"dateModified\":\"2026-02-01T11:41:08+00:00\",\"mainEntityOfPage\":{\"@id\":\"https:\/\/www.notibras.com\/site\/manual-reune-informacoes-para-microempreendedor-individual\/\"},\"wordCount\":410,\"publisher\":{\"@id\":\"https:\/\/www.notibras.com\/site\/#organization\"},\"image\":{\"@id\":\"https:\/\/www.notibras.com\/site\/manual-reune-informacoes-para-microempreendedor-individual\/#primaryimage\"},\"thumbnailUrl\":\"https:\/\/www.notibras.com\/site\/wp-content\/uploads\/2026\/02\/comercio_na_saara_reabre_no_rio_tnrgo_abr_0904216707.webp\",\"articleSection\":[\"Brasil\"],\"inLanguage\":\"pt-BR\"},{\"@type\":\"WebPage\",\"@id\":\"https:\/\/www.notibras.com\/site\/manual-reune-informacoes-para-microempreendedor-individual\/\",\"url\":\"https:\/\/www.notibras.com\/site\/manual-reune-informacoes-para-microempreendedor-individual\/\",\"name\":\"Manual re\u00fane informa\u00e7\u00f5es para microempreendedor individual - Notibras\",\"isPartOf\":{\"@id\":\"https:\/\/www.notibras.com\/site\/#website\"},\"primaryImageOfPage\":{\"@id\":\"https:\/\/www.notibras.com\/site\/manual-reune-informacoes-para-microempreendedor-individual\/#primaryimage\"},\"image\":{\"@id\":\"https:\/\/www.notibras.com\/site\/manual-reune-informacoes-para-microempreendedor-individual\/#primaryimage\"},\"thumbnailUrl\":\"https:\/\/www.notibras.com\/site\/wp-content\/uploads\/2026\/02\/comercio_na_saara_reabre_no_rio_tnrgo_abr_0904216707.webp\",\"datePublished\":\"2026-02-01T03:00:32+00:00\",\"dateModified\":\"2026-02-01T11:41:08+00:00\",\"breadcrumb\":{\"@id\":\"https:\/\/www.notibras.com\/site\/manual-reune-informacoes-para-microempreendedor-individual\/#breadcrumb\"},\"inLanguage\":\"pt-BR\",\"potentialAction\":[{\"@type\":\"ReadAction\",\"target\":[\"https:\/\/www.notibras.com\/site\/manual-reune-informacoes-para-microempreendedor-individual\/\"]}]},{\"@type\":\"ImageObject\",\"inLanguage\":\"pt-BR\",\"@id\":\"https:\/\/www.notibras.com\/site\/manual-reune-informacoes-para-microempreendedor-individual\/#primaryimage\",\"url\":\"https:\/\/www.notibras.com\/site\/wp-content\/uploads\/2026\/02\/comercio_na_saara_reabre_no_rio_tnrgo_abr_0904216707.webp\",\"contentUrl\":\"https:\/\/www.notibras.com\/site\/wp-content\/uploads\/2026\/02\/comercio_na_saara_reabre_no_rio_tnrgo_abr_0904216707.webp\",\"width\":1170,\"height\":700},{\"@type\":\"BreadcrumbList\",\"@id\":\"https:\/\/www.notibras.com\/site\/manual-reune-informacoes-para-microempreendedor-individual\/#breadcrumb\",\"itemListElement\":[{\"@type\":\"ListItem\",\"position\":1,\"name\":\"In\u00edcio\",\"item\":\"https:\/\/www.notibras.com\/site\/\"},{\"@type\":\"ListItem\",\"position\":2,\"name\":\"Manual re\u00fane informa\u00e7\u00f5es para microempreendedor individual\"}]},{\"@type\":\"WebSite\",\"@id\":\"https:\/\/www.notibras.com\/site\/#website\",\"url\":\"https:\/\/www.notibras.com\/site\/\",\"name\":\"Notibras\",\"description\":\"Not\u00edcias de Bras\u00edlia, do Brasil e do Mundo\",\"publisher\":{\"@id\":\"https:\/\/www.notibras.com\/site\/#organization\"},\"potentialAction\":[{\"@type\":\"SearchAction\",\"target\":{\"@type\":\"EntryPoint\",\"urlTemplate\":\"https:\/\/www.notibras.com\/site\/?s={search_term_string}\"},\"query-input\":{\"@type\":\"PropertyValueSpecification\",\"valueRequired\":true,\"valueName\":\"search_term_string\"}}],\"inLanguage\":\"pt-BR\"},{\"@type\":\"Organization\",\"@id\":\"https:\/\/www.notibras.com\/site\/#organization\",\"name\":\"Grupo Notibras de Comunica\u00e7\u00e3o\",\"url\":\"https:\/\/www.notibras.com\/site\/\",\"logo\":{\"@type\":\"ImageObject\",\"inLanguage\":\"pt-BR\",\"@id\":\"https:\/\/www.notibras.com\/site\/#\/schema\/logo\/image\/\",\"url\":\"https:\/\/www.notibras.com\/site\/wp-content\/uploads\/2023\/01\/notibras23.png\",\"contentUrl\":\"https:\/\/www.notibras.com\/site\/wp-content\/uploads\/2023\/01\/notibras23.png\",\"width\":350,\"height\":87,\"caption\":\"Grupo Notibras de Comunica\u00e7\u00e3o\"},\"image\":{\"@id\":\"https:\/\/www.notibras.com\/site\/#\/schema\/logo\/image\/\"},\"sameAs\":[\"https:\/\/www.facebook.com\/notibras\/\",\"https:\/\/x.com\/Notibras\",\"https:\/\/www.instagram.com\/notibras\/\"]},{\"@type\":\"Person\",\"@id\":\"https:\/\/www.notibras.com\/site\/#\/schema\/person\/36ab0979449956132d3e5b517ea76ac8\",\"name\":\"Reda\u00e7\u00e3o\",\"image\":{\"@type\":\"ImageObject\",\"inLanguage\":\"pt-BR\",\"@id\":\"https:\/\/secure.gravatar.com\/avatar\/e0a867bdedb85fd243eadf09663511f96fc81e0720a4a42581f334ad4303aa6b?s=96&d=mm&r=g\",\"url\":\"https:\/\/secure.gravatar.com\/avatar\/e0a867bdedb85fd243eadf09663511f96fc81e0720a4a42581f334ad4303aa6b?s=96&d=mm&r=g\",\"contentUrl\":\"https:\/\/secure.gravatar.com\/avatar\/e0a867bdedb85fd243eadf09663511f96fc81e0720a4a42581f334ad4303aa6b?s=96&d=mm&r=g\",\"caption\":\"Reda\u00e7\u00e3o\"}}]}<\/script>\n<!-- \/ Yoast SEO plugin. -->","yoast_head_json":{"title":"Manual re\u00fane informa\u00e7\u00f5es para microempreendedor individual - Notibras","robots":{"index":"index","follow":"follow","max-snippet":"max-snippet:-1","max-image-preview":"max-image-preview:large","max-video-preview":"max-video-preview:-1"},"canonical":"https:\/\/www.notibras.com\/site\/manual-reune-informacoes-para-microempreendedor-individual\/","og_locale":"pt_BR","og_type":"article","og_title":"Manual re\u00fane informa\u00e7\u00f5es para microempreendedor individual - Notibras","og_description":"Guia lan\u00e7ado pelo Minist\u00e9rio do Empreendedorismo, da Microempresa e da Empresa de Pequeno Porte re\u00fane informa\u00e7\u00f5es essenciais para quem quer empreender como Microempreendedor Individual (MEI). O chamado Manual do Jovem Empreendedor re\u00fane informa\u00e7\u00f5es sobre como funciona a formaliza\u00e7\u00e3o, a organiza\u00e7\u00e3o do neg\u00f3cio e o aproveitamento das oportunidades dispon\u00edveis no pa\u00eds. Al\u00e9m de explicar as regras [&hellip;]","og_url":"https:\/\/www.notibras.com\/site\/manual-reune-informacoes-para-microempreendedor-individual\/","og_site_name":"Notibras","article_publisher":"https:\/\/www.facebook.com\/notibras\/","article_published_time":"2026-02-01T03:00:32+00:00","article_modified_time":"2026-02-01T11:41:08+00:00","og_image":[{"width":1170,"height":700,"url":"https:\/\/www.notibras.com\/site\/wp-content\/uploads\/2026\/02\/comercio_na_saara_reabre_no_rio_tnrgo_abr_0904216707.webp","type":"image\/webp"}],"author":"Reda\u00e7\u00e3o","twitter_card":"summary_large_image","twitter_creator":"@Notibras","twitter_site":"@Notibras","twitter_misc":{"Escrito por":"Reda\u00e7\u00e3o","Est. tempo de leitura":"3 minutos"},"schema":{"@context":"https:\/\/schema.org","@graph":[{"@type":"Article","@id":"https:\/\/www.notibras.com\/site\/manual-reune-informacoes-para-microempreendedor-individual\/#article","isPartOf":{"@id":"https:\/\/www.notibras.com\/site\/manual-reune-informacoes-para-microempreendedor-individual\/"},"author":{"name":"Reda\u00e7\u00e3o","@id":"https:\/\/www.notibras.com\/site\/#\/schema\/person\/36ab0979449956132d3e5b517ea76ac8"},"headline":"Manual re\u00fane informa\u00e7\u00f5es para microempreendedor individual","datePublished":"2026-02-01T03:00:32+00:00","dateModified":"2026-02-01T11:41:08+00:00","mainEntityOfPage":{"@id":"https:\/\/www.notibras.com\/site\/manual-reune-informacoes-para-microempreendedor-individual\/"},"wordCount":410,"publisher":{"@id":"https:\/\/www.notibras.com\/site\/#organization"},"image":{"@id":"https:\/\/www.notibras.com\/site\/manual-reune-informacoes-para-microempreendedor-individual\/#primaryimage"},"thumbnailUrl":"https:\/\/www.notibras.com\/site\/wp-content\/uploads\/2026\/02\/comercio_na_saara_reabre_no_rio_tnrgo_abr_0904216707.webp","articleSection":["Brasil"],"inLanguage":"pt-BR"},{"@type":"WebPage","@id":"https:\/\/www.notibras.com\/site\/manual-reune-informacoes-para-microempreendedor-individual\/","url":"https:\/\/www.notibras.com\/site\/manual-reune-informacoes-para-microempreendedor-individual\/","name":"Manual re\u00fane informa\u00e7\u00f5es para microempreendedor individual - Notibras","isPartOf":{"@id":"https:\/\/www.notibras.com\/site\/#website"},"primaryImageOfPage":{"@id":"https:\/\/www.notibras.com\/site\/manual-reune-informacoes-para-microempreendedor-individual\/#primaryimage"},"image":{"@id":"https:\/\/www.notibras.com\/site\/manual-reune-informacoes-para-microempreendedor-individual\/#primaryimage"},"thumbnailUrl":"https:\/\/www.notibras.com\/site\/wp-content\/uploads\/2026\/02\/comercio_na_saara_reabre_no_rio_tnrgo_abr_0904216707.webp","datePublished":"2026-02-01T03:00:32+00:00","dateModified":"2026-02-01T11:41:08+00:00","breadcrumb":{"@id":"https:\/\/www.notibras.com\/site\/manual-reune-informacoes-para-microempreendedor-individual\/#breadcrumb"},"inLanguage":"pt-BR","potentialAction":[{"@type":"ReadAction","target":["https:\/\/www.notibras.com\/site\/manual-reune-informacoes-para-microempreendedor-individual\/"]}]},{"@type":"ImageObject","inLanguage":"pt-BR","@id":"https:\/\/www.notibras.com\/site\/manual-reune-informacoes-para-microempreendedor-individual\/#primaryimage","url":"https:\/\/www.notibras.com\/site\/wp-content\/uploads\/2026\/02\/comercio_na_saara_reabre_no_rio_tnrgo_abr_0904216707.webp","contentUrl":"https:\/\/www.notibras.com\/site\/wp-content\/uploads\/2026\/02\/comercio_na_saara_reabre_no_rio_tnrgo_abr_0904216707.webp","width":1170,"height":700},{"@type":"BreadcrumbList","@id":"https:\/\/www.notibras.com\/site\/manual-reune-informacoes-para-microempreendedor-individual\/#breadcrumb","itemListElement":[{"@type":"ListItem","position":1,"name":"In\u00edcio","item":"https:\/\/www.notibras.com\/site\/"},{"@type":"ListItem","position":2,"name":"Manual re\u00fane informa\u00e7\u00f5es para microempreendedor individual"}]},{"@type":"WebSite","@id":"https:\/\/www.notibras.com\/site\/#website","url":"https:\/\/www.notibras.com\/site\/","name":"Notibras","description":"Not\u00edcias de Bras\u00edlia, do Brasil e do Mundo","publisher":{"@id":"https:\/\/www.notibras.com\/site\/#organization"},"potentialAction":[{"@type":"SearchAction","target":{"@type":"EntryPoint","urlTemplate":"https:\/\/www.notibras.com\/site\/?s={search_term_string}"},"query-input":{"@type":"PropertyValueSpecification","valueRequired":true,"valueName":"search_term_string"}}],"inLanguage":"pt-BR"},{"@type":"Organization","@id":"https:\/\/www.notibras.com\/site\/#organization","name":"Grupo Notibras de Comunica\u00e7\u00e3o","url":"https:\/\/www.notibras.com\/site\/","logo":{"@type":"ImageObject","inLanguage":"pt-BR","@id":"https:\/\/www.notibras.com\/site\/#\/schema\/logo\/image\/","url":"https:\/\/www.notibras.com\/site\/wp-content\/uploads\/2023\/01\/notibras23.png","contentUrl":"https:\/\/www.notibras.com\/site\/wp-content\/uploads\/2023\/01\/notibras23.png","width":350,"height":87,"caption":"Grupo Notibras de Comunica\u00e7\u00e3o"},"image":{"@id":"https:\/\/www.notibras.com\/site\/#\/schema\/logo\/image\/"},"sameAs":["https:\/\/www.facebook.com\/notibras\/","https:\/\/x.com\/Notibras","https:\/\/www.instagram.com\/notibras\/"]},{"@type":"Person","@id":"https:\/\/www.notibras.com\/site\/#\/schema\/person\/36ab0979449956132d3e5b517ea76ac8","name":"Reda\u00e7\u00e3o","image":{"@type":"ImageObject","inLanguage":"pt-BR","@id":"https:\/\/secure.gravatar.com\/avatar\/e0a867bdedb85fd243eadf09663511f96fc81e0720a4a42581f334ad4303aa6b?s=96&d=mm&r=g","url":"https:\/\/secure.gravatar.com\/avatar\/e0a867bdedb85fd243eadf09663511f96fc81e0720a4a42581f334ad4303aa6b?s=96&d=mm&r=g","contentUrl":"https:\/\/secure.gravatar.com\/avatar\/e0a867bdedb85fd243eadf09663511f96fc81e0720a4a42581f334ad4303aa6b?s=96&d=mm&r=g","caption":"Reda\u00e7\u00e3o"}}]}},"amp_enabled":true,"_links":{"self":[{"href":"https:\/\/www.notibras.com\/site\/wp-json\/wp\/v2\/posts\/381464","targetHints":{"allow":["GET"]}}],"collection":[{"href":"https:\/\/www.notibras.com\/site\/wp-json\/wp\/v2\/posts"}],"about":[{"href":"https:\/\/www.notibras.com\/site\/wp-json\/wp\/v2\/types\/post"}],"author":[{"embeddable":true,"href":"https:\/\/www.notibras.com\/site\/wp-json\/wp\/v2\/users\/2"}],"replies":[{"embeddable":true,"href":"https:\/\/www.notibras.com\/site\/wp-json\/wp\/v2\/comments?post=381464"}],"version-history":[{"count":1,"href":"https:\/\/www.notibras.com\/site\/wp-json\/wp\/v2\/posts\/381464\/revisions"}],"predecessor-version":[{"id":381466,"href":"https:\/\/www.notibras.com\/site\/wp-json\/wp\/v2\/posts\/381464\/revisions\/381466"}],"wp:featuredmedia":[{"embeddable":true,"href":"https:\/\/www.notibras.com\/site\/wp-json\/wp\/v2\/media\/381465"}],"wp:attachment":[{"href":"https:\/\/www.notibras.com\/site\/wp-json\/wp\/v2\/media?parent=381464"}],"wp:term":[{"taxonomy":"category","embeddable":true,"href":"https:\/\/www.notibras.com\/site\/wp-json\/wp\/v2\/categories?post=381464"},{"taxonomy":"post_tag","embeddable":true,"href":"https:\/\/www.notibras.com\/site\/wp-json\/wp\/v2\/tags?post=381464"}],"curies":[{"name":"wp","href":"https:\/\/api.w.org\/{rel}","templated":true}]}}