{"id":381467,"date":"2026-02-01T00:44:11","date_gmt":"2026-02-01T03:44:11","guid":{"rendered":"https:\/\/www.notibras.com\/site\/?p=381467"},"modified":"2026-02-01T08:47:50","modified_gmt":"2026-02-01T11:47:50","slug":"esgoto-sem-tratamento-e-despejado-na-ponta-dareia","status":"publish","type":"post","link":"https:\/\/www.notibras.com\/site\/esgoto-sem-tratamento-e-despejado-na-ponta-dareia\/","title":{"rendered":"Esgoto sem tratamento \u00e9 despejado na Ponta d\u2019Areia"},"content":{"rendered":"<p>Uma fiscaliza\u00e7\u00e3o da Delegacia de Meio Ambiente identificou, nessa quarta-feira (28), o despejo de esgoto sem tratamento no mar da Ponta d\u2019Areia, em S\u00e3o Lu\u00eds. Segundo a equipe que esteve no local, o esgoto corre diretamente para o mar a partir de um ponto pr\u00f3ximo a um pr\u00e9dio comercial.<\/p>\n<p>O despejo irregular atinge uma \u00e1rea que j\u00e1 havia sido classificada como impr\u00f3pria para banho, de acordo com o \u00faltimo laudo de balneabilidade. O despejo de res\u00edduos sem tratamento \u00e9 crime ambiental.<\/p>\n<p>Especialistas alertam que o esgoto lan\u00e7ado no mar cont\u00e9m bact\u00e9rias e microrganismos capazes de causar infec\u00e7\u00f5es, doen\u00e7as de pele e problemas gastrointestinais. Al\u00e9m dos riscos \u00e0 sa\u00fade, o material afeta a fauna, a flora e o equil\u00edbrio do ecossistema marinho.<\/p>\n<p>&#8220;Esse crescimento algal \u00e9 um processo natural, mas, quando est\u00e1 em excesso, pode trazer preju\u00edzos ambientais, como o consumo exagerado de oxig\u00eanio, o que provoca consequ\u00eancias como odor desagrad\u00e1vel&#8221;, disse a ocean\u00f3grafa Samara Eschrique.<\/p>\n<p>De acordo com levantamento da Secretaria de Meio Ambiente, seis pontos do litoral da Regi\u00e3o Metropolitana de S\u00e3o Lu\u00eds est\u00e3o impr\u00f3prios para banho.<\/p>\n<p>A Delegacia de Meio Ambiente informou que esteve no endere\u00e7o do pr\u00e9dio para avaliar a situa\u00e7\u00e3o, realizar os levantamentos t\u00e9cnicos e iniciar os trabalhos investigativos.<\/p>\n","protected":false},"excerpt":{"rendered":"<p>Uma fiscaliza\u00e7\u00e3o da Delegacia de Meio Ambiente identificou, nessa quarta-feira (28), o despejo de esgoto sem tratamento no mar da Ponta d\u2019Areia, em S\u00e3o Lu\u00eds. Segundo a equipe que esteve no local, o esgoto corre diretamente para o mar a partir de um ponto pr\u00f3ximo a um pr\u00e9dio comercial. O despejo irregular atinge uma \u00e1rea [&hellip;]<\/p>\n","protected":false},"author":2,"featured_media":381468,"comment_status":"closed","ping_status":"closed","sticky":false,"template":"","format":"standard","meta":{"_acf_changed":false,"footnotes":""},"categories":[165],"tags":[],"class_list":["post-381467","post","type-post","status-publish","format-standard","has-post-thumbnail","hentry","category-nordeste"],"acf":[],"yoast_head":"<!-- This site is optimized with the Yoast SEO plugin v27.2 - https:\/\/yoast.com\/product\/yoast-seo-wordpress\/ -->\n<title>Esgoto sem tratamento \u00e9 despejado na Ponta d\u2019Areia - Notibras<\/title>\n<meta name=\"robots\" content=\"index, follow, max-snippet:-1, max-image-preview:large, max-video-preview:-1\" \/>\n<link rel=\"canonical\" href=\"https:\/\/www.notibras.com\/site\/esgoto-sem-tratamento-e-despejado-na-ponta-dareia\/\" \/>\n<meta property=\"og:locale\" content=\"pt_BR\" \/>\n<meta property=\"og:type\" content=\"article\" \/>\n<meta property=\"og:title\" content=\"Esgoto sem tratamento \u00e9 despejado na Ponta d\u2019Areia - Notibras\" \/>\n<meta property=\"og:description\" content=\"Uma fiscaliza\u00e7\u00e3o da Delegacia de Meio Ambiente identificou, nessa quarta-feira (28), o despejo de esgoto sem tratamento no mar da Ponta d\u2019Areia, em S\u00e3o Lu\u00eds. Segundo a equipe que esteve no local, o esgoto corre diretamente para o mar a partir de um ponto pr\u00f3ximo a um pr\u00e9dio comercial. O despejo irregular atinge uma \u00e1rea [&hellip;]\" \/>\n<meta property=\"og:url\" content=\"https:\/\/www.notibras.com\/site\/esgoto-sem-tratamento-e-despejado-na-ponta-dareia\/\" \/>\n<meta property=\"og:site_name\" content=\"Notibras\" \/>\n<meta property=\"article:publisher\" content=\"https:\/\/www.facebook.com\/notibras\/\" \/>\n<meta property=\"article:published_time\" content=\"2026-02-01T03:44:11+00:00\" \/>\n<meta property=\"article:modified_time\" content=\"2026-02-01T11:47:50+00:00\" \/>\n<meta property=\"og:image\" content=\"https:\/\/www.notibras.com\/site\/wp-content\/uploads\/2026\/02\/f0efe173-9d39-4d6b-ae78-d97af192593f.jpg\" \/>\n\t<meta property=\"og:image:width\" content=\"984\" \/>\n\t<meta property=\"og:image:height\" content=\"554\" \/>\n\t<meta property=\"og:image:type\" content=\"image\/jpeg\" \/>\n<meta name=\"author\" content=\"Reda\u00e7\u00e3o\" \/>\n<meta name=\"twitter:card\" content=\"summary_large_image\" \/>\n<meta name=\"twitter:creator\" content=\"@Notibras\" \/>\n<meta name=\"twitter:site\" content=\"@Notibras\" \/>\n<meta name=\"twitter:label1\" content=\"Escrito por\" \/>\n\t<meta name=\"twitter:data1\" content=\"Reda\u00e7\u00e3o\" \/>\n\t<meta name=\"twitter:label2\" content=\"Est. tempo de leitura\" \/>\n\t<meta name=\"twitter:data2\" content=\"2 minutos\" \/>\n<script type=\"application\/ld+json\" class=\"yoast-schema-graph\">{\"@context\":\"https:\/\/schema.org\",\"@graph\":[{\"@type\":\"Article\",\"@id\":\"https:\/\/www.notibras.com\/site\/esgoto-sem-tratamento-e-despejado-na-ponta-dareia\/#article\",\"isPartOf\":{\"@id\":\"https:\/\/www.notibras.com\/site\/esgoto-sem-tratamento-e-despejado-na-ponta-dareia\/\"},\"author\":{\"name\":\"Reda\u00e7\u00e3o\",\"@id\":\"https:\/\/www.notibras.com\/site\/#\/schema\/person\/36ab0979449956132d3e5b517ea76ac8\"},\"headline\":\"Esgoto sem tratamento \u00e9 despejado na Ponta d\u2019Areia\",\"datePublished\":\"2026-02-01T03:44:11+00:00\",\"dateModified\":\"2026-02-01T11:47:50+00:00\",\"mainEntityOfPage\":{\"@id\":\"https:\/\/www.notibras.com\/site\/esgoto-sem-tratamento-e-despejado-na-ponta-dareia\/\"},\"wordCount\":237,\"publisher\":{\"@id\":\"https:\/\/www.notibras.com\/site\/#organization\"},\"image\":{\"@id\":\"https:\/\/www.notibras.com\/site\/esgoto-sem-tratamento-e-despejado-na-ponta-dareia\/#primaryimage\"},\"thumbnailUrl\":\"https:\/\/www.notibras.com\/site\/wp-content\/uploads\/2026\/02\/f0efe173-9d39-4d6b-ae78-d97af192593f.jpg\",\"articleSection\":[\"Nordeste\"],\"inLanguage\":\"pt-BR\"},{\"@type\":\"WebPage\",\"@id\":\"https:\/\/www.notibras.com\/site\/esgoto-sem-tratamento-e-despejado-na-ponta-dareia\/\",\"url\":\"https:\/\/www.notibras.com\/site\/esgoto-sem-tratamento-e-despejado-na-ponta-dareia\/\",\"name\":\"Esgoto sem tratamento \u00e9 despejado na Ponta d\u2019Areia - Notibras\",\"isPartOf\":{\"@id\":\"https:\/\/www.notibras.com\/site\/#website\"},\"primaryImageOfPage\":{\"@id\":\"https:\/\/www.notibras.com\/site\/esgoto-sem-tratamento-e-despejado-na-ponta-dareia\/#primaryimage\"},\"image\":{\"@id\":\"https:\/\/www.notibras.com\/site\/esgoto-sem-tratamento-e-despejado-na-ponta-dareia\/#primaryimage\"},\"thumbnailUrl\":\"https:\/\/www.notibras.com\/site\/wp-content\/uploads\/2026\/02\/f0efe173-9d39-4d6b-ae78-d97af192593f.jpg\",\"datePublished\":\"2026-02-01T03:44:11+00:00\",\"dateModified\":\"2026-02-01T11:47:50+00:00\",\"breadcrumb\":{\"@id\":\"https:\/\/www.notibras.com\/site\/esgoto-sem-tratamento-e-despejado-na-ponta-dareia\/#breadcrumb\"},\"inLanguage\":\"pt-BR\",\"potentialAction\":[{\"@type\":\"ReadAction\",\"target\":[\"https:\/\/www.notibras.com\/site\/esgoto-sem-tratamento-e-despejado-na-ponta-dareia\/\"]}]},{\"@type\":\"ImageObject\",\"inLanguage\":\"pt-BR\",\"@id\":\"https:\/\/www.notibras.com\/site\/esgoto-sem-tratamento-e-despejado-na-ponta-dareia\/#primaryimage\",\"url\":\"https:\/\/www.notibras.com\/site\/wp-content\/uploads\/2026\/02\/f0efe173-9d39-4d6b-ae78-d97af192593f.jpg\",\"contentUrl\":\"https:\/\/www.notibras.com\/site\/wp-content\/uploads\/2026\/02\/f0efe173-9d39-4d6b-ae78-d97af192593f.jpg\",\"width\":984,\"height\":554},{\"@type\":\"BreadcrumbList\",\"@id\":\"https:\/\/www.notibras.com\/site\/esgoto-sem-tratamento-e-despejado-na-ponta-dareia\/#breadcrumb\",\"itemListElement\":[{\"@type\":\"ListItem\",\"position\":1,\"name\":\"In\u00edcio\",\"item\":\"https:\/\/www.notibras.com\/site\/\"},{\"@type\":\"ListItem\",\"position\":2,\"name\":\"Esgoto sem tratamento \u00e9 despejado na Ponta d\u2019Areia\"}]},{\"@type\":\"WebSite\",\"@id\":\"https:\/\/www.notibras.com\/site\/#website\",\"url\":\"https:\/\/www.notibras.com\/site\/\",\"name\":\"Notibras\",\"description\":\"Not\u00edcias de Bras\u00edlia, do Brasil e do Mundo\",\"publisher\":{\"@id\":\"https:\/\/www.notibras.com\/site\/#organization\"},\"potentialAction\":[{\"@type\":\"SearchAction\",\"target\":{\"@type\":\"EntryPoint\",\"urlTemplate\":\"https:\/\/www.notibras.com\/site\/?s={search_term_string}\"},\"query-input\":{\"@type\":\"PropertyValueSpecification\",\"valueRequired\":true,\"valueName\":\"search_term_string\"}}],\"inLanguage\":\"pt-BR\"},{\"@type\":\"Organization\",\"@id\":\"https:\/\/www.notibras.com\/site\/#organization\",\"name\":\"Grupo Notibras de Comunica\u00e7\u00e3o\",\"url\":\"https:\/\/www.notibras.com\/site\/\",\"logo\":{\"@type\":\"ImageObject\",\"inLanguage\":\"pt-BR\",\"@id\":\"https:\/\/www.notibras.com\/site\/#\/schema\/logo\/image\/\",\"url\":\"https:\/\/www.notibras.com\/site\/wp-content\/uploads\/2023\/01\/notibras23.png\",\"contentUrl\":\"https:\/\/www.notibras.com\/site\/wp-content\/uploads\/2023\/01\/notibras23.png\",\"width\":350,\"height\":87,\"caption\":\"Grupo Notibras de Comunica\u00e7\u00e3o\"},\"image\":{\"@id\":\"https:\/\/www.notibras.com\/site\/#\/schema\/logo\/image\/\"},\"sameAs\":[\"https:\/\/www.facebook.com\/notibras\/\",\"https:\/\/x.com\/Notibras\",\"https:\/\/www.instagram.com\/notibras\/\"]},{\"@type\":\"Person\",\"@id\":\"https:\/\/www.notibras.com\/site\/#\/schema\/person\/36ab0979449956132d3e5b517ea76ac8\",\"name\":\"Reda\u00e7\u00e3o\",\"image\":{\"@type\":\"ImageObject\",\"inLanguage\":\"pt-BR\",\"@id\":\"https:\/\/secure.gravatar.com\/avatar\/e0a867bdedb85fd243eadf09663511f96fc81e0720a4a42581f334ad4303aa6b?s=96&d=mm&r=g\",\"url\":\"https:\/\/secure.gravatar.com\/avatar\/e0a867bdedb85fd243eadf09663511f96fc81e0720a4a42581f334ad4303aa6b?s=96&d=mm&r=g\",\"contentUrl\":\"https:\/\/secure.gravatar.com\/avatar\/e0a867bdedb85fd243eadf09663511f96fc81e0720a4a42581f334ad4303aa6b?s=96&d=mm&r=g\",\"caption\":\"Reda\u00e7\u00e3o\"}}]}<\/script>\n<!-- \/ Yoast SEO plugin. -->","yoast_head_json":{"title":"Esgoto sem tratamento \u00e9 despejado na Ponta d\u2019Areia - Notibras","robots":{"index":"index","follow":"follow","max-snippet":"max-snippet:-1","max-image-preview":"max-image-preview:large","max-video-preview":"max-video-preview:-1"},"canonical":"https:\/\/www.notibras.com\/site\/esgoto-sem-tratamento-e-despejado-na-ponta-dareia\/","og_locale":"pt_BR","og_type":"article","og_title":"Esgoto sem tratamento \u00e9 despejado na Ponta d\u2019Areia - Notibras","og_description":"Uma fiscaliza\u00e7\u00e3o da Delegacia de Meio Ambiente identificou, nessa quarta-feira (28), o despejo de esgoto sem tratamento no mar da Ponta d\u2019Areia, em S\u00e3o Lu\u00eds. Segundo a equipe que esteve no local, o esgoto corre diretamente para o mar a partir de um ponto pr\u00f3ximo a um pr\u00e9dio comercial. O despejo irregular atinge uma \u00e1rea [&hellip;]","og_url":"https:\/\/www.notibras.com\/site\/esgoto-sem-tratamento-e-despejado-na-ponta-dareia\/","og_site_name":"Notibras","article_publisher":"https:\/\/www.facebook.com\/notibras\/","article_published_time":"2026-02-01T03:44:11+00:00","article_modified_time":"2026-02-01T11:47:50+00:00","og_image":[{"width":984,"height":554,"url":"https:\/\/www.notibras.com\/site\/wp-content\/uploads\/2026\/02\/f0efe173-9d39-4d6b-ae78-d97af192593f.jpg","type":"image\/jpeg"}],"author":"Reda\u00e7\u00e3o","twitter_card":"summary_large_image","twitter_creator":"@Notibras","twitter_site":"@Notibras","twitter_misc":{"Escrito por":"Reda\u00e7\u00e3o","Est. tempo de leitura":"2 minutos"},"schema":{"@context":"https:\/\/schema.org","@graph":[{"@type":"Article","@id":"https:\/\/www.notibras.com\/site\/esgoto-sem-tratamento-e-despejado-na-ponta-dareia\/#article","isPartOf":{"@id":"https:\/\/www.notibras.com\/site\/esgoto-sem-tratamento-e-despejado-na-ponta-dareia\/"},"author":{"name":"Reda\u00e7\u00e3o","@id":"https:\/\/www.notibras.com\/site\/#\/schema\/person\/36ab0979449956132d3e5b517ea76ac8"},"headline":"Esgoto sem tratamento \u00e9 despejado na Ponta d\u2019Areia","datePublished":"2026-02-01T03:44:11+00:00","dateModified":"2026-02-01T11:47:50+00:00","mainEntityOfPage":{"@id":"https:\/\/www.notibras.com\/site\/esgoto-sem-tratamento-e-despejado-na-ponta-dareia\/"},"wordCount":237,"publisher":{"@id":"https:\/\/www.notibras.com\/site\/#organization"},"image":{"@id":"https:\/\/www.notibras.com\/site\/esgoto-sem-tratamento-e-despejado-na-ponta-dareia\/#primaryimage"},"thumbnailUrl":"https:\/\/www.notibras.com\/site\/wp-content\/uploads\/2026\/02\/f0efe173-9d39-4d6b-ae78-d97af192593f.jpg","articleSection":["Nordeste"],"inLanguage":"pt-BR"},{"@type":"WebPage","@id":"https:\/\/www.notibras.com\/site\/esgoto-sem-tratamento-e-despejado-na-ponta-dareia\/","url":"https:\/\/www.notibras.com\/site\/esgoto-sem-tratamento-e-despejado-na-ponta-dareia\/","name":"Esgoto sem tratamento \u00e9 despejado na Ponta d\u2019Areia - Notibras","isPartOf":{"@id":"https:\/\/www.notibras.com\/site\/#website"},"primaryImageOfPage":{"@id":"https:\/\/www.notibras.com\/site\/esgoto-sem-tratamento-e-despejado-na-ponta-dareia\/#primaryimage"},"image":{"@id":"https:\/\/www.notibras.com\/site\/esgoto-sem-tratamento-e-despejado-na-ponta-dareia\/#primaryimage"},"thumbnailUrl":"https:\/\/www.notibras.com\/site\/wp-content\/uploads\/2026\/02\/f0efe173-9d39-4d6b-ae78-d97af192593f.jpg","datePublished":"2026-02-01T03:44:11+00:00","dateModified":"2026-02-01T11:47:50+00:00","breadcrumb":{"@id":"https:\/\/www.notibras.com\/site\/esgoto-sem-tratamento-e-despejado-na-ponta-dareia\/#breadcrumb"},"inLanguage":"pt-BR","potentialAction":[{"@type":"ReadAction","target":["https:\/\/www.notibras.com\/site\/esgoto-sem-tratamento-e-despejado-na-ponta-dareia\/"]}]},{"@type":"ImageObject","inLanguage":"pt-BR","@id":"https:\/\/www.notibras.com\/site\/esgoto-sem-tratamento-e-despejado-na-ponta-dareia\/#primaryimage","url":"https:\/\/www.notibras.com\/site\/wp-content\/uploads\/2026\/02\/f0efe173-9d39-4d6b-ae78-d97af192593f.jpg","contentUrl":"https:\/\/www.notibras.com\/site\/wp-content\/uploads\/2026\/02\/f0efe173-9d39-4d6b-ae78-d97af192593f.jpg","width":984,"height":554},{"@type":"BreadcrumbList","@id":"https:\/\/www.notibras.com\/site\/esgoto-sem-tratamento-e-despejado-na-ponta-dareia\/#breadcrumb","itemListElement":[{"@type":"ListItem","position":1,"name":"In\u00edcio","item":"https:\/\/www.notibras.com\/site\/"},{"@type":"ListItem","position":2,"name":"Esgoto sem tratamento \u00e9 despejado na Ponta d\u2019Areia"}]},{"@type":"WebSite","@id":"https:\/\/www.notibras.com\/site\/#website","url":"https:\/\/www.notibras.com\/site\/","name":"Notibras","description":"Not\u00edcias de Bras\u00edlia, do Brasil e do Mundo","publisher":{"@id":"https:\/\/www.notibras.com\/site\/#organization"},"potentialAction":[{"@type":"SearchAction","target":{"@type":"EntryPoint","urlTemplate":"https:\/\/www.notibras.com\/site\/?s={search_term_string}"},"query-input":{"@type":"PropertyValueSpecification","valueRequired":true,"valueName":"search_term_string"}}],"inLanguage":"pt-BR"},{"@type":"Organization","@id":"https:\/\/www.notibras.com\/site\/#organization","name":"Grupo Notibras de Comunica\u00e7\u00e3o","url":"https:\/\/www.notibras.com\/site\/","logo":{"@type":"ImageObject","inLanguage":"pt-BR","@id":"https:\/\/www.notibras.com\/site\/#\/schema\/logo\/image\/","url":"https:\/\/www.notibras.com\/site\/wp-content\/uploads\/2023\/01\/notibras23.png","contentUrl":"https:\/\/www.notibras.com\/site\/wp-content\/uploads\/2023\/01\/notibras23.png","width":350,"height":87,"caption":"Grupo Notibras de Comunica\u00e7\u00e3o"},"image":{"@id":"https:\/\/www.notibras.com\/site\/#\/schema\/logo\/image\/"},"sameAs":["https:\/\/www.facebook.com\/notibras\/","https:\/\/x.com\/Notibras","https:\/\/www.instagram.com\/notibras\/"]},{"@type":"Person","@id":"https:\/\/www.notibras.com\/site\/#\/schema\/person\/36ab0979449956132d3e5b517ea76ac8","name":"Reda\u00e7\u00e3o","image":{"@type":"ImageObject","inLanguage":"pt-BR","@id":"https:\/\/secure.gravatar.com\/avatar\/e0a867bdedb85fd243eadf09663511f96fc81e0720a4a42581f334ad4303aa6b?s=96&d=mm&r=g","url":"https:\/\/secure.gravatar.com\/avatar\/e0a867bdedb85fd243eadf09663511f96fc81e0720a4a42581f334ad4303aa6b?s=96&d=mm&r=g","contentUrl":"https:\/\/secure.gravatar.com\/avatar\/e0a867bdedb85fd243eadf09663511f96fc81e0720a4a42581f334ad4303aa6b?s=96&d=mm&r=g","caption":"Reda\u00e7\u00e3o"}}]}},"amp_enabled":true,"_links":{"self":[{"href":"https:\/\/www.notibras.com\/site\/wp-json\/wp\/v2\/posts\/381467","targetHints":{"allow":["GET"]}}],"collection":[{"href":"https:\/\/www.notibras.com\/site\/wp-json\/wp\/v2\/posts"}],"about":[{"href":"https:\/\/www.notibras.com\/site\/wp-json\/wp\/v2\/types\/post"}],"author":[{"embeddable":true,"href":"https:\/\/www.notibras.com\/site\/wp-json\/wp\/v2\/users\/2"}],"replies":[{"embeddable":true,"href":"https:\/\/www.notibras.com\/site\/wp-json\/wp\/v2\/comments?post=381467"}],"version-history":[{"count":3,"href":"https:\/\/www.notibras.com\/site\/wp-json\/wp\/v2\/posts\/381467\/revisions"}],"predecessor-version":[{"id":381471,"href":"https:\/\/www.notibras.com\/site\/wp-json\/wp\/v2\/posts\/381467\/revisions\/381471"}],"wp:featuredmedia":[{"embeddable":true,"href":"https:\/\/www.notibras.com\/site\/wp-json\/wp\/v2\/media\/381468"}],"wp:attachment":[{"href":"https:\/\/www.notibras.com\/site\/wp-json\/wp\/v2\/media?parent=381467"}],"wp:term":[{"taxonomy":"category","embeddable":true,"href":"https:\/\/www.notibras.com\/site\/wp-json\/wp\/v2\/categories?post=381467"},{"taxonomy":"post_tag","embeddable":true,"href":"https:\/\/www.notibras.com\/site\/wp-json\/wp\/v2\/tags?post=381467"}],"curies":[{"name":"wp","href":"https:\/\/api.w.org\/{rel}","templated":true}]}}