{"id":381475,"date":"2026-02-01T00:00:35","date_gmt":"2026-02-01T03:00:35","guid":{"rendered":"https:\/\/www.notibras.com\/site\/?p=381475"},"modified":"2026-02-01T08:54:36","modified_gmt":"2026-02-01T11:54:36","slug":"tempestade-derruba-arvore-e-provoca-morte-de-mais-de-350-periquitos","status":"publish","type":"post","link":"https:\/\/www.notibras.com\/site\/tempestade-derruba-arvore-e-provoca-morte-de-mais-de-350-periquitos\/","title":{"rendered":"Tempestade derruba \u00e1rvore e provoca morte de mais de 350 periquitos"},"content":{"rendered":"<p>Mais de 350 periquitos morreram depois que uma \u00e1rvore caiu durante uma forte tempestade e destruiu o abrigo das aves no povoado Passagem Boa, em Lajeado Novo. A informa\u00e7\u00e3o \u00e9 do Instituto Chico Mendes de Conserva\u00e7\u00e3o da Biodiversidade (ICMBio), que acompanha o caso.<\/p>\n<p>Com a queda da \u00e1rvore, um p\u00e9 de eucalipto, v\u00e1rios periquitos ficaram feridos, mortos ou desacordados. Alguns conseguiram voar novamente, enquanto outros foram recolhidos por moradores da regi\u00e3o.<\/p>\n<p>O N\u00facleo de Gest\u00e3o Integrada do ICMBio de Imperatriz foi acionado por volta das 10h, ap\u00f3s um m\u00e9dico-veterin\u00e1rio e professor da Universidade Estadual da Regi\u00e3o Tocantina do Maranh\u00e3o (Uemasul) receber relatos da popula\u00e7\u00e3o sobre o ocorrido.<\/p>\n<p>Quando as equipes chegaram ao local, encontraram aves j\u00e1 abrigadas na casa de um morador. Diante disso, o ICMBio percorreu resid\u00eancias pr\u00f3ximas e orientou a popula\u00e7\u00e3o sobre a necessidade de devolver os animais silvestres.<\/p>\n<p>Ao todo, 32 periquitos foram resgatados com vida. Eles receberam atendimento inicial, com imobiliza\u00e7\u00e3o, hidrata\u00e7\u00e3o e medica\u00e7\u00e3o para al\u00edvio da dor, e depois foram levados para a cidade de Imperatriz.<\/p>\n<p>As aves foram encaminhadas ao Centro de Triagem de Animais Silvestres do Instituto Brasileiro do Meio Ambiente e dos Recursos Naturais Renov\u00e1veis (Ibama), em S\u00e3o Lu\u00eds. A equipe do centro viajou durante a noite para receber os animais, que seguem sob cuidados especializados e poder\u00e3o ser reintroduzidos na natureza ap\u00f3s a recupera\u00e7\u00e3o.<\/p>\n<p>O ICMBio refor\u00e7a que manter aves silvestres em casa \u00e9 crime ambiental. Quem ainda estiver com animais resgatados deve procurar o \u00f3rg\u00e3o ambiental mais pr\u00f3ximo e fazer a devolu\u00e7\u00e3o volunt\u00e1ria, ajudando na recupera\u00e7\u00e3o da fauna atingida.<\/p>\n","protected":false},"excerpt":{"rendered":"<p>Mais de 350 periquitos morreram depois que uma \u00e1rvore caiu durante uma forte tempestade e destruiu o abrigo das aves no povoado Passagem Boa, em Lajeado Novo. A informa\u00e7\u00e3o \u00e9 do Instituto Chico Mendes de Conserva\u00e7\u00e3o da Biodiversidade (ICMBio), que acompanha o caso. Com a queda da \u00e1rvore, um p\u00e9 de eucalipto, v\u00e1rios periquitos ficaram [&hellip;]<\/p>\n","protected":false},"author":2,"featured_media":381476,"comment_status":"closed","ping_status":"closed","sticky":false,"template":"","format":"standard","meta":{"_acf_changed":false,"footnotes":""},"categories":[165],"tags":[],"class_list":["post-381475","post","type-post","status-publish","format-standard","has-post-thumbnail","hentry","category-nordeste"],"acf":[],"yoast_head":"<!-- This site is optimized with the Yoast SEO plugin v27.2 - https:\/\/yoast.com\/product\/yoast-seo-wordpress\/ -->\n<title>Tempestade derruba \u00e1rvore e provoca morte de mais de 350 periquitos - Notibras<\/title>\n<meta name=\"robots\" content=\"index, follow, max-snippet:-1, max-image-preview:large, max-video-preview:-1\" \/>\n<link rel=\"canonical\" href=\"https:\/\/www.notibras.com\/site\/tempestade-derruba-arvore-e-provoca-morte-de-mais-de-350-periquitos\/\" \/>\n<meta property=\"og:locale\" content=\"pt_BR\" \/>\n<meta property=\"og:type\" content=\"article\" \/>\n<meta property=\"og:title\" content=\"Tempestade derruba \u00e1rvore e provoca morte de mais de 350 periquitos - Notibras\" \/>\n<meta property=\"og:description\" content=\"Mais de 350 periquitos morreram depois que uma \u00e1rvore caiu durante uma forte tempestade e destruiu o abrigo das aves no povoado Passagem Boa, em Lajeado Novo. A informa\u00e7\u00e3o \u00e9 do Instituto Chico Mendes de Conserva\u00e7\u00e3o da Biodiversidade (ICMBio), que acompanha o caso. Com a queda da \u00e1rvore, um p\u00e9 de eucalipto, v\u00e1rios periquitos ficaram [&hellip;]\" \/>\n<meta property=\"og:url\" content=\"https:\/\/www.notibras.com\/site\/tempestade-derruba-arvore-e-provoca-morte-de-mais-de-350-periquitos\/\" \/>\n<meta property=\"og:site_name\" content=\"Notibras\" \/>\n<meta property=\"article:publisher\" content=\"https:\/\/www.facebook.com\/notibras\/\" \/>\n<meta property=\"article:published_time\" content=\"2026-02-01T03:00:35+00:00\" \/>\n<meta property=\"article:modified_time\" content=\"2026-02-01T11:54:36+00:00\" \/>\n<meta property=\"og:image\" content=\"https:\/\/www.notibras.com\/site\/wp-content\/uploads\/2026\/02\/14ad0a43-dd6a-4112-937f-54133e30901e.jpg\" \/>\n\t<meta property=\"og:image:width\" content=\"984\" \/>\n\t<meta property=\"og:image:height\" content=\"554\" \/>\n\t<meta property=\"og:image:type\" content=\"image\/jpeg\" \/>\n<meta name=\"author\" content=\"Reda\u00e7\u00e3o\" \/>\n<meta name=\"twitter:card\" content=\"summary_large_image\" \/>\n<meta name=\"twitter:creator\" content=\"@Notibras\" \/>\n<meta name=\"twitter:site\" content=\"@Notibras\" \/>\n<meta name=\"twitter:label1\" content=\"Escrito por\" \/>\n\t<meta name=\"twitter:data1\" content=\"Reda\u00e7\u00e3o\" \/>\n\t<meta name=\"twitter:label2\" content=\"Est. tempo de leitura\" \/>\n\t<meta name=\"twitter:data2\" content=\"2 minutos\" \/>\n<script type=\"application\/ld+json\" class=\"yoast-schema-graph\">{\"@context\":\"https:\/\/schema.org\",\"@graph\":[{\"@type\":\"Article\",\"@id\":\"https:\/\/www.notibras.com\/site\/tempestade-derruba-arvore-e-provoca-morte-de-mais-de-350-periquitos\/#article\",\"isPartOf\":{\"@id\":\"https:\/\/www.notibras.com\/site\/tempestade-derruba-arvore-e-provoca-morte-de-mais-de-350-periquitos\/\"},\"author\":{\"name\":\"Reda\u00e7\u00e3o\",\"@id\":\"https:\/\/www.notibras.com\/site\/#\/schema\/person\/36ab0979449956132d3e5b517ea76ac8\"},\"headline\":\"Tempestade derruba \u00e1rvore e provoca morte de mais de 350 periquitos\",\"datePublished\":\"2026-02-01T03:00:35+00:00\",\"dateModified\":\"2026-02-01T11:54:36+00:00\",\"mainEntityOfPage\":{\"@id\":\"https:\/\/www.notibras.com\/site\/tempestade-derruba-arvore-e-provoca-morte-de-mais-de-350-periquitos\/\"},\"wordCount\":296,\"publisher\":{\"@id\":\"https:\/\/www.notibras.com\/site\/#organization\"},\"image\":{\"@id\":\"https:\/\/www.notibras.com\/site\/tempestade-derruba-arvore-e-provoca-morte-de-mais-de-350-periquitos\/#primaryimage\"},\"thumbnailUrl\":\"https:\/\/www.notibras.com\/site\/wp-content\/uploads\/2026\/02\/14ad0a43-dd6a-4112-937f-54133e30901e.jpg\",\"articleSection\":[\"Nordeste\"],\"inLanguage\":\"pt-BR\"},{\"@type\":\"WebPage\",\"@id\":\"https:\/\/www.notibras.com\/site\/tempestade-derruba-arvore-e-provoca-morte-de-mais-de-350-periquitos\/\",\"url\":\"https:\/\/www.notibras.com\/site\/tempestade-derruba-arvore-e-provoca-morte-de-mais-de-350-periquitos\/\",\"name\":\"Tempestade derruba \u00e1rvore e provoca morte de mais de 350 periquitos - Notibras\",\"isPartOf\":{\"@id\":\"https:\/\/www.notibras.com\/site\/#website\"},\"primaryImageOfPage\":{\"@id\":\"https:\/\/www.notibras.com\/site\/tempestade-derruba-arvore-e-provoca-morte-de-mais-de-350-periquitos\/#primaryimage\"},\"image\":{\"@id\":\"https:\/\/www.notibras.com\/site\/tempestade-derruba-arvore-e-provoca-morte-de-mais-de-350-periquitos\/#primaryimage\"},\"thumbnailUrl\":\"https:\/\/www.notibras.com\/site\/wp-content\/uploads\/2026\/02\/14ad0a43-dd6a-4112-937f-54133e30901e.jpg\",\"datePublished\":\"2026-02-01T03:00:35+00:00\",\"dateModified\":\"2026-02-01T11:54:36+00:00\",\"breadcrumb\":{\"@id\":\"https:\/\/www.notibras.com\/site\/tempestade-derruba-arvore-e-provoca-morte-de-mais-de-350-periquitos\/#breadcrumb\"},\"inLanguage\":\"pt-BR\",\"potentialAction\":[{\"@type\":\"ReadAction\",\"target\":[\"https:\/\/www.notibras.com\/site\/tempestade-derruba-arvore-e-provoca-morte-de-mais-de-350-periquitos\/\"]}]},{\"@type\":\"ImageObject\",\"inLanguage\":\"pt-BR\",\"@id\":\"https:\/\/www.notibras.com\/site\/tempestade-derruba-arvore-e-provoca-morte-de-mais-de-350-periquitos\/#primaryimage\",\"url\":\"https:\/\/www.notibras.com\/site\/wp-content\/uploads\/2026\/02\/14ad0a43-dd6a-4112-937f-54133e30901e.jpg\",\"contentUrl\":\"https:\/\/www.notibras.com\/site\/wp-content\/uploads\/2026\/02\/14ad0a43-dd6a-4112-937f-54133e30901e.jpg\",\"width\":984,\"height\":554},{\"@type\":\"BreadcrumbList\",\"@id\":\"https:\/\/www.notibras.com\/site\/tempestade-derruba-arvore-e-provoca-morte-de-mais-de-350-periquitos\/#breadcrumb\",\"itemListElement\":[{\"@type\":\"ListItem\",\"position\":1,\"name\":\"In\u00edcio\",\"item\":\"https:\/\/www.notibras.com\/site\/\"},{\"@type\":\"ListItem\",\"position\":2,\"name\":\"Tempestade derruba \u00e1rvore e provoca morte de mais de 350 periquitos\"}]},{\"@type\":\"WebSite\",\"@id\":\"https:\/\/www.notibras.com\/site\/#website\",\"url\":\"https:\/\/www.notibras.com\/site\/\",\"name\":\"Notibras\",\"description\":\"Not\u00edcias de Bras\u00edlia, do Brasil e do Mundo\",\"publisher\":{\"@id\":\"https:\/\/www.notibras.com\/site\/#organization\"},\"potentialAction\":[{\"@type\":\"SearchAction\",\"target\":{\"@type\":\"EntryPoint\",\"urlTemplate\":\"https:\/\/www.notibras.com\/site\/?s={search_term_string}\"},\"query-input\":{\"@type\":\"PropertyValueSpecification\",\"valueRequired\":true,\"valueName\":\"search_term_string\"}}],\"inLanguage\":\"pt-BR\"},{\"@type\":\"Organization\",\"@id\":\"https:\/\/www.notibras.com\/site\/#organization\",\"name\":\"Grupo Notibras de Comunica\u00e7\u00e3o\",\"url\":\"https:\/\/www.notibras.com\/site\/\",\"logo\":{\"@type\":\"ImageObject\",\"inLanguage\":\"pt-BR\",\"@id\":\"https:\/\/www.notibras.com\/site\/#\/schema\/logo\/image\/\",\"url\":\"https:\/\/www.notibras.com\/site\/wp-content\/uploads\/2023\/01\/notibras23.png\",\"contentUrl\":\"https:\/\/www.notibras.com\/site\/wp-content\/uploads\/2023\/01\/notibras23.png\",\"width\":350,\"height\":87,\"caption\":\"Grupo Notibras de Comunica\u00e7\u00e3o\"},\"image\":{\"@id\":\"https:\/\/www.notibras.com\/site\/#\/schema\/logo\/image\/\"},\"sameAs\":[\"https:\/\/www.facebook.com\/notibras\/\",\"https:\/\/x.com\/Notibras\",\"https:\/\/www.instagram.com\/notibras\/\"]},{\"@type\":\"Person\",\"@id\":\"https:\/\/www.notibras.com\/site\/#\/schema\/person\/36ab0979449956132d3e5b517ea76ac8\",\"name\":\"Reda\u00e7\u00e3o\",\"image\":{\"@type\":\"ImageObject\",\"inLanguage\":\"pt-BR\",\"@id\":\"https:\/\/secure.gravatar.com\/avatar\/e0a867bdedb85fd243eadf09663511f96fc81e0720a4a42581f334ad4303aa6b?s=96&d=mm&r=g\",\"url\":\"https:\/\/secure.gravatar.com\/avatar\/e0a867bdedb85fd243eadf09663511f96fc81e0720a4a42581f334ad4303aa6b?s=96&d=mm&r=g\",\"contentUrl\":\"https:\/\/secure.gravatar.com\/avatar\/e0a867bdedb85fd243eadf09663511f96fc81e0720a4a42581f334ad4303aa6b?s=96&d=mm&r=g\",\"caption\":\"Reda\u00e7\u00e3o\"}}]}<\/script>\n<!-- \/ Yoast SEO plugin. -->","yoast_head_json":{"title":"Tempestade derruba \u00e1rvore e provoca morte de mais de 350 periquitos - Notibras","robots":{"index":"index","follow":"follow","max-snippet":"max-snippet:-1","max-image-preview":"max-image-preview:large","max-video-preview":"max-video-preview:-1"},"canonical":"https:\/\/www.notibras.com\/site\/tempestade-derruba-arvore-e-provoca-morte-de-mais-de-350-periquitos\/","og_locale":"pt_BR","og_type":"article","og_title":"Tempestade derruba \u00e1rvore e provoca morte de mais de 350 periquitos - Notibras","og_description":"Mais de 350 periquitos morreram depois que uma \u00e1rvore caiu durante uma forte tempestade e destruiu o abrigo das aves no povoado Passagem Boa, em Lajeado Novo. A informa\u00e7\u00e3o \u00e9 do Instituto Chico Mendes de Conserva\u00e7\u00e3o da Biodiversidade (ICMBio), que acompanha o caso. Com a queda da \u00e1rvore, um p\u00e9 de eucalipto, v\u00e1rios periquitos ficaram [&hellip;]","og_url":"https:\/\/www.notibras.com\/site\/tempestade-derruba-arvore-e-provoca-morte-de-mais-de-350-periquitos\/","og_site_name":"Notibras","article_publisher":"https:\/\/www.facebook.com\/notibras\/","article_published_time":"2026-02-01T03:00:35+00:00","article_modified_time":"2026-02-01T11:54:36+00:00","og_image":[{"width":984,"height":554,"url":"https:\/\/www.notibras.com\/site\/wp-content\/uploads\/2026\/02\/14ad0a43-dd6a-4112-937f-54133e30901e.jpg","type":"image\/jpeg"}],"author":"Reda\u00e7\u00e3o","twitter_card":"summary_large_image","twitter_creator":"@Notibras","twitter_site":"@Notibras","twitter_misc":{"Escrito por":"Reda\u00e7\u00e3o","Est. tempo de leitura":"2 minutos"},"schema":{"@context":"https:\/\/schema.org","@graph":[{"@type":"Article","@id":"https:\/\/www.notibras.com\/site\/tempestade-derruba-arvore-e-provoca-morte-de-mais-de-350-periquitos\/#article","isPartOf":{"@id":"https:\/\/www.notibras.com\/site\/tempestade-derruba-arvore-e-provoca-morte-de-mais-de-350-periquitos\/"},"author":{"name":"Reda\u00e7\u00e3o","@id":"https:\/\/www.notibras.com\/site\/#\/schema\/person\/36ab0979449956132d3e5b517ea76ac8"},"headline":"Tempestade derruba \u00e1rvore e provoca morte de mais de 350 periquitos","datePublished":"2026-02-01T03:00:35+00:00","dateModified":"2026-02-01T11:54:36+00:00","mainEntityOfPage":{"@id":"https:\/\/www.notibras.com\/site\/tempestade-derruba-arvore-e-provoca-morte-de-mais-de-350-periquitos\/"},"wordCount":296,"publisher":{"@id":"https:\/\/www.notibras.com\/site\/#organization"},"image":{"@id":"https:\/\/www.notibras.com\/site\/tempestade-derruba-arvore-e-provoca-morte-de-mais-de-350-periquitos\/#primaryimage"},"thumbnailUrl":"https:\/\/www.notibras.com\/site\/wp-content\/uploads\/2026\/02\/14ad0a43-dd6a-4112-937f-54133e30901e.jpg","articleSection":["Nordeste"],"inLanguage":"pt-BR"},{"@type":"WebPage","@id":"https:\/\/www.notibras.com\/site\/tempestade-derruba-arvore-e-provoca-morte-de-mais-de-350-periquitos\/","url":"https:\/\/www.notibras.com\/site\/tempestade-derruba-arvore-e-provoca-morte-de-mais-de-350-periquitos\/","name":"Tempestade derruba \u00e1rvore e provoca morte de mais de 350 periquitos - Notibras","isPartOf":{"@id":"https:\/\/www.notibras.com\/site\/#website"},"primaryImageOfPage":{"@id":"https:\/\/www.notibras.com\/site\/tempestade-derruba-arvore-e-provoca-morte-de-mais-de-350-periquitos\/#primaryimage"},"image":{"@id":"https:\/\/www.notibras.com\/site\/tempestade-derruba-arvore-e-provoca-morte-de-mais-de-350-periquitos\/#primaryimage"},"thumbnailUrl":"https:\/\/www.notibras.com\/site\/wp-content\/uploads\/2026\/02\/14ad0a43-dd6a-4112-937f-54133e30901e.jpg","datePublished":"2026-02-01T03:00:35+00:00","dateModified":"2026-02-01T11:54:36+00:00","breadcrumb":{"@id":"https:\/\/www.notibras.com\/site\/tempestade-derruba-arvore-e-provoca-morte-de-mais-de-350-periquitos\/#breadcrumb"},"inLanguage":"pt-BR","potentialAction":[{"@type":"ReadAction","target":["https:\/\/www.notibras.com\/site\/tempestade-derruba-arvore-e-provoca-morte-de-mais-de-350-periquitos\/"]}]},{"@type":"ImageObject","inLanguage":"pt-BR","@id":"https:\/\/www.notibras.com\/site\/tempestade-derruba-arvore-e-provoca-morte-de-mais-de-350-periquitos\/#primaryimage","url":"https:\/\/www.notibras.com\/site\/wp-content\/uploads\/2026\/02\/14ad0a43-dd6a-4112-937f-54133e30901e.jpg","contentUrl":"https:\/\/www.notibras.com\/site\/wp-content\/uploads\/2026\/02\/14ad0a43-dd6a-4112-937f-54133e30901e.jpg","width":984,"height":554},{"@type":"BreadcrumbList","@id":"https:\/\/www.notibras.com\/site\/tempestade-derruba-arvore-e-provoca-morte-de-mais-de-350-periquitos\/#breadcrumb","itemListElement":[{"@type":"ListItem","position":1,"name":"In\u00edcio","item":"https:\/\/www.notibras.com\/site\/"},{"@type":"ListItem","position":2,"name":"Tempestade derruba \u00e1rvore e provoca morte de mais de 350 periquitos"}]},{"@type":"WebSite","@id":"https:\/\/www.notibras.com\/site\/#website","url":"https:\/\/www.notibras.com\/site\/","name":"Notibras","description":"Not\u00edcias de Bras\u00edlia, do Brasil e do Mundo","publisher":{"@id":"https:\/\/www.notibras.com\/site\/#organization"},"potentialAction":[{"@type":"SearchAction","target":{"@type":"EntryPoint","urlTemplate":"https:\/\/www.notibras.com\/site\/?s={search_term_string}"},"query-input":{"@type":"PropertyValueSpecification","valueRequired":true,"valueName":"search_term_string"}}],"inLanguage":"pt-BR"},{"@type":"Organization","@id":"https:\/\/www.notibras.com\/site\/#organization","name":"Grupo Notibras de Comunica\u00e7\u00e3o","url":"https:\/\/www.notibras.com\/site\/","logo":{"@type":"ImageObject","inLanguage":"pt-BR","@id":"https:\/\/www.notibras.com\/site\/#\/schema\/logo\/image\/","url":"https:\/\/www.notibras.com\/site\/wp-content\/uploads\/2023\/01\/notibras23.png","contentUrl":"https:\/\/www.notibras.com\/site\/wp-content\/uploads\/2023\/01\/notibras23.png","width":350,"height":87,"caption":"Grupo Notibras de Comunica\u00e7\u00e3o"},"image":{"@id":"https:\/\/www.notibras.com\/site\/#\/schema\/logo\/image\/"},"sameAs":["https:\/\/www.facebook.com\/notibras\/","https:\/\/x.com\/Notibras","https:\/\/www.instagram.com\/notibras\/"]},{"@type":"Person","@id":"https:\/\/www.notibras.com\/site\/#\/schema\/person\/36ab0979449956132d3e5b517ea76ac8","name":"Reda\u00e7\u00e3o","image":{"@type":"ImageObject","inLanguage":"pt-BR","@id":"https:\/\/secure.gravatar.com\/avatar\/e0a867bdedb85fd243eadf09663511f96fc81e0720a4a42581f334ad4303aa6b?s=96&d=mm&r=g","url":"https:\/\/secure.gravatar.com\/avatar\/e0a867bdedb85fd243eadf09663511f96fc81e0720a4a42581f334ad4303aa6b?s=96&d=mm&r=g","contentUrl":"https:\/\/secure.gravatar.com\/avatar\/e0a867bdedb85fd243eadf09663511f96fc81e0720a4a42581f334ad4303aa6b?s=96&d=mm&r=g","caption":"Reda\u00e7\u00e3o"}}]}},"amp_enabled":true,"_links":{"self":[{"href":"https:\/\/www.notibras.com\/site\/wp-json\/wp\/v2\/posts\/381475","targetHints":{"allow":["GET"]}}],"collection":[{"href":"https:\/\/www.notibras.com\/site\/wp-json\/wp\/v2\/posts"}],"about":[{"href":"https:\/\/www.notibras.com\/site\/wp-json\/wp\/v2\/types\/post"}],"author":[{"embeddable":true,"href":"https:\/\/www.notibras.com\/site\/wp-json\/wp\/v2\/users\/2"}],"replies":[{"embeddable":true,"href":"https:\/\/www.notibras.com\/site\/wp-json\/wp\/v2\/comments?post=381475"}],"version-history":[{"count":1,"href":"https:\/\/www.notibras.com\/site\/wp-json\/wp\/v2\/posts\/381475\/revisions"}],"predecessor-version":[{"id":381477,"href":"https:\/\/www.notibras.com\/site\/wp-json\/wp\/v2\/posts\/381475\/revisions\/381477"}],"wp:featuredmedia":[{"embeddable":true,"href":"https:\/\/www.notibras.com\/site\/wp-json\/wp\/v2\/media\/381476"}],"wp:attachment":[{"href":"https:\/\/www.notibras.com\/site\/wp-json\/wp\/v2\/media?parent=381475"}],"wp:term":[{"taxonomy":"category","embeddable":true,"href":"https:\/\/www.notibras.com\/site\/wp-json\/wp\/v2\/categories?post=381475"},{"taxonomy":"post_tag","embeddable":true,"href":"https:\/\/www.notibras.com\/site\/wp-json\/wp\/v2\/tags?post=381475"}],"curies":[{"name":"wp","href":"https:\/\/api.w.org\/{rel}","templated":true}]}}