{"id":381478,"date":"2026-02-01T00:26:44","date_gmt":"2026-02-01T03:26:44","guid":{"rendered":"https:\/\/www.notibras.com\/site\/?p=381478"},"modified":"2026-02-01T08:58:46","modified_gmt":"2026-02-01T11:58:46","slug":"nordeste-faz-a-diferenca-no-monitoramento-de-ambientes","status":"publish","type":"post","link":"https:\/\/www.notibras.com\/site\/nordeste-faz-a-diferenca-no-monitoramento-de-ambientes\/","title":{"rendered":"Nordeste faz a diferen\u00e7a no monitoramento de ambientes"},"content":{"rendered":"<p>No Nordeste, onde o sol acorda cedo e a vida come\u00e7a antes mesmo do galo cantar, cuidar do que \u00e9 nosso sempre foi mais que necessidade: \u00e9 costume antigo, quase tradi\u00e7\u00e3o. Antigamente, bastava o olho atento do vizinho, a porta bem trancada e a f\u00e9 em Deus.<\/p>\n<p>Hoje, o mundo mudou, e com ele vieram novas formas de vigiar, proteger e organizar os espa\u00e7os onde a gente vive e trabalha.<\/p>\n<p>O alarme chegou primeiro, feito sentinela moderno. Ele n\u00e3o impede a entrada de ningu\u00e9m, mas grita quando algo foge do combinado. \u00c9 o aviso que corta o sil\u00eancio da madrugada e chama aten\u00e7\u00e3o pra o que n\u00e3o devia acontecer. No com\u00e9rcio da esquina, na casa simples do bairro ou na pequena f\u00e1brica do interior, o alarme funciona como um susto necess\u00e1rio, lembrando que algu\u00e9m t\u00e1 olhando, mesmo quando ningu\u00e9m t\u00e1 por perto.<\/p>\n<p>J\u00e1 o controle de acesso \u00e9 diferente, mais calmo e mais firme. Ele n\u00e3o espera o erro pra avisar; ele decide antes quem pode entrar e quem fica do lado de fora. Cart\u00e3o, senha, biometria\u2026 parece coisa de cidade grande, mas j\u00e1 faz parte do dia a dia nordestino, principalmente em empresas, condom\u00ednios e pr\u00e9dios p\u00fablicos. \u00c9 como o velho porteiro de confian\u00e7a, s\u00f3 que agora em vers\u00e3o tecnol\u00f3gica, sem cochilo e sem distra\u00e7\u00e3o.<\/p>\n<p>No fundo, a diferen\u00e7a entre um e outro \u00e9 o tempo da a\u00e7\u00e3o. O alarme reage depois do susto; o controle de acesso age antes do problema. Um alerta, o outro organiza. Um grita, o outro escolhe. E quando os dois trabalham juntos, o ambiente ganha n\u00e3o s\u00f3 seguran\u00e7a, mas tamb\u00e9m ordem e tranquilidade.<\/p>\n<p>Assim, entre sirenes e leitores digitais, o Nordeste vai se adaptando. Sem perder o jeito acolhedor, mas aprendendo a usar a tecnologia como aliada. Porque proteger n\u00e3o \u00e9 s\u00f3 desconfiar; \u00e9 cuidar. E cuidar, por aqui, sempre foi um ato de responsabilidade com a casa, com o trabalho e com as pessoas que fazem parte desse ch\u00e3o quente e cheio de vida.<\/p>\n","protected":false},"excerpt":{"rendered":"<p>No Nordeste, onde o sol acorda cedo e a vida come\u00e7a antes mesmo do galo cantar, cuidar do que \u00e9 nosso sempre foi mais que necessidade: \u00e9 costume antigo, quase tradi\u00e7\u00e3o. Antigamente, bastava o olho atento do vizinho, a porta bem trancada e a f\u00e9 em Deus. Hoje, o mundo mudou, e com ele vieram [&hellip;]<\/p>\n","protected":false},"author":2,"featured_media":381479,"comment_status":"closed","ping_status":"closed","sticky":false,"template":"","format":"standard","meta":{"_acf_changed":false,"footnotes":""},"categories":[165],"tags":[],"class_list":["post-381478","post","type-post","status-publish","format-standard","has-post-thumbnail","hentry","category-nordeste"],"acf":[],"yoast_head":"<!-- This site is optimized with the Yoast SEO plugin v27.2 - https:\/\/yoast.com\/product\/yoast-seo-wordpress\/ -->\n<title>Nordeste faz a diferen\u00e7a no monitoramento de ambientes - Notibras<\/title>\n<meta name=\"robots\" content=\"index, follow, max-snippet:-1, max-image-preview:large, max-video-preview:-1\" \/>\n<link rel=\"canonical\" href=\"https:\/\/www.notibras.com\/site\/nordeste-faz-a-diferenca-no-monitoramento-de-ambientes\/\" \/>\n<meta property=\"og:locale\" content=\"pt_BR\" \/>\n<meta property=\"og:type\" content=\"article\" \/>\n<meta property=\"og:title\" content=\"Nordeste faz a diferen\u00e7a no monitoramento de ambientes - Notibras\" \/>\n<meta property=\"og:description\" content=\"No Nordeste, onde o sol acorda cedo e a vida come\u00e7a antes mesmo do galo cantar, cuidar do que \u00e9 nosso sempre foi mais que necessidade: \u00e9 costume antigo, quase tradi\u00e7\u00e3o. Antigamente, bastava o olho atento do vizinho, a porta bem trancada e a f\u00e9 em Deus. Hoje, o mundo mudou, e com ele vieram [&hellip;]\" \/>\n<meta property=\"og:url\" content=\"https:\/\/www.notibras.com\/site\/nordeste-faz-a-diferenca-no-monitoramento-de-ambientes\/\" \/>\n<meta property=\"og:site_name\" content=\"Notibras\" \/>\n<meta property=\"article:publisher\" content=\"https:\/\/www.facebook.com\/notibras\/\" \/>\n<meta property=\"article:published_time\" content=\"2026-02-01T03:26:44+00:00\" \/>\n<meta property=\"article:modified_time\" content=\"2026-02-01T11:58:46+00:00\" \/>\n<meta property=\"og:image\" content=\"https:\/\/www.notibras.com\/site\/wp-content\/uploads\/2026\/02\/513fbef4-7762-4b44-a679-95710ee9980c.jpg\" \/>\n\t<meta property=\"og:image:width\" content=\"1600\" \/>\n\t<meta property=\"og:image:height\" content=\"1092\" \/>\n\t<meta property=\"og:image:type\" content=\"image\/jpeg\" \/>\n<meta name=\"author\" content=\"Reda\u00e7\u00e3o\" \/>\n<meta name=\"twitter:card\" content=\"summary_large_image\" \/>\n<meta name=\"twitter:creator\" content=\"@Notibras\" \/>\n<meta name=\"twitter:site\" content=\"@Notibras\" \/>\n<meta name=\"twitter:label1\" content=\"Escrito por\" \/>\n\t<meta name=\"twitter:data1\" content=\"Reda\u00e7\u00e3o\" \/>\n\t<meta name=\"twitter:label2\" content=\"Est. tempo de leitura\" \/>\n\t<meta name=\"twitter:data2\" content=\"3 minutos\" \/>\n<script type=\"application\/ld+json\" class=\"yoast-schema-graph\">{\"@context\":\"https:\/\/schema.org\",\"@graph\":[{\"@type\":\"Article\",\"@id\":\"https:\/\/www.notibras.com\/site\/nordeste-faz-a-diferenca-no-monitoramento-de-ambientes\/#article\",\"isPartOf\":{\"@id\":\"https:\/\/www.notibras.com\/site\/nordeste-faz-a-diferenca-no-monitoramento-de-ambientes\/\"},\"author\":{\"name\":\"Reda\u00e7\u00e3o\",\"@id\":\"https:\/\/www.notibras.com\/site\/#\/schema\/person\/36ab0979449956132d3e5b517ea76ac8\"},\"headline\":\"Nordeste faz a diferen\u00e7a no monitoramento de ambientes\",\"datePublished\":\"2026-02-01T03:26:44+00:00\",\"dateModified\":\"2026-02-01T11:58:46+00:00\",\"mainEntityOfPage\":{\"@id\":\"https:\/\/www.notibras.com\/site\/nordeste-faz-a-diferenca-no-monitoramento-de-ambientes\/\"},\"wordCount\":362,\"publisher\":{\"@id\":\"https:\/\/www.notibras.com\/site\/#organization\"},\"image\":{\"@id\":\"https:\/\/www.notibras.com\/site\/nordeste-faz-a-diferenca-no-monitoramento-de-ambientes\/#primaryimage\"},\"thumbnailUrl\":\"https:\/\/www.notibras.com\/site\/wp-content\/uploads\/2026\/02\/513fbef4-7762-4b44-a679-95710ee9980c.jpg\",\"articleSection\":[\"Nordeste\"],\"inLanguage\":\"pt-BR\"},{\"@type\":\"WebPage\",\"@id\":\"https:\/\/www.notibras.com\/site\/nordeste-faz-a-diferenca-no-monitoramento-de-ambientes\/\",\"url\":\"https:\/\/www.notibras.com\/site\/nordeste-faz-a-diferenca-no-monitoramento-de-ambientes\/\",\"name\":\"Nordeste faz a diferen\u00e7a no monitoramento de ambientes - Notibras\",\"isPartOf\":{\"@id\":\"https:\/\/www.notibras.com\/site\/#website\"},\"primaryImageOfPage\":{\"@id\":\"https:\/\/www.notibras.com\/site\/nordeste-faz-a-diferenca-no-monitoramento-de-ambientes\/#primaryimage\"},\"image\":{\"@id\":\"https:\/\/www.notibras.com\/site\/nordeste-faz-a-diferenca-no-monitoramento-de-ambientes\/#primaryimage\"},\"thumbnailUrl\":\"https:\/\/www.notibras.com\/site\/wp-content\/uploads\/2026\/02\/513fbef4-7762-4b44-a679-95710ee9980c.jpg\",\"datePublished\":\"2026-02-01T03:26:44+00:00\",\"dateModified\":\"2026-02-01T11:58:46+00:00\",\"breadcrumb\":{\"@id\":\"https:\/\/www.notibras.com\/site\/nordeste-faz-a-diferenca-no-monitoramento-de-ambientes\/#breadcrumb\"},\"inLanguage\":\"pt-BR\",\"potentialAction\":[{\"@type\":\"ReadAction\",\"target\":[\"https:\/\/www.notibras.com\/site\/nordeste-faz-a-diferenca-no-monitoramento-de-ambientes\/\"]}]},{\"@type\":\"ImageObject\",\"inLanguage\":\"pt-BR\",\"@id\":\"https:\/\/www.notibras.com\/site\/nordeste-faz-a-diferenca-no-monitoramento-de-ambientes\/#primaryimage\",\"url\":\"https:\/\/www.notibras.com\/site\/wp-content\/uploads\/2026\/02\/513fbef4-7762-4b44-a679-95710ee9980c.jpg\",\"contentUrl\":\"https:\/\/www.notibras.com\/site\/wp-content\/uploads\/2026\/02\/513fbef4-7762-4b44-a679-95710ee9980c.jpg\",\"width\":1600,\"height\":1092},{\"@type\":\"BreadcrumbList\",\"@id\":\"https:\/\/www.notibras.com\/site\/nordeste-faz-a-diferenca-no-monitoramento-de-ambientes\/#breadcrumb\",\"itemListElement\":[{\"@type\":\"ListItem\",\"position\":1,\"name\":\"In\u00edcio\",\"item\":\"https:\/\/www.notibras.com\/site\/\"},{\"@type\":\"ListItem\",\"position\":2,\"name\":\"Nordeste faz a diferen\u00e7a no monitoramento de ambientes\"}]},{\"@type\":\"WebSite\",\"@id\":\"https:\/\/www.notibras.com\/site\/#website\",\"url\":\"https:\/\/www.notibras.com\/site\/\",\"name\":\"Notibras\",\"description\":\"Not\u00edcias de Bras\u00edlia, do Brasil e do Mundo\",\"publisher\":{\"@id\":\"https:\/\/www.notibras.com\/site\/#organization\"},\"potentialAction\":[{\"@type\":\"SearchAction\",\"target\":{\"@type\":\"EntryPoint\",\"urlTemplate\":\"https:\/\/www.notibras.com\/site\/?s={search_term_string}\"},\"query-input\":{\"@type\":\"PropertyValueSpecification\",\"valueRequired\":true,\"valueName\":\"search_term_string\"}}],\"inLanguage\":\"pt-BR\"},{\"@type\":\"Organization\",\"@id\":\"https:\/\/www.notibras.com\/site\/#organization\",\"name\":\"Grupo Notibras de Comunica\u00e7\u00e3o\",\"url\":\"https:\/\/www.notibras.com\/site\/\",\"logo\":{\"@type\":\"ImageObject\",\"inLanguage\":\"pt-BR\",\"@id\":\"https:\/\/www.notibras.com\/site\/#\/schema\/logo\/image\/\",\"url\":\"https:\/\/www.notibras.com\/site\/wp-content\/uploads\/2023\/01\/notibras23.png\",\"contentUrl\":\"https:\/\/www.notibras.com\/site\/wp-content\/uploads\/2023\/01\/notibras23.png\",\"width\":350,\"height\":87,\"caption\":\"Grupo Notibras de Comunica\u00e7\u00e3o\"},\"image\":{\"@id\":\"https:\/\/www.notibras.com\/site\/#\/schema\/logo\/image\/\"},\"sameAs\":[\"https:\/\/www.facebook.com\/notibras\/\",\"https:\/\/x.com\/Notibras\",\"https:\/\/www.instagram.com\/notibras\/\"]},{\"@type\":\"Person\",\"@id\":\"https:\/\/www.notibras.com\/site\/#\/schema\/person\/36ab0979449956132d3e5b517ea76ac8\",\"name\":\"Reda\u00e7\u00e3o\",\"image\":{\"@type\":\"ImageObject\",\"inLanguage\":\"pt-BR\",\"@id\":\"https:\/\/secure.gravatar.com\/avatar\/e0a867bdedb85fd243eadf09663511f96fc81e0720a4a42581f334ad4303aa6b?s=96&d=mm&r=g\",\"url\":\"https:\/\/secure.gravatar.com\/avatar\/e0a867bdedb85fd243eadf09663511f96fc81e0720a4a42581f334ad4303aa6b?s=96&d=mm&r=g\",\"contentUrl\":\"https:\/\/secure.gravatar.com\/avatar\/e0a867bdedb85fd243eadf09663511f96fc81e0720a4a42581f334ad4303aa6b?s=96&d=mm&r=g\",\"caption\":\"Reda\u00e7\u00e3o\"}}]}<\/script>\n<!-- \/ Yoast SEO plugin. -->","yoast_head_json":{"title":"Nordeste faz a diferen\u00e7a no monitoramento de ambientes - Notibras","robots":{"index":"index","follow":"follow","max-snippet":"max-snippet:-1","max-image-preview":"max-image-preview:large","max-video-preview":"max-video-preview:-1"},"canonical":"https:\/\/www.notibras.com\/site\/nordeste-faz-a-diferenca-no-monitoramento-de-ambientes\/","og_locale":"pt_BR","og_type":"article","og_title":"Nordeste faz a diferen\u00e7a no monitoramento de ambientes - Notibras","og_description":"No Nordeste, onde o sol acorda cedo e a vida come\u00e7a antes mesmo do galo cantar, cuidar do que \u00e9 nosso sempre foi mais que necessidade: \u00e9 costume antigo, quase tradi\u00e7\u00e3o. Antigamente, bastava o olho atento do vizinho, a porta bem trancada e a f\u00e9 em Deus. Hoje, o mundo mudou, e com ele vieram [&hellip;]","og_url":"https:\/\/www.notibras.com\/site\/nordeste-faz-a-diferenca-no-monitoramento-de-ambientes\/","og_site_name":"Notibras","article_publisher":"https:\/\/www.facebook.com\/notibras\/","article_published_time":"2026-02-01T03:26:44+00:00","article_modified_time":"2026-02-01T11:58:46+00:00","og_image":[{"width":1600,"height":1092,"url":"https:\/\/www.notibras.com\/site\/wp-content\/uploads\/2026\/02\/513fbef4-7762-4b44-a679-95710ee9980c.jpg","type":"image\/jpeg"}],"author":"Reda\u00e7\u00e3o","twitter_card":"summary_large_image","twitter_creator":"@Notibras","twitter_site":"@Notibras","twitter_misc":{"Escrito por":"Reda\u00e7\u00e3o","Est. tempo de leitura":"3 minutos"},"schema":{"@context":"https:\/\/schema.org","@graph":[{"@type":"Article","@id":"https:\/\/www.notibras.com\/site\/nordeste-faz-a-diferenca-no-monitoramento-de-ambientes\/#article","isPartOf":{"@id":"https:\/\/www.notibras.com\/site\/nordeste-faz-a-diferenca-no-monitoramento-de-ambientes\/"},"author":{"name":"Reda\u00e7\u00e3o","@id":"https:\/\/www.notibras.com\/site\/#\/schema\/person\/36ab0979449956132d3e5b517ea76ac8"},"headline":"Nordeste faz a diferen\u00e7a no monitoramento de ambientes","datePublished":"2026-02-01T03:26:44+00:00","dateModified":"2026-02-01T11:58:46+00:00","mainEntityOfPage":{"@id":"https:\/\/www.notibras.com\/site\/nordeste-faz-a-diferenca-no-monitoramento-de-ambientes\/"},"wordCount":362,"publisher":{"@id":"https:\/\/www.notibras.com\/site\/#organization"},"image":{"@id":"https:\/\/www.notibras.com\/site\/nordeste-faz-a-diferenca-no-monitoramento-de-ambientes\/#primaryimage"},"thumbnailUrl":"https:\/\/www.notibras.com\/site\/wp-content\/uploads\/2026\/02\/513fbef4-7762-4b44-a679-95710ee9980c.jpg","articleSection":["Nordeste"],"inLanguage":"pt-BR"},{"@type":"WebPage","@id":"https:\/\/www.notibras.com\/site\/nordeste-faz-a-diferenca-no-monitoramento-de-ambientes\/","url":"https:\/\/www.notibras.com\/site\/nordeste-faz-a-diferenca-no-monitoramento-de-ambientes\/","name":"Nordeste faz a diferen\u00e7a no monitoramento de ambientes - Notibras","isPartOf":{"@id":"https:\/\/www.notibras.com\/site\/#website"},"primaryImageOfPage":{"@id":"https:\/\/www.notibras.com\/site\/nordeste-faz-a-diferenca-no-monitoramento-de-ambientes\/#primaryimage"},"image":{"@id":"https:\/\/www.notibras.com\/site\/nordeste-faz-a-diferenca-no-monitoramento-de-ambientes\/#primaryimage"},"thumbnailUrl":"https:\/\/www.notibras.com\/site\/wp-content\/uploads\/2026\/02\/513fbef4-7762-4b44-a679-95710ee9980c.jpg","datePublished":"2026-02-01T03:26:44+00:00","dateModified":"2026-02-01T11:58:46+00:00","breadcrumb":{"@id":"https:\/\/www.notibras.com\/site\/nordeste-faz-a-diferenca-no-monitoramento-de-ambientes\/#breadcrumb"},"inLanguage":"pt-BR","potentialAction":[{"@type":"ReadAction","target":["https:\/\/www.notibras.com\/site\/nordeste-faz-a-diferenca-no-monitoramento-de-ambientes\/"]}]},{"@type":"ImageObject","inLanguage":"pt-BR","@id":"https:\/\/www.notibras.com\/site\/nordeste-faz-a-diferenca-no-monitoramento-de-ambientes\/#primaryimage","url":"https:\/\/www.notibras.com\/site\/wp-content\/uploads\/2026\/02\/513fbef4-7762-4b44-a679-95710ee9980c.jpg","contentUrl":"https:\/\/www.notibras.com\/site\/wp-content\/uploads\/2026\/02\/513fbef4-7762-4b44-a679-95710ee9980c.jpg","width":1600,"height":1092},{"@type":"BreadcrumbList","@id":"https:\/\/www.notibras.com\/site\/nordeste-faz-a-diferenca-no-monitoramento-de-ambientes\/#breadcrumb","itemListElement":[{"@type":"ListItem","position":1,"name":"In\u00edcio","item":"https:\/\/www.notibras.com\/site\/"},{"@type":"ListItem","position":2,"name":"Nordeste faz a diferen\u00e7a no monitoramento de ambientes"}]},{"@type":"WebSite","@id":"https:\/\/www.notibras.com\/site\/#website","url":"https:\/\/www.notibras.com\/site\/","name":"Notibras","description":"Not\u00edcias de Bras\u00edlia, do Brasil e do Mundo","publisher":{"@id":"https:\/\/www.notibras.com\/site\/#organization"},"potentialAction":[{"@type":"SearchAction","target":{"@type":"EntryPoint","urlTemplate":"https:\/\/www.notibras.com\/site\/?s={search_term_string}"},"query-input":{"@type":"PropertyValueSpecification","valueRequired":true,"valueName":"search_term_string"}}],"inLanguage":"pt-BR"},{"@type":"Organization","@id":"https:\/\/www.notibras.com\/site\/#organization","name":"Grupo Notibras de Comunica\u00e7\u00e3o","url":"https:\/\/www.notibras.com\/site\/","logo":{"@type":"ImageObject","inLanguage":"pt-BR","@id":"https:\/\/www.notibras.com\/site\/#\/schema\/logo\/image\/","url":"https:\/\/www.notibras.com\/site\/wp-content\/uploads\/2023\/01\/notibras23.png","contentUrl":"https:\/\/www.notibras.com\/site\/wp-content\/uploads\/2023\/01\/notibras23.png","width":350,"height":87,"caption":"Grupo Notibras de Comunica\u00e7\u00e3o"},"image":{"@id":"https:\/\/www.notibras.com\/site\/#\/schema\/logo\/image\/"},"sameAs":["https:\/\/www.facebook.com\/notibras\/","https:\/\/x.com\/Notibras","https:\/\/www.instagram.com\/notibras\/"]},{"@type":"Person","@id":"https:\/\/www.notibras.com\/site\/#\/schema\/person\/36ab0979449956132d3e5b517ea76ac8","name":"Reda\u00e7\u00e3o","image":{"@type":"ImageObject","inLanguage":"pt-BR","@id":"https:\/\/secure.gravatar.com\/avatar\/e0a867bdedb85fd243eadf09663511f96fc81e0720a4a42581f334ad4303aa6b?s=96&d=mm&r=g","url":"https:\/\/secure.gravatar.com\/avatar\/e0a867bdedb85fd243eadf09663511f96fc81e0720a4a42581f334ad4303aa6b?s=96&d=mm&r=g","contentUrl":"https:\/\/secure.gravatar.com\/avatar\/e0a867bdedb85fd243eadf09663511f96fc81e0720a4a42581f334ad4303aa6b?s=96&d=mm&r=g","caption":"Reda\u00e7\u00e3o"}}]}},"amp_enabled":true,"_links":{"self":[{"href":"https:\/\/www.notibras.com\/site\/wp-json\/wp\/v2\/posts\/381478","targetHints":{"allow":["GET"]}}],"collection":[{"href":"https:\/\/www.notibras.com\/site\/wp-json\/wp\/v2\/posts"}],"about":[{"href":"https:\/\/www.notibras.com\/site\/wp-json\/wp\/v2\/types\/post"}],"author":[{"embeddable":true,"href":"https:\/\/www.notibras.com\/site\/wp-json\/wp\/v2\/users\/2"}],"replies":[{"embeddable":true,"href":"https:\/\/www.notibras.com\/site\/wp-json\/wp\/v2\/comments?post=381478"}],"version-history":[{"count":1,"href":"https:\/\/www.notibras.com\/site\/wp-json\/wp\/v2\/posts\/381478\/revisions"}],"predecessor-version":[{"id":381480,"href":"https:\/\/www.notibras.com\/site\/wp-json\/wp\/v2\/posts\/381478\/revisions\/381480"}],"wp:featuredmedia":[{"embeddable":true,"href":"https:\/\/www.notibras.com\/site\/wp-json\/wp\/v2\/media\/381479"}],"wp:attachment":[{"href":"https:\/\/www.notibras.com\/site\/wp-json\/wp\/v2\/media?parent=381478"}],"wp:term":[{"taxonomy":"category","embeddable":true,"href":"https:\/\/www.notibras.com\/site\/wp-json\/wp\/v2\/categories?post=381478"},{"taxonomy":"post_tag","embeddable":true,"href":"https:\/\/www.notibras.com\/site\/wp-json\/wp\/v2\/tags?post=381478"}],"curies":[{"name":"wp","href":"https:\/\/api.w.org\/{rel}","templated":true}]}}