{"id":381496,"date":"2026-02-02T01:15:30","date_gmt":"2026-02-02T04:15:30","guid":{"rendered":"https:\/\/www.notibras.com\/site\/?p=381496"},"modified":"2026-02-01T20:22:24","modified_gmt":"2026-02-01T23:22:24","slug":"justica-mantem-prisao-de-piloto-e-determina-cela-isolada","status":"publish","type":"post","link":"https:\/\/www.notibras.com\/site\/justica-mantem-prisao-de-piloto-e-determina-cela-isolada\/","title":{"rendered":"Justi\u00e7a mant\u00e9m pris\u00e3o de piloto e determina cela isolada"},"content":{"rendered":"<p>A Justi\u00e7a do Distrito Federal manteve a pris\u00e3o preventiva do piloto Pedro Arthur Turra Basso, de 19 anos, mas incluiu uma determina\u00e7\u00e3o que gerou pol\u00eamica: a transfer\u00eancia do agressor para uma cela isolada. O juiz da 1\u00aa Vara Criminal de Taguatinga justificou a medida alegando que a grande exposi\u00e7\u00e3o do caso coloca em risco a integridade f\u00edsica do piloto dentro do sistema prisional. Com isso, Pedro deve ser encaminhado ao Complexo Penitenci\u00e1rio da Papuda nesta segunda-feira (2) para cumprir o isolamento determinado.<\/p>\n<p>A decis\u00e3o de conceder uma cela especial foi prontamente criticada pela defesa do adolescente de 16 anos, que permanece em coma induzido. Os advogados da v\u00edtima lamentaram o despacho, afirmando que a medida refor\u00e7a uma sensa\u00e7\u00e3o de privil\u00e9gio e tratamento diferenciado. Para a fam\u00edlia do jovem agredido, o isolamento do piloto soa como uma prote\u00e7\u00e3o injusta diante da gravidade do crime, motivado por uma simples discuss\u00e3o por chiclete.<\/p>\n<p>Al\u00e9m da pol\u00eamica sobre a cela, o magistrado destacou que a pris\u00e3o \u00e9 necess\u00e1ria porque Pedro estaria tentando manipular as investiga\u00e7\u00f5es. Segundo o processo, ele utilizou redes sociais para tentar combinar vers\u00f5es com terceiros, buscando criar uma tese de leg\u00edtima defesa que n\u00e3o condiz com as agress\u00f5es repetidas registradas. Durante as buscas, a pol\u00edcia apreendeu celulares e armas brancas, como soco ingl\u00eas, refor\u00e7ando o perfil intimidador do piloto.<\/p>\n<p>Enquanto o piloto recebe o benef\u00edcio do isolamento na pris\u00e3o para garantir sua seguran\u00e7a, o adolescente agredido segue sem previs\u00e3o de alta e lutando pela vida. O caso levanta um debate jur\u00eddico sobre o equil\u00edbrio entre a seguran\u00e7a do detento e a igualdade de tratamento perante a lei. Voc\u00ea pode conferir mais detalhes sobre as regras de seguran\u00e7a no sistema prisional no site da Secretaria de Administra\u00e7\u00e3o Penitenci\u00e1ria (SEAPE\/DF).<\/p>\n","protected":false},"excerpt":{"rendered":"<p>A Justi\u00e7a do Distrito Federal manteve a pris\u00e3o preventiva do piloto Pedro Arthur Turra Basso, de 19 anos, mas incluiu uma determina\u00e7\u00e3o que gerou pol\u00eamica: a transfer\u00eancia do agressor para uma cela isolada. O juiz da 1\u00aa Vara Criminal de Taguatinga justificou a medida alegando que a grande exposi\u00e7\u00e3o do caso coloca em risco a [&hellip;]<\/p>\n","protected":false},"author":21,"featured_media":381497,"comment_status":"closed","ping_status":"closed","sticky":false,"template":"","format":"standard","meta":{"_acf_changed":false,"footnotes":""},"categories":[161],"tags":[],"class_list":["post-381496","post","type-post","status-publish","format-standard","has-post-thumbnail","hentry","category-quadradinho-em-foco"],"acf":[],"yoast_head":"<!-- This site is optimized with the Yoast SEO plugin v27.2 - https:\/\/yoast.com\/product\/yoast-seo-wordpress\/ -->\n<title>Justi\u00e7a mant\u00e9m pris\u00e3o de piloto e determina cela isolada - Notibras<\/title>\n<meta name=\"robots\" content=\"index, follow, max-snippet:-1, max-image-preview:large, max-video-preview:-1\" \/>\n<link rel=\"canonical\" href=\"https:\/\/www.notibras.com\/site\/justica-mantem-prisao-de-piloto-e-determina-cela-isolada\/\" \/>\n<meta property=\"og:locale\" content=\"pt_BR\" \/>\n<meta property=\"og:type\" content=\"article\" \/>\n<meta property=\"og:title\" content=\"Justi\u00e7a mant\u00e9m pris\u00e3o de piloto e determina cela isolada - Notibras\" \/>\n<meta property=\"og:description\" content=\"A Justi\u00e7a do Distrito Federal manteve a pris\u00e3o preventiva do piloto Pedro Arthur Turra Basso, de 19 anos, mas incluiu uma determina\u00e7\u00e3o que gerou pol\u00eamica: a transfer\u00eancia do agressor para uma cela isolada. O juiz da 1\u00aa Vara Criminal de Taguatinga justificou a medida alegando que a grande exposi\u00e7\u00e3o do caso coloca em risco a [&hellip;]\" \/>\n<meta property=\"og:url\" content=\"https:\/\/www.notibras.com\/site\/justica-mantem-prisao-de-piloto-e-determina-cela-isolada\/\" \/>\n<meta property=\"og:site_name\" content=\"Notibras\" \/>\n<meta property=\"article:publisher\" content=\"https:\/\/www.facebook.com\/notibras\/\" \/>\n<meta property=\"article:published_time\" content=\"2026-02-02T04:15:30+00:00\" \/>\n<meta property=\"og:image\" content=\"https:\/\/www.notibras.com\/site\/wp-content\/uploads\/2026\/02\/piloto-que-espancou-adolescente-em-briga-por-chiclete-e-preso-preventivamente-metropoles-1-scaled-1.webp\" \/>\n\t<meta property=\"og:image:width\" content=\"900\" \/>\n\t<meta property=\"og:image:height\" content=\"600\" \/>\n\t<meta property=\"og:image:type\" content=\"image\/webp\" \/>\n<meta name=\"author\" content=\"Eduardo Mart\u00ednez\" \/>\n<meta name=\"twitter:card\" content=\"summary_large_image\" \/>\n<meta name=\"twitter:creator\" content=\"@Notibras\" \/>\n<meta name=\"twitter:site\" content=\"@Notibras\" \/>\n<meta name=\"twitter:label1\" content=\"Escrito por\" \/>\n\t<meta name=\"twitter:data1\" content=\"Eduardo Mart\u00ednez\" \/>\n\t<meta name=\"twitter:label2\" content=\"Est. tempo de leitura\" \/>\n\t<meta name=\"twitter:data2\" content=\"2 minutos\" \/>\n<script type=\"application\/ld+json\" class=\"yoast-schema-graph\">{\"@context\":\"https:\/\/schema.org\",\"@graph\":[{\"@type\":\"Article\",\"@id\":\"https:\/\/www.notibras.com\/site\/justica-mantem-prisao-de-piloto-e-determina-cela-isolada\/#article\",\"isPartOf\":{\"@id\":\"https:\/\/www.notibras.com\/site\/justica-mantem-prisao-de-piloto-e-determina-cela-isolada\/\"},\"author\":{\"name\":\"Eduardo Mart\u00ednez\",\"@id\":\"https:\/\/www.notibras.com\/site\/#\/schema\/person\/5b7fabf2aedc3ada2105f03b22b4d3dd\"},\"headline\":\"Justi\u00e7a mant\u00e9m pris\u00e3o de piloto e determina cela isolada\",\"datePublished\":\"2026-02-02T04:15:30+00:00\",\"mainEntityOfPage\":{\"@id\":\"https:\/\/www.notibras.com\/site\/justica-mantem-prisao-de-piloto-e-determina-cela-isolada\/\"},\"wordCount\":333,\"publisher\":{\"@id\":\"https:\/\/www.notibras.com\/site\/#organization\"},\"image\":{\"@id\":\"https:\/\/www.notibras.com\/site\/justica-mantem-prisao-de-piloto-e-determina-cela-isolada\/#primaryimage\"},\"thumbnailUrl\":\"https:\/\/www.notibras.com\/site\/wp-content\/uploads\/2026\/02\/piloto-que-espancou-adolescente-em-briga-por-chiclete-e-preso-preventivamente-metropoles-1-scaled-1.webp\",\"articleSection\":[\"Quadradinho em Foco\"],\"inLanguage\":\"pt-BR\"},{\"@type\":\"WebPage\",\"@id\":\"https:\/\/www.notibras.com\/site\/justica-mantem-prisao-de-piloto-e-determina-cela-isolada\/\",\"url\":\"https:\/\/www.notibras.com\/site\/justica-mantem-prisao-de-piloto-e-determina-cela-isolada\/\",\"name\":\"Justi\u00e7a mant\u00e9m pris\u00e3o de piloto e determina cela isolada - Notibras\",\"isPartOf\":{\"@id\":\"https:\/\/www.notibras.com\/site\/#website\"},\"primaryImageOfPage\":{\"@id\":\"https:\/\/www.notibras.com\/site\/justica-mantem-prisao-de-piloto-e-determina-cela-isolada\/#primaryimage\"},\"image\":{\"@id\":\"https:\/\/www.notibras.com\/site\/justica-mantem-prisao-de-piloto-e-determina-cela-isolada\/#primaryimage\"},\"thumbnailUrl\":\"https:\/\/www.notibras.com\/site\/wp-content\/uploads\/2026\/02\/piloto-que-espancou-adolescente-em-briga-por-chiclete-e-preso-preventivamente-metropoles-1-scaled-1.webp\",\"datePublished\":\"2026-02-02T04:15:30+00:00\",\"breadcrumb\":{\"@id\":\"https:\/\/www.notibras.com\/site\/justica-mantem-prisao-de-piloto-e-determina-cela-isolada\/#breadcrumb\"},\"inLanguage\":\"pt-BR\",\"potentialAction\":[{\"@type\":\"ReadAction\",\"target\":[\"https:\/\/www.notibras.com\/site\/justica-mantem-prisao-de-piloto-e-determina-cela-isolada\/\"]}]},{\"@type\":\"ImageObject\",\"inLanguage\":\"pt-BR\",\"@id\":\"https:\/\/www.notibras.com\/site\/justica-mantem-prisao-de-piloto-e-determina-cela-isolada\/#primaryimage\",\"url\":\"https:\/\/www.notibras.com\/site\/wp-content\/uploads\/2026\/02\/piloto-que-espancou-adolescente-em-briga-por-chiclete-e-preso-preventivamente-metropoles-1-scaled-1.webp\",\"contentUrl\":\"https:\/\/www.notibras.com\/site\/wp-content\/uploads\/2026\/02\/piloto-que-espancou-adolescente-em-briga-por-chiclete-e-preso-preventivamente-metropoles-1-scaled-1.webp\",\"width\":900,\"height\":600},{\"@type\":\"BreadcrumbList\",\"@id\":\"https:\/\/www.notibras.com\/site\/justica-mantem-prisao-de-piloto-e-determina-cela-isolada\/#breadcrumb\",\"itemListElement\":[{\"@type\":\"ListItem\",\"position\":1,\"name\":\"In\u00edcio\",\"item\":\"https:\/\/www.notibras.com\/site\/\"},{\"@type\":\"ListItem\",\"position\":2,\"name\":\"Justi\u00e7a mant\u00e9m pris\u00e3o de piloto e determina cela isolada\"}]},{\"@type\":\"WebSite\",\"@id\":\"https:\/\/www.notibras.com\/site\/#website\",\"url\":\"https:\/\/www.notibras.com\/site\/\",\"name\":\"Notibras\",\"description\":\"Not\u00edcias de Bras\u00edlia, do Brasil e do Mundo\",\"publisher\":{\"@id\":\"https:\/\/www.notibras.com\/site\/#organization\"},\"potentialAction\":[{\"@type\":\"SearchAction\",\"target\":{\"@type\":\"EntryPoint\",\"urlTemplate\":\"https:\/\/www.notibras.com\/site\/?s={search_term_string}\"},\"query-input\":{\"@type\":\"PropertyValueSpecification\",\"valueRequired\":true,\"valueName\":\"search_term_string\"}}],\"inLanguage\":\"pt-BR\"},{\"@type\":\"Organization\",\"@id\":\"https:\/\/www.notibras.com\/site\/#organization\",\"name\":\"Grupo Notibras de Comunica\u00e7\u00e3o\",\"url\":\"https:\/\/www.notibras.com\/site\/\",\"logo\":{\"@type\":\"ImageObject\",\"inLanguage\":\"pt-BR\",\"@id\":\"https:\/\/www.notibras.com\/site\/#\/schema\/logo\/image\/\",\"url\":\"https:\/\/www.notibras.com\/site\/wp-content\/uploads\/2023\/01\/notibras23.png\",\"contentUrl\":\"https:\/\/www.notibras.com\/site\/wp-content\/uploads\/2023\/01\/notibras23.png\",\"width\":350,\"height\":87,\"caption\":\"Grupo Notibras de Comunica\u00e7\u00e3o\"},\"image\":{\"@id\":\"https:\/\/www.notibras.com\/site\/#\/schema\/logo\/image\/\"},\"sameAs\":[\"https:\/\/www.facebook.com\/notibras\/\",\"https:\/\/x.com\/Notibras\",\"https:\/\/www.instagram.com\/notibras\/\"]},{\"@type\":\"Person\",\"@id\":\"https:\/\/www.notibras.com\/site\/#\/schema\/person\/5b7fabf2aedc3ada2105f03b22b4d3dd\",\"name\":\"Eduardo Mart\u00ednez\",\"image\":{\"@type\":\"ImageObject\",\"inLanguage\":\"pt-BR\",\"@id\":\"https:\/\/secure.gravatar.com\/avatar\/7902f906289926289cbcda644b5197c796b893c6ffd7b9a536a42d290f7704a0?s=96&d=mm&r=g\",\"url\":\"https:\/\/secure.gravatar.com\/avatar\/7902f906289926289cbcda644b5197c796b893c6ffd7b9a536a42d290f7704a0?s=96&d=mm&r=g\",\"contentUrl\":\"https:\/\/secure.gravatar.com\/avatar\/7902f906289926289cbcda644b5197c796b893c6ffd7b9a536a42d290f7704a0?s=96&d=mm&r=g\",\"caption\":\"Eduardo Mart\u00ednez\"}}]}<\/script>\n<!-- \/ Yoast SEO plugin. -->","yoast_head_json":{"title":"Justi\u00e7a mant\u00e9m pris\u00e3o de piloto e determina cela isolada - Notibras","robots":{"index":"index","follow":"follow","max-snippet":"max-snippet:-1","max-image-preview":"max-image-preview:large","max-video-preview":"max-video-preview:-1"},"canonical":"https:\/\/www.notibras.com\/site\/justica-mantem-prisao-de-piloto-e-determina-cela-isolada\/","og_locale":"pt_BR","og_type":"article","og_title":"Justi\u00e7a mant\u00e9m pris\u00e3o de piloto e determina cela isolada - Notibras","og_description":"A Justi\u00e7a do Distrito Federal manteve a pris\u00e3o preventiva do piloto Pedro Arthur Turra Basso, de 19 anos, mas incluiu uma determina\u00e7\u00e3o que gerou pol\u00eamica: a transfer\u00eancia do agressor para uma cela isolada. O juiz da 1\u00aa Vara Criminal de Taguatinga justificou a medida alegando que a grande exposi\u00e7\u00e3o do caso coloca em risco a [&hellip;]","og_url":"https:\/\/www.notibras.com\/site\/justica-mantem-prisao-de-piloto-e-determina-cela-isolada\/","og_site_name":"Notibras","article_publisher":"https:\/\/www.facebook.com\/notibras\/","article_published_time":"2026-02-02T04:15:30+00:00","og_image":[{"width":900,"height":600,"url":"https:\/\/www.notibras.com\/site\/wp-content\/uploads\/2026\/02\/piloto-que-espancou-adolescente-em-briga-por-chiclete-e-preso-preventivamente-metropoles-1-scaled-1.webp","type":"image\/webp"}],"author":"Eduardo Mart\u00ednez","twitter_card":"summary_large_image","twitter_creator":"@Notibras","twitter_site":"@Notibras","twitter_misc":{"Escrito por":"Eduardo Mart\u00ednez","Est. tempo de leitura":"2 minutos"},"schema":{"@context":"https:\/\/schema.org","@graph":[{"@type":"Article","@id":"https:\/\/www.notibras.com\/site\/justica-mantem-prisao-de-piloto-e-determina-cela-isolada\/#article","isPartOf":{"@id":"https:\/\/www.notibras.com\/site\/justica-mantem-prisao-de-piloto-e-determina-cela-isolada\/"},"author":{"name":"Eduardo Mart\u00ednez","@id":"https:\/\/www.notibras.com\/site\/#\/schema\/person\/5b7fabf2aedc3ada2105f03b22b4d3dd"},"headline":"Justi\u00e7a mant\u00e9m pris\u00e3o de piloto e determina cela isolada","datePublished":"2026-02-02T04:15:30+00:00","mainEntityOfPage":{"@id":"https:\/\/www.notibras.com\/site\/justica-mantem-prisao-de-piloto-e-determina-cela-isolada\/"},"wordCount":333,"publisher":{"@id":"https:\/\/www.notibras.com\/site\/#organization"},"image":{"@id":"https:\/\/www.notibras.com\/site\/justica-mantem-prisao-de-piloto-e-determina-cela-isolada\/#primaryimage"},"thumbnailUrl":"https:\/\/www.notibras.com\/site\/wp-content\/uploads\/2026\/02\/piloto-que-espancou-adolescente-em-briga-por-chiclete-e-preso-preventivamente-metropoles-1-scaled-1.webp","articleSection":["Quadradinho em Foco"],"inLanguage":"pt-BR"},{"@type":"WebPage","@id":"https:\/\/www.notibras.com\/site\/justica-mantem-prisao-de-piloto-e-determina-cela-isolada\/","url":"https:\/\/www.notibras.com\/site\/justica-mantem-prisao-de-piloto-e-determina-cela-isolada\/","name":"Justi\u00e7a mant\u00e9m pris\u00e3o de piloto e determina cela isolada - Notibras","isPartOf":{"@id":"https:\/\/www.notibras.com\/site\/#website"},"primaryImageOfPage":{"@id":"https:\/\/www.notibras.com\/site\/justica-mantem-prisao-de-piloto-e-determina-cela-isolada\/#primaryimage"},"image":{"@id":"https:\/\/www.notibras.com\/site\/justica-mantem-prisao-de-piloto-e-determina-cela-isolada\/#primaryimage"},"thumbnailUrl":"https:\/\/www.notibras.com\/site\/wp-content\/uploads\/2026\/02\/piloto-que-espancou-adolescente-em-briga-por-chiclete-e-preso-preventivamente-metropoles-1-scaled-1.webp","datePublished":"2026-02-02T04:15:30+00:00","breadcrumb":{"@id":"https:\/\/www.notibras.com\/site\/justica-mantem-prisao-de-piloto-e-determina-cela-isolada\/#breadcrumb"},"inLanguage":"pt-BR","potentialAction":[{"@type":"ReadAction","target":["https:\/\/www.notibras.com\/site\/justica-mantem-prisao-de-piloto-e-determina-cela-isolada\/"]}]},{"@type":"ImageObject","inLanguage":"pt-BR","@id":"https:\/\/www.notibras.com\/site\/justica-mantem-prisao-de-piloto-e-determina-cela-isolada\/#primaryimage","url":"https:\/\/www.notibras.com\/site\/wp-content\/uploads\/2026\/02\/piloto-que-espancou-adolescente-em-briga-por-chiclete-e-preso-preventivamente-metropoles-1-scaled-1.webp","contentUrl":"https:\/\/www.notibras.com\/site\/wp-content\/uploads\/2026\/02\/piloto-que-espancou-adolescente-em-briga-por-chiclete-e-preso-preventivamente-metropoles-1-scaled-1.webp","width":900,"height":600},{"@type":"BreadcrumbList","@id":"https:\/\/www.notibras.com\/site\/justica-mantem-prisao-de-piloto-e-determina-cela-isolada\/#breadcrumb","itemListElement":[{"@type":"ListItem","position":1,"name":"In\u00edcio","item":"https:\/\/www.notibras.com\/site\/"},{"@type":"ListItem","position":2,"name":"Justi\u00e7a mant\u00e9m pris\u00e3o de piloto e determina cela isolada"}]},{"@type":"WebSite","@id":"https:\/\/www.notibras.com\/site\/#website","url":"https:\/\/www.notibras.com\/site\/","name":"Notibras","description":"Not\u00edcias de Bras\u00edlia, do Brasil e do Mundo","publisher":{"@id":"https:\/\/www.notibras.com\/site\/#organization"},"potentialAction":[{"@type":"SearchAction","target":{"@type":"EntryPoint","urlTemplate":"https:\/\/www.notibras.com\/site\/?s={search_term_string}"},"query-input":{"@type":"PropertyValueSpecification","valueRequired":true,"valueName":"search_term_string"}}],"inLanguage":"pt-BR"},{"@type":"Organization","@id":"https:\/\/www.notibras.com\/site\/#organization","name":"Grupo Notibras de Comunica\u00e7\u00e3o","url":"https:\/\/www.notibras.com\/site\/","logo":{"@type":"ImageObject","inLanguage":"pt-BR","@id":"https:\/\/www.notibras.com\/site\/#\/schema\/logo\/image\/","url":"https:\/\/www.notibras.com\/site\/wp-content\/uploads\/2023\/01\/notibras23.png","contentUrl":"https:\/\/www.notibras.com\/site\/wp-content\/uploads\/2023\/01\/notibras23.png","width":350,"height":87,"caption":"Grupo Notibras de Comunica\u00e7\u00e3o"},"image":{"@id":"https:\/\/www.notibras.com\/site\/#\/schema\/logo\/image\/"},"sameAs":["https:\/\/www.facebook.com\/notibras\/","https:\/\/x.com\/Notibras","https:\/\/www.instagram.com\/notibras\/"]},{"@type":"Person","@id":"https:\/\/www.notibras.com\/site\/#\/schema\/person\/5b7fabf2aedc3ada2105f03b22b4d3dd","name":"Eduardo Mart\u00ednez","image":{"@type":"ImageObject","inLanguage":"pt-BR","@id":"https:\/\/secure.gravatar.com\/avatar\/7902f906289926289cbcda644b5197c796b893c6ffd7b9a536a42d290f7704a0?s=96&d=mm&r=g","url":"https:\/\/secure.gravatar.com\/avatar\/7902f906289926289cbcda644b5197c796b893c6ffd7b9a536a42d290f7704a0?s=96&d=mm&r=g","contentUrl":"https:\/\/secure.gravatar.com\/avatar\/7902f906289926289cbcda644b5197c796b893c6ffd7b9a536a42d290f7704a0?s=96&d=mm&r=g","caption":"Eduardo Mart\u00ednez"}}]}},"amp_enabled":true,"_links":{"self":[{"href":"https:\/\/www.notibras.com\/site\/wp-json\/wp\/v2\/posts\/381496","targetHints":{"allow":["GET"]}}],"collection":[{"href":"https:\/\/www.notibras.com\/site\/wp-json\/wp\/v2\/posts"}],"about":[{"href":"https:\/\/www.notibras.com\/site\/wp-json\/wp\/v2\/types\/post"}],"author":[{"embeddable":true,"href":"https:\/\/www.notibras.com\/site\/wp-json\/wp\/v2\/users\/21"}],"replies":[{"embeddable":true,"href":"https:\/\/www.notibras.com\/site\/wp-json\/wp\/v2\/comments?post=381496"}],"version-history":[{"count":3,"href":"https:\/\/www.notibras.com\/site\/wp-json\/wp\/v2\/posts\/381496\/revisions"}],"predecessor-version":[{"id":381500,"href":"https:\/\/www.notibras.com\/site\/wp-json\/wp\/v2\/posts\/381496\/revisions\/381500"}],"wp:featuredmedia":[{"embeddable":true,"href":"https:\/\/www.notibras.com\/site\/wp-json\/wp\/v2\/media\/381497"}],"wp:attachment":[{"href":"https:\/\/www.notibras.com\/site\/wp-json\/wp\/v2\/media?parent=381496"}],"wp:term":[{"taxonomy":"category","embeddable":true,"href":"https:\/\/www.notibras.com\/site\/wp-json\/wp\/v2\/categories?post=381496"},{"taxonomy":"post_tag","embeddable":true,"href":"https:\/\/www.notibras.com\/site\/wp-json\/wp\/v2\/tags?post=381496"}],"curies":[{"name":"wp","href":"https:\/\/api.w.org\/{rel}","templated":true}]}}