{"id":381506,"date":"2026-02-02T00:30:00","date_gmt":"2026-02-02T03:30:00","guid":{"rendered":"https:\/\/www.notibras.com\/site\/?p=381506"},"modified":"2026-02-01T22:14:25","modified_gmt":"2026-02-02T01:14:25","slug":"auxilios-vulnerabilidade-e-excepcional-para-familias-em-situacoes-criticas","status":"publish","type":"post","link":"https:\/\/www.notibras.com\/site\/auxilios-vulnerabilidade-e-excepcional-para-familias-em-situacoes-criticas\/","title":{"rendered":"Aux\u00edlios vulnerabilidade e excepcional para fam\u00edlias em situa\u00e7\u00f5es cr\u00edticas"},"content":{"rendered":"<p>Al\u00e9m dos benef\u00edcios continuados de assist\u00eancia social, o Governo do Distrito Federal (GDF), por meio da Secretaria de Desenvolvimento Social do DF (Sedes-DF), oferece suporte financeiro para as fam\u00edlias em vulnerabilidade tempor\u00e1ria ou afetadas por emerg\u00eancias, com os aux\u00edlios Vulnerabilidade e Excepcional. Tratam-se de benef\u00edcios eventuais voltados a ajudar a popula\u00e7\u00e3o de baixa renda \u2014 com renda per capita igual ou inferior a meio sal\u00e1rio m\u00ednimo \u2014, residente do DF e cadastrada no Cad\u00danico, no enfrentamento de situa\u00e7\u00f5es cr\u00edticas.<\/p>\n<p>\u201cEsses benef\u00edcios fazem parte de um conjunto de a\u00e7\u00f5es que a Sedes desenvolve nas suas interven\u00e7\u00f5es de pol\u00edtica de assist\u00eancia. S\u00e3o aux\u00edlios eventuais que s\u00e3o concedidos apenas em alguma situa\u00e7\u00e3o de perda, risco ou dano, no caso do Vulnerabilidade, e do Excepcional em alguma situa\u00e7\u00e3o de desabrigo tempor\u00e1rio\u201d, explica Raqueline Neves, da Subsecretaria de Assist\u00eancia Social.<\/p>\n<p><strong>Requisitos<\/strong><\/p>\n<p>O Aux\u00edlio Vulnerabilidade \u00e9 voltado \u00e0s fam\u00edlias de baixa renda que estejam passando por alguma situa\u00e7\u00e3o cr\u00edtica que agrave a situa\u00e7\u00e3o de vulnerabilidade social. O benef\u00edcio pode ser concedido em duas modalidades: pec\u00fania, no valor de R$ 408, em at\u00e9 seis parcelas por ano; e passagem interestadual \u2014 sendo uma no per\u00edodo de 12 meses \u2014, para o retorno \u00e0 cidade de origem ou eventual mudan\u00e7a em situa\u00e7\u00e3o de risco ou viol\u00eancia. \u201c\u00c9 um apoio de car\u00e1ter suplementar e provis\u00f3rio para que a fam\u00edlia possa enfrentar a vulnerabilidade\u201d, revela Raqueline.<\/p>\n<p>J\u00e1 o Aux\u00edlio Excepcional \u00e9 um benef\u00edcio destinado a fam\u00edlias ou pessoas que foram privadas de moradia em raz\u00e3o de cat\u00e1strofes, desastres ou calamidades p\u00fablicas; risco geol\u00f3gico ou salubridade; desocupa\u00e7\u00e3o de \u00e1reas ambientais; realoca\u00e7\u00f5es e assentamentos; e situa\u00e7\u00e3o de rua ou risco pessoal excepcional. O valor \u00e9 de at\u00e9 R$ 600 por m\u00eas, por at\u00e9 seis meses, podendo ser prorrogado por igual per\u00edodo.<\/p>\n<p>\u201cEsse \u00e9 um benef\u00edcio subsidiado pela pol\u00edtica de habita\u00e7\u00e3o. Ele se destina exclusivamente ao pagamento de aluguel ou im\u00f3vel residencial em situa\u00e7\u00f5es de cat\u00e1strofe, calamidade p\u00fablica ou evento de risco\u201d, complementa a t\u00e9cnica.<\/p>\n<p>As fam\u00edlias interessadas podem solicitar os benef\u00edcios em qualquer uma das unidades de assist\u00eancia da Sedes-DF, como os centros de refer\u00eancia de Assist\u00eancia Social (Cras) e Especializado de Assist\u00eancia Social (Creas) e as unidades do Centro de Refer\u00eancia Especializado para Popula\u00e7\u00e3o em Situa\u00e7\u00e3o de Rua (Centros Pop). A libera\u00e7\u00e3o depende do contexto de vida de cada cidad\u00e3o.<\/p>\n","protected":false},"excerpt":{"rendered":"<p>Al\u00e9m dos benef\u00edcios continuados de assist\u00eancia social, o Governo do Distrito Federal (GDF), por meio da Secretaria de Desenvolvimento Social do DF (Sedes-DF), oferece suporte financeiro para as fam\u00edlias em vulnerabilidade tempor\u00e1ria ou afetadas por emerg\u00eancias, com os aux\u00edlios Vulnerabilidade e Excepcional. Tratam-se de benef\u00edcios eventuais voltados a ajudar a popula\u00e7\u00e3o de baixa renda \u2014 [&hellip;]<\/p>\n","protected":false},"author":21,"featured_media":381507,"comment_status":"closed","ping_status":"closed","sticky":false,"template":"","format":"standard","meta":{"_acf_changed":false,"footnotes":""},"categories":[161],"tags":[],"class_list":["post-381506","post","type-post","status-publish","format-standard","has-post-thumbnail","hentry","category-quadradinho-em-foco"],"acf":[],"yoast_head":"<!-- This site is optimized with the Yoast SEO plugin v27.2 - https:\/\/yoast.com\/product\/yoast-seo-wordpress\/ -->\n<title>Aux\u00edlios vulnerabilidade e excepcional para fam\u00edlias em situa\u00e7\u00f5es cr\u00edticas - Notibras<\/title>\n<meta name=\"robots\" content=\"index, follow, max-snippet:-1, max-image-preview:large, max-video-preview:-1\" \/>\n<link rel=\"canonical\" href=\"https:\/\/www.notibras.com\/site\/auxilios-vulnerabilidade-e-excepcional-para-familias-em-situacoes-criticas\/\" \/>\n<meta property=\"og:locale\" content=\"pt_BR\" \/>\n<meta property=\"og:type\" content=\"article\" \/>\n<meta property=\"og:title\" content=\"Aux\u00edlios vulnerabilidade e excepcional para fam\u00edlias em situa\u00e7\u00f5es cr\u00edticas - Notibras\" \/>\n<meta property=\"og:description\" content=\"Al\u00e9m dos benef\u00edcios continuados de assist\u00eancia social, o Governo do Distrito Federal (GDF), por meio da Secretaria de Desenvolvimento Social do DF (Sedes-DF), oferece suporte financeiro para as fam\u00edlias em vulnerabilidade tempor\u00e1ria ou afetadas por emerg\u00eancias, com os aux\u00edlios Vulnerabilidade e Excepcional. Tratam-se de benef\u00edcios eventuais voltados a ajudar a popula\u00e7\u00e3o de baixa renda \u2014 [&hellip;]\" \/>\n<meta property=\"og:url\" content=\"https:\/\/www.notibras.com\/site\/auxilios-vulnerabilidade-e-excepcional-para-familias-em-situacoes-criticas\/\" \/>\n<meta property=\"og:site_name\" content=\"Notibras\" \/>\n<meta property=\"article:publisher\" content=\"https:\/\/www.facebook.com\/notibras\/\" \/>\n<meta property=\"article:published_time\" content=\"2026-02-02T03:30:00+00:00\" \/>\n<meta property=\"og:image\" content=\"https:\/\/www.notibras.com\/site\/wp-content\/uploads\/2026\/02\/Foto-Paulo-H-Carvalho-28.jpg\" \/>\n\t<meta property=\"og:image:width\" content=\"2048\" \/>\n\t<meta property=\"og:image:height\" content=\"1365\" \/>\n\t<meta property=\"og:image:type\" content=\"image\/jpeg\" \/>\n<meta name=\"author\" content=\"Eduardo Mart\u00ednez\" \/>\n<meta name=\"twitter:card\" content=\"summary_large_image\" \/>\n<meta name=\"twitter:creator\" content=\"@Notibras\" \/>\n<meta name=\"twitter:site\" content=\"@Notibras\" \/>\n<meta name=\"twitter:label1\" content=\"Escrito por\" \/>\n\t<meta name=\"twitter:data1\" content=\"Eduardo Mart\u00ednez\" \/>\n\t<meta name=\"twitter:label2\" content=\"Est. tempo de leitura\" \/>\n\t<meta name=\"twitter:data2\" content=\"3 minutos\" \/>\n<script type=\"application\/ld+json\" class=\"yoast-schema-graph\">{\"@context\":\"https:\/\/schema.org\",\"@graph\":[{\"@type\":\"Article\",\"@id\":\"https:\/\/www.notibras.com\/site\/auxilios-vulnerabilidade-e-excepcional-para-familias-em-situacoes-criticas\/#article\",\"isPartOf\":{\"@id\":\"https:\/\/www.notibras.com\/site\/auxilios-vulnerabilidade-e-excepcional-para-familias-em-situacoes-criticas\/\"},\"author\":{\"name\":\"Eduardo Mart\u00ednez\",\"@id\":\"https:\/\/www.notibras.com\/site\/#\/schema\/person\/5b7fabf2aedc3ada2105f03b22b4d3dd\"},\"headline\":\"Aux\u00edlios vulnerabilidade e excepcional para fam\u00edlias em situa\u00e7\u00f5es cr\u00edticas\",\"datePublished\":\"2026-02-02T03:30:00+00:00\",\"mainEntityOfPage\":{\"@id\":\"https:\/\/www.notibras.com\/site\/auxilios-vulnerabilidade-e-excepcional-para-familias-em-situacoes-criticas\/\"},\"wordCount\":450,\"publisher\":{\"@id\":\"https:\/\/www.notibras.com\/site\/#organization\"},\"image\":{\"@id\":\"https:\/\/www.notibras.com\/site\/auxilios-vulnerabilidade-e-excepcional-para-familias-em-situacoes-criticas\/#primaryimage\"},\"thumbnailUrl\":\"https:\/\/www.notibras.com\/site\/wp-content\/uploads\/2026\/02\/Foto-Paulo-H-Carvalho-28.jpg\",\"articleSection\":[\"Quadradinho em Foco\"],\"inLanguage\":\"pt-BR\"},{\"@type\":\"WebPage\",\"@id\":\"https:\/\/www.notibras.com\/site\/auxilios-vulnerabilidade-e-excepcional-para-familias-em-situacoes-criticas\/\",\"url\":\"https:\/\/www.notibras.com\/site\/auxilios-vulnerabilidade-e-excepcional-para-familias-em-situacoes-criticas\/\",\"name\":\"Aux\u00edlios vulnerabilidade e excepcional para fam\u00edlias em situa\u00e7\u00f5es cr\u00edticas - Notibras\",\"isPartOf\":{\"@id\":\"https:\/\/www.notibras.com\/site\/#website\"},\"primaryImageOfPage\":{\"@id\":\"https:\/\/www.notibras.com\/site\/auxilios-vulnerabilidade-e-excepcional-para-familias-em-situacoes-criticas\/#primaryimage\"},\"image\":{\"@id\":\"https:\/\/www.notibras.com\/site\/auxilios-vulnerabilidade-e-excepcional-para-familias-em-situacoes-criticas\/#primaryimage\"},\"thumbnailUrl\":\"https:\/\/www.notibras.com\/site\/wp-content\/uploads\/2026\/02\/Foto-Paulo-H-Carvalho-28.jpg\",\"datePublished\":\"2026-02-02T03:30:00+00:00\",\"breadcrumb\":{\"@id\":\"https:\/\/www.notibras.com\/site\/auxilios-vulnerabilidade-e-excepcional-para-familias-em-situacoes-criticas\/#breadcrumb\"},\"inLanguage\":\"pt-BR\",\"potentialAction\":[{\"@type\":\"ReadAction\",\"target\":[\"https:\/\/www.notibras.com\/site\/auxilios-vulnerabilidade-e-excepcional-para-familias-em-situacoes-criticas\/\"]}]},{\"@type\":\"ImageObject\",\"inLanguage\":\"pt-BR\",\"@id\":\"https:\/\/www.notibras.com\/site\/auxilios-vulnerabilidade-e-excepcional-para-familias-em-situacoes-criticas\/#primaryimage\",\"url\":\"https:\/\/www.notibras.com\/site\/wp-content\/uploads\/2026\/02\/Foto-Paulo-H-Carvalho-28.jpg\",\"contentUrl\":\"https:\/\/www.notibras.com\/site\/wp-content\/uploads\/2026\/02\/Foto-Paulo-H-Carvalho-28.jpg\",\"width\":2048,\"height\":1365},{\"@type\":\"BreadcrumbList\",\"@id\":\"https:\/\/www.notibras.com\/site\/auxilios-vulnerabilidade-e-excepcional-para-familias-em-situacoes-criticas\/#breadcrumb\",\"itemListElement\":[{\"@type\":\"ListItem\",\"position\":1,\"name\":\"In\u00edcio\",\"item\":\"https:\/\/www.notibras.com\/site\/\"},{\"@type\":\"ListItem\",\"position\":2,\"name\":\"Aux\u00edlios vulnerabilidade e excepcional para fam\u00edlias em situa\u00e7\u00f5es cr\u00edticas\"}]},{\"@type\":\"WebSite\",\"@id\":\"https:\/\/www.notibras.com\/site\/#website\",\"url\":\"https:\/\/www.notibras.com\/site\/\",\"name\":\"Notibras\",\"description\":\"Not\u00edcias de Bras\u00edlia, do Brasil e do Mundo\",\"publisher\":{\"@id\":\"https:\/\/www.notibras.com\/site\/#organization\"},\"potentialAction\":[{\"@type\":\"SearchAction\",\"target\":{\"@type\":\"EntryPoint\",\"urlTemplate\":\"https:\/\/www.notibras.com\/site\/?s={search_term_string}\"},\"query-input\":{\"@type\":\"PropertyValueSpecification\",\"valueRequired\":true,\"valueName\":\"search_term_string\"}}],\"inLanguage\":\"pt-BR\"},{\"@type\":\"Organization\",\"@id\":\"https:\/\/www.notibras.com\/site\/#organization\",\"name\":\"Grupo Notibras de Comunica\u00e7\u00e3o\",\"url\":\"https:\/\/www.notibras.com\/site\/\",\"logo\":{\"@type\":\"ImageObject\",\"inLanguage\":\"pt-BR\",\"@id\":\"https:\/\/www.notibras.com\/site\/#\/schema\/logo\/image\/\",\"url\":\"https:\/\/www.notibras.com\/site\/wp-content\/uploads\/2023\/01\/notibras23.png\",\"contentUrl\":\"https:\/\/www.notibras.com\/site\/wp-content\/uploads\/2023\/01\/notibras23.png\",\"width\":350,\"height\":87,\"caption\":\"Grupo Notibras de Comunica\u00e7\u00e3o\"},\"image\":{\"@id\":\"https:\/\/www.notibras.com\/site\/#\/schema\/logo\/image\/\"},\"sameAs\":[\"https:\/\/www.facebook.com\/notibras\/\",\"https:\/\/x.com\/Notibras\",\"https:\/\/www.instagram.com\/notibras\/\"]},{\"@type\":\"Person\",\"@id\":\"https:\/\/www.notibras.com\/site\/#\/schema\/person\/5b7fabf2aedc3ada2105f03b22b4d3dd\",\"name\":\"Eduardo Mart\u00ednez\",\"image\":{\"@type\":\"ImageObject\",\"inLanguage\":\"pt-BR\",\"@id\":\"https:\/\/secure.gravatar.com\/avatar\/7902f906289926289cbcda644b5197c796b893c6ffd7b9a536a42d290f7704a0?s=96&d=mm&r=g\",\"url\":\"https:\/\/secure.gravatar.com\/avatar\/7902f906289926289cbcda644b5197c796b893c6ffd7b9a536a42d290f7704a0?s=96&d=mm&r=g\",\"contentUrl\":\"https:\/\/secure.gravatar.com\/avatar\/7902f906289926289cbcda644b5197c796b893c6ffd7b9a536a42d290f7704a0?s=96&d=mm&r=g\",\"caption\":\"Eduardo Mart\u00ednez\"}}]}<\/script>\n<!-- \/ Yoast SEO plugin. -->","yoast_head_json":{"title":"Aux\u00edlios vulnerabilidade e excepcional para fam\u00edlias em situa\u00e7\u00f5es cr\u00edticas - Notibras","robots":{"index":"index","follow":"follow","max-snippet":"max-snippet:-1","max-image-preview":"max-image-preview:large","max-video-preview":"max-video-preview:-1"},"canonical":"https:\/\/www.notibras.com\/site\/auxilios-vulnerabilidade-e-excepcional-para-familias-em-situacoes-criticas\/","og_locale":"pt_BR","og_type":"article","og_title":"Aux\u00edlios vulnerabilidade e excepcional para fam\u00edlias em situa\u00e7\u00f5es cr\u00edticas - Notibras","og_description":"Al\u00e9m dos benef\u00edcios continuados de assist\u00eancia social, o Governo do Distrito Federal (GDF), por meio da Secretaria de Desenvolvimento Social do DF (Sedes-DF), oferece suporte financeiro para as fam\u00edlias em vulnerabilidade tempor\u00e1ria ou afetadas por emerg\u00eancias, com os aux\u00edlios Vulnerabilidade e Excepcional. Tratam-se de benef\u00edcios eventuais voltados a ajudar a popula\u00e7\u00e3o de baixa renda \u2014 [&hellip;]","og_url":"https:\/\/www.notibras.com\/site\/auxilios-vulnerabilidade-e-excepcional-para-familias-em-situacoes-criticas\/","og_site_name":"Notibras","article_publisher":"https:\/\/www.facebook.com\/notibras\/","article_published_time":"2026-02-02T03:30:00+00:00","og_image":[{"width":2048,"height":1365,"url":"https:\/\/www.notibras.com\/site\/wp-content\/uploads\/2026\/02\/Foto-Paulo-H-Carvalho-28.jpg","type":"image\/jpeg"}],"author":"Eduardo Mart\u00ednez","twitter_card":"summary_large_image","twitter_creator":"@Notibras","twitter_site":"@Notibras","twitter_misc":{"Escrito por":"Eduardo Mart\u00ednez","Est. tempo de leitura":"3 minutos"},"schema":{"@context":"https:\/\/schema.org","@graph":[{"@type":"Article","@id":"https:\/\/www.notibras.com\/site\/auxilios-vulnerabilidade-e-excepcional-para-familias-em-situacoes-criticas\/#article","isPartOf":{"@id":"https:\/\/www.notibras.com\/site\/auxilios-vulnerabilidade-e-excepcional-para-familias-em-situacoes-criticas\/"},"author":{"name":"Eduardo Mart\u00ednez","@id":"https:\/\/www.notibras.com\/site\/#\/schema\/person\/5b7fabf2aedc3ada2105f03b22b4d3dd"},"headline":"Aux\u00edlios vulnerabilidade e excepcional para fam\u00edlias em situa\u00e7\u00f5es cr\u00edticas","datePublished":"2026-02-02T03:30:00+00:00","mainEntityOfPage":{"@id":"https:\/\/www.notibras.com\/site\/auxilios-vulnerabilidade-e-excepcional-para-familias-em-situacoes-criticas\/"},"wordCount":450,"publisher":{"@id":"https:\/\/www.notibras.com\/site\/#organization"},"image":{"@id":"https:\/\/www.notibras.com\/site\/auxilios-vulnerabilidade-e-excepcional-para-familias-em-situacoes-criticas\/#primaryimage"},"thumbnailUrl":"https:\/\/www.notibras.com\/site\/wp-content\/uploads\/2026\/02\/Foto-Paulo-H-Carvalho-28.jpg","articleSection":["Quadradinho em Foco"],"inLanguage":"pt-BR"},{"@type":"WebPage","@id":"https:\/\/www.notibras.com\/site\/auxilios-vulnerabilidade-e-excepcional-para-familias-em-situacoes-criticas\/","url":"https:\/\/www.notibras.com\/site\/auxilios-vulnerabilidade-e-excepcional-para-familias-em-situacoes-criticas\/","name":"Aux\u00edlios vulnerabilidade e excepcional para fam\u00edlias em situa\u00e7\u00f5es cr\u00edticas - Notibras","isPartOf":{"@id":"https:\/\/www.notibras.com\/site\/#website"},"primaryImageOfPage":{"@id":"https:\/\/www.notibras.com\/site\/auxilios-vulnerabilidade-e-excepcional-para-familias-em-situacoes-criticas\/#primaryimage"},"image":{"@id":"https:\/\/www.notibras.com\/site\/auxilios-vulnerabilidade-e-excepcional-para-familias-em-situacoes-criticas\/#primaryimage"},"thumbnailUrl":"https:\/\/www.notibras.com\/site\/wp-content\/uploads\/2026\/02\/Foto-Paulo-H-Carvalho-28.jpg","datePublished":"2026-02-02T03:30:00+00:00","breadcrumb":{"@id":"https:\/\/www.notibras.com\/site\/auxilios-vulnerabilidade-e-excepcional-para-familias-em-situacoes-criticas\/#breadcrumb"},"inLanguage":"pt-BR","potentialAction":[{"@type":"ReadAction","target":["https:\/\/www.notibras.com\/site\/auxilios-vulnerabilidade-e-excepcional-para-familias-em-situacoes-criticas\/"]}]},{"@type":"ImageObject","inLanguage":"pt-BR","@id":"https:\/\/www.notibras.com\/site\/auxilios-vulnerabilidade-e-excepcional-para-familias-em-situacoes-criticas\/#primaryimage","url":"https:\/\/www.notibras.com\/site\/wp-content\/uploads\/2026\/02\/Foto-Paulo-H-Carvalho-28.jpg","contentUrl":"https:\/\/www.notibras.com\/site\/wp-content\/uploads\/2026\/02\/Foto-Paulo-H-Carvalho-28.jpg","width":2048,"height":1365},{"@type":"BreadcrumbList","@id":"https:\/\/www.notibras.com\/site\/auxilios-vulnerabilidade-e-excepcional-para-familias-em-situacoes-criticas\/#breadcrumb","itemListElement":[{"@type":"ListItem","position":1,"name":"In\u00edcio","item":"https:\/\/www.notibras.com\/site\/"},{"@type":"ListItem","position":2,"name":"Aux\u00edlios vulnerabilidade e excepcional para fam\u00edlias em situa\u00e7\u00f5es cr\u00edticas"}]},{"@type":"WebSite","@id":"https:\/\/www.notibras.com\/site\/#website","url":"https:\/\/www.notibras.com\/site\/","name":"Notibras","description":"Not\u00edcias de Bras\u00edlia, do Brasil e do Mundo","publisher":{"@id":"https:\/\/www.notibras.com\/site\/#organization"},"potentialAction":[{"@type":"SearchAction","target":{"@type":"EntryPoint","urlTemplate":"https:\/\/www.notibras.com\/site\/?s={search_term_string}"},"query-input":{"@type":"PropertyValueSpecification","valueRequired":true,"valueName":"search_term_string"}}],"inLanguage":"pt-BR"},{"@type":"Organization","@id":"https:\/\/www.notibras.com\/site\/#organization","name":"Grupo Notibras de Comunica\u00e7\u00e3o","url":"https:\/\/www.notibras.com\/site\/","logo":{"@type":"ImageObject","inLanguage":"pt-BR","@id":"https:\/\/www.notibras.com\/site\/#\/schema\/logo\/image\/","url":"https:\/\/www.notibras.com\/site\/wp-content\/uploads\/2023\/01\/notibras23.png","contentUrl":"https:\/\/www.notibras.com\/site\/wp-content\/uploads\/2023\/01\/notibras23.png","width":350,"height":87,"caption":"Grupo Notibras de Comunica\u00e7\u00e3o"},"image":{"@id":"https:\/\/www.notibras.com\/site\/#\/schema\/logo\/image\/"},"sameAs":["https:\/\/www.facebook.com\/notibras\/","https:\/\/x.com\/Notibras","https:\/\/www.instagram.com\/notibras\/"]},{"@type":"Person","@id":"https:\/\/www.notibras.com\/site\/#\/schema\/person\/5b7fabf2aedc3ada2105f03b22b4d3dd","name":"Eduardo Mart\u00ednez","image":{"@type":"ImageObject","inLanguage":"pt-BR","@id":"https:\/\/secure.gravatar.com\/avatar\/7902f906289926289cbcda644b5197c796b893c6ffd7b9a536a42d290f7704a0?s=96&d=mm&r=g","url":"https:\/\/secure.gravatar.com\/avatar\/7902f906289926289cbcda644b5197c796b893c6ffd7b9a536a42d290f7704a0?s=96&d=mm&r=g","contentUrl":"https:\/\/secure.gravatar.com\/avatar\/7902f906289926289cbcda644b5197c796b893c6ffd7b9a536a42d290f7704a0?s=96&d=mm&r=g","caption":"Eduardo Mart\u00ednez"}}]}},"amp_enabled":true,"_links":{"self":[{"href":"https:\/\/www.notibras.com\/site\/wp-json\/wp\/v2\/posts\/381506","targetHints":{"allow":["GET"]}}],"collection":[{"href":"https:\/\/www.notibras.com\/site\/wp-json\/wp\/v2\/posts"}],"about":[{"href":"https:\/\/www.notibras.com\/site\/wp-json\/wp\/v2\/types\/post"}],"author":[{"embeddable":true,"href":"https:\/\/www.notibras.com\/site\/wp-json\/wp\/v2\/users\/21"}],"replies":[{"embeddable":true,"href":"https:\/\/www.notibras.com\/site\/wp-json\/wp\/v2\/comments?post=381506"}],"version-history":[{"count":4,"href":"https:\/\/www.notibras.com\/site\/wp-json\/wp\/v2\/posts\/381506\/revisions"}],"predecessor-version":[{"id":381511,"href":"https:\/\/www.notibras.com\/site\/wp-json\/wp\/v2\/posts\/381506\/revisions\/381511"}],"wp:featuredmedia":[{"embeddable":true,"href":"https:\/\/www.notibras.com\/site\/wp-json\/wp\/v2\/media\/381507"}],"wp:attachment":[{"href":"https:\/\/www.notibras.com\/site\/wp-json\/wp\/v2\/media?parent=381506"}],"wp:term":[{"taxonomy":"category","embeddable":true,"href":"https:\/\/www.notibras.com\/site\/wp-json\/wp\/v2\/categories?post=381506"},{"taxonomy":"post_tag","embeddable":true,"href":"https:\/\/www.notibras.com\/site\/wp-json\/wp\/v2\/tags?post=381506"}],"curies":[{"name":"wp","href":"https:\/\/api.w.org\/{rel}","templated":true}]}}