{"id":381512,"date":"2026-02-02T00:45:54","date_gmt":"2026-02-02T03:45:54","guid":{"rendered":"https:\/\/www.notibras.com\/site\/?p=381512"},"modified":"2026-02-01T22:49:11","modified_gmt":"2026-02-02T01:49:11","slug":"veja-os-principais-direitos-do-passageiro-em-voos-nacionais-e-internacionais","status":"publish","type":"post","link":"https:\/\/www.notibras.com\/site\/veja-os-principais-direitos-do-passageiro-em-voos-nacionais-e-internacionais\/","title":{"rendered":"Veja os principais direitos do passageiro em voos nacionais e internacionais"},"content":{"rendered":"<p>O ano de 2026 ser\u00e1 repleto de feriad\u00f5es, datas prop\u00edcias a viagens. Planeja viajar e j\u00e1 tem passagem a\u00e9rea comprada? Imprevistos ainda fazem parte da rotina de quem utiliza o transporte a\u00e9reo, seja um atraso inesperado, seja um cancelamento de \u00faltima hora, seja a bagagem que n\u00e3o aparece na esteira. Para ajudar o consumidor a saber como agir nessas situa\u00e7\u00f5es, o Instituto de Defesa do Consumidor do Distrito Federal (Procon-DF) reuniu as principais orienta\u00e7\u00f5es sobre os direitos dos passageiros em voos nacionais e internacionais.<\/p>\n<p>Segundo o diretor de Atendimento do Procon-DF, Andr\u00e9 Borini, grande parte das demandas recebidas pelo \u00f3rg\u00e3o envolve cancelamentos e altera\u00e7\u00f5es de data, muitas vezes associados a situa\u00e7\u00f5es inesperadas. \u201cO consumidor precisa saber quais s\u00e3o os seus direitos, mas tamb\u00e9m entender em que casos a companhia a\u00e9rea \u00e9 respons\u00e1vel e em quais ela pode estar isenta\u201d, afirma.<\/p>\n<p><strong>Cancelamento do voo pela companhia<\/strong><\/p>\n<p>Quando o cancelamento ocorrer por iniciativa da empresa, em regra, o direito de escolha \u00e9 do passageiro. Segundo o Procon-DF, o consumidor pode optar por reacomoda\u00e7\u00e3o (inclusive em voo de outra companhia) ou pelo reembolso.<\/p>\n<p>Borini faz, no entanto, uma ressalva: \u201cH\u00e1 situa\u00e7\u00f5es em que o cancelamento decorre de fatores externos, como condi\u00e7\u00f5es clim\u00e1ticas severas, que tornam o voo imposs\u00edvel. Nesses casos, trata-se de for\u00e7a maior e a companhia a\u00e9rea n\u00e3o responde pelo cancelamento.\u201d<\/p>\n<p>Mesmo nessas situa\u00e7\u00f5es, ele refor\u00e7a que os deveres de assist\u00eancia ao passageiro permanecem. \u201cA empresa pode estar isenta de indeniza\u00e7\u00e3o, mas n\u00e3o pode simplesmente abandonar o consumidor. Informa\u00e7\u00e3o, alimenta\u00e7\u00e3o e acomoda\u00e7\u00e3o continuam sendo obriga\u00e7\u00f5es, conforme o caso\u201d, afirma.<\/p>\n<p>Independentemente do motivo do cancelamento, a orienta\u00e7\u00e3o do Procon-DF \u00e9 documentar tudo. \u201cPe\u00e7a comprovante do cancelamento, guarde mensagens, e-mails e protocolos. A documenta\u00e7\u00e3o faz toda a diferen\u00e7a\u201d, refor\u00e7a Borini.<\/p>\n<p><strong>Cancelamento ou remarca\u00e7\u00e3o pelo passageiro<\/strong><\/p>\n<p>Tamb\u00e9m s\u00e3o frequentes as reclama\u00e7\u00f5es sobre multas elevadas cobradas por altera\u00e7\u00e3o de data, sobretudo em tarifas mais restritivas. Para o Procon-DF, essas cobran\u00e7as devem ser proporcionais e analisadas caso a caso.<\/p>\n<p>\u201cN\u00e3o \u00e9 porque a tarifa \u00e9 mais barata que qualquer multa pode ser cobrada. Em muitos casos, a passagem pode ser revendida pela companhia sem preju\u00edzo\u201d, observa Borini.<\/p>\n<p>Sobre o direito de arrependimento, o diretor lembra que h\u00e1 diverg\u00eancias de interpreta\u00e7\u00e3o entre consumidores e empresas. Por isso, a orienta\u00e7\u00e3o do \u00f3rg\u00e3o \u00e9 guardar todos os comprovantes da compra e procurar o Procon sempre que houver d\u00favida ou cobran\u00e7a considerada abusiva.<\/p>\n<p><strong>Atraso do voo<\/strong><\/p>\n<p>Outra d\u00favida frequente envolve atrasos. O Procon-DF orienta que o passageiro tem direito \u00e0 assist\u00eancia material, conforme o tempo de espera, de acordo com as regras que regulam o setor a\u00e9reo:<\/p>\n<p>A partir de 1 hora: direito \u00e0 informa\u00e7\u00e3o e meios de comunica\u00e7\u00e3o;<\/p>\n<p>A partir de 2 horas: alimenta\u00e7\u00e3o;<\/p>\n<p>A partir de 4 horas: hospedagem, quando necess\u00e1ria, e transporte.<\/p>\n<p>\u201cEssas medidas existem para minimizar o impacto do atraso na rotina do passageiro. Ele n\u00e3o pode ficar desassistido no aeroporto\u201d, ressalta Borini. Em atrasos prolongados, o consumidor tamb\u00e9m pode exigir alternativas como reacomoda\u00e7\u00e3o em outro voo ou reembolso, conforme o ponto da viagem.<\/p>\n<p><strong>Impedimento por motivo de sa\u00fade<\/strong><\/p>\n<p>Dentro das demandas relacionadas a cancelamentos e remarca\u00e7\u00f5es, h\u00e1 situa\u00e7\u00f5es em que o passageiro fica impedido de viajar por motivos de sa\u00fade. De acordo com Borini, quando h\u00e1 comprova\u00e7\u00e3o m\u00e9dica, o caso deve ser tratado como excepcional.<\/p>\n<p>\u201cSe o passageiro apresenta um laudo ou atestado que demonstre que ele n\u00e3o tem condi\u00e7\u00f5es de viajar naquela data, estamos diante de um caso fortuito. O consumidor n\u00e3o pode ser penalizado por algo que foge completamente da sua vontade\u201d, explica.<\/p>\n<p>Nessas situa\u00e7\u00f5es, a orienta\u00e7\u00e3o do Procon-DF \u00e9 que o passageiro procure a companhia a\u00e9rea o quanto antes, apresente o documento m\u00e9dico e guarde todos os protocolos de atendimento. \u201cA primeira alternativa normalmente \u00e9 a remarca\u00e7\u00e3o da passagem, j\u00e1 que o bilhete tem validade. Mas, dependendo do caso, pode haver restitui\u00e7\u00e3o integral do valor da passagem a\u00e9rea sem incid\u00eancia de multa\u201d, destaca Borini. \u201cO caso fortuito e a for\u00e7a maior isentam de multa e de responsabilidade, ent\u00e3o n\u00e3o se fala em multa nessas hip\u00f3teses\u201d, acrescenta.<\/p>\n<p>Caso a empresa se recuse a negociar ou insista em cobran\u00e7as elevadas mesmo diante da comprova\u00e7\u00e3o m\u00e9dica, o consumidor deve procurar o Procon-DF com toda a documenta\u00e7\u00e3o.<\/p>\n<p><strong>Bagagem: extravio, dano e despesas emergenciais<\/strong><\/p>\n<p>Problemas com bagagem tamb\u00e9m est\u00e3o entre as queixas recebidas pelo Procon-DF. Para reduzir riscos e facilitar eventual indeniza\u00e7\u00e3o, o \u00f3rg\u00e3o recomenda que o passageiro guarde bilhetes, cart\u00f5es de embarque e notas fiscais; fotografe a mala antes do despacho; e avalie a declara\u00e7\u00e3o especial de valor ao transportar itens caros, sobretudo em voos internacionais.<\/p>\n<p>Em caso de extravio, o passageiro pode ter direito ao ressarcimento de despesas emergenciais, necess\u00e1rias para sua perman\u00eancia no destino enquanto estiver sem a bagagem. \u201cA pessoa precisa ter condi\u00e7\u00f5es m\u00ednimas de se manter enquanto a mala n\u00e3o aparece. Isso n\u00e3o \u00e9 favor, \u00e9 direito do consumidor\u201d, afirma Borini. Segundo ele, em geral, as companhias trabalham com prazo de at\u00e9 7 dias para devolu\u00e7\u00e3o em voos nacionais e 21 dias em voos internacionais.<\/p>\n<p>Se a bagagem for danificada, o registro deve ser feito imediatamente no desembarque, ainda no balc\u00e3o da companhia a\u00e9rea.<\/p>\n<p><strong>Voo internacional<\/strong><\/p>\n<p>Borini explica que, em voos entre pa\u00edses, tratados internacionais podem limitar a indeniza\u00e7\u00e3o por dano material, como extravio de bagagem. \u201cEssa limita\u00e7\u00e3o n\u00e3o se aplica ao dano moral, que pode ser discutido judicialmente\u201d, pontua.<\/p>\n<p>Ele acrescenta que o Supremo Tribunal Federal (STF), no Tema 210 de repercuss\u00e3o geral, consolidou o entendimento de que, em voos internacionais, tratados como a Conven\u00e7\u00e3o de Vars\u00f3via\/Montreal podem limitar indeniza\u00e7\u00f5es por dano material em casos de extravio de bagagem . \u201cPor outro lado, o STF firmou tese de que essas conven\u00e7\u00f5es n\u00e3o se aplicam aos danos extrapatrimoniais (dano moral)\u201d, pontua.<\/p>\n<p><strong>Embarque negado, overbooking e downgrade<\/strong><\/p>\n<p>A preteri\u00e7\u00e3o de embarque ocorre quando o passageiro cumpre todas as exig\u00eancias, mas n\u00e3o embarca por motivos operacionais, como overbooking ou troca de aeronave. Nessas situa\u00e7\u00f5es, o Procon-DF orienta que o consumidor continue exigindo medidas como reacomoda\u00e7\u00e3o, reembolso e assist\u00eancia material, al\u00e9m de compensa\u00e7\u00f5es previstas na regulamenta\u00e7\u00e3o do setor a\u00e9reo.<\/p>\n<p>No caso de downgrade, quando o passageiro \u00e9 realocado para classe inferior, a dica do Procon-DF \u00e9 buscar ao menos a devolu\u00e7\u00e3o da diferen\u00e7a tarif\u00e1ria. \u201cSe houve preju\u00edzo al\u00e9m disso, o consumidor pode avaliar outras medidas\u201d, afirma Borini.<\/p>\n<p><strong>Bagagem de m\u00e3o despachada no port\u00e3o<\/strong><\/p>\n<p>Uma das situa\u00e7\u00f5es que mais geram conflito no momento do embarque \u00e9 quando o passageiro \u00e9 solicitado a despachar a bagagem de m\u00e3o j\u00e1 no port\u00e3o, pouco antes de entrar na aeronave. Isso normalmente acontece quando os compartimentos superiores de bagagem (bagageiros) na cabine de passageiros j\u00e1 est\u00e3o lotados ou perto da capacidade e a companhia precisa liberar espa\u00e7o para acomodar todas as malas de m\u00e3o que foram levadas at\u00e9 ali. Em muitos casos, essa situa\u00e7\u00e3o ocorre com passageiros dos \u00faltimos grupos de embarque \u2014 os que entram por \u00faltimo \u2014 porque os espa\u00e7os tendem a ser preenchidos pelos primeiros na fila antes que eles tenham acesso aos bagageiros.<\/p>\n<p>Em algumas companhias, o embarque \u00e9 organizado por grupos num\u00e9ricos, definidos pelo tipo de tarifa, programa de fidelidade ou prioridade adquirida.<\/p>\n<p>Passageiros que embarcam nos grupos 3, 4 e 5, por exemplo, podem encontrar espa\u00e7o limitado nos bagageiros \u00e0 medida que as pessoas com embarque priorit\u00e1rio (grupos 1 e 2) j\u00e1 colocaram as malas nos compartimentos superiores. Nessas situa\u00e7\u00f5es operacionais, a empresa pode solicitar que a bagagem de m\u00e3o seja despachada no port\u00e3o de forma gratuita, com etiqueta indicando que ser\u00e1 retirada no destino.<\/p>\n<p>O Procon-DF orienta que, apesar de o consumidor ter direito de levar a bagagem de m\u00e3o consigo quando ela est\u00e1 dentro das dimens\u00f5es e pesos permitidos, esse tipo de abordagem costuma ocorrer por motivos operacionais ou de log\u00edstica do voo e pode gerar constrangimento no embarque. \u201cNa pr\u00e1tica, entrar em discuss\u00e3o no port\u00e3o pode resultar em ainda mais preju\u00edzo. O ideal \u00e9 preservar provas e resolver depois\u201d, explica o diretor de Atendimento do Procon-DF, Andr\u00e9 Borini.<\/p>\n<p>Se a companhia insistir no despacho da bagagem de m\u00e3o no port\u00e3o, o Procon-DF recomenda retirar itens de valor e fr\u00e1geis da mala (como notebooks, tablets, documentos e medicamentos) antes de entreg\u00e1-la para despacho; exigir e guardar o comprovante de despacho gerado no port\u00e3o, al\u00e9m da etiqueta colocada na mala; registrar a situa\u00e7\u00e3o por foto ou v\u00eddeo, de forma objetiva, para ter prova do epis\u00f3dio caso seja necess\u00e1rio buscar repara\u00e7\u00e3o posteriormente.<\/p>\n<p>\u201cSem prova, o direito fica muito mais dif\u00edcil de ser exercido depois. A documenta\u00e7\u00e3o \u00e9 o que permite ao consumidor buscar repara\u00e7\u00e3o\u201d, alerta Borini.<\/p>\n<p>Se a bagagem que foi despachada no port\u00e3o sofrer dano ou extravio, o passageiro pode procurar o Procon-DF para an\u00e1lise de dano material, desde que haja comprova\u00e7\u00e3o do ocorrido. Em casos em que o preju\u00edzo alegado seja dano moral, como constrangimento ou abalo emocional, geralmente \u00e9 necess\u00e1rio encaminhamento ao Judici\u00e1rio, pois esse tipo de pleito extrapola a atua\u00e7\u00e3o administrativa do \u00f3rg\u00e3o.<\/p>\n<p><strong>Servi\u00e7o<\/strong><\/p>\n<p>Procon-DF<br \/>\nTelefone: 151<br \/>\nE-mail: 151@procon.df.gov.br<\/p>\n","protected":false},"excerpt":{"rendered":"<p>O ano de 2026 ser\u00e1 repleto de feriad\u00f5es, datas prop\u00edcias a viagens. Planeja viajar e j\u00e1 tem passagem a\u00e9rea comprada? Imprevistos ainda fazem parte da rotina de quem utiliza o transporte a\u00e9reo, seja um atraso inesperado, seja um cancelamento de \u00faltima hora, seja a bagagem que n\u00e3o aparece na esteira. Para ajudar o consumidor a [&hellip;]<\/p>\n","protected":false},"author":21,"featured_media":381514,"comment_status":"closed","ping_status":"closed","sticky":false,"template":"","format":"standard","meta":{"_acf_changed":false,"footnotes":""},"categories":[161],"tags":[],"class_list":["post-381512","post","type-post","status-publish","format-standard","has-post-thumbnail","hentry","category-quadradinho-em-foco"],"acf":[],"yoast_head":"<!-- This site is optimized with the Yoast SEO plugin v27.2 - https:\/\/yoast.com\/product\/yoast-seo-wordpress\/ -->\n<title>Veja os principais direitos do passageiro em voos nacionais e internacionais - Notibras<\/title>\n<meta name=\"robots\" content=\"index, follow, max-snippet:-1, max-image-preview:large, max-video-preview:-1\" \/>\n<link rel=\"canonical\" href=\"https:\/\/www.notibras.com\/site\/veja-os-principais-direitos-do-passageiro-em-voos-nacionais-e-internacionais\/\" \/>\n<meta property=\"og:locale\" content=\"pt_BR\" \/>\n<meta property=\"og:type\" content=\"article\" \/>\n<meta property=\"og:title\" content=\"Veja os principais direitos do passageiro em voos nacionais e internacionais - Notibras\" \/>\n<meta property=\"og:description\" content=\"O ano de 2026 ser\u00e1 repleto de feriad\u00f5es, datas prop\u00edcias a viagens. Planeja viajar e j\u00e1 tem passagem a\u00e9rea comprada? Imprevistos ainda fazem parte da rotina de quem utiliza o transporte a\u00e9reo, seja um atraso inesperado, seja um cancelamento de \u00faltima hora, seja a bagagem que n\u00e3o aparece na esteira. Para ajudar o consumidor a [&hellip;]\" \/>\n<meta property=\"og:url\" content=\"https:\/\/www.notibras.com\/site\/veja-os-principais-direitos-do-passageiro-em-voos-nacionais-e-internacionais\/\" \/>\n<meta property=\"og:site_name\" content=\"Notibras\" \/>\n<meta property=\"article:publisher\" content=\"https:\/\/www.facebook.com\/notibras\/\" \/>\n<meta property=\"article:published_time\" content=\"2026-02-02T03:45:54+00:00\" \/>\n<meta property=\"og:image\" content=\"https:\/\/www.notibras.com\/site\/wp-content\/uploads\/2026\/02\/Foto-Paulo-H.-Carvalho-27.jpg\" \/>\n\t<meta property=\"og:image:width\" content=\"800\" \/>\n\t<meta property=\"og:image:height\" content=\"531\" \/>\n\t<meta property=\"og:image:type\" content=\"image\/jpeg\" \/>\n<meta name=\"author\" content=\"Eduardo Mart\u00ednez\" \/>\n<meta name=\"twitter:card\" content=\"summary_large_image\" \/>\n<meta name=\"twitter:creator\" content=\"@Notibras\" \/>\n<meta name=\"twitter:site\" content=\"@Notibras\" \/>\n<meta name=\"twitter:label1\" content=\"Escrito por\" \/>\n\t<meta name=\"twitter:data1\" content=\"Eduardo Mart\u00ednez\" \/>\n\t<meta name=\"twitter:label2\" content=\"Est. tempo de leitura\" \/>\n\t<meta name=\"twitter:data2\" content=\"9 minutos\" \/>\n<script type=\"application\/ld+json\" class=\"yoast-schema-graph\">{\"@context\":\"https:\/\/schema.org\",\"@graph\":[{\"@type\":\"Article\",\"@id\":\"https:\/\/www.notibras.com\/site\/veja-os-principais-direitos-do-passageiro-em-voos-nacionais-e-internacionais\/#article\",\"isPartOf\":{\"@id\":\"https:\/\/www.notibras.com\/site\/veja-os-principais-direitos-do-passageiro-em-voos-nacionais-e-internacionais\/\"},\"author\":{\"name\":\"Eduardo Mart\u00ednez\",\"@id\":\"https:\/\/www.notibras.com\/site\/#\/schema\/person\/5b7fabf2aedc3ada2105f03b22b4d3dd\"},\"headline\":\"Veja os principais direitos do passageiro em voos nacionais e internacionais\",\"datePublished\":\"2026-02-02T03:45:54+00:00\",\"mainEntityOfPage\":{\"@id\":\"https:\/\/www.notibras.com\/site\/veja-os-principais-direitos-do-passageiro-em-voos-nacionais-e-internacionais\/\"},\"wordCount\":1617,\"publisher\":{\"@id\":\"https:\/\/www.notibras.com\/site\/#organization\"},\"image\":{\"@id\":\"https:\/\/www.notibras.com\/site\/veja-os-principais-direitos-do-passageiro-em-voos-nacionais-e-internacionais\/#primaryimage\"},\"thumbnailUrl\":\"https:\/\/www.notibras.com\/site\/wp-content\/uploads\/2026\/02\/Foto-Paulo-H.-Carvalho-27.jpg\",\"articleSection\":[\"Quadradinho em Foco\"],\"inLanguage\":\"pt-BR\"},{\"@type\":\"WebPage\",\"@id\":\"https:\/\/www.notibras.com\/site\/veja-os-principais-direitos-do-passageiro-em-voos-nacionais-e-internacionais\/\",\"url\":\"https:\/\/www.notibras.com\/site\/veja-os-principais-direitos-do-passageiro-em-voos-nacionais-e-internacionais\/\",\"name\":\"Veja os principais direitos do passageiro em voos nacionais e internacionais - Notibras\",\"isPartOf\":{\"@id\":\"https:\/\/www.notibras.com\/site\/#website\"},\"primaryImageOfPage\":{\"@id\":\"https:\/\/www.notibras.com\/site\/veja-os-principais-direitos-do-passageiro-em-voos-nacionais-e-internacionais\/#primaryimage\"},\"image\":{\"@id\":\"https:\/\/www.notibras.com\/site\/veja-os-principais-direitos-do-passageiro-em-voos-nacionais-e-internacionais\/#primaryimage\"},\"thumbnailUrl\":\"https:\/\/www.notibras.com\/site\/wp-content\/uploads\/2026\/02\/Foto-Paulo-H.-Carvalho-27.jpg\",\"datePublished\":\"2026-02-02T03:45:54+00:00\",\"breadcrumb\":{\"@id\":\"https:\/\/www.notibras.com\/site\/veja-os-principais-direitos-do-passageiro-em-voos-nacionais-e-internacionais\/#breadcrumb\"},\"inLanguage\":\"pt-BR\",\"potentialAction\":[{\"@type\":\"ReadAction\",\"target\":[\"https:\/\/www.notibras.com\/site\/veja-os-principais-direitos-do-passageiro-em-voos-nacionais-e-internacionais\/\"]}]},{\"@type\":\"ImageObject\",\"inLanguage\":\"pt-BR\",\"@id\":\"https:\/\/www.notibras.com\/site\/veja-os-principais-direitos-do-passageiro-em-voos-nacionais-e-internacionais\/#primaryimage\",\"url\":\"https:\/\/www.notibras.com\/site\/wp-content\/uploads\/2026\/02\/Foto-Paulo-H.-Carvalho-27.jpg\",\"contentUrl\":\"https:\/\/www.notibras.com\/site\/wp-content\/uploads\/2026\/02\/Foto-Paulo-H.-Carvalho-27.jpg\",\"width\":800,\"height\":531},{\"@type\":\"BreadcrumbList\",\"@id\":\"https:\/\/www.notibras.com\/site\/veja-os-principais-direitos-do-passageiro-em-voos-nacionais-e-internacionais\/#breadcrumb\",\"itemListElement\":[{\"@type\":\"ListItem\",\"position\":1,\"name\":\"In\u00edcio\",\"item\":\"https:\/\/www.notibras.com\/site\/\"},{\"@type\":\"ListItem\",\"position\":2,\"name\":\"Veja os principais direitos do passageiro em voos nacionais e internacionais\"}]},{\"@type\":\"WebSite\",\"@id\":\"https:\/\/www.notibras.com\/site\/#website\",\"url\":\"https:\/\/www.notibras.com\/site\/\",\"name\":\"Notibras\",\"description\":\"Not\u00edcias de Bras\u00edlia, do Brasil e do Mundo\",\"publisher\":{\"@id\":\"https:\/\/www.notibras.com\/site\/#organization\"},\"potentialAction\":[{\"@type\":\"SearchAction\",\"target\":{\"@type\":\"EntryPoint\",\"urlTemplate\":\"https:\/\/www.notibras.com\/site\/?s={search_term_string}\"},\"query-input\":{\"@type\":\"PropertyValueSpecification\",\"valueRequired\":true,\"valueName\":\"search_term_string\"}}],\"inLanguage\":\"pt-BR\"},{\"@type\":\"Organization\",\"@id\":\"https:\/\/www.notibras.com\/site\/#organization\",\"name\":\"Grupo Notibras de Comunica\u00e7\u00e3o\",\"url\":\"https:\/\/www.notibras.com\/site\/\",\"logo\":{\"@type\":\"ImageObject\",\"inLanguage\":\"pt-BR\",\"@id\":\"https:\/\/www.notibras.com\/site\/#\/schema\/logo\/image\/\",\"url\":\"https:\/\/www.notibras.com\/site\/wp-content\/uploads\/2023\/01\/notibras23.png\",\"contentUrl\":\"https:\/\/www.notibras.com\/site\/wp-content\/uploads\/2023\/01\/notibras23.png\",\"width\":350,\"height\":87,\"caption\":\"Grupo Notibras de Comunica\u00e7\u00e3o\"},\"image\":{\"@id\":\"https:\/\/www.notibras.com\/site\/#\/schema\/logo\/image\/\"},\"sameAs\":[\"https:\/\/www.facebook.com\/notibras\/\",\"https:\/\/x.com\/Notibras\",\"https:\/\/www.instagram.com\/notibras\/\"]},{\"@type\":\"Person\",\"@id\":\"https:\/\/www.notibras.com\/site\/#\/schema\/person\/5b7fabf2aedc3ada2105f03b22b4d3dd\",\"name\":\"Eduardo Mart\u00ednez\",\"image\":{\"@type\":\"ImageObject\",\"inLanguage\":\"pt-BR\",\"@id\":\"https:\/\/secure.gravatar.com\/avatar\/7902f906289926289cbcda644b5197c796b893c6ffd7b9a536a42d290f7704a0?s=96&d=mm&r=g\",\"url\":\"https:\/\/secure.gravatar.com\/avatar\/7902f906289926289cbcda644b5197c796b893c6ffd7b9a536a42d290f7704a0?s=96&d=mm&r=g\",\"contentUrl\":\"https:\/\/secure.gravatar.com\/avatar\/7902f906289926289cbcda644b5197c796b893c6ffd7b9a536a42d290f7704a0?s=96&d=mm&r=g\",\"caption\":\"Eduardo Mart\u00ednez\"}}]}<\/script>\n<!-- \/ Yoast SEO plugin. -->","yoast_head_json":{"title":"Veja os principais direitos do passageiro em voos nacionais e internacionais - Notibras","robots":{"index":"index","follow":"follow","max-snippet":"max-snippet:-1","max-image-preview":"max-image-preview:large","max-video-preview":"max-video-preview:-1"},"canonical":"https:\/\/www.notibras.com\/site\/veja-os-principais-direitos-do-passageiro-em-voos-nacionais-e-internacionais\/","og_locale":"pt_BR","og_type":"article","og_title":"Veja os principais direitos do passageiro em voos nacionais e internacionais - Notibras","og_description":"O ano de 2026 ser\u00e1 repleto de feriad\u00f5es, datas prop\u00edcias a viagens. Planeja viajar e j\u00e1 tem passagem a\u00e9rea comprada? Imprevistos ainda fazem parte da rotina de quem utiliza o transporte a\u00e9reo, seja um atraso inesperado, seja um cancelamento de \u00faltima hora, seja a bagagem que n\u00e3o aparece na esteira. Para ajudar o consumidor a [&hellip;]","og_url":"https:\/\/www.notibras.com\/site\/veja-os-principais-direitos-do-passageiro-em-voos-nacionais-e-internacionais\/","og_site_name":"Notibras","article_publisher":"https:\/\/www.facebook.com\/notibras\/","article_published_time":"2026-02-02T03:45:54+00:00","og_image":[{"width":800,"height":531,"url":"https:\/\/www.notibras.com\/site\/wp-content\/uploads\/2026\/02\/Foto-Paulo-H.-Carvalho-27.jpg","type":"image\/jpeg"}],"author":"Eduardo Mart\u00ednez","twitter_card":"summary_large_image","twitter_creator":"@Notibras","twitter_site":"@Notibras","twitter_misc":{"Escrito por":"Eduardo Mart\u00ednez","Est. tempo de leitura":"9 minutos"},"schema":{"@context":"https:\/\/schema.org","@graph":[{"@type":"Article","@id":"https:\/\/www.notibras.com\/site\/veja-os-principais-direitos-do-passageiro-em-voos-nacionais-e-internacionais\/#article","isPartOf":{"@id":"https:\/\/www.notibras.com\/site\/veja-os-principais-direitos-do-passageiro-em-voos-nacionais-e-internacionais\/"},"author":{"name":"Eduardo Mart\u00ednez","@id":"https:\/\/www.notibras.com\/site\/#\/schema\/person\/5b7fabf2aedc3ada2105f03b22b4d3dd"},"headline":"Veja os principais direitos do passageiro em voos nacionais e internacionais","datePublished":"2026-02-02T03:45:54+00:00","mainEntityOfPage":{"@id":"https:\/\/www.notibras.com\/site\/veja-os-principais-direitos-do-passageiro-em-voos-nacionais-e-internacionais\/"},"wordCount":1617,"publisher":{"@id":"https:\/\/www.notibras.com\/site\/#organization"},"image":{"@id":"https:\/\/www.notibras.com\/site\/veja-os-principais-direitos-do-passageiro-em-voos-nacionais-e-internacionais\/#primaryimage"},"thumbnailUrl":"https:\/\/www.notibras.com\/site\/wp-content\/uploads\/2026\/02\/Foto-Paulo-H.-Carvalho-27.jpg","articleSection":["Quadradinho em Foco"],"inLanguage":"pt-BR"},{"@type":"WebPage","@id":"https:\/\/www.notibras.com\/site\/veja-os-principais-direitos-do-passageiro-em-voos-nacionais-e-internacionais\/","url":"https:\/\/www.notibras.com\/site\/veja-os-principais-direitos-do-passageiro-em-voos-nacionais-e-internacionais\/","name":"Veja os principais direitos do passageiro em voos nacionais e internacionais - Notibras","isPartOf":{"@id":"https:\/\/www.notibras.com\/site\/#website"},"primaryImageOfPage":{"@id":"https:\/\/www.notibras.com\/site\/veja-os-principais-direitos-do-passageiro-em-voos-nacionais-e-internacionais\/#primaryimage"},"image":{"@id":"https:\/\/www.notibras.com\/site\/veja-os-principais-direitos-do-passageiro-em-voos-nacionais-e-internacionais\/#primaryimage"},"thumbnailUrl":"https:\/\/www.notibras.com\/site\/wp-content\/uploads\/2026\/02\/Foto-Paulo-H.-Carvalho-27.jpg","datePublished":"2026-02-02T03:45:54+00:00","breadcrumb":{"@id":"https:\/\/www.notibras.com\/site\/veja-os-principais-direitos-do-passageiro-em-voos-nacionais-e-internacionais\/#breadcrumb"},"inLanguage":"pt-BR","potentialAction":[{"@type":"ReadAction","target":["https:\/\/www.notibras.com\/site\/veja-os-principais-direitos-do-passageiro-em-voos-nacionais-e-internacionais\/"]}]},{"@type":"ImageObject","inLanguage":"pt-BR","@id":"https:\/\/www.notibras.com\/site\/veja-os-principais-direitos-do-passageiro-em-voos-nacionais-e-internacionais\/#primaryimage","url":"https:\/\/www.notibras.com\/site\/wp-content\/uploads\/2026\/02\/Foto-Paulo-H.-Carvalho-27.jpg","contentUrl":"https:\/\/www.notibras.com\/site\/wp-content\/uploads\/2026\/02\/Foto-Paulo-H.-Carvalho-27.jpg","width":800,"height":531},{"@type":"BreadcrumbList","@id":"https:\/\/www.notibras.com\/site\/veja-os-principais-direitos-do-passageiro-em-voos-nacionais-e-internacionais\/#breadcrumb","itemListElement":[{"@type":"ListItem","position":1,"name":"In\u00edcio","item":"https:\/\/www.notibras.com\/site\/"},{"@type":"ListItem","position":2,"name":"Veja os principais direitos do passageiro em voos nacionais e internacionais"}]},{"@type":"WebSite","@id":"https:\/\/www.notibras.com\/site\/#website","url":"https:\/\/www.notibras.com\/site\/","name":"Notibras","description":"Not\u00edcias de Bras\u00edlia, do Brasil e do Mundo","publisher":{"@id":"https:\/\/www.notibras.com\/site\/#organization"},"potentialAction":[{"@type":"SearchAction","target":{"@type":"EntryPoint","urlTemplate":"https:\/\/www.notibras.com\/site\/?s={search_term_string}"},"query-input":{"@type":"PropertyValueSpecification","valueRequired":true,"valueName":"search_term_string"}}],"inLanguage":"pt-BR"},{"@type":"Organization","@id":"https:\/\/www.notibras.com\/site\/#organization","name":"Grupo Notibras de Comunica\u00e7\u00e3o","url":"https:\/\/www.notibras.com\/site\/","logo":{"@type":"ImageObject","inLanguage":"pt-BR","@id":"https:\/\/www.notibras.com\/site\/#\/schema\/logo\/image\/","url":"https:\/\/www.notibras.com\/site\/wp-content\/uploads\/2023\/01\/notibras23.png","contentUrl":"https:\/\/www.notibras.com\/site\/wp-content\/uploads\/2023\/01\/notibras23.png","width":350,"height":87,"caption":"Grupo Notibras de Comunica\u00e7\u00e3o"},"image":{"@id":"https:\/\/www.notibras.com\/site\/#\/schema\/logo\/image\/"},"sameAs":["https:\/\/www.facebook.com\/notibras\/","https:\/\/x.com\/Notibras","https:\/\/www.instagram.com\/notibras\/"]},{"@type":"Person","@id":"https:\/\/www.notibras.com\/site\/#\/schema\/person\/5b7fabf2aedc3ada2105f03b22b4d3dd","name":"Eduardo Mart\u00ednez","image":{"@type":"ImageObject","inLanguage":"pt-BR","@id":"https:\/\/secure.gravatar.com\/avatar\/7902f906289926289cbcda644b5197c796b893c6ffd7b9a536a42d290f7704a0?s=96&d=mm&r=g","url":"https:\/\/secure.gravatar.com\/avatar\/7902f906289926289cbcda644b5197c796b893c6ffd7b9a536a42d290f7704a0?s=96&d=mm&r=g","contentUrl":"https:\/\/secure.gravatar.com\/avatar\/7902f906289926289cbcda644b5197c796b893c6ffd7b9a536a42d290f7704a0?s=96&d=mm&r=g","caption":"Eduardo Mart\u00ednez"}}]}},"amp_enabled":true,"_links":{"self":[{"href":"https:\/\/www.notibras.com\/site\/wp-json\/wp\/v2\/posts\/381512","targetHints":{"allow":["GET"]}}],"collection":[{"href":"https:\/\/www.notibras.com\/site\/wp-json\/wp\/v2\/posts"}],"about":[{"href":"https:\/\/www.notibras.com\/site\/wp-json\/wp\/v2\/types\/post"}],"author":[{"embeddable":true,"href":"https:\/\/www.notibras.com\/site\/wp-json\/wp\/v2\/users\/21"}],"replies":[{"embeddable":true,"href":"https:\/\/www.notibras.com\/site\/wp-json\/wp\/v2\/comments?post=381512"}],"version-history":[{"count":3,"href":"https:\/\/www.notibras.com\/site\/wp-json\/wp\/v2\/posts\/381512\/revisions"}],"predecessor-version":[{"id":381517,"href":"https:\/\/www.notibras.com\/site\/wp-json\/wp\/v2\/posts\/381512\/revisions\/381517"}],"wp:featuredmedia":[{"embeddable":true,"href":"https:\/\/www.notibras.com\/site\/wp-json\/wp\/v2\/media\/381514"}],"wp:attachment":[{"href":"https:\/\/www.notibras.com\/site\/wp-json\/wp\/v2\/media?parent=381512"}],"wp:term":[{"taxonomy":"category","embeddable":true,"href":"https:\/\/www.notibras.com\/site\/wp-json\/wp\/v2\/categories?post=381512"},{"taxonomy":"post_tag","embeddable":true,"href":"https:\/\/www.notibras.com\/site\/wp-json\/wp\/v2\/tags?post=381512"}],"curies":[{"name":"wp","href":"https:\/\/api.w.org\/{rel}","templated":true}]}}