{"id":381518,"date":"2026-02-02T01:00:16","date_gmt":"2026-02-02T04:00:16","guid":{"rendered":"https:\/\/www.notibras.com\/site\/?p=381518"},"modified":"2026-02-01T22:55:33","modified_gmt":"2026-02-02T01:55:33","slug":"53a-edicao-reune-mais-de-30-mil-pessoas-consagra-campeoes-e-celebra-inclusao","status":"publish","type":"post","link":"https:\/\/www.notibras.com\/site\/53a-edicao-reune-mais-de-30-mil-pessoas-consagra-campeoes-e-celebra-inclusao\/","title":{"rendered":"53\u00aa edi\u00e7\u00e3o re\u00fane mais de 30 mil pessoas, consagra campe\u00f5es e celebra inclus\u00e3o"},"content":{"rendered":"<p>A 53\u00aa Corrida de Reis movimentou Bras\u00edlia nesse s\u00e1bado (31) e transformou a capital federal em um grande palco de celebra\u00e7\u00e3o do esporte. Ao longo do percurso, cerca de 30 mil pessoas participaram direta ou indiretamente do evento, entre corredores e p\u00fablico, consolidando a prova como uma das maiores corridas de rua do pa\u00eds.<\/p>\n<p>Nesta edi\u00e7\u00e3o, 17 mil atletas estiveram oficialmente inscritos, reunindo corredores amadores, profissionais, atletas de elite e participantes da categoria PcD. A largada ocorreu em frente ao Pal\u00e1cio do Buriti, e a chegada foi realizada na Arena BRB Nilson Nelson, que se tornou ponto de encontro de fam\u00edlias, torcedores e apaixonados pela corrida de rua.<\/p>\n<p>Para o secret\u00e1rio de Esporte e Lazer do Distrito Federal, Renato Junqueira, a Corrida de Reis representa muito mais do que uma competi\u00e7\u00e3o esportiva. \u201cA Corrida de Reis \u00e9 um patrim\u00f4nio esportivo de Bras\u00edlia. Reunir 30 mil pessoas nas ruas e 17 mil atletas inscritos mostra a for\u00e7a do esporte como ferramenta de inclus\u00e3o, sa\u00fade e ocupa\u00e7\u00e3o dos espa\u00e7os p\u00fablicos. \u00c9 uma festa do esporte para toda a cidade\u201d, destacou.<\/p>\n<p>Entre os participantes, a emo\u00e7\u00e3o tomou conta da linha de chegada. A corredora Mariana Lopes, de 34 anos, que completou a prova de 10 km, ressaltou a experi\u00eancia vivida no evento. \u201cCorrer a Corrida de Reis \u00e9 diferente de qualquer outra prova. A energia do p\u00fablico e a tradi\u00e7\u00e3o fazem a gente se superar do come\u00e7o ao fim. Cruzar a linha de chegada aqui \u00e9 sempre especial\u201d, afirmou.<\/p>\n<p><strong>Premia\u00e7\u00e3o da elite<\/strong><\/p>\n<p>A prova de 10 km contou com forte presen\u00e7a de atletas de alto rendimento. Os cinco primeiros colocados das categorias Elite Feminino e Elite Masculino foram premiados. No Elite Feminino, o p\u00f3dio foi liderado por Viola Jelagat Kosgei, seguida por Ayelu Lema Deme, Larissa Marcelle Moreira Quint\u00e3o, Carmem Silva Reges Pereira e Regiane Braga de Souza.<\/p>\n<p>No Elite Masculino, a vit\u00f3ria ficou com Wilson Mutua Mania, com F\u00e1bio Jesus Correia, Giovani dos Santos, Pablo Fagundes da Costa e Gustavo Barros de Souza completando as cinco primeiras coloca\u00e7\u00f5es.<\/p>\n<p><strong>Inclus\u00e3o e participa\u00e7\u00e3o da categoria PcD<\/strong><\/p>\n<p>A categoria PcD Cadeirantes (10 km) refor\u00e7ou o car\u00e1ter inclusivo do evento. Os atletas Rosilaine Costa de Sousa, Ant\u00f4nio Oliveira Rodrigues, Diego Lima Costa e Jesus Rumaldo Esparragoza Melendez conclu\u00edram o percurso, sendo reconhecidos pelo desempenho e supera\u00e7\u00e3o.<\/p>\n<p>Encerrando a programa\u00e7\u00e3o, o p\u00fablico acompanhou o show da Banda Jammil, realizado dentro da Arena BRB Nilson Nelson, com acesso respeitando o limite m\u00e1ximo de lota\u00e7\u00e3o do espa\u00e7o.<\/p>\n","protected":false},"excerpt":{"rendered":"<p>A 53\u00aa Corrida de Reis movimentou Bras\u00edlia nesse s\u00e1bado (31) e transformou a capital federal em um grande palco de celebra\u00e7\u00e3o do esporte. Ao longo do percurso, cerca de 30 mil pessoas participaram direta ou indiretamente do evento, entre corredores e p\u00fablico, consolidando a prova como uma das maiores corridas de rua do pa\u00eds. Nesta [&hellip;]<\/p>\n","protected":false},"author":21,"featured_media":381519,"comment_status":"closed","ping_status":"closed","sticky":false,"template":"","format":"standard","meta":{"_acf_changed":false,"footnotes":""},"categories":[161],"tags":[],"class_list":["post-381518","post","type-post","status-publish","format-standard","has-post-thumbnail","hentry","category-quadradinho-em-foco"],"acf":[],"yoast_head":"<!-- This site is optimized with the Yoast SEO plugin v27.2 - https:\/\/yoast.com\/product\/yoast-seo-wordpress\/ -->\n<title>53\u00aa edi\u00e7\u00e3o re\u00fane mais de 30 mil pessoas, consagra campe\u00f5es e celebra inclus\u00e3o - Notibras<\/title>\n<meta name=\"robots\" content=\"index, follow, max-snippet:-1, max-image-preview:large, max-video-preview:-1\" \/>\n<link rel=\"canonical\" href=\"https:\/\/www.notibras.com\/site\/53a-edicao-reune-mais-de-30-mil-pessoas-consagra-campeoes-e-celebra-inclusao\/\" \/>\n<meta property=\"og:locale\" content=\"pt_BR\" \/>\n<meta property=\"og:type\" content=\"article\" \/>\n<meta property=\"og:title\" content=\"53\u00aa edi\u00e7\u00e3o re\u00fane mais de 30 mil pessoas, consagra campe\u00f5es e celebra inclus\u00e3o - Notibras\" \/>\n<meta property=\"og:description\" content=\"A 53\u00aa Corrida de Reis movimentou Bras\u00edlia nesse s\u00e1bado (31) e transformou a capital federal em um grande palco de celebra\u00e7\u00e3o do esporte. Ao longo do percurso, cerca de 30 mil pessoas participaram direta ou indiretamente do evento, entre corredores e p\u00fablico, consolidando a prova como uma das maiores corridas de rua do pa\u00eds. Nesta [&hellip;]\" \/>\n<meta property=\"og:url\" content=\"https:\/\/www.notibras.com\/site\/53a-edicao-reune-mais-de-30-mil-pessoas-consagra-campeoes-e-celebra-inclusao\/\" \/>\n<meta property=\"og:site_name\" content=\"Notibras\" \/>\n<meta property=\"article:publisher\" content=\"https:\/\/www.facebook.com\/notibras\/\" \/>\n<meta property=\"article:published_time\" content=\"2026-02-02T04:00:16+00:00\" \/>\n<meta property=\"og:image\" content=\"https:\/\/www.notibras.com\/site\/wp-content\/uploads\/2026\/02\/ERS_4985-scaled.jpg\" \/>\n\t<meta property=\"og:image:width\" content=\"2560\" \/>\n\t<meta property=\"og:image:height\" content=\"1707\" \/>\n\t<meta property=\"og:image:type\" content=\"image\/jpeg\" \/>\n<meta name=\"author\" content=\"Eduardo Mart\u00ednez\" \/>\n<meta name=\"twitter:card\" content=\"summary_large_image\" \/>\n<meta name=\"twitter:creator\" content=\"@Notibras\" \/>\n<meta name=\"twitter:site\" content=\"@Notibras\" \/>\n<meta name=\"twitter:label1\" content=\"Escrito por\" \/>\n\t<meta name=\"twitter:data1\" content=\"Eduardo Mart\u00ednez\" \/>\n\t<meta name=\"twitter:label2\" content=\"Est. tempo de leitura\" \/>\n\t<meta name=\"twitter:data2\" content=\"3 minutos\" \/>\n<script type=\"application\/ld+json\" class=\"yoast-schema-graph\">{\"@context\":\"https:\/\/schema.org\",\"@graph\":[{\"@type\":\"Article\",\"@id\":\"https:\/\/www.notibras.com\/site\/53a-edicao-reune-mais-de-30-mil-pessoas-consagra-campeoes-e-celebra-inclusao\/#article\",\"isPartOf\":{\"@id\":\"https:\/\/www.notibras.com\/site\/53a-edicao-reune-mais-de-30-mil-pessoas-consagra-campeoes-e-celebra-inclusao\/\"},\"author\":{\"name\":\"Eduardo Mart\u00ednez\",\"@id\":\"https:\/\/www.notibras.com\/site\/#\/schema\/person\/5b7fabf2aedc3ada2105f03b22b4d3dd\"},\"headline\":\"53\u00aa edi\u00e7\u00e3o re\u00fane mais de 30 mil pessoas, consagra campe\u00f5es e celebra inclus\u00e3o\",\"datePublished\":\"2026-02-02T04:00:16+00:00\",\"mainEntityOfPage\":{\"@id\":\"https:\/\/www.notibras.com\/site\/53a-edicao-reune-mais-de-30-mil-pessoas-consagra-campeoes-e-celebra-inclusao\/\"},\"wordCount\":451,\"publisher\":{\"@id\":\"https:\/\/www.notibras.com\/site\/#organization\"},\"image\":{\"@id\":\"https:\/\/www.notibras.com\/site\/53a-edicao-reune-mais-de-30-mil-pessoas-consagra-campeoes-e-celebra-inclusao\/#primaryimage\"},\"thumbnailUrl\":\"https:\/\/www.notibras.com\/site\/wp-content\/uploads\/2026\/02\/ERS_4985-scaled.jpg\",\"articleSection\":[\"Quadradinho em Foco\"],\"inLanguage\":\"pt-BR\"},{\"@type\":\"WebPage\",\"@id\":\"https:\/\/www.notibras.com\/site\/53a-edicao-reune-mais-de-30-mil-pessoas-consagra-campeoes-e-celebra-inclusao\/\",\"url\":\"https:\/\/www.notibras.com\/site\/53a-edicao-reune-mais-de-30-mil-pessoas-consagra-campeoes-e-celebra-inclusao\/\",\"name\":\"53\u00aa edi\u00e7\u00e3o re\u00fane mais de 30 mil pessoas, consagra campe\u00f5es e celebra inclus\u00e3o - Notibras\",\"isPartOf\":{\"@id\":\"https:\/\/www.notibras.com\/site\/#website\"},\"primaryImageOfPage\":{\"@id\":\"https:\/\/www.notibras.com\/site\/53a-edicao-reune-mais-de-30-mil-pessoas-consagra-campeoes-e-celebra-inclusao\/#primaryimage\"},\"image\":{\"@id\":\"https:\/\/www.notibras.com\/site\/53a-edicao-reune-mais-de-30-mil-pessoas-consagra-campeoes-e-celebra-inclusao\/#primaryimage\"},\"thumbnailUrl\":\"https:\/\/www.notibras.com\/site\/wp-content\/uploads\/2026\/02\/ERS_4985-scaled.jpg\",\"datePublished\":\"2026-02-02T04:00:16+00:00\",\"breadcrumb\":{\"@id\":\"https:\/\/www.notibras.com\/site\/53a-edicao-reune-mais-de-30-mil-pessoas-consagra-campeoes-e-celebra-inclusao\/#breadcrumb\"},\"inLanguage\":\"pt-BR\",\"potentialAction\":[{\"@type\":\"ReadAction\",\"target\":[\"https:\/\/www.notibras.com\/site\/53a-edicao-reune-mais-de-30-mil-pessoas-consagra-campeoes-e-celebra-inclusao\/\"]}]},{\"@type\":\"ImageObject\",\"inLanguage\":\"pt-BR\",\"@id\":\"https:\/\/www.notibras.com\/site\/53a-edicao-reune-mais-de-30-mil-pessoas-consagra-campeoes-e-celebra-inclusao\/#primaryimage\",\"url\":\"https:\/\/www.notibras.com\/site\/wp-content\/uploads\/2026\/02\/ERS_4985-scaled.jpg\",\"contentUrl\":\"https:\/\/www.notibras.com\/site\/wp-content\/uploads\/2026\/02\/ERS_4985-scaled.jpg\",\"width\":2560,\"height\":1707},{\"@type\":\"BreadcrumbList\",\"@id\":\"https:\/\/www.notibras.com\/site\/53a-edicao-reune-mais-de-30-mil-pessoas-consagra-campeoes-e-celebra-inclusao\/#breadcrumb\",\"itemListElement\":[{\"@type\":\"ListItem\",\"position\":1,\"name\":\"In\u00edcio\",\"item\":\"https:\/\/www.notibras.com\/site\/\"},{\"@type\":\"ListItem\",\"position\":2,\"name\":\"53\u00aa edi\u00e7\u00e3o re\u00fane mais de 30 mil pessoas, consagra campe\u00f5es e celebra inclus\u00e3o\"}]},{\"@type\":\"WebSite\",\"@id\":\"https:\/\/www.notibras.com\/site\/#website\",\"url\":\"https:\/\/www.notibras.com\/site\/\",\"name\":\"Notibras\",\"description\":\"Not\u00edcias de Bras\u00edlia, do Brasil e do Mundo\",\"publisher\":{\"@id\":\"https:\/\/www.notibras.com\/site\/#organization\"},\"potentialAction\":[{\"@type\":\"SearchAction\",\"target\":{\"@type\":\"EntryPoint\",\"urlTemplate\":\"https:\/\/www.notibras.com\/site\/?s={search_term_string}\"},\"query-input\":{\"@type\":\"PropertyValueSpecification\",\"valueRequired\":true,\"valueName\":\"search_term_string\"}}],\"inLanguage\":\"pt-BR\"},{\"@type\":\"Organization\",\"@id\":\"https:\/\/www.notibras.com\/site\/#organization\",\"name\":\"Grupo Notibras de Comunica\u00e7\u00e3o\",\"url\":\"https:\/\/www.notibras.com\/site\/\",\"logo\":{\"@type\":\"ImageObject\",\"inLanguage\":\"pt-BR\",\"@id\":\"https:\/\/www.notibras.com\/site\/#\/schema\/logo\/image\/\",\"url\":\"https:\/\/www.notibras.com\/site\/wp-content\/uploads\/2023\/01\/notibras23.png\",\"contentUrl\":\"https:\/\/www.notibras.com\/site\/wp-content\/uploads\/2023\/01\/notibras23.png\",\"width\":350,\"height\":87,\"caption\":\"Grupo Notibras de Comunica\u00e7\u00e3o\"},\"image\":{\"@id\":\"https:\/\/www.notibras.com\/site\/#\/schema\/logo\/image\/\"},\"sameAs\":[\"https:\/\/www.facebook.com\/notibras\/\",\"https:\/\/x.com\/Notibras\",\"https:\/\/www.instagram.com\/notibras\/\"]},{\"@type\":\"Person\",\"@id\":\"https:\/\/www.notibras.com\/site\/#\/schema\/person\/5b7fabf2aedc3ada2105f03b22b4d3dd\",\"name\":\"Eduardo Mart\u00ednez\",\"image\":{\"@type\":\"ImageObject\",\"inLanguage\":\"pt-BR\",\"@id\":\"https:\/\/secure.gravatar.com\/avatar\/7902f906289926289cbcda644b5197c796b893c6ffd7b9a536a42d290f7704a0?s=96&d=mm&r=g\",\"url\":\"https:\/\/secure.gravatar.com\/avatar\/7902f906289926289cbcda644b5197c796b893c6ffd7b9a536a42d290f7704a0?s=96&d=mm&r=g\",\"contentUrl\":\"https:\/\/secure.gravatar.com\/avatar\/7902f906289926289cbcda644b5197c796b893c6ffd7b9a536a42d290f7704a0?s=96&d=mm&r=g\",\"caption\":\"Eduardo Mart\u00ednez\"}}]}<\/script>\n<!-- \/ Yoast SEO plugin. -->","yoast_head_json":{"title":"53\u00aa edi\u00e7\u00e3o re\u00fane mais de 30 mil pessoas, consagra campe\u00f5es e celebra inclus\u00e3o - Notibras","robots":{"index":"index","follow":"follow","max-snippet":"max-snippet:-1","max-image-preview":"max-image-preview:large","max-video-preview":"max-video-preview:-1"},"canonical":"https:\/\/www.notibras.com\/site\/53a-edicao-reune-mais-de-30-mil-pessoas-consagra-campeoes-e-celebra-inclusao\/","og_locale":"pt_BR","og_type":"article","og_title":"53\u00aa edi\u00e7\u00e3o re\u00fane mais de 30 mil pessoas, consagra campe\u00f5es e celebra inclus\u00e3o - Notibras","og_description":"A 53\u00aa Corrida de Reis movimentou Bras\u00edlia nesse s\u00e1bado (31) e transformou a capital federal em um grande palco de celebra\u00e7\u00e3o do esporte. Ao longo do percurso, cerca de 30 mil pessoas participaram direta ou indiretamente do evento, entre corredores e p\u00fablico, consolidando a prova como uma das maiores corridas de rua do pa\u00eds. Nesta [&hellip;]","og_url":"https:\/\/www.notibras.com\/site\/53a-edicao-reune-mais-de-30-mil-pessoas-consagra-campeoes-e-celebra-inclusao\/","og_site_name":"Notibras","article_publisher":"https:\/\/www.facebook.com\/notibras\/","article_published_time":"2026-02-02T04:00:16+00:00","og_image":[{"width":2560,"height":1707,"url":"https:\/\/www.notibras.com\/site\/wp-content\/uploads\/2026\/02\/ERS_4985-scaled.jpg","type":"image\/jpeg"}],"author":"Eduardo Mart\u00ednez","twitter_card":"summary_large_image","twitter_creator":"@Notibras","twitter_site":"@Notibras","twitter_misc":{"Escrito por":"Eduardo Mart\u00ednez","Est. tempo de leitura":"3 minutos"},"schema":{"@context":"https:\/\/schema.org","@graph":[{"@type":"Article","@id":"https:\/\/www.notibras.com\/site\/53a-edicao-reune-mais-de-30-mil-pessoas-consagra-campeoes-e-celebra-inclusao\/#article","isPartOf":{"@id":"https:\/\/www.notibras.com\/site\/53a-edicao-reune-mais-de-30-mil-pessoas-consagra-campeoes-e-celebra-inclusao\/"},"author":{"name":"Eduardo Mart\u00ednez","@id":"https:\/\/www.notibras.com\/site\/#\/schema\/person\/5b7fabf2aedc3ada2105f03b22b4d3dd"},"headline":"53\u00aa edi\u00e7\u00e3o re\u00fane mais de 30 mil pessoas, consagra campe\u00f5es e celebra inclus\u00e3o","datePublished":"2026-02-02T04:00:16+00:00","mainEntityOfPage":{"@id":"https:\/\/www.notibras.com\/site\/53a-edicao-reune-mais-de-30-mil-pessoas-consagra-campeoes-e-celebra-inclusao\/"},"wordCount":451,"publisher":{"@id":"https:\/\/www.notibras.com\/site\/#organization"},"image":{"@id":"https:\/\/www.notibras.com\/site\/53a-edicao-reune-mais-de-30-mil-pessoas-consagra-campeoes-e-celebra-inclusao\/#primaryimage"},"thumbnailUrl":"https:\/\/www.notibras.com\/site\/wp-content\/uploads\/2026\/02\/ERS_4985-scaled.jpg","articleSection":["Quadradinho em Foco"],"inLanguage":"pt-BR"},{"@type":"WebPage","@id":"https:\/\/www.notibras.com\/site\/53a-edicao-reune-mais-de-30-mil-pessoas-consagra-campeoes-e-celebra-inclusao\/","url":"https:\/\/www.notibras.com\/site\/53a-edicao-reune-mais-de-30-mil-pessoas-consagra-campeoes-e-celebra-inclusao\/","name":"53\u00aa edi\u00e7\u00e3o re\u00fane mais de 30 mil pessoas, consagra campe\u00f5es e celebra inclus\u00e3o - Notibras","isPartOf":{"@id":"https:\/\/www.notibras.com\/site\/#website"},"primaryImageOfPage":{"@id":"https:\/\/www.notibras.com\/site\/53a-edicao-reune-mais-de-30-mil-pessoas-consagra-campeoes-e-celebra-inclusao\/#primaryimage"},"image":{"@id":"https:\/\/www.notibras.com\/site\/53a-edicao-reune-mais-de-30-mil-pessoas-consagra-campeoes-e-celebra-inclusao\/#primaryimage"},"thumbnailUrl":"https:\/\/www.notibras.com\/site\/wp-content\/uploads\/2026\/02\/ERS_4985-scaled.jpg","datePublished":"2026-02-02T04:00:16+00:00","breadcrumb":{"@id":"https:\/\/www.notibras.com\/site\/53a-edicao-reune-mais-de-30-mil-pessoas-consagra-campeoes-e-celebra-inclusao\/#breadcrumb"},"inLanguage":"pt-BR","potentialAction":[{"@type":"ReadAction","target":["https:\/\/www.notibras.com\/site\/53a-edicao-reune-mais-de-30-mil-pessoas-consagra-campeoes-e-celebra-inclusao\/"]}]},{"@type":"ImageObject","inLanguage":"pt-BR","@id":"https:\/\/www.notibras.com\/site\/53a-edicao-reune-mais-de-30-mil-pessoas-consagra-campeoes-e-celebra-inclusao\/#primaryimage","url":"https:\/\/www.notibras.com\/site\/wp-content\/uploads\/2026\/02\/ERS_4985-scaled.jpg","contentUrl":"https:\/\/www.notibras.com\/site\/wp-content\/uploads\/2026\/02\/ERS_4985-scaled.jpg","width":2560,"height":1707},{"@type":"BreadcrumbList","@id":"https:\/\/www.notibras.com\/site\/53a-edicao-reune-mais-de-30-mil-pessoas-consagra-campeoes-e-celebra-inclusao\/#breadcrumb","itemListElement":[{"@type":"ListItem","position":1,"name":"In\u00edcio","item":"https:\/\/www.notibras.com\/site\/"},{"@type":"ListItem","position":2,"name":"53\u00aa edi\u00e7\u00e3o re\u00fane mais de 30 mil pessoas, consagra campe\u00f5es e celebra inclus\u00e3o"}]},{"@type":"WebSite","@id":"https:\/\/www.notibras.com\/site\/#website","url":"https:\/\/www.notibras.com\/site\/","name":"Notibras","description":"Not\u00edcias de Bras\u00edlia, do Brasil e do Mundo","publisher":{"@id":"https:\/\/www.notibras.com\/site\/#organization"},"potentialAction":[{"@type":"SearchAction","target":{"@type":"EntryPoint","urlTemplate":"https:\/\/www.notibras.com\/site\/?s={search_term_string}"},"query-input":{"@type":"PropertyValueSpecification","valueRequired":true,"valueName":"search_term_string"}}],"inLanguage":"pt-BR"},{"@type":"Organization","@id":"https:\/\/www.notibras.com\/site\/#organization","name":"Grupo Notibras de Comunica\u00e7\u00e3o","url":"https:\/\/www.notibras.com\/site\/","logo":{"@type":"ImageObject","inLanguage":"pt-BR","@id":"https:\/\/www.notibras.com\/site\/#\/schema\/logo\/image\/","url":"https:\/\/www.notibras.com\/site\/wp-content\/uploads\/2023\/01\/notibras23.png","contentUrl":"https:\/\/www.notibras.com\/site\/wp-content\/uploads\/2023\/01\/notibras23.png","width":350,"height":87,"caption":"Grupo Notibras de Comunica\u00e7\u00e3o"},"image":{"@id":"https:\/\/www.notibras.com\/site\/#\/schema\/logo\/image\/"},"sameAs":["https:\/\/www.facebook.com\/notibras\/","https:\/\/x.com\/Notibras","https:\/\/www.instagram.com\/notibras\/"]},{"@type":"Person","@id":"https:\/\/www.notibras.com\/site\/#\/schema\/person\/5b7fabf2aedc3ada2105f03b22b4d3dd","name":"Eduardo Mart\u00ednez","image":{"@type":"ImageObject","inLanguage":"pt-BR","@id":"https:\/\/secure.gravatar.com\/avatar\/7902f906289926289cbcda644b5197c796b893c6ffd7b9a536a42d290f7704a0?s=96&d=mm&r=g","url":"https:\/\/secure.gravatar.com\/avatar\/7902f906289926289cbcda644b5197c796b893c6ffd7b9a536a42d290f7704a0?s=96&d=mm&r=g","contentUrl":"https:\/\/secure.gravatar.com\/avatar\/7902f906289926289cbcda644b5197c796b893c6ffd7b9a536a42d290f7704a0?s=96&d=mm&r=g","caption":"Eduardo Mart\u00ednez"}}]}},"amp_enabled":true,"_links":{"self":[{"href":"https:\/\/www.notibras.com\/site\/wp-json\/wp\/v2\/posts\/381518","targetHints":{"allow":["GET"]}}],"collection":[{"href":"https:\/\/www.notibras.com\/site\/wp-json\/wp\/v2\/posts"}],"about":[{"href":"https:\/\/www.notibras.com\/site\/wp-json\/wp\/v2\/types\/post"}],"author":[{"embeddable":true,"href":"https:\/\/www.notibras.com\/site\/wp-json\/wp\/v2\/users\/21"}],"replies":[{"embeddable":true,"href":"https:\/\/www.notibras.com\/site\/wp-json\/wp\/v2\/comments?post=381518"}],"version-history":[{"count":2,"href":"https:\/\/www.notibras.com\/site\/wp-json\/wp\/v2\/posts\/381518\/revisions"}],"predecessor-version":[{"id":381521,"href":"https:\/\/www.notibras.com\/site\/wp-json\/wp\/v2\/posts\/381518\/revisions\/381521"}],"wp:featuredmedia":[{"embeddable":true,"href":"https:\/\/www.notibras.com\/site\/wp-json\/wp\/v2\/media\/381519"}],"wp:attachment":[{"href":"https:\/\/www.notibras.com\/site\/wp-json\/wp\/v2\/media?parent=381518"}],"wp:term":[{"taxonomy":"category","embeddable":true,"href":"https:\/\/www.notibras.com\/site\/wp-json\/wp\/v2\/categories?post=381518"},{"taxonomy":"post_tag","embeddable":true,"href":"https:\/\/www.notibras.com\/site\/wp-json\/wp\/v2\/tags?post=381518"}],"curies":[{"name":"wp","href":"https:\/\/api.w.org\/{rel}","templated":true}]}}