{"id":381618,"date":"2026-02-02T00:00:11","date_gmt":"2026-02-02T03:00:11","guid":{"rendered":"https:\/\/www.notibras.com\/site\/?p=381618"},"modified":"2026-02-02T07:49:33","modified_gmt":"2026-02-02T10:49:33","slug":"anp-interdita-totalmente-a-refit-por-riscos-de-acidentes","status":"publish","type":"post","link":"https:\/\/www.notibras.com\/site\/anp-interdita-totalmente-a-refit-por-riscos-de-acidentes\/","title":{"rendered":"ANP interdita totalmente a Refit por riscos de acidentes"},"content":{"rendered":"<p>A Ag\u00eancia Nacional do Petr\u00f3leo, G\u00e1s Natural e Biocombust\u00edveis (ANP) determinou a interdi\u00e7\u00e3o total da Refit, antiga Refinaria de Manguinhos, na zona norte do Rio de Janeiro. Em nota, a ANP informou que \u201ca interdi\u00e7\u00e3o das instala\u00e7\u00f5es, fruto de nova a\u00e7\u00e3o de fiscaliza\u00e7\u00e3o, foi feita com o objetivo de resguardar a vida humana e o meio ambiente, tendo em vista a verifica\u00e7\u00e3o de situa\u00e7\u00e3o de risco grave e iminente, podendo gerar acidentes devido a falhas envolvendo seguran\u00e7a de processo\u201d.<\/p>\n<p>A ANP esclareceu ainda que a a\u00e7\u00e3o de fiscaliza\u00e7\u00e3o, iniciada no dia 14 de janeiro \u00faltimo, culminou na decis\u00e3o de interdi\u00e7\u00e3o cautelar total das instala\u00e7\u00f5es e tem por objeto a seguran\u00e7a operacional. Acrescentou que o trabalho \u201cest\u00e1 sendo conduzido pelas \u00e1reas t\u00e9cnicas especializadas da ag\u00eancia, no exerc\u00edcio regular de suas compet\u00eancias legais e em estrita conformidade com o devido processo legal\u201d.<\/p>\n<p>A ag\u00eancia reguladora disse que, \u201cno caso da Refinaria de Manguinhos, foram identificadas falhas substanciais em diversas barreiras de seguran\u00e7a, incluindo: sistema de combate a inc\u00eandio, aus\u00eancia de estudos de an\u00e1lise de riscos, defici\u00eancias no gerenciamento de emerg\u00eancias, sistema de detec\u00e7\u00e3o de g\u00e1s, sistema de detec\u00e7\u00e3o de fogo e outros elementos cr\u00edticos de seguran\u00e7a operacional. Essas defici\u00eancias colocam em risco o meio ambiente e a popula\u00e7\u00e3o do entorno\u201d.<\/p>\n<p>A nota esclarece que os procedimentos de fiscaliza\u00e7\u00e3o, relativos \u00e0 Refit v\u00eam sendo conduzidos por servidores p\u00fablicos de carreira da ANP, profissionais concursados, com forma\u00e7\u00e3o t\u00e9cnica especializada e ampla experi\u00eancia, que atuam com autonomia, imparcialidade e independ\u00eancia funcional, sem qualquer interfer\u00eancia pol\u00edtica ou econ\u00f4mica.<\/p>\n<p>\u201cA diretoria colegiada da ANP n\u00e3o participou da fiscaliza\u00e7\u00e3o em campo nem das decis\u00f5es que culminaram na interdi\u00e7\u00e3o cautelar, que foram realizadas pelos fiscais e superintendentes da ag\u00eancia. A diretoria seria respons\u00e1vel apenas por reavaliar as decis\u00f5es tomadas pelos t\u00e9cnicos em eventual recurso administrativo\u201d.<\/p>\n<p>A ANP \u00e9 uma autarquia federal especial, legalmente dotada de autonomia administrativa, financeira e decis\u00f3ria, justamente para garantir a independ\u00eancia de sua atua\u00e7\u00e3o regulat\u00f3ria, o respeito ao devido processo legal e o dever de zelar pela seguran\u00e7a operacional e pela prote\u00e7\u00e3o ao meio ambiente.<\/p>\n<p>A interdi\u00e7\u00e3o aplicada decorre do exerc\u00edcio regular do poder de pol\u00edcia administrativa da ag\u00eancia e tem como \u00fanico objetivo prevenir riscos e assegurar o cumprimento das normas de seguran\u00e7a, sendo medida prevista na legisla\u00e7\u00e3o setorial sempre que constatadas n\u00e3o conformidades relevantes.<\/p>\n<p>A ANP reitera seu compromisso com o cumprimento integral das decis\u00f5es judiciais &#8211; sem preju\u00edzo do direito de question\u00e1-las pelos meios cab\u00edveis &#8211; , e com o exerc\u00edcio respons\u00e1vel de suas atribui\u00e7\u00f5es regulat\u00f3rias, sempre em observ\u00e2ncia aos princ\u00edpios da legalidade e da seguran\u00e7a jur\u00eddica.<\/p>\n<p><strong>Esclarecimento<\/strong><br \/>\nA ag\u00eancia esclarece tamb\u00e9m que n\u00e3o procede a alega\u00e7\u00e3o de que teria desrespeitado decis\u00f5es judiciais.<\/p>\n<p>A decis\u00e3o liminar, proferida pelo desembargador federal Newton Pereira Ramos Neto, determinou exclusivamente a suspens\u00e3o de uma delibera\u00e7\u00e3o da diretoria colegiada, realizada em 18 de dezembro \u00faltimo.<\/p>\n<p>A Refit vai recorrer da decis\u00e3o.<\/p>\n","protected":false},"excerpt":{"rendered":"<p>A Ag\u00eancia Nacional do Petr\u00f3leo, G\u00e1s Natural e Biocombust\u00edveis (ANP) determinou a interdi\u00e7\u00e3o total da Refit, antiga Refinaria de Manguinhos, na zona norte do Rio de Janeiro. Em nota, a ANP informou que \u201ca interdi\u00e7\u00e3o das instala\u00e7\u00f5es, fruto de nova a\u00e7\u00e3o de fiscaliza\u00e7\u00e3o, foi feita com o objetivo de resguardar a vida humana e o [&hellip;]<\/p>\n","protected":false},"author":2,"featured_media":381619,"comment_status":"closed","ping_status":"closed","sticky":false,"template":"","format":"standard","meta":{"_acf_changed":false,"footnotes":""},"categories":[16],"tags":[],"class_list":["post-381618","post","type-post","status-publish","format-standard","has-post-thumbnail","hentry","category-brasil"],"acf":[],"yoast_head":"<!-- This site is optimized with the Yoast SEO plugin v27.2 - https:\/\/yoast.com\/product\/yoast-seo-wordpress\/ -->\n<title>ANP interdita totalmente a Refit por riscos de acidentes - Notibras<\/title>\n<meta name=\"robots\" content=\"index, follow, max-snippet:-1, max-image-preview:large, max-video-preview:-1\" \/>\n<link rel=\"canonical\" href=\"https:\/\/www.notibras.com\/site\/anp-interdita-totalmente-a-refit-por-riscos-de-acidentes\/\" \/>\n<meta property=\"og:locale\" content=\"pt_BR\" \/>\n<meta property=\"og:type\" content=\"article\" \/>\n<meta property=\"og:title\" content=\"ANP interdita totalmente a Refit por riscos de acidentes - Notibras\" \/>\n<meta property=\"og:description\" content=\"A Ag\u00eancia Nacional do Petr\u00f3leo, G\u00e1s Natural e Biocombust\u00edveis (ANP) determinou a interdi\u00e7\u00e3o total da Refit, antiga Refinaria de Manguinhos, na zona norte do Rio de Janeiro. Em nota, a ANP informou que \u201ca interdi\u00e7\u00e3o das instala\u00e7\u00f5es, fruto de nova a\u00e7\u00e3o de fiscaliza\u00e7\u00e3o, foi feita com o objetivo de resguardar a vida humana e o [&hellip;]\" \/>\n<meta property=\"og:url\" content=\"https:\/\/www.notibras.com\/site\/anp-interdita-totalmente-a-refit-por-riscos-de-acidentes\/\" \/>\n<meta property=\"og:site_name\" content=\"Notibras\" \/>\n<meta property=\"article:publisher\" content=\"https:\/\/www.facebook.com\/notibras\/\" \/>\n<meta property=\"article:published_time\" content=\"2026-02-02T03:00:11+00:00\" \/>\n<meta property=\"article:modified_time\" content=\"2026-02-02T10:49:33+00:00\" \/>\n<meta property=\"og:image\" content=\"https:\/\/www.notibras.com\/site\/wp-content\/uploads\/2026\/02\/tmazs_abr_1712189036.webp\" \/>\n\t<meta property=\"og:image:width\" content=\"770\" \/>\n\t<meta property=\"og:image:height\" content=\"513\" \/>\n\t<meta property=\"og:image:type\" content=\"image\/webp\" \/>\n<meta name=\"author\" content=\"Reda\u00e7\u00e3o\" \/>\n<meta name=\"twitter:card\" content=\"summary_large_image\" \/>\n<meta name=\"twitter:creator\" content=\"@Notibras\" \/>\n<meta name=\"twitter:site\" content=\"@Notibras\" \/>\n<meta name=\"twitter:label1\" content=\"Escrito por\" \/>\n\t<meta name=\"twitter:data1\" content=\"Reda\u00e7\u00e3o\" \/>\n\t<meta name=\"twitter:label2\" content=\"Est. tempo de leitura\" \/>\n\t<meta name=\"twitter:data2\" content=\"3 minutos\" \/>\n<script type=\"application\/ld+json\" class=\"yoast-schema-graph\">{\"@context\":\"https:\/\/schema.org\",\"@graph\":[{\"@type\":\"Article\",\"@id\":\"https:\/\/www.notibras.com\/site\/anp-interdita-totalmente-a-refit-por-riscos-de-acidentes\/#article\",\"isPartOf\":{\"@id\":\"https:\/\/www.notibras.com\/site\/anp-interdita-totalmente-a-refit-por-riscos-de-acidentes\/\"},\"author\":{\"name\":\"Reda\u00e7\u00e3o\",\"@id\":\"https:\/\/www.notibras.com\/site\/#\/schema\/person\/36ab0979449956132d3e5b517ea76ac8\"},\"headline\":\"ANP interdita totalmente a Refit por riscos de acidentes\",\"datePublished\":\"2026-02-02T03:00:11+00:00\",\"dateModified\":\"2026-02-02T10:49:33+00:00\",\"mainEntityOfPage\":{\"@id\":\"https:\/\/www.notibras.com\/site\/anp-interdita-totalmente-a-refit-por-riscos-de-acidentes\/\"},\"wordCount\":566,\"publisher\":{\"@id\":\"https:\/\/www.notibras.com\/site\/#organization\"},\"image\":{\"@id\":\"https:\/\/www.notibras.com\/site\/anp-interdita-totalmente-a-refit-por-riscos-de-acidentes\/#primaryimage\"},\"thumbnailUrl\":\"https:\/\/www.notibras.com\/site\/wp-content\/uploads\/2026\/02\/tmazs_abr_1712189036.webp\",\"articleSection\":[\"Brasil\"],\"inLanguage\":\"pt-BR\"},{\"@type\":\"WebPage\",\"@id\":\"https:\/\/www.notibras.com\/site\/anp-interdita-totalmente-a-refit-por-riscos-de-acidentes\/\",\"url\":\"https:\/\/www.notibras.com\/site\/anp-interdita-totalmente-a-refit-por-riscos-de-acidentes\/\",\"name\":\"ANP interdita totalmente a Refit por riscos de acidentes - Notibras\",\"isPartOf\":{\"@id\":\"https:\/\/www.notibras.com\/site\/#website\"},\"primaryImageOfPage\":{\"@id\":\"https:\/\/www.notibras.com\/site\/anp-interdita-totalmente-a-refit-por-riscos-de-acidentes\/#primaryimage\"},\"image\":{\"@id\":\"https:\/\/www.notibras.com\/site\/anp-interdita-totalmente-a-refit-por-riscos-de-acidentes\/#primaryimage\"},\"thumbnailUrl\":\"https:\/\/www.notibras.com\/site\/wp-content\/uploads\/2026\/02\/tmazs_abr_1712189036.webp\",\"datePublished\":\"2026-02-02T03:00:11+00:00\",\"dateModified\":\"2026-02-02T10:49:33+00:00\",\"breadcrumb\":{\"@id\":\"https:\/\/www.notibras.com\/site\/anp-interdita-totalmente-a-refit-por-riscos-de-acidentes\/#breadcrumb\"},\"inLanguage\":\"pt-BR\",\"potentialAction\":[{\"@type\":\"ReadAction\",\"target\":[\"https:\/\/www.notibras.com\/site\/anp-interdita-totalmente-a-refit-por-riscos-de-acidentes\/\"]}]},{\"@type\":\"ImageObject\",\"inLanguage\":\"pt-BR\",\"@id\":\"https:\/\/www.notibras.com\/site\/anp-interdita-totalmente-a-refit-por-riscos-de-acidentes\/#primaryimage\",\"url\":\"https:\/\/www.notibras.com\/site\/wp-content\/uploads\/2026\/02\/tmazs_abr_1712189036.webp\",\"contentUrl\":\"https:\/\/www.notibras.com\/site\/wp-content\/uploads\/2026\/02\/tmazs_abr_1712189036.webp\",\"width\":770,\"height\":513},{\"@type\":\"BreadcrumbList\",\"@id\":\"https:\/\/www.notibras.com\/site\/anp-interdita-totalmente-a-refit-por-riscos-de-acidentes\/#breadcrumb\",\"itemListElement\":[{\"@type\":\"ListItem\",\"position\":1,\"name\":\"In\u00edcio\",\"item\":\"https:\/\/www.notibras.com\/site\/\"},{\"@type\":\"ListItem\",\"position\":2,\"name\":\"ANP interdita totalmente a Refit por riscos de acidentes\"}]},{\"@type\":\"WebSite\",\"@id\":\"https:\/\/www.notibras.com\/site\/#website\",\"url\":\"https:\/\/www.notibras.com\/site\/\",\"name\":\"Notibras\",\"description\":\"Not\u00edcias de Bras\u00edlia, do Brasil e do Mundo\",\"publisher\":{\"@id\":\"https:\/\/www.notibras.com\/site\/#organization\"},\"potentialAction\":[{\"@type\":\"SearchAction\",\"target\":{\"@type\":\"EntryPoint\",\"urlTemplate\":\"https:\/\/www.notibras.com\/site\/?s={search_term_string}\"},\"query-input\":{\"@type\":\"PropertyValueSpecification\",\"valueRequired\":true,\"valueName\":\"search_term_string\"}}],\"inLanguage\":\"pt-BR\"},{\"@type\":\"Organization\",\"@id\":\"https:\/\/www.notibras.com\/site\/#organization\",\"name\":\"Grupo Notibras de Comunica\u00e7\u00e3o\",\"url\":\"https:\/\/www.notibras.com\/site\/\",\"logo\":{\"@type\":\"ImageObject\",\"inLanguage\":\"pt-BR\",\"@id\":\"https:\/\/www.notibras.com\/site\/#\/schema\/logo\/image\/\",\"url\":\"https:\/\/www.notibras.com\/site\/wp-content\/uploads\/2023\/01\/notibras23.png\",\"contentUrl\":\"https:\/\/www.notibras.com\/site\/wp-content\/uploads\/2023\/01\/notibras23.png\",\"width\":350,\"height\":87,\"caption\":\"Grupo Notibras de Comunica\u00e7\u00e3o\"},\"image\":{\"@id\":\"https:\/\/www.notibras.com\/site\/#\/schema\/logo\/image\/\"},\"sameAs\":[\"https:\/\/www.facebook.com\/notibras\/\",\"https:\/\/x.com\/Notibras\",\"https:\/\/www.instagram.com\/notibras\/\"]},{\"@type\":\"Person\",\"@id\":\"https:\/\/www.notibras.com\/site\/#\/schema\/person\/36ab0979449956132d3e5b517ea76ac8\",\"name\":\"Reda\u00e7\u00e3o\",\"image\":{\"@type\":\"ImageObject\",\"inLanguage\":\"pt-BR\",\"@id\":\"https:\/\/secure.gravatar.com\/avatar\/e0a867bdedb85fd243eadf09663511f96fc81e0720a4a42581f334ad4303aa6b?s=96&d=mm&r=g\",\"url\":\"https:\/\/secure.gravatar.com\/avatar\/e0a867bdedb85fd243eadf09663511f96fc81e0720a4a42581f334ad4303aa6b?s=96&d=mm&r=g\",\"contentUrl\":\"https:\/\/secure.gravatar.com\/avatar\/e0a867bdedb85fd243eadf09663511f96fc81e0720a4a42581f334ad4303aa6b?s=96&d=mm&r=g\",\"caption\":\"Reda\u00e7\u00e3o\"}}]}<\/script>\n<!-- \/ Yoast SEO plugin. -->","yoast_head_json":{"title":"ANP interdita totalmente a Refit por riscos de acidentes - Notibras","robots":{"index":"index","follow":"follow","max-snippet":"max-snippet:-1","max-image-preview":"max-image-preview:large","max-video-preview":"max-video-preview:-1"},"canonical":"https:\/\/www.notibras.com\/site\/anp-interdita-totalmente-a-refit-por-riscos-de-acidentes\/","og_locale":"pt_BR","og_type":"article","og_title":"ANP interdita totalmente a Refit por riscos de acidentes - Notibras","og_description":"A Ag\u00eancia Nacional do Petr\u00f3leo, G\u00e1s Natural e Biocombust\u00edveis (ANP) determinou a interdi\u00e7\u00e3o total da Refit, antiga Refinaria de Manguinhos, na zona norte do Rio de Janeiro. Em nota, a ANP informou que \u201ca interdi\u00e7\u00e3o das instala\u00e7\u00f5es, fruto de nova a\u00e7\u00e3o de fiscaliza\u00e7\u00e3o, foi feita com o objetivo de resguardar a vida humana e o [&hellip;]","og_url":"https:\/\/www.notibras.com\/site\/anp-interdita-totalmente-a-refit-por-riscos-de-acidentes\/","og_site_name":"Notibras","article_publisher":"https:\/\/www.facebook.com\/notibras\/","article_published_time":"2026-02-02T03:00:11+00:00","article_modified_time":"2026-02-02T10:49:33+00:00","og_image":[{"width":770,"height":513,"url":"https:\/\/www.notibras.com\/site\/wp-content\/uploads\/2026\/02\/tmazs_abr_1712189036.webp","type":"image\/webp"}],"author":"Reda\u00e7\u00e3o","twitter_card":"summary_large_image","twitter_creator":"@Notibras","twitter_site":"@Notibras","twitter_misc":{"Escrito por":"Reda\u00e7\u00e3o","Est. tempo de leitura":"3 minutos"},"schema":{"@context":"https:\/\/schema.org","@graph":[{"@type":"Article","@id":"https:\/\/www.notibras.com\/site\/anp-interdita-totalmente-a-refit-por-riscos-de-acidentes\/#article","isPartOf":{"@id":"https:\/\/www.notibras.com\/site\/anp-interdita-totalmente-a-refit-por-riscos-de-acidentes\/"},"author":{"name":"Reda\u00e7\u00e3o","@id":"https:\/\/www.notibras.com\/site\/#\/schema\/person\/36ab0979449956132d3e5b517ea76ac8"},"headline":"ANP interdita totalmente a Refit por riscos de acidentes","datePublished":"2026-02-02T03:00:11+00:00","dateModified":"2026-02-02T10:49:33+00:00","mainEntityOfPage":{"@id":"https:\/\/www.notibras.com\/site\/anp-interdita-totalmente-a-refit-por-riscos-de-acidentes\/"},"wordCount":566,"publisher":{"@id":"https:\/\/www.notibras.com\/site\/#organization"},"image":{"@id":"https:\/\/www.notibras.com\/site\/anp-interdita-totalmente-a-refit-por-riscos-de-acidentes\/#primaryimage"},"thumbnailUrl":"https:\/\/www.notibras.com\/site\/wp-content\/uploads\/2026\/02\/tmazs_abr_1712189036.webp","articleSection":["Brasil"],"inLanguage":"pt-BR"},{"@type":"WebPage","@id":"https:\/\/www.notibras.com\/site\/anp-interdita-totalmente-a-refit-por-riscos-de-acidentes\/","url":"https:\/\/www.notibras.com\/site\/anp-interdita-totalmente-a-refit-por-riscos-de-acidentes\/","name":"ANP interdita totalmente a Refit por riscos de acidentes - Notibras","isPartOf":{"@id":"https:\/\/www.notibras.com\/site\/#website"},"primaryImageOfPage":{"@id":"https:\/\/www.notibras.com\/site\/anp-interdita-totalmente-a-refit-por-riscos-de-acidentes\/#primaryimage"},"image":{"@id":"https:\/\/www.notibras.com\/site\/anp-interdita-totalmente-a-refit-por-riscos-de-acidentes\/#primaryimage"},"thumbnailUrl":"https:\/\/www.notibras.com\/site\/wp-content\/uploads\/2026\/02\/tmazs_abr_1712189036.webp","datePublished":"2026-02-02T03:00:11+00:00","dateModified":"2026-02-02T10:49:33+00:00","breadcrumb":{"@id":"https:\/\/www.notibras.com\/site\/anp-interdita-totalmente-a-refit-por-riscos-de-acidentes\/#breadcrumb"},"inLanguage":"pt-BR","potentialAction":[{"@type":"ReadAction","target":["https:\/\/www.notibras.com\/site\/anp-interdita-totalmente-a-refit-por-riscos-de-acidentes\/"]}]},{"@type":"ImageObject","inLanguage":"pt-BR","@id":"https:\/\/www.notibras.com\/site\/anp-interdita-totalmente-a-refit-por-riscos-de-acidentes\/#primaryimage","url":"https:\/\/www.notibras.com\/site\/wp-content\/uploads\/2026\/02\/tmazs_abr_1712189036.webp","contentUrl":"https:\/\/www.notibras.com\/site\/wp-content\/uploads\/2026\/02\/tmazs_abr_1712189036.webp","width":770,"height":513},{"@type":"BreadcrumbList","@id":"https:\/\/www.notibras.com\/site\/anp-interdita-totalmente-a-refit-por-riscos-de-acidentes\/#breadcrumb","itemListElement":[{"@type":"ListItem","position":1,"name":"In\u00edcio","item":"https:\/\/www.notibras.com\/site\/"},{"@type":"ListItem","position":2,"name":"ANP interdita totalmente a Refit por riscos de acidentes"}]},{"@type":"WebSite","@id":"https:\/\/www.notibras.com\/site\/#website","url":"https:\/\/www.notibras.com\/site\/","name":"Notibras","description":"Not\u00edcias de Bras\u00edlia, do Brasil e do Mundo","publisher":{"@id":"https:\/\/www.notibras.com\/site\/#organization"},"potentialAction":[{"@type":"SearchAction","target":{"@type":"EntryPoint","urlTemplate":"https:\/\/www.notibras.com\/site\/?s={search_term_string}"},"query-input":{"@type":"PropertyValueSpecification","valueRequired":true,"valueName":"search_term_string"}}],"inLanguage":"pt-BR"},{"@type":"Organization","@id":"https:\/\/www.notibras.com\/site\/#organization","name":"Grupo Notibras de Comunica\u00e7\u00e3o","url":"https:\/\/www.notibras.com\/site\/","logo":{"@type":"ImageObject","inLanguage":"pt-BR","@id":"https:\/\/www.notibras.com\/site\/#\/schema\/logo\/image\/","url":"https:\/\/www.notibras.com\/site\/wp-content\/uploads\/2023\/01\/notibras23.png","contentUrl":"https:\/\/www.notibras.com\/site\/wp-content\/uploads\/2023\/01\/notibras23.png","width":350,"height":87,"caption":"Grupo Notibras de Comunica\u00e7\u00e3o"},"image":{"@id":"https:\/\/www.notibras.com\/site\/#\/schema\/logo\/image\/"},"sameAs":["https:\/\/www.facebook.com\/notibras\/","https:\/\/x.com\/Notibras","https:\/\/www.instagram.com\/notibras\/"]},{"@type":"Person","@id":"https:\/\/www.notibras.com\/site\/#\/schema\/person\/36ab0979449956132d3e5b517ea76ac8","name":"Reda\u00e7\u00e3o","image":{"@type":"ImageObject","inLanguage":"pt-BR","@id":"https:\/\/secure.gravatar.com\/avatar\/e0a867bdedb85fd243eadf09663511f96fc81e0720a4a42581f334ad4303aa6b?s=96&d=mm&r=g","url":"https:\/\/secure.gravatar.com\/avatar\/e0a867bdedb85fd243eadf09663511f96fc81e0720a4a42581f334ad4303aa6b?s=96&d=mm&r=g","contentUrl":"https:\/\/secure.gravatar.com\/avatar\/e0a867bdedb85fd243eadf09663511f96fc81e0720a4a42581f334ad4303aa6b?s=96&d=mm&r=g","caption":"Reda\u00e7\u00e3o"}}]}},"amp_enabled":true,"_links":{"self":[{"href":"https:\/\/www.notibras.com\/site\/wp-json\/wp\/v2\/posts\/381618","targetHints":{"allow":["GET"]}}],"collection":[{"href":"https:\/\/www.notibras.com\/site\/wp-json\/wp\/v2\/posts"}],"about":[{"href":"https:\/\/www.notibras.com\/site\/wp-json\/wp\/v2\/types\/post"}],"author":[{"embeddable":true,"href":"https:\/\/www.notibras.com\/site\/wp-json\/wp\/v2\/users\/2"}],"replies":[{"embeddable":true,"href":"https:\/\/www.notibras.com\/site\/wp-json\/wp\/v2\/comments?post=381618"}],"version-history":[{"count":1,"href":"https:\/\/www.notibras.com\/site\/wp-json\/wp\/v2\/posts\/381618\/revisions"}],"predecessor-version":[{"id":381620,"href":"https:\/\/www.notibras.com\/site\/wp-json\/wp\/v2\/posts\/381618\/revisions\/381620"}],"wp:featuredmedia":[{"embeddable":true,"href":"https:\/\/www.notibras.com\/site\/wp-json\/wp\/v2\/media\/381619"}],"wp:attachment":[{"href":"https:\/\/www.notibras.com\/site\/wp-json\/wp\/v2\/media?parent=381618"}],"wp:term":[{"taxonomy":"category","embeddable":true,"href":"https:\/\/www.notibras.com\/site\/wp-json\/wp\/v2\/categories?post=381618"},{"taxonomy":"post_tag","embeddable":true,"href":"https:\/\/www.notibras.com\/site\/wp-json\/wp\/v2\/tags?post=381618"}],"curies":[{"name":"wp","href":"https:\/\/api.w.org\/{rel}","templated":true}]}}