{"id":381664,"date":"2026-02-03T00:30:19","date_gmt":"2026-02-03T03:30:19","guid":{"rendered":"https:\/\/www.notibras.com\/site\/?p=381664"},"modified":"2026-02-02T21:57:03","modified_gmt":"2026-02-03T00:57:03","slug":"programa-melhorias-habitacionais-beneficia-novas-familias","status":"publish","type":"post","link":"https:\/\/www.notibras.com\/site\/programa-melhorias-habitacionais-beneficia-novas-familias\/","title":{"rendered":"Programa Melhorias Habitacionais beneficia novas fam\u00edlias"},"content":{"rendered":"<p>Em apenas dois meses, tudo mudou para duas fam\u00edlias no Sol Nascente. Gra\u00e7as ao programa Melhorias Habitacionais, da Companhia de Desenvolvimento Habitacional (Codhab-DF), o sonho que Khewen Felix, 30 anos, tinha de acordar com casa arejada, confort\u00e1vel, segura e digna agora \u00e9 uma realidade. O im\u00f3vel foi entregue nesta segunda-feira (2).<\/p>\n<p>Cada canto reformado j\u00e1 estava de \u00f3timo grado para ele. A casa antes n\u00e3o tinha reboco, piso, o telhado gotejava, n\u00e3o possu\u00eda a devida ventila\u00e7\u00e3o, al\u00e9m disso, por ser desnivelada, ele sofria muito com \u00e1gua empossada. \u201cEu passava frio e tinha muita ang\u00fastia no calor, a press\u00e3o do meu c\u00e9rebro aumentava porque sou PcD\u201d, lembra.<\/p>\n<p>Agora, ap\u00f3s a reforma, a casa recebeu novas janelas, uma porta de entrada maior, uma cobertura na parte frontal da resid\u00eancia, revestimento de piso, pintura interna e externa e uma lavanderia. Todo esse trabalho contou com o investimento de R$ 48.328,18.<\/p>\n<p>\u201cEu creio que Deus fez isso e n\u00e3o foi por acaso. Sei que tenho defeitos, faltas e falhas, mas Ele fala que no momento certo tudo vai dar certo e chegou esse momento\u201d, contou, com l\u00e1grimas nos olhos. A reforma representou um al\u00edvio na rotina de Khewen, que est\u00e1 \u00e0 espera da primeira filha. Ela nascer\u00e1 em um ambiente completamente acolhedor.<\/p>\n<p>Tamb\u00e9m no Sol Nascente, Agostinho Soares, 63 anos, recebeu o Melhorias Habitacionais. \u201cA minha casa estava muito bagun\u00e7ada, era muito feia realmente e essa melhora ficou 100%. S\u00f3 tenho a agradecer a todos voc\u00eas\u201d, declarou bem satisfeito. \u201cA melhoria n\u00e3o ser\u00e1 somente na minha casa, mas na minha vida tamb\u00e9m, porque muita coisa eu j\u00e1 estou mudando\u201d, concluiu.<\/p>\n<p>A resid\u00eancia dele recebeu novos revestimentos, forro em todos os ambientes, lou\u00e7as sanit\u00e1rias, uma nova instala\u00e7\u00e3o el\u00e9trica, novos pontos de tomadas e ilumina\u00e7\u00e3o, assim como pintura interna e externa com aplica\u00e7\u00e3o de textura acr\u00edlica. Para garantir toda a dignidade necess\u00e1ria para Agostinho, a Codhab investiu R$ 42.505,44.<\/p>\n<p>Cada obra \u00e9 feita por uma empresa contratada, mas os projetos s\u00e3o assinados e acompanhados de perto por equipes da Codhab \u2014 que contam, al\u00e9m de arquitetos e engenheiros, com assistentes sociais para atender aos moradores beneficiados.<\/p>\n<p>\u201cGarantir a dignidade da pessoa humana \u00e9 um favor que n\u00f3s fazemos para cada um desses moradores. Esperamos que tenha uma nova vida em todos os aspectos, porque a mudan\u00e7a e a beleza de uma casa modificam o nosso interior tamb\u00e9m\u201d, declarou o diretor de Assist\u00eancia T\u00e9cnica da Codhab-DF, Mauro Rocha.<\/p>\n<p>Assim como Khewen e Agostinho, outras 228 fam\u00edlias puderam ser beneficiadas com o projeto, desde 2019. De l\u00e1 para c\u00e1, foram investidos mais de R$ 9,5 milh\u00f5es para devolver a dignidade a cada um dos beneficiados, dando a eles um lugar mais aconchegante e seguro para viver.<\/p>\n","protected":false},"excerpt":{"rendered":"<p>Em apenas dois meses, tudo mudou para duas fam\u00edlias no Sol Nascente. Gra\u00e7as ao programa Melhorias Habitacionais, da Companhia de Desenvolvimento Habitacional (Codhab-DF), o sonho que Khewen Felix, 30 anos, tinha de acordar com casa arejada, confort\u00e1vel, segura e digna agora \u00e9 uma realidade. O im\u00f3vel foi entregue nesta segunda-feira (2). Cada canto reformado j\u00e1 [&hellip;]<\/p>\n","protected":false},"author":21,"featured_media":381665,"comment_status":"closed","ping_status":"closed","sticky":false,"template":"","format":"standard","meta":{"_acf_changed":false,"footnotes":""},"categories":[161],"tags":[],"class_list":["post-381664","post","type-post","status-publish","format-standard","has-post-thumbnail","hentry","category-quadradinho-em-foco"],"acf":[],"yoast_head":"<!-- This site is optimized with the Yoast SEO plugin v27.2 - https:\/\/yoast.com\/product\/yoast-seo-wordpress\/ -->\n<title>Programa Melhorias Habitacionais beneficia novas fam\u00edlias - Notibras<\/title>\n<meta name=\"robots\" content=\"index, follow, max-snippet:-1, max-image-preview:large, max-video-preview:-1\" \/>\n<link rel=\"canonical\" href=\"https:\/\/www.notibras.com\/site\/programa-melhorias-habitacionais-beneficia-novas-familias\/\" \/>\n<meta property=\"og:locale\" content=\"pt_BR\" \/>\n<meta property=\"og:type\" content=\"article\" \/>\n<meta property=\"og:title\" content=\"Programa Melhorias Habitacionais beneficia novas fam\u00edlias - Notibras\" \/>\n<meta property=\"og:description\" content=\"Em apenas dois meses, tudo mudou para duas fam\u00edlias no Sol Nascente. Gra\u00e7as ao programa Melhorias Habitacionais, da Companhia de Desenvolvimento Habitacional (Codhab-DF), o sonho que Khewen Felix, 30 anos, tinha de acordar com casa arejada, confort\u00e1vel, segura e digna agora \u00e9 uma realidade. O im\u00f3vel foi entregue nesta segunda-feira (2). Cada canto reformado j\u00e1 [&hellip;]\" \/>\n<meta property=\"og:url\" content=\"https:\/\/www.notibras.com\/site\/programa-melhorias-habitacionais-beneficia-novas-familias\/\" \/>\n<meta property=\"og:site_name\" content=\"Notibras\" \/>\n<meta property=\"article:publisher\" content=\"https:\/\/www.facebook.com\/notibras\/\" \/>\n<meta property=\"article:published_time\" content=\"2026-02-03T03:30:19+00:00\" \/>\n<meta property=\"og:image\" content=\"https:\/\/www.notibras.com\/site\/wp-content\/uploads\/2026\/02\/WhatsApp-Image-2026-02-02-at-18.40.04.jpeg\" \/>\n\t<meta property=\"og:image:width\" content=\"1600\" \/>\n\t<meta property=\"og:image:height\" content=\"898\" \/>\n\t<meta property=\"og:image:type\" content=\"image\/jpeg\" \/>\n<meta name=\"author\" content=\"Eduardo Mart\u00ednez\" \/>\n<meta name=\"twitter:card\" content=\"summary_large_image\" \/>\n<meta name=\"twitter:creator\" content=\"@Notibras\" \/>\n<meta name=\"twitter:site\" content=\"@Notibras\" \/>\n<meta name=\"twitter:label1\" content=\"Escrito por\" \/>\n\t<meta name=\"twitter:data1\" content=\"Eduardo Mart\u00ednez\" \/>\n\t<meta name=\"twitter:label2\" content=\"Est. tempo de leitura\" \/>\n\t<meta name=\"twitter:data2\" content=\"3 minutos\" \/>\n<script type=\"application\/ld+json\" class=\"yoast-schema-graph\">{\"@context\":\"https:\/\/schema.org\",\"@graph\":[{\"@type\":\"Article\",\"@id\":\"https:\/\/www.notibras.com\/site\/programa-melhorias-habitacionais-beneficia-novas-familias\/#article\",\"isPartOf\":{\"@id\":\"https:\/\/www.notibras.com\/site\/programa-melhorias-habitacionais-beneficia-novas-familias\/\"},\"author\":{\"name\":\"Eduardo Mart\u00ednez\",\"@id\":\"https:\/\/www.notibras.com\/site\/#\/schema\/person\/5b7fabf2aedc3ada2105f03b22b4d3dd\"},\"headline\":\"Programa Melhorias Habitacionais beneficia novas fam\u00edlias\",\"datePublished\":\"2026-02-03T03:30:19+00:00\",\"mainEntityOfPage\":{\"@id\":\"https:\/\/www.notibras.com\/site\/programa-melhorias-habitacionais-beneficia-novas-familias\/\"},\"wordCount\":481,\"publisher\":{\"@id\":\"https:\/\/www.notibras.com\/site\/#organization\"},\"image\":{\"@id\":\"https:\/\/www.notibras.com\/site\/programa-melhorias-habitacionais-beneficia-novas-familias\/#primaryimage\"},\"thumbnailUrl\":\"https:\/\/www.notibras.com\/site\/wp-content\/uploads\/2026\/02\/WhatsApp-Image-2026-02-02-at-18.40.04.jpeg\",\"articleSection\":[\"Quadradinho em Foco\"],\"inLanguage\":\"pt-BR\"},{\"@type\":\"WebPage\",\"@id\":\"https:\/\/www.notibras.com\/site\/programa-melhorias-habitacionais-beneficia-novas-familias\/\",\"url\":\"https:\/\/www.notibras.com\/site\/programa-melhorias-habitacionais-beneficia-novas-familias\/\",\"name\":\"Programa Melhorias Habitacionais beneficia novas fam\u00edlias - Notibras\",\"isPartOf\":{\"@id\":\"https:\/\/www.notibras.com\/site\/#website\"},\"primaryImageOfPage\":{\"@id\":\"https:\/\/www.notibras.com\/site\/programa-melhorias-habitacionais-beneficia-novas-familias\/#primaryimage\"},\"image\":{\"@id\":\"https:\/\/www.notibras.com\/site\/programa-melhorias-habitacionais-beneficia-novas-familias\/#primaryimage\"},\"thumbnailUrl\":\"https:\/\/www.notibras.com\/site\/wp-content\/uploads\/2026\/02\/WhatsApp-Image-2026-02-02-at-18.40.04.jpeg\",\"datePublished\":\"2026-02-03T03:30:19+00:00\",\"breadcrumb\":{\"@id\":\"https:\/\/www.notibras.com\/site\/programa-melhorias-habitacionais-beneficia-novas-familias\/#breadcrumb\"},\"inLanguage\":\"pt-BR\",\"potentialAction\":[{\"@type\":\"ReadAction\",\"target\":[\"https:\/\/www.notibras.com\/site\/programa-melhorias-habitacionais-beneficia-novas-familias\/\"]}]},{\"@type\":\"ImageObject\",\"inLanguage\":\"pt-BR\",\"@id\":\"https:\/\/www.notibras.com\/site\/programa-melhorias-habitacionais-beneficia-novas-familias\/#primaryimage\",\"url\":\"https:\/\/www.notibras.com\/site\/wp-content\/uploads\/2026\/02\/WhatsApp-Image-2026-02-02-at-18.40.04.jpeg\",\"contentUrl\":\"https:\/\/www.notibras.com\/site\/wp-content\/uploads\/2026\/02\/WhatsApp-Image-2026-02-02-at-18.40.04.jpeg\",\"width\":1600,\"height\":898},{\"@type\":\"BreadcrumbList\",\"@id\":\"https:\/\/www.notibras.com\/site\/programa-melhorias-habitacionais-beneficia-novas-familias\/#breadcrumb\",\"itemListElement\":[{\"@type\":\"ListItem\",\"position\":1,\"name\":\"In\u00edcio\",\"item\":\"https:\/\/www.notibras.com\/site\/\"},{\"@type\":\"ListItem\",\"position\":2,\"name\":\"Programa Melhorias Habitacionais beneficia novas fam\u00edlias\"}]},{\"@type\":\"WebSite\",\"@id\":\"https:\/\/www.notibras.com\/site\/#website\",\"url\":\"https:\/\/www.notibras.com\/site\/\",\"name\":\"Notibras\",\"description\":\"Not\u00edcias de Bras\u00edlia, do Brasil e do Mundo\",\"publisher\":{\"@id\":\"https:\/\/www.notibras.com\/site\/#organization\"},\"potentialAction\":[{\"@type\":\"SearchAction\",\"target\":{\"@type\":\"EntryPoint\",\"urlTemplate\":\"https:\/\/www.notibras.com\/site\/?s={search_term_string}\"},\"query-input\":{\"@type\":\"PropertyValueSpecification\",\"valueRequired\":true,\"valueName\":\"search_term_string\"}}],\"inLanguage\":\"pt-BR\"},{\"@type\":\"Organization\",\"@id\":\"https:\/\/www.notibras.com\/site\/#organization\",\"name\":\"Grupo Notibras de Comunica\u00e7\u00e3o\",\"url\":\"https:\/\/www.notibras.com\/site\/\",\"logo\":{\"@type\":\"ImageObject\",\"inLanguage\":\"pt-BR\",\"@id\":\"https:\/\/www.notibras.com\/site\/#\/schema\/logo\/image\/\",\"url\":\"https:\/\/www.notibras.com\/site\/wp-content\/uploads\/2023\/01\/notibras23.png\",\"contentUrl\":\"https:\/\/www.notibras.com\/site\/wp-content\/uploads\/2023\/01\/notibras23.png\",\"width\":350,\"height\":87,\"caption\":\"Grupo Notibras de Comunica\u00e7\u00e3o\"},\"image\":{\"@id\":\"https:\/\/www.notibras.com\/site\/#\/schema\/logo\/image\/\"},\"sameAs\":[\"https:\/\/www.facebook.com\/notibras\/\",\"https:\/\/x.com\/Notibras\",\"https:\/\/www.instagram.com\/notibras\/\"]},{\"@type\":\"Person\",\"@id\":\"https:\/\/www.notibras.com\/site\/#\/schema\/person\/5b7fabf2aedc3ada2105f03b22b4d3dd\",\"name\":\"Eduardo Mart\u00ednez\",\"image\":{\"@type\":\"ImageObject\",\"inLanguage\":\"pt-BR\",\"@id\":\"https:\/\/secure.gravatar.com\/avatar\/7902f906289926289cbcda644b5197c796b893c6ffd7b9a536a42d290f7704a0?s=96&d=mm&r=g\",\"url\":\"https:\/\/secure.gravatar.com\/avatar\/7902f906289926289cbcda644b5197c796b893c6ffd7b9a536a42d290f7704a0?s=96&d=mm&r=g\",\"contentUrl\":\"https:\/\/secure.gravatar.com\/avatar\/7902f906289926289cbcda644b5197c796b893c6ffd7b9a536a42d290f7704a0?s=96&d=mm&r=g\",\"caption\":\"Eduardo Mart\u00ednez\"}}]}<\/script>\n<!-- \/ Yoast SEO plugin. -->","yoast_head_json":{"title":"Programa Melhorias Habitacionais beneficia novas fam\u00edlias - Notibras","robots":{"index":"index","follow":"follow","max-snippet":"max-snippet:-1","max-image-preview":"max-image-preview:large","max-video-preview":"max-video-preview:-1"},"canonical":"https:\/\/www.notibras.com\/site\/programa-melhorias-habitacionais-beneficia-novas-familias\/","og_locale":"pt_BR","og_type":"article","og_title":"Programa Melhorias Habitacionais beneficia novas fam\u00edlias - Notibras","og_description":"Em apenas dois meses, tudo mudou para duas fam\u00edlias no Sol Nascente. Gra\u00e7as ao programa Melhorias Habitacionais, da Companhia de Desenvolvimento Habitacional (Codhab-DF), o sonho que Khewen Felix, 30 anos, tinha de acordar com casa arejada, confort\u00e1vel, segura e digna agora \u00e9 uma realidade. O im\u00f3vel foi entregue nesta segunda-feira (2). Cada canto reformado j\u00e1 [&hellip;]","og_url":"https:\/\/www.notibras.com\/site\/programa-melhorias-habitacionais-beneficia-novas-familias\/","og_site_name":"Notibras","article_publisher":"https:\/\/www.facebook.com\/notibras\/","article_published_time":"2026-02-03T03:30:19+00:00","og_image":[{"width":1600,"height":898,"url":"https:\/\/www.notibras.com\/site\/wp-content\/uploads\/2026\/02\/WhatsApp-Image-2026-02-02-at-18.40.04.jpeg","type":"image\/jpeg"}],"author":"Eduardo Mart\u00ednez","twitter_card":"summary_large_image","twitter_creator":"@Notibras","twitter_site":"@Notibras","twitter_misc":{"Escrito por":"Eduardo Mart\u00ednez","Est. tempo de leitura":"3 minutos"},"schema":{"@context":"https:\/\/schema.org","@graph":[{"@type":"Article","@id":"https:\/\/www.notibras.com\/site\/programa-melhorias-habitacionais-beneficia-novas-familias\/#article","isPartOf":{"@id":"https:\/\/www.notibras.com\/site\/programa-melhorias-habitacionais-beneficia-novas-familias\/"},"author":{"name":"Eduardo Mart\u00ednez","@id":"https:\/\/www.notibras.com\/site\/#\/schema\/person\/5b7fabf2aedc3ada2105f03b22b4d3dd"},"headline":"Programa Melhorias Habitacionais beneficia novas fam\u00edlias","datePublished":"2026-02-03T03:30:19+00:00","mainEntityOfPage":{"@id":"https:\/\/www.notibras.com\/site\/programa-melhorias-habitacionais-beneficia-novas-familias\/"},"wordCount":481,"publisher":{"@id":"https:\/\/www.notibras.com\/site\/#organization"},"image":{"@id":"https:\/\/www.notibras.com\/site\/programa-melhorias-habitacionais-beneficia-novas-familias\/#primaryimage"},"thumbnailUrl":"https:\/\/www.notibras.com\/site\/wp-content\/uploads\/2026\/02\/WhatsApp-Image-2026-02-02-at-18.40.04.jpeg","articleSection":["Quadradinho em Foco"],"inLanguage":"pt-BR"},{"@type":"WebPage","@id":"https:\/\/www.notibras.com\/site\/programa-melhorias-habitacionais-beneficia-novas-familias\/","url":"https:\/\/www.notibras.com\/site\/programa-melhorias-habitacionais-beneficia-novas-familias\/","name":"Programa Melhorias Habitacionais beneficia novas fam\u00edlias - Notibras","isPartOf":{"@id":"https:\/\/www.notibras.com\/site\/#website"},"primaryImageOfPage":{"@id":"https:\/\/www.notibras.com\/site\/programa-melhorias-habitacionais-beneficia-novas-familias\/#primaryimage"},"image":{"@id":"https:\/\/www.notibras.com\/site\/programa-melhorias-habitacionais-beneficia-novas-familias\/#primaryimage"},"thumbnailUrl":"https:\/\/www.notibras.com\/site\/wp-content\/uploads\/2026\/02\/WhatsApp-Image-2026-02-02-at-18.40.04.jpeg","datePublished":"2026-02-03T03:30:19+00:00","breadcrumb":{"@id":"https:\/\/www.notibras.com\/site\/programa-melhorias-habitacionais-beneficia-novas-familias\/#breadcrumb"},"inLanguage":"pt-BR","potentialAction":[{"@type":"ReadAction","target":["https:\/\/www.notibras.com\/site\/programa-melhorias-habitacionais-beneficia-novas-familias\/"]}]},{"@type":"ImageObject","inLanguage":"pt-BR","@id":"https:\/\/www.notibras.com\/site\/programa-melhorias-habitacionais-beneficia-novas-familias\/#primaryimage","url":"https:\/\/www.notibras.com\/site\/wp-content\/uploads\/2026\/02\/WhatsApp-Image-2026-02-02-at-18.40.04.jpeg","contentUrl":"https:\/\/www.notibras.com\/site\/wp-content\/uploads\/2026\/02\/WhatsApp-Image-2026-02-02-at-18.40.04.jpeg","width":1600,"height":898},{"@type":"BreadcrumbList","@id":"https:\/\/www.notibras.com\/site\/programa-melhorias-habitacionais-beneficia-novas-familias\/#breadcrumb","itemListElement":[{"@type":"ListItem","position":1,"name":"In\u00edcio","item":"https:\/\/www.notibras.com\/site\/"},{"@type":"ListItem","position":2,"name":"Programa Melhorias Habitacionais beneficia novas fam\u00edlias"}]},{"@type":"WebSite","@id":"https:\/\/www.notibras.com\/site\/#website","url":"https:\/\/www.notibras.com\/site\/","name":"Notibras","description":"Not\u00edcias de Bras\u00edlia, do Brasil e do Mundo","publisher":{"@id":"https:\/\/www.notibras.com\/site\/#organization"},"potentialAction":[{"@type":"SearchAction","target":{"@type":"EntryPoint","urlTemplate":"https:\/\/www.notibras.com\/site\/?s={search_term_string}"},"query-input":{"@type":"PropertyValueSpecification","valueRequired":true,"valueName":"search_term_string"}}],"inLanguage":"pt-BR"},{"@type":"Organization","@id":"https:\/\/www.notibras.com\/site\/#organization","name":"Grupo Notibras de Comunica\u00e7\u00e3o","url":"https:\/\/www.notibras.com\/site\/","logo":{"@type":"ImageObject","inLanguage":"pt-BR","@id":"https:\/\/www.notibras.com\/site\/#\/schema\/logo\/image\/","url":"https:\/\/www.notibras.com\/site\/wp-content\/uploads\/2023\/01\/notibras23.png","contentUrl":"https:\/\/www.notibras.com\/site\/wp-content\/uploads\/2023\/01\/notibras23.png","width":350,"height":87,"caption":"Grupo Notibras de Comunica\u00e7\u00e3o"},"image":{"@id":"https:\/\/www.notibras.com\/site\/#\/schema\/logo\/image\/"},"sameAs":["https:\/\/www.facebook.com\/notibras\/","https:\/\/x.com\/Notibras","https:\/\/www.instagram.com\/notibras\/"]},{"@type":"Person","@id":"https:\/\/www.notibras.com\/site\/#\/schema\/person\/5b7fabf2aedc3ada2105f03b22b4d3dd","name":"Eduardo Mart\u00ednez","image":{"@type":"ImageObject","inLanguage":"pt-BR","@id":"https:\/\/secure.gravatar.com\/avatar\/7902f906289926289cbcda644b5197c796b893c6ffd7b9a536a42d290f7704a0?s=96&d=mm&r=g","url":"https:\/\/secure.gravatar.com\/avatar\/7902f906289926289cbcda644b5197c796b893c6ffd7b9a536a42d290f7704a0?s=96&d=mm&r=g","contentUrl":"https:\/\/secure.gravatar.com\/avatar\/7902f906289926289cbcda644b5197c796b893c6ffd7b9a536a42d290f7704a0?s=96&d=mm&r=g","caption":"Eduardo Mart\u00ednez"}}]}},"amp_enabled":true,"_links":{"self":[{"href":"https:\/\/www.notibras.com\/site\/wp-json\/wp\/v2\/posts\/381664","targetHints":{"allow":["GET"]}}],"collection":[{"href":"https:\/\/www.notibras.com\/site\/wp-json\/wp\/v2\/posts"}],"about":[{"href":"https:\/\/www.notibras.com\/site\/wp-json\/wp\/v2\/types\/post"}],"author":[{"embeddable":true,"href":"https:\/\/www.notibras.com\/site\/wp-json\/wp\/v2\/users\/21"}],"replies":[{"embeddable":true,"href":"https:\/\/www.notibras.com\/site\/wp-json\/wp\/v2\/comments?post=381664"}],"version-history":[{"count":2,"href":"https:\/\/www.notibras.com\/site\/wp-json\/wp\/v2\/posts\/381664\/revisions"}],"predecessor-version":[{"id":381667,"href":"https:\/\/www.notibras.com\/site\/wp-json\/wp\/v2\/posts\/381664\/revisions\/381667"}],"wp:featuredmedia":[{"embeddable":true,"href":"https:\/\/www.notibras.com\/site\/wp-json\/wp\/v2\/media\/381665"}],"wp:attachment":[{"href":"https:\/\/www.notibras.com\/site\/wp-json\/wp\/v2\/media?parent=381664"}],"wp:term":[{"taxonomy":"category","embeddable":true,"href":"https:\/\/www.notibras.com\/site\/wp-json\/wp\/v2\/categories?post=381664"},{"taxonomy":"post_tag","embeddable":true,"href":"https:\/\/www.notibras.com\/site\/wp-json\/wp\/v2\/tags?post=381664"}],"curies":[{"name":"wp","href":"https:\/\/api.w.org\/{rel}","templated":true}]}}