{"id":381680,"date":"2026-02-03T01:00:11","date_gmt":"2026-02-03T04:00:11","guid":{"rendered":"https:\/\/www.notibras.com\/site\/?p=381680"},"modified":"2026-02-02T22:58:29","modified_gmt":"2026-02-03T01:58:29","slug":"corretora-assassinada-tinha-bala-na-cabeca","status":"publish","type":"post","link":"https:\/\/www.notibras.com\/site\/corretora-assassinada-tinha-bala-na-cabeca\/","title":{"rendered":"Corretora assassinada tinha bala na cabe\u00e7a"},"content":{"rendered":"<p>A corretora Daiane Alves, de 35 anos, encontrada morta em Caldas Novas, Goi\u00e1s, tinha uma bala alojada na cabe\u00e7a, segundo o advogado da fam\u00edlia, Pl\u00ednio C\u00e9sar Cunha Mendon\u00e7a. A informa\u00e7\u00e3o foi repassada preliminarmente \u00e0 defesa pela Pol\u00edcia Civil, mas a causa da morte ainda n\u00e3o foi determinada, dependendo do laudo final da per\u00edcia.<\/p>\n<p>O s\u00edndico Cleber Rosa de Oliveira, de 49 anos, \u00e9 o principal suspeito do crime e afirma ter agido em leg\u00edtima defesa. No entanto, a defesa da fam\u00edlia de Daiane questiona essa vers\u00e3o e pede mais investiga\u00e7\u00f5es.<\/p>\n<p>A pol\u00edcia ainda n\u00e3o encontrou a arma do crime, que teria sido jogada no rio Corumb\u00e1, na divisa entre Caldas Novas e Ipameri. Um celular tamb\u00e9m foi encontrado na caixa de passagem e est\u00e1 sob per\u00edcia para identificar o propriet\u00e1rio.<\/p>\n<p>Cleber e seu filho, Maicon Douglas Oliveira, de 25 anos, foram presos no dia 28 de janeiro e s\u00e3o investigados por homic\u00eddio e tentativa de obstruir a investiga\u00e7\u00e3o, respectivamente. A Pol\u00edcia Cient\u00edfica ainda n\u00e3o liberou o laudo da per\u00edcia necrosc\u00f3pica.<\/p>\n","protected":false},"excerpt":{"rendered":"<p>A corretora Daiane Alves, de 35 anos, encontrada morta em Caldas Novas, Goi\u00e1s, tinha uma bala alojada na cabe\u00e7a, segundo o advogado da fam\u00edlia, Pl\u00ednio C\u00e9sar Cunha Mendon\u00e7a. A informa\u00e7\u00e3o foi repassada preliminarmente \u00e0 defesa pela Pol\u00edcia Civil, mas a causa da morte ainda n\u00e3o foi determinada, dependendo do laudo final da per\u00edcia. O s\u00edndico [&hellip;]<\/p>\n","protected":false},"author":21,"featured_media":381681,"comment_status":"closed","ping_status":"closed","sticky":false,"template":"","format":"standard","meta":{"_acf_changed":false,"footnotes":""},"categories":[161],"tags":[],"class_list":["post-381680","post","type-post","status-publish","format-standard","has-post-thumbnail","hentry","category-quadradinho-em-foco"],"acf":[],"yoast_head":"<!-- This site is optimized with the Yoast SEO plugin v27.2 - https:\/\/yoast.com\/product\/yoast-seo-wordpress\/ -->\n<title>Corretora assassinada tinha bala na cabe\u00e7a - Notibras<\/title>\n<meta name=\"robots\" content=\"index, follow, max-snippet:-1, max-image-preview:large, max-video-preview:-1\" \/>\n<link rel=\"canonical\" href=\"https:\/\/www.notibras.com\/site\/corretora-assassinada-tinha-bala-na-cabeca\/\" \/>\n<meta property=\"og:locale\" content=\"pt_BR\" \/>\n<meta property=\"og:type\" content=\"article\" \/>\n<meta property=\"og:title\" content=\"Corretora assassinada tinha bala na cabe\u00e7a - Notibras\" \/>\n<meta property=\"og:description\" content=\"A corretora Daiane Alves, de 35 anos, encontrada morta em Caldas Novas, Goi\u00e1s, tinha uma bala alojada na cabe\u00e7a, segundo o advogado da fam\u00edlia, Pl\u00ednio C\u00e9sar Cunha Mendon\u00e7a. A informa\u00e7\u00e3o foi repassada preliminarmente \u00e0 defesa pela Pol\u00edcia Civil, mas a causa da morte ainda n\u00e3o foi determinada, dependendo do laudo final da per\u00edcia. O s\u00edndico [&hellip;]\" \/>\n<meta property=\"og:url\" content=\"https:\/\/www.notibras.com\/site\/corretora-assassinada-tinha-bala-na-cabeca\/\" \/>\n<meta property=\"og:site_name\" content=\"Notibras\" \/>\n<meta property=\"article:publisher\" content=\"https:\/\/www.facebook.com\/notibras\/\" \/>\n<meta property=\"article:published_time\" content=\"2026-02-03T04:00:11+00:00\" \/>\n<meta property=\"og:image\" content=\"https:\/\/www.notibras.com\/site\/wp-content\/uploads\/2026\/02\/sindico-cleber-rosa-oliveira-de-49-anos-e-o-filho-maycon-douglas-de-souza-oliveira-de-27-5.webp\" \/>\n\t<meta property=\"og:image:width\" content=\"900\" \/>\n\t<meta property=\"og:image:height\" content=\"606\" \/>\n\t<meta property=\"og:image:type\" content=\"image\/webp\" \/>\n<meta name=\"author\" content=\"Eduardo Mart\u00ednez\" \/>\n<meta name=\"twitter:card\" content=\"summary_large_image\" \/>\n<meta name=\"twitter:creator\" content=\"@Notibras\" \/>\n<meta name=\"twitter:site\" content=\"@Notibras\" \/>\n<meta name=\"twitter:label1\" content=\"Escrito por\" \/>\n\t<meta name=\"twitter:data1\" content=\"Eduardo Mart\u00ednez\" \/>\n\t<meta name=\"twitter:label2\" content=\"Est. tempo de leitura\" \/>\n\t<meta name=\"twitter:data2\" content=\"2 minutos\" \/>\n<script type=\"application\/ld+json\" class=\"yoast-schema-graph\">{\"@context\":\"https:\/\/schema.org\",\"@graph\":[{\"@type\":\"Article\",\"@id\":\"https:\/\/www.notibras.com\/site\/corretora-assassinada-tinha-bala-na-cabeca\/#article\",\"isPartOf\":{\"@id\":\"https:\/\/www.notibras.com\/site\/corretora-assassinada-tinha-bala-na-cabeca\/\"},\"author\":{\"name\":\"Eduardo Mart\u00ednez\",\"@id\":\"https:\/\/www.notibras.com\/site\/#\/schema\/person\/5b7fabf2aedc3ada2105f03b22b4d3dd\"},\"headline\":\"Corretora assassinada tinha bala na cabe\u00e7a\",\"datePublished\":\"2026-02-03T04:00:11+00:00\",\"mainEntityOfPage\":{\"@id\":\"https:\/\/www.notibras.com\/site\/corretora-assassinada-tinha-bala-na-cabeca\/\"},\"wordCount\":199,\"publisher\":{\"@id\":\"https:\/\/www.notibras.com\/site\/#organization\"},\"image\":{\"@id\":\"https:\/\/www.notibras.com\/site\/corretora-assassinada-tinha-bala-na-cabeca\/#primaryimage\"},\"thumbnailUrl\":\"https:\/\/www.notibras.com\/site\/wp-content\/uploads\/2026\/02\/sindico-cleber-rosa-oliveira-de-49-anos-e-o-filho-maycon-douglas-de-souza-oliveira-de-27-5.webp\",\"articleSection\":[\"Quadradinho em Foco\"],\"inLanguage\":\"pt-BR\"},{\"@type\":\"WebPage\",\"@id\":\"https:\/\/www.notibras.com\/site\/corretora-assassinada-tinha-bala-na-cabeca\/\",\"url\":\"https:\/\/www.notibras.com\/site\/corretora-assassinada-tinha-bala-na-cabeca\/\",\"name\":\"Corretora assassinada tinha bala na cabe\u00e7a - Notibras\",\"isPartOf\":{\"@id\":\"https:\/\/www.notibras.com\/site\/#website\"},\"primaryImageOfPage\":{\"@id\":\"https:\/\/www.notibras.com\/site\/corretora-assassinada-tinha-bala-na-cabeca\/#primaryimage\"},\"image\":{\"@id\":\"https:\/\/www.notibras.com\/site\/corretora-assassinada-tinha-bala-na-cabeca\/#primaryimage\"},\"thumbnailUrl\":\"https:\/\/www.notibras.com\/site\/wp-content\/uploads\/2026\/02\/sindico-cleber-rosa-oliveira-de-49-anos-e-o-filho-maycon-douglas-de-souza-oliveira-de-27-5.webp\",\"datePublished\":\"2026-02-03T04:00:11+00:00\",\"breadcrumb\":{\"@id\":\"https:\/\/www.notibras.com\/site\/corretora-assassinada-tinha-bala-na-cabeca\/#breadcrumb\"},\"inLanguage\":\"pt-BR\",\"potentialAction\":[{\"@type\":\"ReadAction\",\"target\":[\"https:\/\/www.notibras.com\/site\/corretora-assassinada-tinha-bala-na-cabeca\/\"]}]},{\"@type\":\"ImageObject\",\"inLanguage\":\"pt-BR\",\"@id\":\"https:\/\/www.notibras.com\/site\/corretora-assassinada-tinha-bala-na-cabeca\/#primaryimage\",\"url\":\"https:\/\/www.notibras.com\/site\/wp-content\/uploads\/2026\/02\/sindico-cleber-rosa-oliveira-de-49-anos-e-o-filho-maycon-douglas-de-souza-oliveira-de-27-5.webp\",\"contentUrl\":\"https:\/\/www.notibras.com\/site\/wp-content\/uploads\/2026\/02\/sindico-cleber-rosa-oliveira-de-49-anos-e-o-filho-maycon-douglas-de-souza-oliveira-de-27-5.webp\",\"width\":900,\"height\":606},{\"@type\":\"BreadcrumbList\",\"@id\":\"https:\/\/www.notibras.com\/site\/corretora-assassinada-tinha-bala-na-cabeca\/#breadcrumb\",\"itemListElement\":[{\"@type\":\"ListItem\",\"position\":1,\"name\":\"In\u00edcio\",\"item\":\"https:\/\/www.notibras.com\/site\/\"},{\"@type\":\"ListItem\",\"position\":2,\"name\":\"Corretora assassinada tinha bala na cabe\u00e7a\"}]},{\"@type\":\"WebSite\",\"@id\":\"https:\/\/www.notibras.com\/site\/#website\",\"url\":\"https:\/\/www.notibras.com\/site\/\",\"name\":\"Notibras\",\"description\":\"Not\u00edcias de Bras\u00edlia, do Brasil e do Mundo\",\"publisher\":{\"@id\":\"https:\/\/www.notibras.com\/site\/#organization\"},\"potentialAction\":[{\"@type\":\"SearchAction\",\"target\":{\"@type\":\"EntryPoint\",\"urlTemplate\":\"https:\/\/www.notibras.com\/site\/?s={search_term_string}\"},\"query-input\":{\"@type\":\"PropertyValueSpecification\",\"valueRequired\":true,\"valueName\":\"search_term_string\"}}],\"inLanguage\":\"pt-BR\"},{\"@type\":\"Organization\",\"@id\":\"https:\/\/www.notibras.com\/site\/#organization\",\"name\":\"Grupo Notibras de Comunica\u00e7\u00e3o\",\"url\":\"https:\/\/www.notibras.com\/site\/\",\"logo\":{\"@type\":\"ImageObject\",\"inLanguage\":\"pt-BR\",\"@id\":\"https:\/\/www.notibras.com\/site\/#\/schema\/logo\/image\/\",\"url\":\"https:\/\/www.notibras.com\/site\/wp-content\/uploads\/2023\/01\/notibras23.png\",\"contentUrl\":\"https:\/\/www.notibras.com\/site\/wp-content\/uploads\/2023\/01\/notibras23.png\",\"width\":350,\"height\":87,\"caption\":\"Grupo Notibras de Comunica\u00e7\u00e3o\"},\"image\":{\"@id\":\"https:\/\/www.notibras.com\/site\/#\/schema\/logo\/image\/\"},\"sameAs\":[\"https:\/\/www.facebook.com\/notibras\/\",\"https:\/\/x.com\/Notibras\",\"https:\/\/www.instagram.com\/notibras\/\"]},{\"@type\":\"Person\",\"@id\":\"https:\/\/www.notibras.com\/site\/#\/schema\/person\/5b7fabf2aedc3ada2105f03b22b4d3dd\",\"name\":\"Eduardo Mart\u00ednez\",\"image\":{\"@type\":\"ImageObject\",\"inLanguage\":\"pt-BR\",\"@id\":\"https:\/\/secure.gravatar.com\/avatar\/7902f906289926289cbcda644b5197c796b893c6ffd7b9a536a42d290f7704a0?s=96&d=mm&r=g\",\"url\":\"https:\/\/secure.gravatar.com\/avatar\/7902f906289926289cbcda644b5197c796b893c6ffd7b9a536a42d290f7704a0?s=96&d=mm&r=g\",\"contentUrl\":\"https:\/\/secure.gravatar.com\/avatar\/7902f906289926289cbcda644b5197c796b893c6ffd7b9a536a42d290f7704a0?s=96&d=mm&r=g\",\"caption\":\"Eduardo Mart\u00ednez\"}}]}<\/script>\n<!-- \/ Yoast SEO plugin. -->","yoast_head_json":{"title":"Corretora assassinada tinha bala na cabe\u00e7a - Notibras","robots":{"index":"index","follow":"follow","max-snippet":"max-snippet:-1","max-image-preview":"max-image-preview:large","max-video-preview":"max-video-preview:-1"},"canonical":"https:\/\/www.notibras.com\/site\/corretora-assassinada-tinha-bala-na-cabeca\/","og_locale":"pt_BR","og_type":"article","og_title":"Corretora assassinada tinha bala na cabe\u00e7a - Notibras","og_description":"A corretora Daiane Alves, de 35 anos, encontrada morta em Caldas Novas, Goi\u00e1s, tinha uma bala alojada na cabe\u00e7a, segundo o advogado da fam\u00edlia, Pl\u00ednio C\u00e9sar Cunha Mendon\u00e7a. A informa\u00e7\u00e3o foi repassada preliminarmente \u00e0 defesa pela Pol\u00edcia Civil, mas a causa da morte ainda n\u00e3o foi determinada, dependendo do laudo final da per\u00edcia. O s\u00edndico [&hellip;]","og_url":"https:\/\/www.notibras.com\/site\/corretora-assassinada-tinha-bala-na-cabeca\/","og_site_name":"Notibras","article_publisher":"https:\/\/www.facebook.com\/notibras\/","article_published_time":"2026-02-03T04:00:11+00:00","og_image":[{"width":900,"height":606,"url":"https:\/\/www.notibras.com\/site\/wp-content\/uploads\/2026\/02\/sindico-cleber-rosa-oliveira-de-49-anos-e-o-filho-maycon-douglas-de-souza-oliveira-de-27-5.webp","type":"image\/webp"}],"author":"Eduardo Mart\u00ednez","twitter_card":"summary_large_image","twitter_creator":"@Notibras","twitter_site":"@Notibras","twitter_misc":{"Escrito por":"Eduardo Mart\u00ednez","Est. tempo de leitura":"2 minutos"},"schema":{"@context":"https:\/\/schema.org","@graph":[{"@type":"Article","@id":"https:\/\/www.notibras.com\/site\/corretora-assassinada-tinha-bala-na-cabeca\/#article","isPartOf":{"@id":"https:\/\/www.notibras.com\/site\/corretora-assassinada-tinha-bala-na-cabeca\/"},"author":{"name":"Eduardo Mart\u00ednez","@id":"https:\/\/www.notibras.com\/site\/#\/schema\/person\/5b7fabf2aedc3ada2105f03b22b4d3dd"},"headline":"Corretora assassinada tinha bala na cabe\u00e7a","datePublished":"2026-02-03T04:00:11+00:00","mainEntityOfPage":{"@id":"https:\/\/www.notibras.com\/site\/corretora-assassinada-tinha-bala-na-cabeca\/"},"wordCount":199,"publisher":{"@id":"https:\/\/www.notibras.com\/site\/#organization"},"image":{"@id":"https:\/\/www.notibras.com\/site\/corretora-assassinada-tinha-bala-na-cabeca\/#primaryimage"},"thumbnailUrl":"https:\/\/www.notibras.com\/site\/wp-content\/uploads\/2026\/02\/sindico-cleber-rosa-oliveira-de-49-anos-e-o-filho-maycon-douglas-de-souza-oliveira-de-27-5.webp","articleSection":["Quadradinho em Foco"],"inLanguage":"pt-BR"},{"@type":"WebPage","@id":"https:\/\/www.notibras.com\/site\/corretora-assassinada-tinha-bala-na-cabeca\/","url":"https:\/\/www.notibras.com\/site\/corretora-assassinada-tinha-bala-na-cabeca\/","name":"Corretora assassinada tinha bala na cabe\u00e7a - Notibras","isPartOf":{"@id":"https:\/\/www.notibras.com\/site\/#website"},"primaryImageOfPage":{"@id":"https:\/\/www.notibras.com\/site\/corretora-assassinada-tinha-bala-na-cabeca\/#primaryimage"},"image":{"@id":"https:\/\/www.notibras.com\/site\/corretora-assassinada-tinha-bala-na-cabeca\/#primaryimage"},"thumbnailUrl":"https:\/\/www.notibras.com\/site\/wp-content\/uploads\/2026\/02\/sindico-cleber-rosa-oliveira-de-49-anos-e-o-filho-maycon-douglas-de-souza-oliveira-de-27-5.webp","datePublished":"2026-02-03T04:00:11+00:00","breadcrumb":{"@id":"https:\/\/www.notibras.com\/site\/corretora-assassinada-tinha-bala-na-cabeca\/#breadcrumb"},"inLanguage":"pt-BR","potentialAction":[{"@type":"ReadAction","target":["https:\/\/www.notibras.com\/site\/corretora-assassinada-tinha-bala-na-cabeca\/"]}]},{"@type":"ImageObject","inLanguage":"pt-BR","@id":"https:\/\/www.notibras.com\/site\/corretora-assassinada-tinha-bala-na-cabeca\/#primaryimage","url":"https:\/\/www.notibras.com\/site\/wp-content\/uploads\/2026\/02\/sindico-cleber-rosa-oliveira-de-49-anos-e-o-filho-maycon-douglas-de-souza-oliveira-de-27-5.webp","contentUrl":"https:\/\/www.notibras.com\/site\/wp-content\/uploads\/2026\/02\/sindico-cleber-rosa-oliveira-de-49-anos-e-o-filho-maycon-douglas-de-souza-oliveira-de-27-5.webp","width":900,"height":606},{"@type":"BreadcrumbList","@id":"https:\/\/www.notibras.com\/site\/corretora-assassinada-tinha-bala-na-cabeca\/#breadcrumb","itemListElement":[{"@type":"ListItem","position":1,"name":"In\u00edcio","item":"https:\/\/www.notibras.com\/site\/"},{"@type":"ListItem","position":2,"name":"Corretora assassinada tinha bala na cabe\u00e7a"}]},{"@type":"WebSite","@id":"https:\/\/www.notibras.com\/site\/#website","url":"https:\/\/www.notibras.com\/site\/","name":"Notibras","description":"Not\u00edcias de Bras\u00edlia, do Brasil e do Mundo","publisher":{"@id":"https:\/\/www.notibras.com\/site\/#organization"},"potentialAction":[{"@type":"SearchAction","target":{"@type":"EntryPoint","urlTemplate":"https:\/\/www.notibras.com\/site\/?s={search_term_string}"},"query-input":{"@type":"PropertyValueSpecification","valueRequired":true,"valueName":"search_term_string"}}],"inLanguage":"pt-BR"},{"@type":"Organization","@id":"https:\/\/www.notibras.com\/site\/#organization","name":"Grupo Notibras de Comunica\u00e7\u00e3o","url":"https:\/\/www.notibras.com\/site\/","logo":{"@type":"ImageObject","inLanguage":"pt-BR","@id":"https:\/\/www.notibras.com\/site\/#\/schema\/logo\/image\/","url":"https:\/\/www.notibras.com\/site\/wp-content\/uploads\/2023\/01\/notibras23.png","contentUrl":"https:\/\/www.notibras.com\/site\/wp-content\/uploads\/2023\/01\/notibras23.png","width":350,"height":87,"caption":"Grupo Notibras de Comunica\u00e7\u00e3o"},"image":{"@id":"https:\/\/www.notibras.com\/site\/#\/schema\/logo\/image\/"},"sameAs":["https:\/\/www.facebook.com\/notibras\/","https:\/\/x.com\/Notibras","https:\/\/www.instagram.com\/notibras\/"]},{"@type":"Person","@id":"https:\/\/www.notibras.com\/site\/#\/schema\/person\/5b7fabf2aedc3ada2105f03b22b4d3dd","name":"Eduardo Mart\u00ednez","image":{"@type":"ImageObject","inLanguage":"pt-BR","@id":"https:\/\/secure.gravatar.com\/avatar\/7902f906289926289cbcda644b5197c796b893c6ffd7b9a536a42d290f7704a0?s=96&d=mm&r=g","url":"https:\/\/secure.gravatar.com\/avatar\/7902f906289926289cbcda644b5197c796b893c6ffd7b9a536a42d290f7704a0?s=96&d=mm&r=g","contentUrl":"https:\/\/secure.gravatar.com\/avatar\/7902f906289926289cbcda644b5197c796b893c6ffd7b9a536a42d290f7704a0?s=96&d=mm&r=g","caption":"Eduardo Mart\u00ednez"}}]}},"amp_enabled":true,"_links":{"self":[{"href":"https:\/\/www.notibras.com\/site\/wp-json\/wp\/v2\/posts\/381680","targetHints":{"allow":["GET"]}}],"collection":[{"href":"https:\/\/www.notibras.com\/site\/wp-json\/wp\/v2\/posts"}],"about":[{"href":"https:\/\/www.notibras.com\/site\/wp-json\/wp\/v2\/types\/post"}],"author":[{"embeddable":true,"href":"https:\/\/www.notibras.com\/site\/wp-json\/wp\/v2\/users\/21"}],"replies":[{"embeddable":true,"href":"https:\/\/www.notibras.com\/site\/wp-json\/wp\/v2\/comments?post=381680"}],"version-history":[{"count":2,"href":"https:\/\/www.notibras.com\/site\/wp-json\/wp\/v2\/posts\/381680\/revisions"}],"predecessor-version":[{"id":381683,"href":"https:\/\/www.notibras.com\/site\/wp-json\/wp\/v2\/posts\/381680\/revisions\/381683"}],"wp:featuredmedia":[{"embeddable":true,"href":"https:\/\/www.notibras.com\/site\/wp-json\/wp\/v2\/media\/381681"}],"wp:attachment":[{"href":"https:\/\/www.notibras.com\/site\/wp-json\/wp\/v2\/media?parent=381680"}],"wp:term":[{"taxonomy":"category","embeddable":true,"href":"https:\/\/www.notibras.com\/site\/wp-json\/wp\/v2\/categories?post=381680"},{"taxonomy":"post_tag","embeddable":true,"href":"https:\/\/www.notibras.com\/site\/wp-json\/wp\/v2\/tags?post=381680"}],"curies":[{"name":"wp","href":"https:\/\/api.w.org\/{rel}","templated":true}]}}