{"id":381773,"date":"2026-02-04T00:15:30","date_gmt":"2026-02-04T03:15:30","guid":{"rendered":"https:\/\/www.notibras.com\/site\/?p=381773"},"modified":"2026-02-04T05:35:41","modified_gmt":"2026-02-04T08:35:41","slug":"policia-prende-em-ceilandia-adolescente-que-tentou-matar-idoso","status":"publish","type":"post","link":"https:\/\/www.notibras.com\/site\/policia-prende-em-ceilandia-adolescente-que-tentou-matar-idoso\/","title":{"rendered":"Pol\u00edcia prende em Ceil\u00e2ndia adolescente que tentou matar idoso"},"content":{"rendered":"<p>A Pol\u00edcia Civil do Distrito Federal (PCDF), por meio da 15\u00aa Delegacia de Pol\u00edcia, deflagrou a Opera\u00e7\u00e3o Angriff e apreendeu em flagrante um adolescente de 14 anos pela pr\u00e1tica de ato infracional an\u00e1logo ao crime de tentativa de homic\u00eddio qualificado, ocorrido no final da noite de domingo (1) na QNN 7, em Ceil\u00e2ndia\/DF, tendo como v\u00edtima um homem de 55 anos.<\/p>\n<p>A ocorr\u00eancia foi comunicada \u00e0s 03h00min de segunda feira pela irm\u00e3 da v\u00edtima, uma mulher de 41 anos, que informou que seu irm\u00e3o havia sido brutalmente agredido em via p\u00fablica, sendo socorrido pelo Corpo de Bombeiros do Distrito Federal e encaminhado ao Hospital Regional de Ceil\u00e2ndia, onde permaneceu internado em estado grave, entubado e impossibilitado de prestar depoimento.<\/p>\n<p>Diante da gravidade dos fatos, equipes da Se\u00e7\u00e3o de Investiga\u00e7\u00e3o de Crimes Violentos (SICVIO) da 15\u00aa DP realizaram dilig\u00eancias ininterruptas no local do crime, logrando \u00eaxito em localizar imagens de c\u00e2meras de seguran\u00e7a que registraram toda a a\u00e7\u00e3o criminosa, bem como vest\u00edgios de sangue no asfalto, motivo pelo qual foi acionado o Instituto de Criminal\u00edstica para a realiza\u00e7\u00e3o de per\u00edcia t\u00e9cnica no local.<\/p>\n<p>Pelas imagens pode ser constatada toda agressividade do menor, o qual, de forma cruel, atingiu a v\u00edtima com diversos chutes e socos contra sua cabe\u00e7a enquanto ela se encontrava desmaiada ao ch\u00e3o.<\/p>\n<p>Com base nas imagens e em informa\u00e7\u00f5es prestadas por moradores da regi\u00e3o \u2014 que optaram por n\u00e3o se identificar por medo de repres\u00e1lias \u2014 os policiais conseguiram identificar o autor como um adolescente de 14 anos, residente a poucos metros do local dos fatos. Em dilig\u00eancia cont\u00ednua, a equipe policial se dirigiu \u00e0 resid\u00eancia do suspeito e conseguiu apreend\u00ea-lo escondido em seu quarto, poucos minutos ap\u00f3s o crime.<\/p>\n<p>Segundo apurado pela investiga\u00e7\u00e3o, a motiva\u00e7\u00e3o do crime estaria relacionada a uma d\u00edvida no valor de aproximadamente R$ 200, decorrente da compra de um par de t\u00eanis realizada no per\u00edodo de Natal, que o adolescente possu\u00eda com a v\u00edtima. A cobran\u00e7a do d\u00e9bito teria gerado uma discuss\u00e3o entre ambos, que evoluiu para uma briga violenta, culminando nas agress\u00f5es f\u00edsicas que deixaram a v\u00edtima em estado cr\u00edtico.<\/p>\n<p>O fato foi enquadrado como ato infracional an\u00e1logo ao crime de tentativa de homic\u00eddio qualificado pelo motivo f\u00fatil, nos termos do artigo 121, \u00a72\u00ba, inciso II, c\/c artigo 14, inciso II, ambos do C\u00f3digo Penal.<\/p>\n<p>O adolescente foi apresentado na Delegacia da Crian\u00e7a e do Adolescente (DCA II), teve suas declara\u00e7\u00f5es colhidas em sistema audiovisual, acompanhado de sua genitora, foi encaminhado ao IML para exame de corpo de delito e, posteriormente, recolhido \u00e0 unidade de interna\u00e7\u00e3o, ficando \u00e0 disposi\u00e7\u00e3o da Justi\u00e7a da Inf\u00e2ncia e da Juventude. O procedimento de apura\u00e7\u00e3o de ato infracional foi regularmente instaurado e segue em andamento.<\/p>\n<p>Por se tratar de adolescente, o autor n\u00e3o est\u00e1 sujeito a pena criminal, mas \u00e0s medidas socioeducativas previstas no Estatuto da Crian\u00e7a e do Adolescente (ECA), que podem chegar \u00e0 interna\u00e7\u00e3o por at\u00e9 tr\u00eas anos. Caso o crime fosse praticado por adulto, a pena para homic\u00eddio qualificado seria de 12 a 30 anos de reclus\u00e3o, reduzida de um a dois ter\u00e7os em raz\u00e3o da tentativa.<\/p>\n<p>A opera\u00e7\u00e3o recebeu o nome Angriff, termo de origem alem\u00e3 que significa \u201cataque\u201d, em alus\u00e3o \u00e0 viol\u00eancia empregada na a\u00e7\u00e3o criminosa e \u00e0 resposta imediata da Pol\u00edcia Civil na repress\u00e3o ao crime.<\/p>\n<p><strong>Assista ao v\u00eddeo:<\/strong><\/p>\n<div style=\"width: 740px;\" class=\"wp-video\"><video class=\"wp-video-shortcode\" id=\"video-381773-1\" width=\"740\" height=\"421\" preload=\"metadata\" controls=\"controls\"><source type=\"video\/mp4\" src=\"https:\/\/www.notibras.com\/site\/wp-content\/uploads\/2026\/02\/WhatsApp-Video-2026-02-03-at-20.19.34.mp4?_=1\" \/><a href=\"https:\/\/www.notibras.com\/site\/wp-content\/uploads\/2026\/02\/WhatsApp-Video-2026-02-03-at-20.19.34.mp4\">https:\/\/www.notibras.com\/site\/wp-content\/uploads\/2026\/02\/WhatsApp-Video-2026-02-03-at-20.19.34.mp4<\/a><\/video><\/div>\n","protected":false},"excerpt":{"rendered":"<p>A Pol\u00edcia Civil do Distrito Federal (PCDF), por meio da 15\u00aa Delegacia de Pol\u00edcia, deflagrou a Opera\u00e7\u00e3o Angriff e apreendeu em flagrante um adolescente de 14 anos pela pr\u00e1tica de ato infracional an\u00e1logo ao crime de tentativa de homic\u00eddio qualificado, ocorrido no final da noite de domingo (1) na QNN 7, em Ceil\u00e2ndia\/DF, tendo como [&hellip;]<\/p>\n","protected":false},"author":21,"featured_media":381774,"comment_status":"closed","ping_status":"closed","sticky":false,"template":"","format":"standard","meta":{"_acf_changed":false,"footnotes":""},"categories":[161],"tags":[],"class_list":["post-381773","post","type-post","status-publish","format-standard","has-post-thumbnail","hentry","category-quadradinho-em-foco"],"acf":[],"yoast_head":"<!-- This site is optimized with the Yoast SEO plugin v27.2 - https:\/\/yoast.com\/product\/yoast-seo-wordpress\/ -->\n<title>Pol\u00edcia prende em Ceil\u00e2ndia adolescente que tentou matar idoso - Notibras<\/title>\n<meta name=\"robots\" content=\"index, follow, max-snippet:-1, max-image-preview:large, max-video-preview:-1\" \/>\n<link rel=\"canonical\" href=\"https:\/\/www.notibras.com\/site\/policia-prende-em-ceilandia-adolescente-que-tentou-matar-idoso\/\" \/>\n<meta property=\"og:locale\" content=\"pt_BR\" \/>\n<meta property=\"og:type\" content=\"article\" \/>\n<meta property=\"og:title\" content=\"Pol\u00edcia prende em Ceil\u00e2ndia adolescente que tentou matar idoso - Notibras\" \/>\n<meta property=\"og:description\" content=\"A Pol\u00edcia Civil do Distrito Federal (PCDF), por meio da 15\u00aa Delegacia de Pol\u00edcia, deflagrou a Opera\u00e7\u00e3o Angriff e apreendeu em flagrante um adolescente de 14 anos pela pr\u00e1tica de ato infracional an\u00e1logo ao crime de tentativa de homic\u00eddio qualificado, ocorrido no final da noite de domingo (1) na QNN 7, em Ceil\u00e2ndia\/DF, tendo como [&hellip;]\" \/>\n<meta property=\"og:url\" content=\"https:\/\/www.notibras.com\/site\/policia-prende-em-ceilandia-adolescente-que-tentou-matar-idoso\/\" \/>\n<meta property=\"og:site_name\" content=\"Notibras\" \/>\n<meta property=\"article:publisher\" content=\"https:\/\/www.facebook.com\/notibras\/\" \/>\n<meta property=\"article:published_time\" content=\"2026-02-04T03:15:30+00:00\" \/>\n<meta property=\"article:modified_time\" content=\"2026-02-04T08:35:41+00:00\" \/>\n<meta property=\"og:image\" content=\"https:\/\/www.notibras.com\/site\/wp-content\/uploads\/2026\/02\/WhatsApp-Image-2026-02-03-at-09.42.41.jpeg\" \/>\n\t<meta property=\"og:image:width\" content=\"1599\" \/>\n\t<meta property=\"og:image:height\" content=\"899\" \/>\n\t<meta property=\"og:image:type\" content=\"image\/jpeg\" \/>\n<meta name=\"author\" content=\"Eduardo Mart\u00ednez\" \/>\n<meta name=\"twitter:card\" content=\"summary_large_image\" \/>\n<meta name=\"twitter:creator\" content=\"@Notibras\" \/>\n<meta name=\"twitter:site\" content=\"@Notibras\" \/>\n<meta name=\"twitter:label1\" content=\"Escrito por\" \/>\n\t<meta name=\"twitter:data1\" content=\"Eduardo Mart\u00ednez\" \/>\n\t<meta name=\"twitter:label2\" content=\"Est. tempo de leitura\" \/>\n\t<meta name=\"twitter:data2\" content=\"4 minutos\" \/>\n<script type=\"application\/ld+json\" class=\"yoast-schema-graph\">{\"@context\":\"https:\/\/schema.org\",\"@graph\":[{\"@type\":\"Article\",\"@id\":\"https:\/\/www.notibras.com\/site\/policia-prende-em-ceilandia-adolescente-que-tentou-matar-idoso\/#article\",\"isPartOf\":{\"@id\":\"https:\/\/www.notibras.com\/site\/policia-prende-em-ceilandia-adolescente-que-tentou-matar-idoso\/\"},\"author\":{\"name\":\"Eduardo Mart\u00ednez\",\"@id\":\"https:\/\/www.notibras.com\/site\/#\/schema\/person\/5b7fabf2aedc3ada2105f03b22b4d3dd\"},\"headline\":\"Pol\u00edcia prende em Ceil\u00e2ndia adolescente que tentou matar idoso\",\"datePublished\":\"2026-02-04T03:15:30+00:00\",\"dateModified\":\"2026-02-04T08:35:41+00:00\",\"mainEntityOfPage\":{\"@id\":\"https:\/\/www.notibras.com\/site\/policia-prende-em-ceilandia-adolescente-que-tentou-matar-idoso\/\"},\"wordCount\":633,\"publisher\":{\"@id\":\"https:\/\/www.notibras.com\/site\/#organization\"},\"image\":{\"@id\":\"https:\/\/www.notibras.com\/site\/policia-prende-em-ceilandia-adolescente-que-tentou-matar-idoso\/#primaryimage\"},\"thumbnailUrl\":\"https:\/\/www.notibras.com\/site\/wp-content\/uploads\/2026\/02\/WhatsApp-Image-2026-02-03-at-09.42.41.jpeg\",\"articleSection\":[\"Quadradinho em Foco\"],\"inLanguage\":\"pt-BR\"},{\"@type\":\"WebPage\",\"@id\":\"https:\/\/www.notibras.com\/site\/policia-prende-em-ceilandia-adolescente-que-tentou-matar-idoso\/\",\"url\":\"https:\/\/www.notibras.com\/site\/policia-prende-em-ceilandia-adolescente-que-tentou-matar-idoso\/\",\"name\":\"Pol\u00edcia prende em Ceil\u00e2ndia adolescente que tentou matar idoso - Notibras\",\"isPartOf\":{\"@id\":\"https:\/\/www.notibras.com\/site\/#website\"},\"primaryImageOfPage\":{\"@id\":\"https:\/\/www.notibras.com\/site\/policia-prende-em-ceilandia-adolescente-que-tentou-matar-idoso\/#primaryimage\"},\"image\":{\"@id\":\"https:\/\/www.notibras.com\/site\/policia-prende-em-ceilandia-adolescente-que-tentou-matar-idoso\/#primaryimage\"},\"thumbnailUrl\":\"https:\/\/www.notibras.com\/site\/wp-content\/uploads\/2026\/02\/WhatsApp-Image-2026-02-03-at-09.42.41.jpeg\",\"datePublished\":\"2026-02-04T03:15:30+00:00\",\"dateModified\":\"2026-02-04T08:35:41+00:00\",\"breadcrumb\":{\"@id\":\"https:\/\/www.notibras.com\/site\/policia-prende-em-ceilandia-adolescente-que-tentou-matar-idoso\/#breadcrumb\"},\"inLanguage\":\"pt-BR\",\"potentialAction\":[{\"@type\":\"ReadAction\",\"target\":[\"https:\/\/www.notibras.com\/site\/policia-prende-em-ceilandia-adolescente-que-tentou-matar-idoso\/\"]}]},{\"@type\":\"ImageObject\",\"inLanguage\":\"pt-BR\",\"@id\":\"https:\/\/www.notibras.com\/site\/policia-prende-em-ceilandia-adolescente-que-tentou-matar-idoso\/#primaryimage\",\"url\":\"https:\/\/www.notibras.com\/site\/wp-content\/uploads\/2026\/02\/WhatsApp-Image-2026-02-03-at-09.42.41.jpeg\",\"contentUrl\":\"https:\/\/www.notibras.com\/site\/wp-content\/uploads\/2026\/02\/WhatsApp-Image-2026-02-03-at-09.42.41.jpeg\",\"width\":1599,\"height\":899},{\"@type\":\"BreadcrumbList\",\"@id\":\"https:\/\/www.notibras.com\/site\/policia-prende-em-ceilandia-adolescente-que-tentou-matar-idoso\/#breadcrumb\",\"itemListElement\":[{\"@type\":\"ListItem\",\"position\":1,\"name\":\"In\u00edcio\",\"item\":\"https:\/\/www.notibras.com\/site\/\"},{\"@type\":\"ListItem\",\"position\":2,\"name\":\"Pol\u00edcia prende em Ceil\u00e2ndia adolescente que tentou matar idoso\"}]},{\"@type\":\"WebSite\",\"@id\":\"https:\/\/www.notibras.com\/site\/#website\",\"url\":\"https:\/\/www.notibras.com\/site\/\",\"name\":\"Notibras\",\"description\":\"Not\u00edcias de Bras\u00edlia, do Brasil e do Mundo\",\"publisher\":{\"@id\":\"https:\/\/www.notibras.com\/site\/#organization\"},\"potentialAction\":[{\"@type\":\"SearchAction\",\"target\":{\"@type\":\"EntryPoint\",\"urlTemplate\":\"https:\/\/www.notibras.com\/site\/?s={search_term_string}\"},\"query-input\":{\"@type\":\"PropertyValueSpecification\",\"valueRequired\":true,\"valueName\":\"search_term_string\"}}],\"inLanguage\":\"pt-BR\"},{\"@type\":\"Organization\",\"@id\":\"https:\/\/www.notibras.com\/site\/#organization\",\"name\":\"Grupo Notibras de Comunica\u00e7\u00e3o\",\"url\":\"https:\/\/www.notibras.com\/site\/\",\"logo\":{\"@type\":\"ImageObject\",\"inLanguage\":\"pt-BR\",\"@id\":\"https:\/\/www.notibras.com\/site\/#\/schema\/logo\/image\/\",\"url\":\"https:\/\/www.notibras.com\/site\/wp-content\/uploads\/2023\/01\/notibras23.png\",\"contentUrl\":\"https:\/\/www.notibras.com\/site\/wp-content\/uploads\/2023\/01\/notibras23.png\",\"width\":350,\"height\":87,\"caption\":\"Grupo Notibras de Comunica\u00e7\u00e3o\"},\"image\":{\"@id\":\"https:\/\/www.notibras.com\/site\/#\/schema\/logo\/image\/\"},\"sameAs\":[\"https:\/\/www.facebook.com\/notibras\/\",\"https:\/\/x.com\/Notibras\",\"https:\/\/www.instagram.com\/notibras\/\"]},{\"@type\":\"Person\",\"@id\":\"https:\/\/www.notibras.com\/site\/#\/schema\/person\/5b7fabf2aedc3ada2105f03b22b4d3dd\",\"name\":\"Eduardo Mart\u00ednez\",\"image\":{\"@type\":\"ImageObject\",\"inLanguage\":\"pt-BR\",\"@id\":\"https:\/\/secure.gravatar.com\/avatar\/7902f906289926289cbcda644b5197c796b893c6ffd7b9a536a42d290f7704a0?s=96&d=mm&r=g\",\"url\":\"https:\/\/secure.gravatar.com\/avatar\/7902f906289926289cbcda644b5197c796b893c6ffd7b9a536a42d290f7704a0?s=96&d=mm&r=g\",\"contentUrl\":\"https:\/\/secure.gravatar.com\/avatar\/7902f906289926289cbcda644b5197c796b893c6ffd7b9a536a42d290f7704a0?s=96&d=mm&r=g\",\"caption\":\"Eduardo Mart\u00ednez\"}}]}<\/script>\n<!-- \/ Yoast SEO plugin. -->","yoast_head_json":{"title":"Pol\u00edcia prende em Ceil\u00e2ndia adolescente que tentou matar idoso - Notibras","robots":{"index":"index","follow":"follow","max-snippet":"max-snippet:-1","max-image-preview":"max-image-preview:large","max-video-preview":"max-video-preview:-1"},"canonical":"https:\/\/www.notibras.com\/site\/policia-prende-em-ceilandia-adolescente-que-tentou-matar-idoso\/","og_locale":"pt_BR","og_type":"article","og_title":"Pol\u00edcia prende em Ceil\u00e2ndia adolescente que tentou matar idoso - Notibras","og_description":"A Pol\u00edcia Civil do Distrito Federal (PCDF), por meio da 15\u00aa Delegacia de Pol\u00edcia, deflagrou a Opera\u00e7\u00e3o Angriff e apreendeu em flagrante um adolescente de 14 anos pela pr\u00e1tica de ato infracional an\u00e1logo ao crime de tentativa de homic\u00eddio qualificado, ocorrido no final da noite de domingo (1) na QNN 7, em Ceil\u00e2ndia\/DF, tendo como [&hellip;]","og_url":"https:\/\/www.notibras.com\/site\/policia-prende-em-ceilandia-adolescente-que-tentou-matar-idoso\/","og_site_name":"Notibras","article_publisher":"https:\/\/www.facebook.com\/notibras\/","article_published_time":"2026-02-04T03:15:30+00:00","article_modified_time":"2026-02-04T08:35:41+00:00","og_image":[{"width":1599,"height":899,"url":"https:\/\/www.notibras.com\/site\/wp-content\/uploads\/2026\/02\/WhatsApp-Image-2026-02-03-at-09.42.41.jpeg","type":"image\/jpeg"}],"author":"Eduardo Mart\u00ednez","twitter_card":"summary_large_image","twitter_creator":"@Notibras","twitter_site":"@Notibras","twitter_misc":{"Escrito por":"Eduardo Mart\u00ednez","Est. tempo de leitura":"4 minutos"},"schema":{"@context":"https:\/\/schema.org","@graph":[{"@type":"Article","@id":"https:\/\/www.notibras.com\/site\/policia-prende-em-ceilandia-adolescente-que-tentou-matar-idoso\/#article","isPartOf":{"@id":"https:\/\/www.notibras.com\/site\/policia-prende-em-ceilandia-adolescente-que-tentou-matar-idoso\/"},"author":{"name":"Eduardo Mart\u00ednez","@id":"https:\/\/www.notibras.com\/site\/#\/schema\/person\/5b7fabf2aedc3ada2105f03b22b4d3dd"},"headline":"Pol\u00edcia prende em Ceil\u00e2ndia adolescente que tentou matar idoso","datePublished":"2026-02-04T03:15:30+00:00","dateModified":"2026-02-04T08:35:41+00:00","mainEntityOfPage":{"@id":"https:\/\/www.notibras.com\/site\/policia-prende-em-ceilandia-adolescente-que-tentou-matar-idoso\/"},"wordCount":633,"publisher":{"@id":"https:\/\/www.notibras.com\/site\/#organization"},"image":{"@id":"https:\/\/www.notibras.com\/site\/policia-prende-em-ceilandia-adolescente-que-tentou-matar-idoso\/#primaryimage"},"thumbnailUrl":"https:\/\/www.notibras.com\/site\/wp-content\/uploads\/2026\/02\/WhatsApp-Image-2026-02-03-at-09.42.41.jpeg","articleSection":["Quadradinho em Foco"],"inLanguage":"pt-BR"},{"@type":"WebPage","@id":"https:\/\/www.notibras.com\/site\/policia-prende-em-ceilandia-adolescente-que-tentou-matar-idoso\/","url":"https:\/\/www.notibras.com\/site\/policia-prende-em-ceilandia-adolescente-que-tentou-matar-idoso\/","name":"Pol\u00edcia prende em Ceil\u00e2ndia adolescente que tentou matar idoso - Notibras","isPartOf":{"@id":"https:\/\/www.notibras.com\/site\/#website"},"primaryImageOfPage":{"@id":"https:\/\/www.notibras.com\/site\/policia-prende-em-ceilandia-adolescente-que-tentou-matar-idoso\/#primaryimage"},"image":{"@id":"https:\/\/www.notibras.com\/site\/policia-prende-em-ceilandia-adolescente-que-tentou-matar-idoso\/#primaryimage"},"thumbnailUrl":"https:\/\/www.notibras.com\/site\/wp-content\/uploads\/2026\/02\/WhatsApp-Image-2026-02-03-at-09.42.41.jpeg","datePublished":"2026-02-04T03:15:30+00:00","dateModified":"2026-02-04T08:35:41+00:00","breadcrumb":{"@id":"https:\/\/www.notibras.com\/site\/policia-prende-em-ceilandia-adolescente-que-tentou-matar-idoso\/#breadcrumb"},"inLanguage":"pt-BR","potentialAction":[{"@type":"ReadAction","target":["https:\/\/www.notibras.com\/site\/policia-prende-em-ceilandia-adolescente-que-tentou-matar-idoso\/"]}]},{"@type":"ImageObject","inLanguage":"pt-BR","@id":"https:\/\/www.notibras.com\/site\/policia-prende-em-ceilandia-adolescente-que-tentou-matar-idoso\/#primaryimage","url":"https:\/\/www.notibras.com\/site\/wp-content\/uploads\/2026\/02\/WhatsApp-Image-2026-02-03-at-09.42.41.jpeg","contentUrl":"https:\/\/www.notibras.com\/site\/wp-content\/uploads\/2026\/02\/WhatsApp-Image-2026-02-03-at-09.42.41.jpeg","width":1599,"height":899},{"@type":"BreadcrumbList","@id":"https:\/\/www.notibras.com\/site\/policia-prende-em-ceilandia-adolescente-que-tentou-matar-idoso\/#breadcrumb","itemListElement":[{"@type":"ListItem","position":1,"name":"In\u00edcio","item":"https:\/\/www.notibras.com\/site\/"},{"@type":"ListItem","position":2,"name":"Pol\u00edcia prende em Ceil\u00e2ndia adolescente que tentou matar idoso"}]},{"@type":"WebSite","@id":"https:\/\/www.notibras.com\/site\/#website","url":"https:\/\/www.notibras.com\/site\/","name":"Notibras","description":"Not\u00edcias de Bras\u00edlia, do Brasil e do Mundo","publisher":{"@id":"https:\/\/www.notibras.com\/site\/#organization"},"potentialAction":[{"@type":"SearchAction","target":{"@type":"EntryPoint","urlTemplate":"https:\/\/www.notibras.com\/site\/?s={search_term_string}"},"query-input":{"@type":"PropertyValueSpecification","valueRequired":true,"valueName":"search_term_string"}}],"inLanguage":"pt-BR"},{"@type":"Organization","@id":"https:\/\/www.notibras.com\/site\/#organization","name":"Grupo Notibras de Comunica\u00e7\u00e3o","url":"https:\/\/www.notibras.com\/site\/","logo":{"@type":"ImageObject","inLanguage":"pt-BR","@id":"https:\/\/www.notibras.com\/site\/#\/schema\/logo\/image\/","url":"https:\/\/www.notibras.com\/site\/wp-content\/uploads\/2023\/01\/notibras23.png","contentUrl":"https:\/\/www.notibras.com\/site\/wp-content\/uploads\/2023\/01\/notibras23.png","width":350,"height":87,"caption":"Grupo Notibras de Comunica\u00e7\u00e3o"},"image":{"@id":"https:\/\/www.notibras.com\/site\/#\/schema\/logo\/image\/"},"sameAs":["https:\/\/www.facebook.com\/notibras\/","https:\/\/x.com\/Notibras","https:\/\/www.instagram.com\/notibras\/"]},{"@type":"Person","@id":"https:\/\/www.notibras.com\/site\/#\/schema\/person\/5b7fabf2aedc3ada2105f03b22b4d3dd","name":"Eduardo Mart\u00ednez","image":{"@type":"ImageObject","inLanguage":"pt-BR","@id":"https:\/\/secure.gravatar.com\/avatar\/7902f906289926289cbcda644b5197c796b893c6ffd7b9a536a42d290f7704a0?s=96&d=mm&r=g","url":"https:\/\/secure.gravatar.com\/avatar\/7902f906289926289cbcda644b5197c796b893c6ffd7b9a536a42d290f7704a0?s=96&d=mm&r=g","contentUrl":"https:\/\/secure.gravatar.com\/avatar\/7902f906289926289cbcda644b5197c796b893c6ffd7b9a536a42d290f7704a0?s=96&d=mm&r=g","caption":"Eduardo Mart\u00ednez"}}]}},"amp_enabled":true,"_links":{"self":[{"href":"https:\/\/www.notibras.com\/site\/wp-json\/wp\/v2\/posts\/381773","targetHints":{"allow":["GET"]}}],"collection":[{"href":"https:\/\/www.notibras.com\/site\/wp-json\/wp\/v2\/posts"}],"about":[{"href":"https:\/\/www.notibras.com\/site\/wp-json\/wp\/v2\/types\/post"}],"author":[{"embeddable":true,"href":"https:\/\/www.notibras.com\/site\/wp-json\/wp\/v2\/users\/21"}],"replies":[{"embeddable":true,"href":"https:\/\/www.notibras.com\/site\/wp-json\/wp\/v2\/comments?post=381773"}],"version-history":[{"count":3,"href":"https:\/\/www.notibras.com\/site\/wp-json\/wp\/v2\/posts\/381773\/revisions"}],"predecessor-version":[{"id":381826,"href":"https:\/\/www.notibras.com\/site\/wp-json\/wp\/v2\/posts\/381773\/revisions\/381826"}],"wp:featuredmedia":[{"embeddable":true,"href":"https:\/\/www.notibras.com\/site\/wp-json\/wp\/v2\/media\/381774"}],"wp:attachment":[{"href":"https:\/\/www.notibras.com\/site\/wp-json\/wp\/v2\/media?parent=381773"}],"wp:term":[{"taxonomy":"category","embeddable":true,"href":"https:\/\/www.notibras.com\/site\/wp-json\/wp\/v2\/categories?post=381773"},{"taxonomy":"post_tag","embeddable":true,"href":"https:\/\/www.notibras.com\/site\/wp-json\/wp\/v2\/tags?post=381773"}],"curies":[{"name":"wp","href":"https:\/\/api.w.org\/{rel}","templated":true}]}}