{"id":381778,"date":"2026-02-04T01:00:04","date_gmt":"2026-02-04T04:00:04","guid":{"rendered":"https:\/\/www.notibras.com\/site\/?p=381778"},"modified":"2026-02-03T22:23:09","modified_gmt":"2026-02-04T01:23:09","slug":"piloto-preso-em-cela-especial-gera-polemica","status":"publish","type":"post","link":"https:\/\/www.notibras.com\/site\/piloto-preso-em-cela-especial-gera-polemica\/","title":{"rendered":"Piloto preso em cela especial gera pol\u00eamica"},"content":{"rendered":"<p>O piloto Pedro Arthur Turra Basso, de 19 abism est\u00e1 preso no Complexo Penitenci\u00e1rio da Papuda, no Distrito Federal, acusado de agredir um adolescente de 16 anos ap\u00f3s uma briga por um chiclete. No entanto, a pris\u00e3o de Turra em uma cela especial gerou pol\u00eamica e questionamentos sobre tratamento diferenciado.<\/p>\n<p>A Justi\u00e7a do Distrito Federal determinou que a dire\u00e7\u00e3o do Complexo Penitenci\u00e1rio da Papuda avalie, nos pr\u00f3ximos dias, se Turra deve ser mantido em uma cela individual e afastado dos demais detentos. A decis\u00e3o foi tomada ap\u00f3s a defesa de Turra relatar amea\u00e7as feitas por policiais e por outros presos.<\/p>\n<p>O desembargador Diaulas Ribeiro, que negou habeas corpus e manteve a pris\u00e3o de Turra, refor\u00e7ou que o piloto n\u00e3o tem direito a pris\u00e3o especial. &#8220;O seu direito, sob encarceramento, \u00e9 o de ter inc\u00f3lume sua integridade f\u00edsica. Por enquanto, mantenho a pris\u00e3o em cela individual, sujeitando-o, contudo, \u00e0s mesmas condi\u00e7\u00f5es dos demais presos&#8221;, disse o magistrado.<\/p>\n<p>A fam\u00edlia do adolescente agredido est\u00e1 torcendo por sua recupera\u00e7\u00e3o. O jovem est\u00e1 em coma induzido, sedado, entubado e sem previs\u00e3o de alta. A defesa do adolescente lamentou a decis\u00e3o de transferir Turra para uma cela especial, considerando que isso refor\u00e7a a sensa\u00e7\u00e3o de privil\u00e9gio e tratamento diferenciado.<\/p>\n<p>Turra j\u00e1 \u00e9 investigado por quatro den\u00fancias de agress\u00e3o e tentativa de dar bebida a uma jovem menor de idade. Ele foi desligado do quadro de pilotos da temporada 2026 da F\u00f3rmula Delta, na categoria escola.<\/p>\n<p>A dire\u00e7\u00e3o do Complexo Penitenci\u00e1rio da Papuda tem cinco dias \u00fateis para responder ao questionamento do magistrado. At\u00e9 l\u00e1, a ordem \u00e9 para que Pedro Turra permane\u00e7a isolado &#8220;para resguardar a sua integridade&#8221;.<\/p>\n","protected":false},"excerpt":{"rendered":"<p>O piloto Pedro Arthur Turra Basso, de 19 abism est\u00e1 preso no Complexo Penitenci\u00e1rio da Papuda, no Distrito Federal, acusado de agredir um adolescente de 16 anos ap\u00f3s uma briga por um chiclete. No entanto, a pris\u00e3o de Turra em uma cela especial gerou pol\u00eamica e questionamentos sobre tratamento diferenciado. A Justi\u00e7a do Distrito Federal [&hellip;]<\/p>\n","protected":false},"author":21,"featured_media":381779,"comment_status":"closed","ping_status":"closed","sticky":false,"template":"","format":"standard","meta":{"_acf_changed":false,"footnotes":""},"categories":[161],"tags":[],"class_list":["post-381778","post","type-post","status-publish","format-standard","has-post-thumbnail","hentry","category-quadradinho-em-foco"],"acf":[],"yoast_head":"<!-- This site is optimized with the Yoast SEO plugin v27.2 - https:\/\/yoast.com\/product\/yoast-seo-wordpress\/ -->\n<title>Piloto preso em cela especial gera pol\u00eamica - Notibras<\/title>\n<meta name=\"robots\" content=\"index, follow, max-snippet:-1, max-image-preview:large, max-video-preview:-1\" \/>\n<link rel=\"canonical\" href=\"https:\/\/www.notibras.com\/site\/piloto-preso-em-cela-especial-gera-polemica\/\" \/>\n<meta property=\"og:locale\" content=\"pt_BR\" \/>\n<meta property=\"og:type\" content=\"article\" \/>\n<meta property=\"og:title\" content=\"Piloto preso em cela especial gera pol\u00eamica - Notibras\" \/>\n<meta property=\"og:description\" content=\"O piloto Pedro Arthur Turra Basso, de 19 abism est\u00e1 preso no Complexo Penitenci\u00e1rio da Papuda, no Distrito Federal, acusado de agredir um adolescente de 16 anos ap\u00f3s uma briga por um chiclete. No entanto, a pris\u00e3o de Turra em uma cela especial gerou pol\u00eamica e questionamentos sobre tratamento diferenciado. A Justi\u00e7a do Distrito Federal [&hellip;]\" \/>\n<meta property=\"og:url\" content=\"https:\/\/www.notibras.com\/site\/piloto-preso-em-cela-especial-gera-polemica\/\" \/>\n<meta property=\"og:site_name\" content=\"Notibras\" \/>\n<meta property=\"article:publisher\" content=\"https:\/\/www.facebook.com\/notibras\/\" \/>\n<meta property=\"article:published_time\" content=\"2026-02-04T04:00:04+00:00\" \/>\n<meta property=\"og:image\" content=\"https:\/\/www.notibras.com\/site\/wp-content\/uploads\/2026\/02\/pedro-arthur-turra-basso-foi-preso-novamente-apos-agredir-adolescente-6e79a6ccf73389dc.jpg\" \/>\n\t<meta property=\"og:image:width\" content=\"785\" \/>\n\t<meta property=\"og:image:height\" content=\"435\" \/>\n\t<meta property=\"og:image:type\" content=\"image\/jpeg\" \/>\n<meta name=\"author\" content=\"Eduardo Mart\u00ednez\" \/>\n<meta name=\"twitter:card\" content=\"summary_large_image\" \/>\n<meta name=\"twitter:creator\" content=\"@Notibras\" \/>\n<meta name=\"twitter:site\" content=\"@Notibras\" \/>\n<meta name=\"twitter:label1\" content=\"Escrito por\" \/>\n\t<meta name=\"twitter:data1\" content=\"Eduardo Mart\u00ednez\" \/>\n\t<meta name=\"twitter:label2\" content=\"Est. tempo de leitura\" \/>\n\t<meta name=\"twitter:data2\" content=\"2 minutos\" \/>\n<script type=\"application\/ld+json\" class=\"yoast-schema-graph\">{\"@context\":\"https:\/\/schema.org\",\"@graph\":[{\"@type\":\"Article\",\"@id\":\"https:\/\/www.notibras.com\/site\/piloto-preso-em-cela-especial-gera-polemica\/#article\",\"isPartOf\":{\"@id\":\"https:\/\/www.notibras.com\/site\/piloto-preso-em-cela-especial-gera-polemica\/\"},\"author\":{\"name\":\"Eduardo Mart\u00ednez\",\"@id\":\"https:\/\/www.notibras.com\/site\/#\/schema\/person\/5b7fabf2aedc3ada2105f03b22b4d3dd\"},\"headline\":\"Piloto preso em cela especial gera pol\u00eamica\",\"datePublished\":\"2026-02-04T04:00:04+00:00\",\"mainEntityOfPage\":{\"@id\":\"https:\/\/www.notibras.com\/site\/piloto-preso-em-cela-especial-gera-polemica\/\"},\"wordCount\":307,\"publisher\":{\"@id\":\"https:\/\/www.notibras.com\/site\/#organization\"},\"image\":{\"@id\":\"https:\/\/www.notibras.com\/site\/piloto-preso-em-cela-especial-gera-polemica\/#primaryimage\"},\"thumbnailUrl\":\"https:\/\/www.notibras.com\/site\/wp-content\/uploads\/2026\/02\/pedro-arthur-turra-basso-foi-preso-novamente-apos-agredir-adolescente-6e79a6ccf73389dc.jpg\",\"articleSection\":[\"Quadradinho em Foco\"],\"inLanguage\":\"pt-BR\"},{\"@type\":\"WebPage\",\"@id\":\"https:\/\/www.notibras.com\/site\/piloto-preso-em-cela-especial-gera-polemica\/\",\"url\":\"https:\/\/www.notibras.com\/site\/piloto-preso-em-cela-especial-gera-polemica\/\",\"name\":\"Piloto preso em cela especial gera pol\u00eamica - Notibras\",\"isPartOf\":{\"@id\":\"https:\/\/www.notibras.com\/site\/#website\"},\"primaryImageOfPage\":{\"@id\":\"https:\/\/www.notibras.com\/site\/piloto-preso-em-cela-especial-gera-polemica\/#primaryimage\"},\"image\":{\"@id\":\"https:\/\/www.notibras.com\/site\/piloto-preso-em-cela-especial-gera-polemica\/#primaryimage\"},\"thumbnailUrl\":\"https:\/\/www.notibras.com\/site\/wp-content\/uploads\/2026\/02\/pedro-arthur-turra-basso-foi-preso-novamente-apos-agredir-adolescente-6e79a6ccf73389dc.jpg\",\"datePublished\":\"2026-02-04T04:00:04+00:00\",\"breadcrumb\":{\"@id\":\"https:\/\/www.notibras.com\/site\/piloto-preso-em-cela-especial-gera-polemica\/#breadcrumb\"},\"inLanguage\":\"pt-BR\",\"potentialAction\":[{\"@type\":\"ReadAction\",\"target\":[\"https:\/\/www.notibras.com\/site\/piloto-preso-em-cela-especial-gera-polemica\/\"]}]},{\"@type\":\"ImageObject\",\"inLanguage\":\"pt-BR\",\"@id\":\"https:\/\/www.notibras.com\/site\/piloto-preso-em-cela-especial-gera-polemica\/#primaryimage\",\"url\":\"https:\/\/www.notibras.com\/site\/wp-content\/uploads\/2026\/02\/pedro-arthur-turra-basso-foi-preso-novamente-apos-agredir-adolescente-6e79a6ccf73389dc.jpg\",\"contentUrl\":\"https:\/\/www.notibras.com\/site\/wp-content\/uploads\/2026\/02\/pedro-arthur-turra-basso-foi-preso-novamente-apos-agredir-adolescente-6e79a6ccf73389dc.jpg\",\"width\":785,\"height\":435},{\"@type\":\"BreadcrumbList\",\"@id\":\"https:\/\/www.notibras.com\/site\/piloto-preso-em-cela-especial-gera-polemica\/#breadcrumb\",\"itemListElement\":[{\"@type\":\"ListItem\",\"position\":1,\"name\":\"In\u00edcio\",\"item\":\"https:\/\/www.notibras.com\/site\/\"},{\"@type\":\"ListItem\",\"position\":2,\"name\":\"Piloto preso em cela especial gera pol\u00eamica\"}]},{\"@type\":\"WebSite\",\"@id\":\"https:\/\/www.notibras.com\/site\/#website\",\"url\":\"https:\/\/www.notibras.com\/site\/\",\"name\":\"Notibras\",\"description\":\"Not\u00edcias de Bras\u00edlia, do Brasil e do Mundo\",\"publisher\":{\"@id\":\"https:\/\/www.notibras.com\/site\/#organization\"},\"potentialAction\":[{\"@type\":\"SearchAction\",\"target\":{\"@type\":\"EntryPoint\",\"urlTemplate\":\"https:\/\/www.notibras.com\/site\/?s={search_term_string}\"},\"query-input\":{\"@type\":\"PropertyValueSpecification\",\"valueRequired\":true,\"valueName\":\"search_term_string\"}}],\"inLanguage\":\"pt-BR\"},{\"@type\":\"Organization\",\"@id\":\"https:\/\/www.notibras.com\/site\/#organization\",\"name\":\"Grupo Notibras de Comunica\u00e7\u00e3o\",\"url\":\"https:\/\/www.notibras.com\/site\/\",\"logo\":{\"@type\":\"ImageObject\",\"inLanguage\":\"pt-BR\",\"@id\":\"https:\/\/www.notibras.com\/site\/#\/schema\/logo\/image\/\",\"url\":\"https:\/\/www.notibras.com\/site\/wp-content\/uploads\/2023\/01\/notibras23.png\",\"contentUrl\":\"https:\/\/www.notibras.com\/site\/wp-content\/uploads\/2023\/01\/notibras23.png\",\"width\":350,\"height\":87,\"caption\":\"Grupo Notibras de Comunica\u00e7\u00e3o\"},\"image\":{\"@id\":\"https:\/\/www.notibras.com\/site\/#\/schema\/logo\/image\/\"},\"sameAs\":[\"https:\/\/www.facebook.com\/notibras\/\",\"https:\/\/x.com\/Notibras\",\"https:\/\/www.instagram.com\/notibras\/\"]},{\"@type\":\"Person\",\"@id\":\"https:\/\/www.notibras.com\/site\/#\/schema\/person\/5b7fabf2aedc3ada2105f03b22b4d3dd\",\"name\":\"Eduardo Mart\u00ednez\",\"image\":{\"@type\":\"ImageObject\",\"inLanguage\":\"pt-BR\",\"@id\":\"https:\/\/secure.gravatar.com\/avatar\/7902f906289926289cbcda644b5197c796b893c6ffd7b9a536a42d290f7704a0?s=96&d=mm&r=g\",\"url\":\"https:\/\/secure.gravatar.com\/avatar\/7902f906289926289cbcda644b5197c796b893c6ffd7b9a536a42d290f7704a0?s=96&d=mm&r=g\",\"contentUrl\":\"https:\/\/secure.gravatar.com\/avatar\/7902f906289926289cbcda644b5197c796b893c6ffd7b9a536a42d290f7704a0?s=96&d=mm&r=g\",\"caption\":\"Eduardo Mart\u00ednez\"}}]}<\/script>\n<!-- \/ Yoast SEO plugin. -->","yoast_head_json":{"title":"Piloto preso em cela especial gera pol\u00eamica - Notibras","robots":{"index":"index","follow":"follow","max-snippet":"max-snippet:-1","max-image-preview":"max-image-preview:large","max-video-preview":"max-video-preview:-1"},"canonical":"https:\/\/www.notibras.com\/site\/piloto-preso-em-cela-especial-gera-polemica\/","og_locale":"pt_BR","og_type":"article","og_title":"Piloto preso em cela especial gera pol\u00eamica - Notibras","og_description":"O piloto Pedro Arthur Turra Basso, de 19 abism est\u00e1 preso no Complexo Penitenci\u00e1rio da Papuda, no Distrito Federal, acusado de agredir um adolescente de 16 anos ap\u00f3s uma briga por um chiclete. No entanto, a pris\u00e3o de Turra em uma cela especial gerou pol\u00eamica e questionamentos sobre tratamento diferenciado. A Justi\u00e7a do Distrito Federal [&hellip;]","og_url":"https:\/\/www.notibras.com\/site\/piloto-preso-em-cela-especial-gera-polemica\/","og_site_name":"Notibras","article_publisher":"https:\/\/www.facebook.com\/notibras\/","article_published_time":"2026-02-04T04:00:04+00:00","og_image":[{"width":785,"height":435,"url":"https:\/\/www.notibras.com\/site\/wp-content\/uploads\/2026\/02\/pedro-arthur-turra-basso-foi-preso-novamente-apos-agredir-adolescente-6e79a6ccf73389dc.jpg","type":"image\/jpeg"}],"author":"Eduardo Mart\u00ednez","twitter_card":"summary_large_image","twitter_creator":"@Notibras","twitter_site":"@Notibras","twitter_misc":{"Escrito por":"Eduardo Mart\u00ednez","Est. tempo de leitura":"2 minutos"},"schema":{"@context":"https:\/\/schema.org","@graph":[{"@type":"Article","@id":"https:\/\/www.notibras.com\/site\/piloto-preso-em-cela-especial-gera-polemica\/#article","isPartOf":{"@id":"https:\/\/www.notibras.com\/site\/piloto-preso-em-cela-especial-gera-polemica\/"},"author":{"name":"Eduardo Mart\u00ednez","@id":"https:\/\/www.notibras.com\/site\/#\/schema\/person\/5b7fabf2aedc3ada2105f03b22b4d3dd"},"headline":"Piloto preso em cela especial gera pol\u00eamica","datePublished":"2026-02-04T04:00:04+00:00","mainEntityOfPage":{"@id":"https:\/\/www.notibras.com\/site\/piloto-preso-em-cela-especial-gera-polemica\/"},"wordCount":307,"publisher":{"@id":"https:\/\/www.notibras.com\/site\/#organization"},"image":{"@id":"https:\/\/www.notibras.com\/site\/piloto-preso-em-cela-especial-gera-polemica\/#primaryimage"},"thumbnailUrl":"https:\/\/www.notibras.com\/site\/wp-content\/uploads\/2026\/02\/pedro-arthur-turra-basso-foi-preso-novamente-apos-agredir-adolescente-6e79a6ccf73389dc.jpg","articleSection":["Quadradinho em Foco"],"inLanguage":"pt-BR"},{"@type":"WebPage","@id":"https:\/\/www.notibras.com\/site\/piloto-preso-em-cela-especial-gera-polemica\/","url":"https:\/\/www.notibras.com\/site\/piloto-preso-em-cela-especial-gera-polemica\/","name":"Piloto preso em cela especial gera pol\u00eamica - Notibras","isPartOf":{"@id":"https:\/\/www.notibras.com\/site\/#website"},"primaryImageOfPage":{"@id":"https:\/\/www.notibras.com\/site\/piloto-preso-em-cela-especial-gera-polemica\/#primaryimage"},"image":{"@id":"https:\/\/www.notibras.com\/site\/piloto-preso-em-cela-especial-gera-polemica\/#primaryimage"},"thumbnailUrl":"https:\/\/www.notibras.com\/site\/wp-content\/uploads\/2026\/02\/pedro-arthur-turra-basso-foi-preso-novamente-apos-agredir-adolescente-6e79a6ccf73389dc.jpg","datePublished":"2026-02-04T04:00:04+00:00","breadcrumb":{"@id":"https:\/\/www.notibras.com\/site\/piloto-preso-em-cela-especial-gera-polemica\/#breadcrumb"},"inLanguage":"pt-BR","potentialAction":[{"@type":"ReadAction","target":["https:\/\/www.notibras.com\/site\/piloto-preso-em-cela-especial-gera-polemica\/"]}]},{"@type":"ImageObject","inLanguage":"pt-BR","@id":"https:\/\/www.notibras.com\/site\/piloto-preso-em-cela-especial-gera-polemica\/#primaryimage","url":"https:\/\/www.notibras.com\/site\/wp-content\/uploads\/2026\/02\/pedro-arthur-turra-basso-foi-preso-novamente-apos-agredir-adolescente-6e79a6ccf73389dc.jpg","contentUrl":"https:\/\/www.notibras.com\/site\/wp-content\/uploads\/2026\/02\/pedro-arthur-turra-basso-foi-preso-novamente-apos-agredir-adolescente-6e79a6ccf73389dc.jpg","width":785,"height":435},{"@type":"BreadcrumbList","@id":"https:\/\/www.notibras.com\/site\/piloto-preso-em-cela-especial-gera-polemica\/#breadcrumb","itemListElement":[{"@type":"ListItem","position":1,"name":"In\u00edcio","item":"https:\/\/www.notibras.com\/site\/"},{"@type":"ListItem","position":2,"name":"Piloto preso em cela especial gera pol\u00eamica"}]},{"@type":"WebSite","@id":"https:\/\/www.notibras.com\/site\/#website","url":"https:\/\/www.notibras.com\/site\/","name":"Notibras","description":"Not\u00edcias de Bras\u00edlia, do Brasil e do Mundo","publisher":{"@id":"https:\/\/www.notibras.com\/site\/#organization"},"potentialAction":[{"@type":"SearchAction","target":{"@type":"EntryPoint","urlTemplate":"https:\/\/www.notibras.com\/site\/?s={search_term_string}"},"query-input":{"@type":"PropertyValueSpecification","valueRequired":true,"valueName":"search_term_string"}}],"inLanguage":"pt-BR"},{"@type":"Organization","@id":"https:\/\/www.notibras.com\/site\/#organization","name":"Grupo Notibras de Comunica\u00e7\u00e3o","url":"https:\/\/www.notibras.com\/site\/","logo":{"@type":"ImageObject","inLanguage":"pt-BR","@id":"https:\/\/www.notibras.com\/site\/#\/schema\/logo\/image\/","url":"https:\/\/www.notibras.com\/site\/wp-content\/uploads\/2023\/01\/notibras23.png","contentUrl":"https:\/\/www.notibras.com\/site\/wp-content\/uploads\/2023\/01\/notibras23.png","width":350,"height":87,"caption":"Grupo Notibras de Comunica\u00e7\u00e3o"},"image":{"@id":"https:\/\/www.notibras.com\/site\/#\/schema\/logo\/image\/"},"sameAs":["https:\/\/www.facebook.com\/notibras\/","https:\/\/x.com\/Notibras","https:\/\/www.instagram.com\/notibras\/"]},{"@type":"Person","@id":"https:\/\/www.notibras.com\/site\/#\/schema\/person\/5b7fabf2aedc3ada2105f03b22b4d3dd","name":"Eduardo Mart\u00ednez","image":{"@type":"ImageObject","inLanguage":"pt-BR","@id":"https:\/\/secure.gravatar.com\/avatar\/7902f906289926289cbcda644b5197c796b893c6ffd7b9a536a42d290f7704a0?s=96&d=mm&r=g","url":"https:\/\/secure.gravatar.com\/avatar\/7902f906289926289cbcda644b5197c796b893c6ffd7b9a536a42d290f7704a0?s=96&d=mm&r=g","contentUrl":"https:\/\/secure.gravatar.com\/avatar\/7902f906289926289cbcda644b5197c796b893c6ffd7b9a536a42d290f7704a0?s=96&d=mm&r=g","caption":"Eduardo Mart\u00ednez"}}]}},"amp_enabled":true,"_links":{"self":[{"href":"https:\/\/www.notibras.com\/site\/wp-json\/wp\/v2\/posts\/381778","targetHints":{"allow":["GET"]}}],"collection":[{"href":"https:\/\/www.notibras.com\/site\/wp-json\/wp\/v2\/posts"}],"about":[{"href":"https:\/\/www.notibras.com\/site\/wp-json\/wp\/v2\/types\/post"}],"author":[{"embeddable":true,"href":"https:\/\/www.notibras.com\/site\/wp-json\/wp\/v2\/users\/21"}],"replies":[{"embeddable":true,"href":"https:\/\/www.notibras.com\/site\/wp-json\/wp\/v2\/comments?post=381778"}],"version-history":[{"count":3,"href":"https:\/\/www.notibras.com\/site\/wp-json\/wp\/v2\/posts\/381778\/revisions"}],"predecessor-version":[{"id":381782,"href":"https:\/\/www.notibras.com\/site\/wp-json\/wp\/v2\/posts\/381778\/revisions\/381782"}],"wp:featuredmedia":[{"embeddable":true,"href":"https:\/\/www.notibras.com\/site\/wp-json\/wp\/v2\/media\/381779"}],"wp:attachment":[{"href":"https:\/\/www.notibras.com\/site\/wp-json\/wp\/v2\/media?parent=381778"}],"wp:term":[{"taxonomy":"category","embeddable":true,"href":"https:\/\/www.notibras.com\/site\/wp-json\/wp\/v2\/categories?post=381778"},{"taxonomy":"post_tag","embeddable":true,"href":"https:\/\/www.notibras.com\/site\/wp-json\/wp\/v2\/tags?post=381778"}],"curies":[{"name":"wp","href":"https:\/\/api.w.org\/{rel}","templated":true}]}}