{"id":381788,"date":"2026-02-04T00:45:42","date_gmt":"2026-02-04T03:45:42","guid":{"rendered":"https:\/\/www.notibras.com\/site\/?p=381788"},"modified":"2026-02-03T22:38:05","modified_gmt":"2026-02-04T01:38:05","slug":"ampliacao-de-acoes-preventivas-na-rede-publica-de-ensino","status":"publish","type":"post","link":"https:\/\/www.notibras.com\/site\/ampliacao-de-acoes-preventivas-na-rede-publica-de-ensino\/","title":{"rendered":"Amplia\u00e7\u00e3o de a\u00e7\u00f5es preventivas na rede p\u00fablica de ensino"},"content":{"rendered":"<p>A Secretaria de Educa\u00e7\u00e3o (SEEDF) inicia o ano letivo fortalecendo um eixo estrat\u00e9gico voltado \u00e0 sa\u00fade, ao bem-estar e \u00e0 prote\u00e7\u00e3o integral dos estudantes. \u00c0 frente desse movimento, a Diretoria de Aten\u00e7\u00e3o \u00e0 Sa\u00fade do Estudante (Diase), em articula\u00e7\u00e3o com a Assessoria Especial de Cultura de Paz (AECP), estruturou um conjunto de projetos que chegam \u00e0s escolas com foco na promo\u00e7\u00e3o da sa\u00fade mental, na preven\u00e7\u00e3o de viol\u00eancias e no desenvolvimento de habilidades socioemocionais.<\/p>\n<p>Na \u00faltima semana, equipes das duas \u00e1reas reuniram-se para apresentar seus eixos de atua\u00e7\u00e3o e alinhar iniciativas que ser\u00e3o desenvolvidas ao longo de 2026 nas unidades da rede p\u00fablica. O objetivo \u00e9 antecipar riscos, fortalecer v\u00ednculos e contribuir para ambientes escolares mais seguros, acolhedores e saud\u00e1veis.<\/p>\n<p>Entre as novidades, est\u00e1 o projeto ECA em Movimento, que passa a integrar, pela primeira vez, o portf\u00f3lio de a\u00e7\u00f5es da rede p\u00fablica do DF. A iniciativa trabalha a educa\u00e7\u00e3o em direitos e refor\u00e7a o Estatuto da Crian\u00e7a e do Adolescente (ECA) como instrumento de cidadania no cotidiano escolar.<\/p>\n<p>Al\u00e9m dessa a\u00e7\u00e3o, a Diase desenvolve projetos como \u201cAcolhendo: di\u00e1logos em sa\u00fade mental\u201d, voltado \u00e0 promo\u00e7\u00e3o do cuidado emocional; \u201cFalando disso: caminhos para a preven\u00e7\u00e3o da viol\u00eancia de g\u00eanero\u201d, que estimula rela\u00e7\u00f5es saud\u00e1veis; e \u201cFalando disso com crian\u00e7as\u201d, com foco na preven\u00e7\u00e3o da viol\u00eancia sexual contra crian\u00e7as. As iniciativas integram o Programa de Sa\u00fade Mental dos Estudantes (PSME), que re\u00fane diretrizes e atividades para prevenir agravos, reduzir estigmas e fortalecer compet\u00eancias socioemocionais.<\/p>\n<p><strong>Impacto na Rede<\/strong><\/p>\n<p>Os dados dimensionam o alcance desse trabalho. Em 2025, o PSME registrou mais de 15 mil estudantes atendidos, al\u00e9m de familiares e profissionais da educa\u00e7\u00e3o, com oficinas, palestras e outras atividades realizadas em 11 regionais de ensino. J\u00e1 a Ger\u00eancia de Projetos de Sa\u00fade do Estudante contabiliza oito projetos em desenvolvimento e cerca de seis mil estudantes alcan\u00e7ados.<\/p>\n<p>Para a chefe da Assessoria de Cultura de Paz, Ana Beatriz Goldstein, a integra\u00e7\u00e3o entre as \u00e1reas amplia o impacto das iniciativas. \u201cQuando unimos esfor\u00e7os, conseguimos chegar \u00e0s escolas de forma mais organizada e potente. Cultura de paz, sa\u00fade mental e prote\u00e7\u00e3o integral caminham juntas. Nosso foco \u00e9 apoiar as equipes escolares e fortalecer pr\u00e1ticas que promovam o di\u00e1logo, o respeito e a preven\u00e7\u00e3o da viol\u00eancia desde cedo\u201d, afirma.<\/p>\n<p>A psic\u00f3loga Larisse Cavalcante, diretora de Atendimento e Apoio \u00e0 Sa\u00fade do Estudante, refor\u00e7a que o eixo central do trabalho \u00e9 preventivo e depende do engajamento das unidades escolares. \u201cJ\u00e1 estamos liberando as inscri\u00e7\u00f5es para os projetos que ser\u00e3o desenvolvidos ao longo de todo o ano. \u00c9 fundamental que diretores e gestores verifiquem os processos enviados no SEI [Sistema Eletr\u00f4nico de Informa\u00e7\u00f5es] e priorizem essa participa\u00e7\u00e3o, justamente para minimizar situa\u00e7\u00f5es mais graves. A ideia \u00e9 organizar um calend\u00e1rio cont\u00ednuo de a\u00e7\u00f5es com foco na preven\u00e7\u00e3o\u201d, explica.<\/p>\n<p>Al\u00e9m das atividades regulares, a Diase tamb\u00e9m atua em situa\u00e7\u00f5es de crise, como posven\u00e7\u00e3o ao suic\u00eddio e manejo de demais agravos, quando necess\u00e1rio. Com esse conjunto de iniciativas, a Secretaria de Educa\u00e7\u00e3o tem como objetivo iniciar o ano letivo com uma rede mais preparada para acolher, orientar e proteger seus estudantes, fortalecendo o cuidado integral e a perman\u00eancia dos alunos na escola.<\/p>\n","protected":false},"excerpt":{"rendered":"<p>A Secretaria de Educa\u00e7\u00e3o (SEEDF) inicia o ano letivo fortalecendo um eixo estrat\u00e9gico voltado \u00e0 sa\u00fade, ao bem-estar e \u00e0 prote\u00e7\u00e3o integral dos estudantes. \u00c0 frente desse movimento, a Diretoria de Aten\u00e7\u00e3o \u00e0 Sa\u00fade do Estudante (Diase), em articula\u00e7\u00e3o com a Assessoria Especial de Cultura de Paz (AECP), estruturou um conjunto de projetos que chegam [&hellip;]<\/p>\n","protected":false},"author":21,"featured_media":381790,"comment_status":"closed","ping_status":"closed","sticky":false,"template":"","format":"standard","meta":{"_acf_changed":false,"footnotes":""},"categories":[161],"tags":[],"class_list":["post-381788","post","type-post","status-publish","format-standard","has-post-thumbnail","hentry","category-quadradinho-em-foco"],"acf":[],"yoast_head":"<!-- This site is optimized with the Yoast SEO plugin v27.2 - https:\/\/yoast.com\/product\/yoast-seo-wordpress\/ -->\n<title>Amplia\u00e7\u00e3o de a\u00e7\u00f5es preventivas na rede p\u00fablica de ensino - Notibras<\/title>\n<meta name=\"robots\" content=\"index, follow, max-snippet:-1, max-image-preview:large, max-video-preview:-1\" \/>\n<link rel=\"canonical\" href=\"https:\/\/www.notibras.com\/site\/ampliacao-de-acoes-preventivas-na-rede-publica-de-ensino\/\" \/>\n<meta property=\"og:locale\" content=\"pt_BR\" \/>\n<meta property=\"og:type\" content=\"article\" \/>\n<meta property=\"og:title\" content=\"Amplia\u00e7\u00e3o de a\u00e7\u00f5es preventivas na rede p\u00fablica de ensino - Notibras\" \/>\n<meta property=\"og:description\" content=\"A Secretaria de Educa\u00e7\u00e3o (SEEDF) inicia o ano letivo fortalecendo um eixo estrat\u00e9gico voltado \u00e0 sa\u00fade, ao bem-estar e \u00e0 prote\u00e7\u00e3o integral dos estudantes. \u00c0 frente desse movimento, a Diretoria de Aten\u00e7\u00e3o \u00e0 Sa\u00fade do Estudante (Diase), em articula\u00e7\u00e3o com a Assessoria Especial de Cultura de Paz (AECP), estruturou um conjunto de projetos que chegam [&hellip;]\" \/>\n<meta property=\"og:url\" content=\"https:\/\/www.notibras.com\/site\/ampliacao-de-acoes-preventivas-na-rede-publica-de-ensino\/\" \/>\n<meta property=\"og:site_name\" content=\"Notibras\" \/>\n<meta property=\"article:publisher\" content=\"https:\/\/www.facebook.com\/notibras\/\" \/>\n<meta property=\"article:published_time\" content=\"2026-02-04T03:45:42+00:00\" \/>\n<meta property=\"og:image\" content=\"https:\/\/www.notibras.com\/site\/wp-content\/uploads\/2026\/02\/Foto-materia-saude-mental.jpeg\" \/>\n\t<meta property=\"og:image:width\" content=\"1600\" \/>\n\t<meta property=\"og:image:height\" content=\"1200\" \/>\n\t<meta property=\"og:image:type\" content=\"image\/jpeg\" \/>\n<meta name=\"author\" content=\"Eduardo Mart\u00ednez\" \/>\n<meta name=\"twitter:card\" content=\"summary_large_image\" \/>\n<meta name=\"twitter:creator\" content=\"@Notibras\" \/>\n<meta name=\"twitter:site\" content=\"@Notibras\" \/>\n<meta name=\"twitter:label1\" content=\"Escrito por\" \/>\n\t<meta name=\"twitter:data1\" content=\"Eduardo Mart\u00ednez\" \/>\n\t<meta name=\"twitter:label2\" content=\"Est. tempo de leitura\" \/>\n\t<meta name=\"twitter:data2\" content=\"4 minutos\" \/>\n<script type=\"application\/ld+json\" class=\"yoast-schema-graph\">{\"@context\":\"https:\/\/schema.org\",\"@graph\":[{\"@type\":\"Article\",\"@id\":\"https:\/\/www.notibras.com\/site\/ampliacao-de-acoes-preventivas-na-rede-publica-de-ensino\/#article\",\"isPartOf\":{\"@id\":\"https:\/\/www.notibras.com\/site\/ampliacao-de-acoes-preventivas-na-rede-publica-de-ensino\/\"},\"author\":{\"name\":\"Eduardo Mart\u00ednez\",\"@id\":\"https:\/\/www.notibras.com\/site\/#\/schema\/person\/5b7fabf2aedc3ada2105f03b22b4d3dd\"},\"headline\":\"Amplia\u00e7\u00e3o de a\u00e7\u00f5es preventivas na rede p\u00fablica de ensino\",\"datePublished\":\"2026-02-04T03:45:42+00:00\",\"mainEntityOfPage\":{\"@id\":\"https:\/\/www.notibras.com\/site\/ampliacao-de-acoes-preventivas-na-rede-publica-de-ensino\/\"},\"wordCount\":589,\"publisher\":{\"@id\":\"https:\/\/www.notibras.com\/site\/#organization\"},\"image\":{\"@id\":\"https:\/\/www.notibras.com\/site\/ampliacao-de-acoes-preventivas-na-rede-publica-de-ensino\/#primaryimage\"},\"thumbnailUrl\":\"https:\/\/www.notibras.com\/site\/wp-content\/uploads\/2026\/02\/Foto-materia-saude-mental.jpeg\",\"articleSection\":[\"Quadradinho em Foco\"],\"inLanguage\":\"pt-BR\"},{\"@type\":\"WebPage\",\"@id\":\"https:\/\/www.notibras.com\/site\/ampliacao-de-acoes-preventivas-na-rede-publica-de-ensino\/\",\"url\":\"https:\/\/www.notibras.com\/site\/ampliacao-de-acoes-preventivas-na-rede-publica-de-ensino\/\",\"name\":\"Amplia\u00e7\u00e3o de a\u00e7\u00f5es preventivas na rede p\u00fablica de ensino - Notibras\",\"isPartOf\":{\"@id\":\"https:\/\/www.notibras.com\/site\/#website\"},\"primaryImageOfPage\":{\"@id\":\"https:\/\/www.notibras.com\/site\/ampliacao-de-acoes-preventivas-na-rede-publica-de-ensino\/#primaryimage\"},\"image\":{\"@id\":\"https:\/\/www.notibras.com\/site\/ampliacao-de-acoes-preventivas-na-rede-publica-de-ensino\/#primaryimage\"},\"thumbnailUrl\":\"https:\/\/www.notibras.com\/site\/wp-content\/uploads\/2026\/02\/Foto-materia-saude-mental.jpeg\",\"datePublished\":\"2026-02-04T03:45:42+00:00\",\"breadcrumb\":{\"@id\":\"https:\/\/www.notibras.com\/site\/ampliacao-de-acoes-preventivas-na-rede-publica-de-ensino\/#breadcrumb\"},\"inLanguage\":\"pt-BR\",\"potentialAction\":[{\"@type\":\"ReadAction\",\"target\":[\"https:\/\/www.notibras.com\/site\/ampliacao-de-acoes-preventivas-na-rede-publica-de-ensino\/\"]}]},{\"@type\":\"ImageObject\",\"inLanguage\":\"pt-BR\",\"@id\":\"https:\/\/www.notibras.com\/site\/ampliacao-de-acoes-preventivas-na-rede-publica-de-ensino\/#primaryimage\",\"url\":\"https:\/\/www.notibras.com\/site\/wp-content\/uploads\/2026\/02\/Foto-materia-saude-mental.jpeg\",\"contentUrl\":\"https:\/\/www.notibras.com\/site\/wp-content\/uploads\/2026\/02\/Foto-materia-saude-mental.jpeg\",\"width\":1600,\"height\":1200},{\"@type\":\"BreadcrumbList\",\"@id\":\"https:\/\/www.notibras.com\/site\/ampliacao-de-acoes-preventivas-na-rede-publica-de-ensino\/#breadcrumb\",\"itemListElement\":[{\"@type\":\"ListItem\",\"position\":1,\"name\":\"In\u00edcio\",\"item\":\"https:\/\/www.notibras.com\/site\/\"},{\"@type\":\"ListItem\",\"position\":2,\"name\":\"Amplia\u00e7\u00e3o de a\u00e7\u00f5es preventivas na rede p\u00fablica de ensino\"}]},{\"@type\":\"WebSite\",\"@id\":\"https:\/\/www.notibras.com\/site\/#website\",\"url\":\"https:\/\/www.notibras.com\/site\/\",\"name\":\"Notibras\",\"description\":\"Not\u00edcias de Bras\u00edlia, do Brasil e do Mundo\",\"publisher\":{\"@id\":\"https:\/\/www.notibras.com\/site\/#organization\"},\"potentialAction\":[{\"@type\":\"SearchAction\",\"target\":{\"@type\":\"EntryPoint\",\"urlTemplate\":\"https:\/\/www.notibras.com\/site\/?s={search_term_string}\"},\"query-input\":{\"@type\":\"PropertyValueSpecification\",\"valueRequired\":true,\"valueName\":\"search_term_string\"}}],\"inLanguage\":\"pt-BR\"},{\"@type\":\"Organization\",\"@id\":\"https:\/\/www.notibras.com\/site\/#organization\",\"name\":\"Grupo Notibras de Comunica\u00e7\u00e3o\",\"url\":\"https:\/\/www.notibras.com\/site\/\",\"logo\":{\"@type\":\"ImageObject\",\"inLanguage\":\"pt-BR\",\"@id\":\"https:\/\/www.notibras.com\/site\/#\/schema\/logo\/image\/\",\"url\":\"https:\/\/www.notibras.com\/site\/wp-content\/uploads\/2023\/01\/notibras23.png\",\"contentUrl\":\"https:\/\/www.notibras.com\/site\/wp-content\/uploads\/2023\/01\/notibras23.png\",\"width\":350,\"height\":87,\"caption\":\"Grupo Notibras de Comunica\u00e7\u00e3o\"},\"image\":{\"@id\":\"https:\/\/www.notibras.com\/site\/#\/schema\/logo\/image\/\"},\"sameAs\":[\"https:\/\/www.facebook.com\/notibras\/\",\"https:\/\/x.com\/Notibras\",\"https:\/\/www.instagram.com\/notibras\/\"]},{\"@type\":\"Person\",\"@id\":\"https:\/\/www.notibras.com\/site\/#\/schema\/person\/5b7fabf2aedc3ada2105f03b22b4d3dd\",\"name\":\"Eduardo Mart\u00ednez\",\"image\":{\"@type\":\"ImageObject\",\"inLanguage\":\"pt-BR\",\"@id\":\"https:\/\/secure.gravatar.com\/avatar\/7902f906289926289cbcda644b5197c796b893c6ffd7b9a536a42d290f7704a0?s=96&d=mm&r=g\",\"url\":\"https:\/\/secure.gravatar.com\/avatar\/7902f906289926289cbcda644b5197c796b893c6ffd7b9a536a42d290f7704a0?s=96&d=mm&r=g\",\"contentUrl\":\"https:\/\/secure.gravatar.com\/avatar\/7902f906289926289cbcda644b5197c796b893c6ffd7b9a536a42d290f7704a0?s=96&d=mm&r=g\",\"caption\":\"Eduardo Mart\u00ednez\"}}]}<\/script>\n<!-- \/ Yoast SEO plugin. -->","yoast_head_json":{"title":"Amplia\u00e7\u00e3o de a\u00e7\u00f5es preventivas na rede p\u00fablica de ensino - Notibras","robots":{"index":"index","follow":"follow","max-snippet":"max-snippet:-1","max-image-preview":"max-image-preview:large","max-video-preview":"max-video-preview:-1"},"canonical":"https:\/\/www.notibras.com\/site\/ampliacao-de-acoes-preventivas-na-rede-publica-de-ensino\/","og_locale":"pt_BR","og_type":"article","og_title":"Amplia\u00e7\u00e3o de a\u00e7\u00f5es preventivas na rede p\u00fablica de ensino - Notibras","og_description":"A Secretaria de Educa\u00e7\u00e3o (SEEDF) inicia o ano letivo fortalecendo um eixo estrat\u00e9gico voltado \u00e0 sa\u00fade, ao bem-estar e \u00e0 prote\u00e7\u00e3o integral dos estudantes. \u00c0 frente desse movimento, a Diretoria de Aten\u00e7\u00e3o \u00e0 Sa\u00fade do Estudante (Diase), em articula\u00e7\u00e3o com a Assessoria Especial de Cultura de Paz (AECP), estruturou um conjunto de projetos que chegam [&hellip;]","og_url":"https:\/\/www.notibras.com\/site\/ampliacao-de-acoes-preventivas-na-rede-publica-de-ensino\/","og_site_name":"Notibras","article_publisher":"https:\/\/www.facebook.com\/notibras\/","article_published_time":"2026-02-04T03:45:42+00:00","og_image":[{"width":1600,"height":1200,"url":"https:\/\/www.notibras.com\/site\/wp-content\/uploads\/2026\/02\/Foto-materia-saude-mental.jpeg","type":"image\/jpeg"}],"author":"Eduardo Mart\u00ednez","twitter_card":"summary_large_image","twitter_creator":"@Notibras","twitter_site":"@Notibras","twitter_misc":{"Escrito por":"Eduardo Mart\u00ednez","Est. tempo de leitura":"4 minutos"},"schema":{"@context":"https:\/\/schema.org","@graph":[{"@type":"Article","@id":"https:\/\/www.notibras.com\/site\/ampliacao-de-acoes-preventivas-na-rede-publica-de-ensino\/#article","isPartOf":{"@id":"https:\/\/www.notibras.com\/site\/ampliacao-de-acoes-preventivas-na-rede-publica-de-ensino\/"},"author":{"name":"Eduardo Mart\u00ednez","@id":"https:\/\/www.notibras.com\/site\/#\/schema\/person\/5b7fabf2aedc3ada2105f03b22b4d3dd"},"headline":"Amplia\u00e7\u00e3o de a\u00e7\u00f5es preventivas na rede p\u00fablica de ensino","datePublished":"2026-02-04T03:45:42+00:00","mainEntityOfPage":{"@id":"https:\/\/www.notibras.com\/site\/ampliacao-de-acoes-preventivas-na-rede-publica-de-ensino\/"},"wordCount":589,"publisher":{"@id":"https:\/\/www.notibras.com\/site\/#organization"},"image":{"@id":"https:\/\/www.notibras.com\/site\/ampliacao-de-acoes-preventivas-na-rede-publica-de-ensino\/#primaryimage"},"thumbnailUrl":"https:\/\/www.notibras.com\/site\/wp-content\/uploads\/2026\/02\/Foto-materia-saude-mental.jpeg","articleSection":["Quadradinho em Foco"],"inLanguage":"pt-BR"},{"@type":"WebPage","@id":"https:\/\/www.notibras.com\/site\/ampliacao-de-acoes-preventivas-na-rede-publica-de-ensino\/","url":"https:\/\/www.notibras.com\/site\/ampliacao-de-acoes-preventivas-na-rede-publica-de-ensino\/","name":"Amplia\u00e7\u00e3o de a\u00e7\u00f5es preventivas na rede p\u00fablica de ensino - Notibras","isPartOf":{"@id":"https:\/\/www.notibras.com\/site\/#website"},"primaryImageOfPage":{"@id":"https:\/\/www.notibras.com\/site\/ampliacao-de-acoes-preventivas-na-rede-publica-de-ensino\/#primaryimage"},"image":{"@id":"https:\/\/www.notibras.com\/site\/ampliacao-de-acoes-preventivas-na-rede-publica-de-ensino\/#primaryimage"},"thumbnailUrl":"https:\/\/www.notibras.com\/site\/wp-content\/uploads\/2026\/02\/Foto-materia-saude-mental.jpeg","datePublished":"2026-02-04T03:45:42+00:00","breadcrumb":{"@id":"https:\/\/www.notibras.com\/site\/ampliacao-de-acoes-preventivas-na-rede-publica-de-ensino\/#breadcrumb"},"inLanguage":"pt-BR","potentialAction":[{"@type":"ReadAction","target":["https:\/\/www.notibras.com\/site\/ampliacao-de-acoes-preventivas-na-rede-publica-de-ensino\/"]}]},{"@type":"ImageObject","inLanguage":"pt-BR","@id":"https:\/\/www.notibras.com\/site\/ampliacao-de-acoes-preventivas-na-rede-publica-de-ensino\/#primaryimage","url":"https:\/\/www.notibras.com\/site\/wp-content\/uploads\/2026\/02\/Foto-materia-saude-mental.jpeg","contentUrl":"https:\/\/www.notibras.com\/site\/wp-content\/uploads\/2026\/02\/Foto-materia-saude-mental.jpeg","width":1600,"height":1200},{"@type":"BreadcrumbList","@id":"https:\/\/www.notibras.com\/site\/ampliacao-de-acoes-preventivas-na-rede-publica-de-ensino\/#breadcrumb","itemListElement":[{"@type":"ListItem","position":1,"name":"In\u00edcio","item":"https:\/\/www.notibras.com\/site\/"},{"@type":"ListItem","position":2,"name":"Amplia\u00e7\u00e3o de a\u00e7\u00f5es preventivas na rede p\u00fablica de ensino"}]},{"@type":"WebSite","@id":"https:\/\/www.notibras.com\/site\/#website","url":"https:\/\/www.notibras.com\/site\/","name":"Notibras","description":"Not\u00edcias de Bras\u00edlia, do Brasil e do Mundo","publisher":{"@id":"https:\/\/www.notibras.com\/site\/#organization"},"potentialAction":[{"@type":"SearchAction","target":{"@type":"EntryPoint","urlTemplate":"https:\/\/www.notibras.com\/site\/?s={search_term_string}"},"query-input":{"@type":"PropertyValueSpecification","valueRequired":true,"valueName":"search_term_string"}}],"inLanguage":"pt-BR"},{"@type":"Organization","@id":"https:\/\/www.notibras.com\/site\/#organization","name":"Grupo Notibras de Comunica\u00e7\u00e3o","url":"https:\/\/www.notibras.com\/site\/","logo":{"@type":"ImageObject","inLanguage":"pt-BR","@id":"https:\/\/www.notibras.com\/site\/#\/schema\/logo\/image\/","url":"https:\/\/www.notibras.com\/site\/wp-content\/uploads\/2023\/01\/notibras23.png","contentUrl":"https:\/\/www.notibras.com\/site\/wp-content\/uploads\/2023\/01\/notibras23.png","width":350,"height":87,"caption":"Grupo Notibras de Comunica\u00e7\u00e3o"},"image":{"@id":"https:\/\/www.notibras.com\/site\/#\/schema\/logo\/image\/"},"sameAs":["https:\/\/www.facebook.com\/notibras\/","https:\/\/x.com\/Notibras","https:\/\/www.instagram.com\/notibras\/"]},{"@type":"Person","@id":"https:\/\/www.notibras.com\/site\/#\/schema\/person\/5b7fabf2aedc3ada2105f03b22b4d3dd","name":"Eduardo Mart\u00ednez","image":{"@type":"ImageObject","inLanguage":"pt-BR","@id":"https:\/\/secure.gravatar.com\/avatar\/7902f906289926289cbcda644b5197c796b893c6ffd7b9a536a42d290f7704a0?s=96&d=mm&r=g","url":"https:\/\/secure.gravatar.com\/avatar\/7902f906289926289cbcda644b5197c796b893c6ffd7b9a536a42d290f7704a0?s=96&d=mm&r=g","contentUrl":"https:\/\/secure.gravatar.com\/avatar\/7902f906289926289cbcda644b5197c796b893c6ffd7b9a536a42d290f7704a0?s=96&d=mm&r=g","caption":"Eduardo Mart\u00ednez"}}]}},"amp_enabled":true,"_links":{"self":[{"href":"https:\/\/www.notibras.com\/site\/wp-json\/wp\/v2\/posts\/381788","targetHints":{"allow":["GET"]}}],"collection":[{"href":"https:\/\/www.notibras.com\/site\/wp-json\/wp\/v2\/posts"}],"about":[{"href":"https:\/\/www.notibras.com\/site\/wp-json\/wp\/v2\/types\/post"}],"author":[{"embeddable":true,"href":"https:\/\/www.notibras.com\/site\/wp-json\/wp\/v2\/users\/21"}],"replies":[{"embeddable":true,"href":"https:\/\/www.notibras.com\/site\/wp-json\/wp\/v2\/comments?post=381788"}],"version-history":[{"count":3,"href":"https:\/\/www.notibras.com\/site\/wp-json\/wp\/v2\/posts\/381788\/revisions"}],"predecessor-version":[{"id":381792,"href":"https:\/\/www.notibras.com\/site\/wp-json\/wp\/v2\/posts\/381788\/revisions\/381792"}],"wp:featuredmedia":[{"embeddable":true,"href":"https:\/\/www.notibras.com\/site\/wp-json\/wp\/v2\/media\/381790"}],"wp:attachment":[{"href":"https:\/\/www.notibras.com\/site\/wp-json\/wp\/v2\/media?parent=381788"}],"wp:term":[{"taxonomy":"category","embeddable":true,"href":"https:\/\/www.notibras.com\/site\/wp-json\/wp\/v2\/categories?post=381788"},{"taxonomy":"post_tag","embeddable":true,"href":"https:\/\/www.notibras.com\/site\/wp-json\/wp\/v2\/tags?post=381788"}],"curies":[{"name":"wp","href":"https:\/\/api.w.org\/{rel}","templated":true}]}}