{"id":381910,"date":"2026-02-05T00:15:16","date_gmt":"2026-02-05T03:15:16","guid":{"rendered":"https:\/\/www.notibras.com\/site\/?p=381910"},"modified":"2026-02-04T23:07:11","modified_gmt":"2026-02-05T02:07:11","slug":"diagnostico-rapido-devolve-tempo-e-esperanca-a-pacientes","status":"publish","type":"post","link":"https:\/\/www.notibras.com\/site\/diagnostico-rapido-devolve-tempo-e-esperanca-a-pacientes\/","title":{"rendered":"Diagn\u00f3stico r\u00e1pido devolve tempo e esperan\u00e7a a pacientes"},"content":{"rendered":"<p>Aos 31 anos, Andr\u00e9 Luiz Bezerra viu a rotina virar do avesso. Trabalhando na pista do Aeroporto de Bras\u00edlia, ele come\u00e7ou a sentir um inc\u00f4modo na regi\u00e3o do rosto e, em pouco tempo, veio a suspeita de c\u00e2ncer. O diagn\u00f3stico foi r\u00e1pido. O impacto, profundo.<\/p>\n<p>A expectativa inicial era simples: resolver tudo com uma cirurgia. Andr\u00e9 chegou a ser internado e aguardava o procedimento quando novos exames mudaram completamente o rumo da hist\u00f3ria. Os m\u00e9dicos identificaram met\u00e1stase no pulm\u00e3o, quando a doen\u00e7a se espalha para outros \u00f3rg\u00e3os. A cirurgia foi descartada. O tratamento precisaria come\u00e7ar o quanto antes.<\/p>\n<p>Veio a alta hospitalar e, com ela, o medo da espera. \u201cQuando a gente recebe um diagn\u00f3stico desses, cada dia conta\u201d, resume Andr\u00e9. Foi nesse momento que a agilidade do programa \u201cO C\u00e2ncer N\u00e3o Espera. O GDF Tamb\u00e9m N\u00e3o\u201d, fez a diferen\u00e7a.<\/p>\n<p>Chamado para a primeira consulta, Andr\u00e9 iniciou a quimioterapia e deu sequ\u00eancia ao tratamento. Hoje, \u00e9 acompanhado pelo Hospital de Base do Distrito Federal (HBDF) e realiza sess\u00f5es de radioterapia no Hospital Anchieta, unidade privada conveniada ao Sistema \u00danico de Sa\u00fade (SUS) por meio do programa. \u201cO que mais me marcou foi n\u00e3o me sentir sozinho. Ser atendido r\u00e1pido muda tudo\u201d, diz.<\/p>\n<p><strong>Menos espera, mais chance de cura<\/strong><\/p>\n<p>A hist\u00f3ria de Andr\u00e9 se repete em milhares de atendimentos no DF. Lan\u00e7ado em julho de 2025, o programa do Governo do Distrito Federal (GDF), executado pela Secretaria de Sa\u00fade (SES-DF), mudou a l\u00f3gica do atendimento oncol\u00f3gico no SUS: reduziu filas, acelerou diagn\u00f3sticos e antecipou o in\u00edcio do tratamento.<\/p>\n<p>Dados da SES-DF, divulgados no <a href=\"https:\/\/www.df.gov.br\/wp-conteudo\/uploads\/lutacontraocancer\/\">site oficial do programa<\/a> mostram que o tempo m\u00e9dio de espera para a primeira consulta oncol\u00f3gica caiu de cerca de 80 dias para 15, uma redu\u00e7\u00e3o superior a 80%. A fila de pacientes aguardando atendimento tamb\u00e9m diminuiu de forma expressiva: de mais de 1.500 pessoas para cerca de 194, com tend\u00eancia cont\u00ednua de queda.<\/p>\n<p>\u201cO tempo, que historicamente sempre foi um dos maiores inimigos de quem enfrenta o c\u00e2ncer, passou a ser tratado como prioridade absoluta na rede p\u00fablica do Distrito Federal\u201d, afirma o secret\u00e1rio de Sa\u00fade, Juracy Lacerda. \u201cA elabora\u00e7\u00e3o e implanta\u00e7\u00e3o de uma linha de cuidado oncol\u00f3gica estruturada permitiu avan\u00e7os concretos na organiza\u00e7\u00e3o do acesso, na integra\u00e7\u00e3o das etapas assistenciais e na continuidade do tratamento, reduzindo atrasos, qualificando a resposta cl\u00ednica e ampliando os ganhos assistenciais para a popula\u00e7\u00e3o&#8221;.<\/p>\n<p><strong>Hospital de Base<\/strong><\/p>\n<p>O Hospital de Base do Distrito Federal teve papel decisivo na implanta\u00e7\u00e3o do programa. Gerido pelo Instituto de Gest\u00e3o Estrat\u00e9gica de Sa\u00fade do DF (IgesDF), o HBDF foi o primeiro servi\u00e7o da rede p\u00fablica a realizar a avalia\u00e7\u00e3o inicial dos pacientes que se enquadravam nos crit\u00e9rios do programa.<\/p>\n<p>Segundo o chefe da Oncologia do hospital, Victor Oliveira, a avalia\u00e7\u00e3o inicial foi essencial para organizar o atendimento. \u201cNosso papel foi identificar o perfil dos pacientes que poderiam ser atendidos na rede privada conveniada ao SUS, especialmente aqueles com chance de cura\u201d, explica.<\/p>\n<p>Durante quatro meses, o Hospital de Base realizou 403 avalia\u00e7\u00f5es iniciais, direcionando os pacientes para tratamento na rede p\u00fablica ou para hospitais e cl\u00ednicas particulares conveniadas ao SUS, conforme o perfil cl\u00ednico. Atualmente, a avalia\u00e7\u00e3o inicial passou a ser realizada exclusivamente pela Oncocl\u00ednicas, conveniada ao SUS, e o atendimento \u00e9 organizado de forma compartilhada entre a rede p\u00fablica, os servi\u00e7os conveniados e a Secretaria de Sa\u00fade.<\/p>\n<p>Al\u00e9m da avalia\u00e7\u00e3o inicial, o Hospital de Base ampliou sua capacidade de atendimento. Entre julho e dezembro de 2025, foram realizadas 810 consultas de primeira vez, mais de 12 mil consultas de retorno, 5.214 sess\u00f5es de quimioterapia ambulatorial e 289 quimioterapias em regime de interna\u00e7\u00e3o.<\/p>\n<p>\u201cHouve amplia\u00e7\u00e3o de vagas ambulatoriais, aumento de leitos e maior volume de atendimento na sala de quimioterapia\u201d, detalha Victor. \u201cAgora, seguimos alinhados com as equipes cir\u00fargicas para dar continuidade ao tratamento dos pacientes.\u201d<\/p>\n<p><strong>Aten\u00e7\u00e3o aos sinais<\/strong><\/p>\n<p>No Dia Mundial do C\u00e2ncer, celebrado em 4 de fevereiro, especialistas refor\u00e7am que o diagn\u00f3stico precoce \u00e9 uma das principais armas contra a doen\u00e7a e destacam a import\u00e2ncia de procurar atendimento m\u00e9dico diante de sinais persistentes ou fora do padr\u00e3o. Perda de peso sem causa aparente, sangramentos anormais, n\u00f3dulos, feridas que n\u00e3o cicatrizam, tosse prolongada, altera\u00e7\u00f5es intestinais e dores cont\u00ednuas est\u00e3o entre os principais alertas. \u201cNem todo sintoma \u00e9 c\u00e2ncer, mas todo sinal persistente precisa de avalia\u00e7\u00e3o m\u00e9dica\u201d, orienta o oncologista Victor Oliveira.<\/p>\n<p>A recomenda\u00e7\u00e3o \u00e9 procurar a Unidade B\u00e1sica de Sa\u00fade (UBS) mais pr\u00f3xima. Havendo suspeita cl\u00ednica ou exame sugestivo, o paciente \u00e9 inserido em fila \u00fanica pela Central de Regula\u00e7\u00e3o do DF, respons\u00e1vel por organizar os encaminhamentos e atendimentos especializados, e passa por avalia\u00e7\u00e3o especializada. A partir da defini\u00e7\u00e3o de prioridade, o tratamento \u00e9 iniciado na rede p\u00fablica ou em servi\u00e7os credenciados.<\/p>\n<p>Para quem vive o diagn\u00f3stico de um c\u00e2ncer, o impacto \u00e9 devastador. \u201cAssusta muito, mas esperar sem resposta assusta ainda mais\u201d, diz Andr\u00e9 Luiz Bezerra. \u201cCome\u00e7ar o tratamento r\u00e1pido me deu for\u00e7a para enfrentar e ter esperan\u00e7a\u201d, desabafa.<\/p>\n","protected":false},"excerpt":{"rendered":"<p>Aos 31 anos, Andr\u00e9 Luiz Bezerra viu a rotina virar do avesso. Trabalhando na pista do Aeroporto de Bras\u00edlia, ele come\u00e7ou a sentir um inc\u00f4modo na regi\u00e3o do rosto e, em pouco tempo, veio a suspeita de c\u00e2ncer. O diagn\u00f3stico foi r\u00e1pido. O impacto, profundo. A expectativa inicial era simples: resolver tudo com uma cirurgia. [&hellip;]<\/p>\n","protected":false},"author":21,"featured_media":381911,"comment_status":"closed","ping_status":"closed","sticky":false,"template":"","format":"standard","meta":{"_acf_changed":false,"footnotes":""},"categories":[161],"tags":[],"class_list":["post-381910","post","type-post","status-publish","format-standard","has-post-thumbnail","hentry","category-quadradinho-em-foco"],"acf":[],"yoast_head":"<!-- This site is optimized with the Yoast SEO plugin v27.2 - https:\/\/yoast.com\/product\/yoast-seo-wordpress\/ -->\n<title>Diagn\u00f3stico r\u00e1pido devolve tempo e esperan\u00e7a a pacientes - Notibras<\/title>\n<meta name=\"robots\" content=\"index, follow, max-snippet:-1, max-image-preview:large, max-video-preview:-1\" \/>\n<link rel=\"canonical\" href=\"https:\/\/www.notibras.com\/site\/diagnostico-rapido-devolve-tempo-e-esperanca-a-pacientes\/\" \/>\n<meta property=\"og:locale\" content=\"pt_BR\" \/>\n<meta property=\"og:type\" content=\"article\" \/>\n<meta property=\"og:title\" content=\"Diagn\u00f3stico r\u00e1pido devolve tempo e esperan\u00e7a a pacientes - Notibras\" \/>\n<meta property=\"og:description\" content=\"Aos 31 anos, Andr\u00e9 Luiz Bezerra viu a rotina virar do avesso. Trabalhando na pista do Aeroporto de Bras\u00edlia, ele come\u00e7ou a sentir um inc\u00f4modo na regi\u00e3o do rosto e, em pouco tempo, veio a suspeita de c\u00e2ncer. O diagn\u00f3stico foi r\u00e1pido. O impacto, profundo. A expectativa inicial era simples: resolver tudo com uma cirurgia. [&hellip;]\" \/>\n<meta property=\"og:url\" content=\"https:\/\/www.notibras.com\/site\/diagnostico-rapido-devolve-tempo-e-esperanca-a-pacientes\/\" \/>\n<meta property=\"og:site_name\" content=\"Notibras\" \/>\n<meta property=\"article:publisher\" content=\"https:\/\/www.facebook.com\/notibras\/\" \/>\n<meta property=\"article:published_time\" content=\"2026-02-05T03:15:16+00:00\" \/>\n<meta property=\"og:image\" content=\"https:\/\/www.notibras.com\/site\/wp-content\/uploads\/2026\/02\/1010_Foto_Alberto_Ruy_IgesDF-1.png\" \/>\n\t<meta property=\"og:image:width\" content=\"977\" \/>\n\t<meta property=\"og:image:height\" content=\"649\" \/>\n\t<meta property=\"og:image:type\" content=\"image\/png\" \/>\n<meta name=\"author\" content=\"Eduardo Mart\u00ednez\" \/>\n<meta name=\"twitter:card\" content=\"summary_large_image\" \/>\n<meta name=\"twitter:creator\" content=\"@Notibras\" \/>\n<meta name=\"twitter:site\" content=\"@Notibras\" \/>\n<meta name=\"twitter:label1\" content=\"Escrito por\" \/>\n\t<meta name=\"twitter:data1\" content=\"Eduardo Mart\u00ednez\" \/>\n\t<meta name=\"twitter:label2\" content=\"Est. tempo de leitura\" \/>\n\t<meta name=\"twitter:data2\" content=\"5 minutos\" \/>\n<script type=\"application\/ld+json\" class=\"yoast-schema-graph\">{\"@context\":\"https:\/\/schema.org\",\"@graph\":[{\"@type\":\"Article\",\"@id\":\"https:\/\/www.notibras.com\/site\/diagnostico-rapido-devolve-tempo-e-esperanca-a-pacientes\/#article\",\"isPartOf\":{\"@id\":\"https:\/\/www.notibras.com\/site\/diagnostico-rapido-devolve-tempo-e-esperanca-a-pacientes\/\"},\"author\":{\"name\":\"Eduardo Mart\u00ednez\",\"@id\":\"https:\/\/www.notibras.com\/site\/#\/schema\/person\/5b7fabf2aedc3ada2105f03b22b4d3dd\"},\"headline\":\"Diagn\u00f3stico r\u00e1pido devolve tempo e esperan\u00e7a a pacientes\",\"datePublished\":\"2026-02-05T03:15:16+00:00\",\"mainEntityOfPage\":{\"@id\":\"https:\/\/www.notibras.com\/site\/diagnostico-rapido-devolve-tempo-e-esperanca-a-pacientes\/\"},\"wordCount\":912,\"publisher\":{\"@id\":\"https:\/\/www.notibras.com\/site\/#organization\"},\"image\":{\"@id\":\"https:\/\/www.notibras.com\/site\/diagnostico-rapido-devolve-tempo-e-esperanca-a-pacientes\/#primaryimage\"},\"thumbnailUrl\":\"https:\/\/www.notibras.com\/site\/wp-content\/uploads\/2026\/02\/1010_Foto_Alberto_Ruy_IgesDF-1.png\",\"articleSection\":[\"Quadradinho em Foco\"],\"inLanguage\":\"pt-BR\"},{\"@type\":\"WebPage\",\"@id\":\"https:\/\/www.notibras.com\/site\/diagnostico-rapido-devolve-tempo-e-esperanca-a-pacientes\/\",\"url\":\"https:\/\/www.notibras.com\/site\/diagnostico-rapido-devolve-tempo-e-esperanca-a-pacientes\/\",\"name\":\"Diagn\u00f3stico r\u00e1pido devolve tempo e esperan\u00e7a a pacientes - Notibras\",\"isPartOf\":{\"@id\":\"https:\/\/www.notibras.com\/site\/#website\"},\"primaryImageOfPage\":{\"@id\":\"https:\/\/www.notibras.com\/site\/diagnostico-rapido-devolve-tempo-e-esperanca-a-pacientes\/#primaryimage\"},\"image\":{\"@id\":\"https:\/\/www.notibras.com\/site\/diagnostico-rapido-devolve-tempo-e-esperanca-a-pacientes\/#primaryimage\"},\"thumbnailUrl\":\"https:\/\/www.notibras.com\/site\/wp-content\/uploads\/2026\/02\/1010_Foto_Alberto_Ruy_IgesDF-1.png\",\"datePublished\":\"2026-02-05T03:15:16+00:00\",\"breadcrumb\":{\"@id\":\"https:\/\/www.notibras.com\/site\/diagnostico-rapido-devolve-tempo-e-esperanca-a-pacientes\/#breadcrumb\"},\"inLanguage\":\"pt-BR\",\"potentialAction\":[{\"@type\":\"ReadAction\",\"target\":[\"https:\/\/www.notibras.com\/site\/diagnostico-rapido-devolve-tempo-e-esperanca-a-pacientes\/\"]}]},{\"@type\":\"ImageObject\",\"inLanguage\":\"pt-BR\",\"@id\":\"https:\/\/www.notibras.com\/site\/diagnostico-rapido-devolve-tempo-e-esperanca-a-pacientes\/#primaryimage\",\"url\":\"https:\/\/www.notibras.com\/site\/wp-content\/uploads\/2026\/02\/1010_Foto_Alberto_Ruy_IgesDF-1.png\",\"contentUrl\":\"https:\/\/www.notibras.com\/site\/wp-content\/uploads\/2026\/02\/1010_Foto_Alberto_Ruy_IgesDF-1.png\",\"width\":977,\"height\":649},{\"@type\":\"BreadcrumbList\",\"@id\":\"https:\/\/www.notibras.com\/site\/diagnostico-rapido-devolve-tempo-e-esperanca-a-pacientes\/#breadcrumb\",\"itemListElement\":[{\"@type\":\"ListItem\",\"position\":1,\"name\":\"In\u00edcio\",\"item\":\"https:\/\/www.notibras.com\/site\/\"},{\"@type\":\"ListItem\",\"position\":2,\"name\":\"Diagn\u00f3stico r\u00e1pido devolve tempo e esperan\u00e7a a pacientes\"}]},{\"@type\":\"WebSite\",\"@id\":\"https:\/\/www.notibras.com\/site\/#website\",\"url\":\"https:\/\/www.notibras.com\/site\/\",\"name\":\"Notibras\",\"description\":\"Not\u00edcias de Bras\u00edlia, do Brasil e do Mundo\",\"publisher\":{\"@id\":\"https:\/\/www.notibras.com\/site\/#organization\"},\"potentialAction\":[{\"@type\":\"SearchAction\",\"target\":{\"@type\":\"EntryPoint\",\"urlTemplate\":\"https:\/\/www.notibras.com\/site\/?s={search_term_string}\"},\"query-input\":{\"@type\":\"PropertyValueSpecification\",\"valueRequired\":true,\"valueName\":\"search_term_string\"}}],\"inLanguage\":\"pt-BR\"},{\"@type\":\"Organization\",\"@id\":\"https:\/\/www.notibras.com\/site\/#organization\",\"name\":\"Grupo Notibras de Comunica\u00e7\u00e3o\",\"url\":\"https:\/\/www.notibras.com\/site\/\",\"logo\":{\"@type\":\"ImageObject\",\"inLanguage\":\"pt-BR\",\"@id\":\"https:\/\/www.notibras.com\/site\/#\/schema\/logo\/image\/\",\"url\":\"https:\/\/www.notibras.com\/site\/wp-content\/uploads\/2023\/01\/notibras23.png\",\"contentUrl\":\"https:\/\/www.notibras.com\/site\/wp-content\/uploads\/2023\/01\/notibras23.png\",\"width\":350,\"height\":87,\"caption\":\"Grupo Notibras de Comunica\u00e7\u00e3o\"},\"image\":{\"@id\":\"https:\/\/www.notibras.com\/site\/#\/schema\/logo\/image\/\"},\"sameAs\":[\"https:\/\/www.facebook.com\/notibras\/\",\"https:\/\/x.com\/Notibras\",\"https:\/\/www.instagram.com\/notibras\/\"]},{\"@type\":\"Person\",\"@id\":\"https:\/\/www.notibras.com\/site\/#\/schema\/person\/5b7fabf2aedc3ada2105f03b22b4d3dd\",\"name\":\"Eduardo Mart\u00ednez\",\"image\":{\"@type\":\"ImageObject\",\"inLanguage\":\"pt-BR\",\"@id\":\"https:\/\/secure.gravatar.com\/avatar\/7902f906289926289cbcda644b5197c796b893c6ffd7b9a536a42d290f7704a0?s=96&d=mm&r=g\",\"url\":\"https:\/\/secure.gravatar.com\/avatar\/7902f906289926289cbcda644b5197c796b893c6ffd7b9a536a42d290f7704a0?s=96&d=mm&r=g\",\"contentUrl\":\"https:\/\/secure.gravatar.com\/avatar\/7902f906289926289cbcda644b5197c796b893c6ffd7b9a536a42d290f7704a0?s=96&d=mm&r=g\",\"caption\":\"Eduardo Mart\u00ednez\"}}]}<\/script>\n<!-- \/ Yoast SEO plugin. -->","yoast_head_json":{"title":"Diagn\u00f3stico r\u00e1pido devolve tempo e esperan\u00e7a a pacientes - Notibras","robots":{"index":"index","follow":"follow","max-snippet":"max-snippet:-1","max-image-preview":"max-image-preview:large","max-video-preview":"max-video-preview:-1"},"canonical":"https:\/\/www.notibras.com\/site\/diagnostico-rapido-devolve-tempo-e-esperanca-a-pacientes\/","og_locale":"pt_BR","og_type":"article","og_title":"Diagn\u00f3stico r\u00e1pido devolve tempo e esperan\u00e7a a pacientes - Notibras","og_description":"Aos 31 anos, Andr\u00e9 Luiz Bezerra viu a rotina virar do avesso. Trabalhando na pista do Aeroporto de Bras\u00edlia, ele come\u00e7ou a sentir um inc\u00f4modo na regi\u00e3o do rosto e, em pouco tempo, veio a suspeita de c\u00e2ncer. O diagn\u00f3stico foi r\u00e1pido. O impacto, profundo. A expectativa inicial era simples: resolver tudo com uma cirurgia. [&hellip;]","og_url":"https:\/\/www.notibras.com\/site\/diagnostico-rapido-devolve-tempo-e-esperanca-a-pacientes\/","og_site_name":"Notibras","article_publisher":"https:\/\/www.facebook.com\/notibras\/","article_published_time":"2026-02-05T03:15:16+00:00","og_image":[{"width":977,"height":649,"url":"https:\/\/www.notibras.com\/site\/wp-content\/uploads\/2026\/02\/1010_Foto_Alberto_Ruy_IgesDF-1.png","type":"image\/png"}],"author":"Eduardo Mart\u00ednez","twitter_card":"summary_large_image","twitter_creator":"@Notibras","twitter_site":"@Notibras","twitter_misc":{"Escrito por":"Eduardo Mart\u00ednez","Est. tempo de leitura":"5 minutos"},"schema":{"@context":"https:\/\/schema.org","@graph":[{"@type":"Article","@id":"https:\/\/www.notibras.com\/site\/diagnostico-rapido-devolve-tempo-e-esperanca-a-pacientes\/#article","isPartOf":{"@id":"https:\/\/www.notibras.com\/site\/diagnostico-rapido-devolve-tempo-e-esperanca-a-pacientes\/"},"author":{"name":"Eduardo Mart\u00ednez","@id":"https:\/\/www.notibras.com\/site\/#\/schema\/person\/5b7fabf2aedc3ada2105f03b22b4d3dd"},"headline":"Diagn\u00f3stico r\u00e1pido devolve tempo e esperan\u00e7a a pacientes","datePublished":"2026-02-05T03:15:16+00:00","mainEntityOfPage":{"@id":"https:\/\/www.notibras.com\/site\/diagnostico-rapido-devolve-tempo-e-esperanca-a-pacientes\/"},"wordCount":912,"publisher":{"@id":"https:\/\/www.notibras.com\/site\/#organization"},"image":{"@id":"https:\/\/www.notibras.com\/site\/diagnostico-rapido-devolve-tempo-e-esperanca-a-pacientes\/#primaryimage"},"thumbnailUrl":"https:\/\/www.notibras.com\/site\/wp-content\/uploads\/2026\/02\/1010_Foto_Alberto_Ruy_IgesDF-1.png","articleSection":["Quadradinho em Foco"],"inLanguage":"pt-BR"},{"@type":"WebPage","@id":"https:\/\/www.notibras.com\/site\/diagnostico-rapido-devolve-tempo-e-esperanca-a-pacientes\/","url":"https:\/\/www.notibras.com\/site\/diagnostico-rapido-devolve-tempo-e-esperanca-a-pacientes\/","name":"Diagn\u00f3stico r\u00e1pido devolve tempo e esperan\u00e7a a pacientes - Notibras","isPartOf":{"@id":"https:\/\/www.notibras.com\/site\/#website"},"primaryImageOfPage":{"@id":"https:\/\/www.notibras.com\/site\/diagnostico-rapido-devolve-tempo-e-esperanca-a-pacientes\/#primaryimage"},"image":{"@id":"https:\/\/www.notibras.com\/site\/diagnostico-rapido-devolve-tempo-e-esperanca-a-pacientes\/#primaryimage"},"thumbnailUrl":"https:\/\/www.notibras.com\/site\/wp-content\/uploads\/2026\/02\/1010_Foto_Alberto_Ruy_IgesDF-1.png","datePublished":"2026-02-05T03:15:16+00:00","breadcrumb":{"@id":"https:\/\/www.notibras.com\/site\/diagnostico-rapido-devolve-tempo-e-esperanca-a-pacientes\/#breadcrumb"},"inLanguage":"pt-BR","potentialAction":[{"@type":"ReadAction","target":["https:\/\/www.notibras.com\/site\/diagnostico-rapido-devolve-tempo-e-esperanca-a-pacientes\/"]}]},{"@type":"ImageObject","inLanguage":"pt-BR","@id":"https:\/\/www.notibras.com\/site\/diagnostico-rapido-devolve-tempo-e-esperanca-a-pacientes\/#primaryimage","url":"https:\/\/www.notibras.com\/site\/wp-content\/uploads\/2026\/02\/1010_Foto_Alberto_Ruy_IgesDF-1.png","contentUrl":"https:\/\/www.notibras.com\/site\/wp-content\/uploads\/2026\/02\/1010_Foto_Alberto_Ruy_IgesDF-1.png","width":977,"height":649},{"@type":"BreadcrumbList","@id":"https:\/\/www.notibras.com\/site\/diagnostico-rapido-devolve-tempo-e-esperanca-a-pacientes\/#breadcrumb","itemListElement":[{"@type":"ListItem","position":1,"name":"In\u00edcio","item":"https:\/\/www.notibras.com\/site\/"},{"@type":"ListItem","position":2,"name":"Diagn\u00f3stico r\u00e1pido devolve tempo e esperan\u00e7a a pacientes"}]},{"@type":"WebSite","@id":"https:\/\/www.notibras.com\/site\/#website","url":"https:\/\/www.notibras.com\/site\/","name":"Notibras","description":"Not\u00edcias de Bras\u00edlia, do Brasil e do Mundo","publisher":{"@id":"https:\/\/www.notibras.com\/site\/#organization"},"potentialAction":[{"@type":"SearchAction","target":{"@type":"EntryPoint","urlTemplate":"https:\/\/www.notibras.com\/site\/?s={search_term_string}"},"query-input":{"@type":"PropertyValueSpecification","valueRequired":true,"valueName":"search_term_string"}}],"inLanguage":"pt-BR"},{"@type":"Organization","@id":"https:\/\/www.notibras.com\/site\/#organization","name":"Grupo Notibras de Comunica\u00e7\u00e3o","url":"https:\/\/www.notibras.com\/site\/","logo":{"@type":"ImageObject","inLanguage":"pt-BR","@id":"https:\/\/www.notibras.com\/site\/#\/schema\/logo\/image\/","url":"https:\/\/www.notibras.com\/site\/wp-content\/uploads\/2023\/01\/notibras23.png","contentUrl":"https:\/\/www.notibras.com\/site\/wp-content\/uploads\/2023\/01\/notibras23.png","width":350,"height":87,"caption":"Grupo Notibras de Comunica\u00e7\u00e3o"},"image":{"@id":"https:\/\/www.notibras.com\/site\/#\/schema\/logo\/image\/"},"sameAs":["https:\/\/www.facebook.com\/notibras\/","https:\/\/x.com\/Notibras","https:\/\/www.instagram.com\/notibras\/"]},{"@type":"Person","@id":"https:\/\/www.notibras.com\/site\/#\/schema\/person\/5b7fabf2aedc3ada2105f03b22b4d3dd","name":"Eduardo Mart\u00ednez","image":{"@type":"ImageObject","inLanguage":"pt-BR","@id":"https:\/\/secure.gravatar.com\/avatar\/7902f906289926289cbcda644b5197c796b893c6ffd7b9a536a42d290f7704a0?s=96&d=mm&r=g","url":"https:\/\/secure.gravatar.com\/avatar\/7902f906289926289cbcda644b5197c796b893c6ffd7b9a536a42d290f7704a0?s=96&d=mm&r=g","contentUrl":"https:\/\/secure.gravatar.com\/avatar\/7902f906289926289cbcda644b5197c796b893c6ffd7b9a536a42d290f7704a0?s=96&d=mm&r=g","caption":"Eduardo Mart\u00ednez"}}]}},"amp_enabled":true,"_links":{"self":[{"href":"https:\/\/www.notibras.com\/site\/wp-json\/wp\/v2\/posts\/381910","targetHints":{"allow":["GET"]}}],"collection":[{"href":"https:\/\/www.notibras.com\/site\/wp-json\/wp\/v2\/posts"}],"about":[{"href":"https:\/\/www.notibras.com\/site\/wp-json\/wp\/v2\/types\/post"}],"author":[{"embeddable":true,"href":"https:\/\/www.notibras.com\/site\/wp-json\/wp\/v2\/users\/21"}],"replies":[{"embeddable":true,"href":"https:\/\/www.notibras.com\/site\/wp-json\/wp\/v2\/comments?post=381910"}],"version-history":[{"count":3,"href":"https:\/\/www.notibras.com\/site\/wp-json\/wp\/v2\/posts\/381910\/revisions"}],"predecessor-version":[{"id":381914,"href":"https:\/\/www.notibras.com\/site\/wp-json\/wp\/v2\/posts\/381910\/revisions\/381914"}],"wp:featuredmedia":[{"embeddable":true,"href":"https:\/\/www.notibras.com\/site\/wp-json\/wp\/v2\/media\/381911"}],"wp:attachment":[{"href":"https:\/\/www.notibras.com\/site\/wp-json\/wp\/v2\/media?parent=381910"}],"wp:term":[{"taxonomy":"category","embeddable":true,"href":"https:\/\/www.notibras.com\/site\/wp-json\/wp\/v2\/categories?post=381910"},{"taxonomy":"post_tag","embeddable":true,"href":"https:\/\/www.notibras.com\/site\/wp-json\/wp\/v2\/tags?post=381910"}],"curies":[{"name":"wp","href":"https:\/\/api.w.org\/{rel}","templated":true}]}}