{"id":381915,"date":"2026-02-05T00:30:17","date_gmt":"2026-02-05T03:30:17","guid":{"rendered":"https:\/\/www.notibras.com\/site\/?p=381915"},"modified":"2026-02-04T23:13:03","modified_gmt":"2026-02-05T02:13:03","slug":"344-vagas-de-emprego-nesta-quinta-5","status":"publish","type":"post","link":"https:\/\/www.notibras.com\/site\/344-vagas-de-emprego-nesta-quinta-5\/","title":{"rendered":"344 vagas de emprego nesta quinta (5)"},"content":{"rendered":"<p>As ag\u00eancias do trabalhador do Distrito Federal est\u00e3o com <a href=\"https:\/\/sedet.df.gov.br\/quadro-de-vagas\">344 oportunidades<\/a> dispon\u00edveis nesta quinta-feira (5). Destas, duas s\u00e3o exclusivas para pessoas com defici\u00eancia: uma para servente de obras, com oferta de R$ 1.639, e uma para top\u00f3grafo, com remunera\u00e7\u00e3o de R$ 2.786,21 \u2014 que, inclusive, \u00e9 a maior do dia. Para o p\u00fablico geral, os maiores valores s\u00e3o encontrados em duas chances para armador de estrutura de concreto e bombeiro hidr\u00e1ulico (R$ 2,5 mil) na Asa Sul e em dez para a\u00e7ougueiro (R$ 2.390) em \u00c1guas Claras.<\/p>\n<p>Al\u00e9m disso, h\u00e1 vagas para diferentes profiss\u00f5es no N\u00facleo Bandeirante, \u00c1guas Claras, Samambaia, Ceil\u00e2ndia, Santa Maria, Arniqueira, Taguatinga, Gama e sem ponto fixo de atua\u00e7\u00e3o. Empregadores buscam por 70 operadores de caixa, 50 repositores de mercadoria, 50 auxiliares de log\u00edstica, 35 fiscais de preven\u00e7\u00e3o de perdas, 24 ajudantes de limpeza, 20 ajudantes de carga e descarga de mercadoria, dez atendentes de padaria, seis costureiras, tr\u00eas auxiliares de cozinha, dois ajudantes de produ\u00e7\u00e3o, entre outras. Os sal\u00e1rios partem de R$ 1.621.<\/p>\n<p>Todos os postos oferecem benef\u00edcios. Para participar dos processos seletivos, basta cadastrar o curr\u00edculo no aplicativo da Carteira de Trabalho Digital (CTPS) ou ir a uma das <a href=\"https:\/\/sedet.df.gov.br\/telefone-das-unidades-2\">16 ag\u00eancias do trabalhador<\/a>, das 8h \u00e0s 17h, durante a semana. Mesmo que nenhuma das chances do dia seja atraente ao candidato, o cadastro vale para oportunidades futuras, j\u00e1 que o sistema cruza dados dos concorrentes com o perfil que as empresas procuram.<\/p>\n<p>Empregadores e empreendedores que desejem ofertar vagas ou utilizar o espa\u00e7o das ag\u00eancias do trabalhador para as entrevistas podem se cadastrar pessoalmente nas unidades ou pelo e-mail gcv@sedet.df.gov.br. Pode ser utilizado, ainda, o <a href=\"https:\/\/sedet.df.gov.br\/canal-do-empregador\">Canal do Empregador<\/a>, no site da Secretaria de Desenvolvimento Econ\u00f4mico, Trabalho e Renda (Sedet).<\/p>\n","protected":false},"excerpt":{"rendered":"<p>As ag\u00eancias do trabalhador do Distrito Federal est\u00e3o com 344 oportunidades dispon\u00edveis nesta quinta-feira (5). Destas, duas s\u00e3o exclusivas para pessoas com defici\u00eancia: uma para servente de obras, com oferta de R$ 1.639, e uma para top\u00f3grafo, com remunera\u00e7\u00e3o de R$ 2.786,21 \u2014 que, inclusive, \u00e9 a maior do dia. Para o p\u00fablico geral, os [&hellip;]<\/p>\n","protected":false},"author":21,"featured_media":381746,"comment_status":"closed","ping_status":"closed","sticky":false,"template":"","format":"standard","meta":{"_acf_changed":false,"footnotes":""},"categories":[161],"tags":[],"class_list":["post-381915","post","type-post","status-publish","format-standard","has-post-thumbnail","hentry","category-quadradinho-em-foco"],"acf":[],"yoast_head":"<!-- This site is optimized with the Yoast SEO plugin v27.2 - https:\/\/yoast.com\/product\/yoast-seo-wordpress\/ -->\n<title>344 vagas de emprego nesta quinta (5) - Notibras<\/title>\n<meta name=\"robots\" content=\"index, follow, max-snippet:-1, max-image-preview:large, max-video-preview:-1\" \/>\n<link rel=\"canonical\" href=\"https:\/\/www.notibras.com\/site\/344-vagas-de-emprego-nesta-quinta-5\/\" \/>\n<meta property=\"og:locale\" content=\"pt_BR\" \/>\n<meta property=\"og:type\" content=\"article\" \/>\n<meta property=\"og:title\" content=\"344 vagas de emprego nesta quinta (5) - Notibras\" \/>\n<meta property=\"og:description\" content=\"As ag\u00eancias do trabalhador do Distrito Federal est\u00e3o com 344 oportunidades dispon\u00edveis nesta quinta-feira (5). Destas, duas s\u00e3o exclusivas para pessoas com defici\u00eancia: uma para servente de obras, com oferta de R$ 1.639, e uma para top\u00f3grafo, com remunera\u00e7\u00e3o de R$ 2.786,21 \u2014 que, inclusive, \u00e9 a maior do dia. Para o p\u00fablico geral, os [&hellip;]\" \/>\n<meta property=\"og:url\" content=\"https:\/\/www.notibras.com\/site\/344-vagas-de-emprego-nesta-quinta-5\/\" \/>\n<meta property=\"og:site_name\" content=\"Notibras\" \/>\n<meta property=\"article:publisher\" content=\"https:\/\/www.facebook.com\/notibras\/\" \/>\n<meta property=\"article:published_time\" content=\"2026-02-05T03:30:17+00:00\" \/>\n<meta property=\"og:image\" content=\"https:\/\/www.notibras.com\/site\/wp-content\/uploads\/2026\/02\/WhatsApp-Image-2026-02-03-at-02.40.31.jpeg\" \/>\n\t<meta property=\"og:image:width\" content=\"952\" \/>\n\t<meta property=\"og:image:height\" content=\"744\" \/>\n\t<meta property=\"og:image:type\" content=\"image\/jpeg\" \/>\n<meta name=\"author\" content=\"Eduardo Mart\u00ednez\" \/>\n<meta name=\"twitter:card\" content=\"summary_large_image\" \/>\n<meta name=\"twitter:creator\" content=\"@Notibras\" \/>\n<meta name=\"twitter:site\" content=\"@Notibras\" \/>\n<meta name=\"twitter:label1\" content=\"Escrito por\" \/>\n\t<meta name=\"twitter:data1\" content=\"Eduardo Mart\u00ednez\" \/>\n\t<meta name=\"twitter:label2\" content=\"Est. tempo de leitura\" \/>\n\t<meta name=\"twitter:data2\" content=\"2 minutos\" \/>\n<script type=\"application\/ld+json\" class=\"yoast-schema-graph\">{\"@context\":\"https:\/\/schema.org\",\"@graph\":[{\"@type\":\"Article\",\"@id\":\"https:\/\/www.notibras.com\/site\/344-vagas-de-emprego-nesta-quinta-5\/#article\",\"isPartOf\":{\"@id\":\"https:\/\/www.notibras.com\/site\/344-vagas-de-emprego-nesta-quinta-5\/\"},\"author\":{\"name\":\"Eduardo Mart\u00ednez\",\"@id\":\"https:\/\/www.notibras.com\/site\/#\/schema\/person\/5b7fabf2aedc3ada2105f03b22b4d3dd\"},\"headline\":\"344 vagas de emprego nesta quinta (5)\",\"datePublished\":\"2026-02-05T03:30:17+00:00\",\"mainEntityOfPage\":{\"@id\":\"https:\/\/www.notibras.com\/site\/344-vagas-de-emprego-nesta-quinta-5\/\"},\"wordCount\":304,\"publisher\":{\"@id\":\"https:\/\/www.notibras.com\/site\/#organization\"},\"image\":{\"@id\":\"https:\/\/www.notibras.com\/site\/344-vagas-de-emprego-nesta-quinta-5\/#primaryimage\"},\"thumbnailUrl\":\"https:\/\/www.notibras.com\/site\/wp-content\/uploads\/2026\/02\/WhatsApp-Image-2026-02-03-at-02.40.31.jpeg\",\"articleSection\":[\"Quadradinho em Foco\"],\"inLanguage\":\"pt-BR\"},{\"@type\":\"WebPage\",\"@id\":\"https:\/\/www.notibras.com\/site\/344-vagas-de-emprego-nesta-quinta-5\/\",\"url\":\"https:\/\/www.notibras.com\/site\/344-vagas-de-emprego-nesta-quinta-5\/\",\"name\":\"344 vagas de emprego nesta quinta (5) - Notibras\",\"isPartOf\":{\"@id\":\"https:\/\/www.notibras.com\/site\/#website\"},\"primaryImageOfPage\":{\"@id\":\"https:\/\/www.notibras.com\/site\/344-vagas-de-emprego-nesta-quinta-5\/#primaryimage\"},\"image\":{\"@id\":\"https:\/\/www.notibras.com\/site\/344-vagas-de-emprego-nesta-quinta-5\/#primaryimage\"},\"thumbnailUrl\":\"https:\/\/www.notibras.com\/site\/wp-content\/uploads\/2026\/02\/WhatsApp-Image-2026-02-03-at-02.40.31.jpeg\",\"datePublished\":\"2026-02-05T03:30:17+00:00\",\"breadcrumb\":{\"@id\":\"https:\/\/www.notibras.com\/site\/344-vagas-de-emprego-nesta-quinta-5\/#breadcrumb\"},\"inLanguage\":\"pt-BR\",\"potentialAction\":[{\"@type\":\"ReadAction\",\"target\":[\"https:\/\/www.notibras.com\/site\/344-vagas-de-emprego-nesta-quinta-5\/\"]}]},{\"@type\":\"ImageObject\",\"inLanguage\":\"pt-BR\",\"@id\":\"https:\/\/www.notibras.com\/site\/344-vagas-de-emprego-nesta-quinta-5\/#primaryimage\",\"url\":\"https:\/\/www.notibras.com\/site\/wp-content\/uploads\/2026\/02\/WhatsApp-Image-2026-02-03-at-02.40.31.jpeg\",\"contentUrl\":\"https:\/\/www.notibras.com\/site\/wp-content\/uploads\/2026\/02\/WhatsApp-Image-2026-02-03-at-02.40.31.jpeg\",\"width\":952,\"height\":744},{\"@type\":\"BreadcrumbList\",\"@id\":\"https:\/\/www.notibras.com\/site\/344-vagas-de-emprego-nesta-quinta-5\/#breadcrumb\",\"itemListElement\":[{\"@type\":\"ListItem\",\"position\":1,\"name\":\"In\u00edcio\",\"item\":\"https:\/\/www.notibras.com\/site\/\"},{\"@type\":\"ListItem\",\"position\":2,\"name\":\"344 vagas de emprego nesta quinta (5)\"}]},{\"@type\":\"WebSite\",\"@id\":\"https:\/\/www.notibras.com\/site\/#website\",\"url\":\"https:\/\/www.notibras.com\/site\/\",\"name\":\"Notibras\",\"description\":\"Not\u00edcias de Bras\u00edlia, do Brasil e do Mundo\",\"publisher\":{\"@id\":\"https:\/\/www.notibras.com\/site\/#organization\"},\"potentialAction\":[{\"@type\":\"SearchAction\",\"target\":{\"@type\":\"EntryPoint\",\"urlTemplate\":\"https:\/\/www.notibras.com\/site\/?s={search_term_string}\"},\"query-input\":{\"@type\":\"PropertyValueSpecification\",\"valueRequired\":true,\"valueName\":\"search_term_string\"}}],\"inLanguage\":\"pt-BR\"},{\"@type\":\"Organization\",\"@id\":\"https:\/\/www.notibras.com\/site\/#organization\",\"name\":\"Grupo Notibras de Comunica\u00e7\u00e3o\",\"url\":\"https:\/\/www.notibras.com\/site\/\",\"logo\":{\"@type\":\"ImageObject\",\"inLanguage\":\"pt-BR\",\"@id\":\"https:\/\/www.notibras.com\/site\/#\/schema\/logo\/image\/\",\"url\":\"https:\/\/www.notibras.com\/site\/wp-content\/uploads\/2023\/01\/notibras23.png\",\"contentUrl\":\"https:\/\/www.notibras.com\/site\/wp-content\/uploads\/2023\/01\/notibras23.png\",\"width\":350,\"height\":87,\"caption\":\"Grupo Notibras de Comunica\u00e7\u00e3o\"},\"image\":{\"@id\":\"https:\/\/www.notibras.com\/site\/#\/schema\/logo\/image\/\"},\"sameAs\":[\"https:\/\/www.facebook.com\/notibras\/\",\"https:\/\/x.com\/Notibras\",\"https:\/\/www.instagram.com\/notibras\/\"]},{\"@type\":\"Person\",\"@id\":\"https:\/\/www.notibras.com\/site\/#\/schema\/person\/5b7fabf2aedc3ada2105f03b22b4d3dd\",\"name\":\"Eduardo Mart\u00ednez\",\"image\":{\"@type\":\"ImageObject\",\"inLanguage\":\"pt-BR\",\"@id\":\"https:\/\/secure.gravatar.com\/avatar\/7902f906289926289cbcda644b5197c796b893c6ffd7b9a536a42d290f7704a0?s=96&d=mm&r=g\",\"url\":\"https:\/\/secure.gravatar.com\/avatar\/7902f906289926289cbcda644b5197c796b893c6ffd7b9a536a42d290f7704a0?s=96&d=mm&r=g\",\"contentUrl\":\"https:\/\/secure.gravatar.com\/avatar\/7902f906289926289cbcda644b5197c796b893c6ffd7b9a536a42d290f7704a0?s=96&d=mm&r=g\",\"caption\":\"Eduardo Mart\u00ednez\"}}]}<\/script>\n<!-- \/ Yoast SEO plugin. -->","yoast_head_json":{"title":"344 vagas de emprego nesta quinta (5) - Notibras","robots":{"index":"index","follow":"follow","max-snippet":"max-snippet:-1","max-image-preview":"max-image-preview:large","max-video-preview":"max-video-preview:-1"},"canonical":"https:\/\/www.notibras.com\/site\/344-vagas-de-emprego-nesta-quinta-5\/","og_locale":"pt_BR","og_type":"article","og_title":"344 vagas de emprego nesta quinta (5) - Notibras","og_description":"As ag\u00eancias do trabalhador do Distrito Federal est\u00e3o com 344 oportunidades dispon\u00edveis nesta quinta-feira (5). Destas, duas s\u00e3o exclusivas para pessoas com defici\u00eancia: uma para servente de obras, com oferta de R$ 1.639, e uma para top\u00f3grafo, com remunera\u00e7\u00e3o de R$ 2.786,21 \u2014 que, inclusive, \u00e9 a maior do dia. Para o p\u00fablico geral, os [&hellip;]","og_url":"https:\/\/www.notibras.com\/site\/344-vagas-de-emprego-nesta-quinta-5\/","og_site_name":"Notibras","article_publisher":"https:\/\/www.facebook.com\/notibras\/","article_published_time":"2026-02-05T03:30:17+00:00","og_image":[{"width":952,"height":744,"url":"https:\/\/www.notibras.com\/site\/wp-content\/uploads\/2026\/02\/WhatsApp-Image-2026-02-03-at-02.40.31.jpeg","type":"image\/jpeg"}],"author":"Eduardo Mart\u00ednez","twitter_card":"summary_large_image","twitter_creator":"@Notibras","twitter_site":"@Notibras","twitter_misc":{"Escrito por":"Eduardo Mart\u00ednez","Est. tempo de leitura":"2 minutos"},"schema":{"@context":"https:\/\/schema.org","@graph":[{"@type":"Article","@id":"https:\/\/www.notibras.com\/site\/344-vagas-de-emprego-nesta-quinta-5\/#article","isPartOf":{"@id":"https:\/\/www.notibras.com\/site\/344-vagas-de-emprego-nesta-quinta-5\/"},"author":{"name":"Eduardo Mart\u00ednez","@id":"https:\/\/www.notibras.com\/site\/#\/schema\/person\/5b7fabf2aedc3ada2105f03b22b4d3dd"},"headline":"344 vagas de emprego nesta quinta (5)","datePublished":"2026-02-05T03:30:17+00:00","mainEntityOfPage":{"@id":"https:\/\/www.notibras.com\/site\/344-vagas-de-emprego-nesta-quinta-5\/"},"wordCount":304,"publisher":{"@id":"https:\/\/www.notibras.com\/site\/#organization"},"image":{"@id":"https:\/\/www.notibras.com\/site\/344-vagas-de-emprego-nesta-quinta-5\/#primaryimage"},"thumbnailUrl":"https:\/\/www.notibras.com\/site\/wp-content\/uploads\/2026\/02\/WhatsApp-Image-2026-02-03-at-02.40.31.jpeg","articleSection":["Quadradinho em Foco"],"inLanguage":"pt-BR"},{"@type":"WebPage","@id":"https:\/\/www.notibras.com\/site\/344-vagas-de-emprego-nesta-quinta-5\/","url":"https:\/\/www.notibras.com\/site\/344-vagas-de-emprego-nesta-quinta-5\/","name":"344 vagas de emprego nesta quinta (5) - Notibras","isPartOf":{"@id":"https:\/\/www.notibras.com\/site\/#website"},"primaryImageOfPage":{"@id":"https:\/\/www.notibras.com\/site\/344-vagas-de-emprego-nesta-quinta-5\/#primaryimage"},"image":{"@id":"https:\/\/www.notibras.com\/site\/344-vagas-de-emprego-nesta-quinta-5\/#primaryimage"},"thumbnailUrl":"https:\/\/www.notibras.com\/site\/wp-content\/uploads\/2026\/02\/WhatsApp-Image-2026-02-03-at-02.40.31.jpeg","datePublished":"2026-02-05T03:30:17+00:00","breadcrumb":{"@id":"https:\/\/www.notibras.com\/site\/344-vagas-de-emprego-nesta-quinta-5\/#breadcrumb"},"inLanguage":"pt-BR","potentialAction":[{"@type":"ReadAction","target":["https:\/\/www.notibras.com\/site\/344-vagas-de-emprego-nesta-quinta-5\/"]}]},{"@type":"ImageObject","inLanguage":"pt-BR","@id":"https:\/\/www.notibras.com\/site\/344-vagas-de-emprego-nesta-quinta-5\/#primaryimage","url":"https:\/\/www.notibras.com\/site\/wp-content\/uploads\/2026\/02\/WhatsApp-Image-2026-02-03-at-02.40.31.jpeg","contentUrl":"https:\/\/www.notibras.com\/site\/wp-content\/uploads\/2026\/02\/WhatsApp-Image-2026-02-03-at-02.40.31.jpeg","width":952,"height":744},{"@type":"BreadcrumbList","@id":"https:\/\/www.notibras.com\/site\/344-vagas-de-emprego-nesta-quinta-5\/#breadcrumb","itemListElement":[{"@type":"ListItem","position":1,"name":"In\u00edcio","item":"https:\/\/www.notibras.com\/site\/"},{"@type":"ListItem","position":2,"name":"344 vagas de emprego nesta quinta (5)"}]},{"@type":"WebSite","@id":"https:\/\/www.notibras.com\/site\/#website","url":"https:\/\/www.notibras.com\/site\/","name":"Notibras","description":"Not\u00edcias de Bras\u00edlia, do Brasil e do Mundo","publisher":{"@id":"https:\/\/www.notibras.com\/site\/#organization"},"potentialAction":[{"@type":"SearchAction","target":{"@type":"EntryPoint","urlTemplate":"https:\/\/www.notibras.com\/site\/?s={search_term_string}"},"query-input":{"@type":"PropertyValueSpecification","valueRequired":true,"valueName":"search_term_string"}}],"inLanguage":"pt-BR"},{"@type":"Organization","@id":"https:\/\/www.notibras.com\/site\/#organization","name":"Grupo Notibras de Comunica\u00e7\u00e3o","url":"https:\/\/www.notibras.com\/site\/","logo":{"@type":"ImageObject","inLanguage":"pt-BR","@id":"https:\/\/www.notibras.com\/site\/#\/schema\/logo\/image\/","url":"https:\/\/www.notibras.com\/site\/wp-content\/uploads\/2023\/01\/notibras23.png","contentUrl":"https:\/\/www.notibras.com\/site\/wp-content\/uploads\/2023\/01\/notibras23.png","width":350,"height":87,"caption":"Grupo Notibras de Comunica\u00e7\u00e3o"},"image":{"@id":"https:\/\/www.notibras.com\/site\/#\/schema\/logo\/image\/"},"sameAs":["https:\/\/www.facebook.com\/notibras\/","https:\/\/x.com\/Notibras","https:\/\/www.instagram.com\/notibras\/"]},{"@type":"Person","@id":"https:\/\/www.notibras.com\/site\/#\/schema\/person\/5b7fabf2aedc3ada2105f03b22b4d3dd","name":"Eduardo Mart\u00ednez","image":{"@type":"ImageObject","inLanguage":"pt-BR","@id":"https:\/\/secure.gravatar.com\/avatar\/7902f906289926289cbcda644b5197c796b893c6ffd7b9a536a42d290f7704a0?s=96&d=mm&r=g","url":"https:\/\/secure.gravatar.com\/avatar\/7902f906289926289cbcda644b5197c796b893c6ffd7b9a536a42d290f7704a0?s=96&d=mm&r=g","contentUrl":"https:\/\/secure.gravatar.com\/avatar\/7902f906289926289cbcda644b5197c796b893c6ffd7b9a536a42d290f7704a0?s=96&d=mm&r=g","caption":"Eduardo Mart\u00ednez"}}]}},"amp_enabled":true,"_links":{"self":[{"href":"https:\/\/www.notibras.com\/site\/wp-json\/wp\/v2\/posts\/381915","targetHints":{"allow":["GET"]}}],"collection":[{"href":"https:\/\/www.notibras.com\/site\/wp-json\/wp\/v2\/posts"}],"about":[{"href":"https:\/\/www.notibras.com\/site\/wp-json\/wp\/v2\/types\/post"}],"author":[{"embeddable":true,"href":"https:\/\/www.notibras.com\/site\/wp-json\/wp\/v2\/users\/21"}],"replies":[{"embeddable":true,"href":"https:\/\/www.notibras.com\/site\/wp-json\/wp\/v2\/comments?post=381915"}],"version-history":[{"count":4,"href":"https:\/\/www.notibras.com\/site\/wp-json\/wp\/v2\/posts\/381915\/revisions"}],"predecessor-version":[{"id":381919,"href":"https:\/\/www.notibras.com\/site\/wp-json\/wp\/v2\/posts\/381915\/revisions\/381919"}],"wp:featuredmedia":[{"embeddable":true,"href":"https:\/\/www.notibras.com\/site\/wp-json\/wp\/v2\/media\/381746"}],"wp:attachment":[{"href":"https:\/\/www.notibras.com\/site\/wp-json\/wp\/v2\/media?parent=381915"}],"wp:term":[{"taxonomy":"category","embeddable":true,"href":"https:\/\/www.notibras.com\/site\/wp-json\/wp\/v2\/categories?post=381915"},{"taxonomy":"post_tag","embeddable":true,"href":"https:\/\/www.notibras.com\/site\/wp-json\/wp\/v2\/tags?post=381915"}],"curies":[{"name":"wp","href":"https:\/\/api.w.org\/{rel}","templated":true}]}}