{"id":381920,"date":"2026-02-05T00:45:11","date_gmt":"2026-02-05T03:45:11","guid":{"rendered":"https:\/\/www.notibras.com\/site\/?p=381920"},"modified":"2026-02-04T23:17:43","modified_gmt":"2026-02-05T02:17:43","slug":"acao-itinerante-ja-realizou-quase-800-consultas-e-mais-de-mil-exames","status":"publish","type":"post","link":"https:\/\/www.notibras.com\/site\/acao-itinerante-ja-realizou-quase-800-consultas-e-mais-de-mil-exames\/","title":{"rendered":"A\u00e7\u00e3o itinerante j\u00e1 realizou quase 800 consultas e mais de mil exames"},"content":{"rendered":"<p>Quase 800 consultas e 1,2 mil exames, sendo 718 de mamografias e 495 de ecografias transvaginais. Esse \u00e9 o resultado dos atendimentos realizados pela Carreta do Programa Agora Tem Especialistas, no Hospital Regional de Taguatinga (HRT).<\/p>\n<p>Com apoio da Secretaria de Sa\u00fade (SES-DF), a iniciativa, que \u00e9 do Minist\u00e9rio da Sa\u00fade (MS), oferece servi\u00e7os voltados \u00e0 preven\u00e7\u00e3o e cuidado da sa\u00fade da mulher, como consultas com especialistas ginecologistas, al\u00e9m da realiza\u00e7\u00e3o de exames de imagem, como mamografias e ultrassonografias.<\/p>\n<p>Durante a perman\u00eancia na <a href=\"https:\/\/www.saude.df.gov.br\/regiao-sudoeste\">Regi\u00e3o de Sa\u00fade Sudoeste<\/a> \u2014 que engloba Taguatinga, \u00c1guas Claras, Recanto das Emas, Samambaia, Vicente Pires e \u00c1gua Quente \u2014 a carreta atender\u00e1 a mulheres previamente reguladas, ou seja, j\u00e1 inseridas na fila de espera do Distrito Federal. O objetivo \u00e9 ampliar o acesso \u00e0 assist\u00eancia especializada, atuando como uma porta adicional de entrada para os usu\u00e1rios do Sistema \u00danico de Sa\u00fade (SUS).<\/p>\n<p><strong>Amplia\u00e7\u00e3o do acesso<\/strong><\/p>\n<p>Durante visita nesta quarta-feira (4), o diretor de Programa da Secretaria Executiva do Minist\u00e9rio da Sa\u00fade, Nilton Pereira, destacou que a iniciativa responde a uma demanda direta da pr\u00f3pria popula\u00e7\u00e3o. \u201cAs carretas t\u00eam o objetivo claro de atacar o principal problema que a popula\u00e7\u00e3o brasileira identificou no SUS, o acesso \u00e0 aten\u00e7\u00e3o especializada. N\u00e3o podemos aceitar que as pessoas morram esperando algum procedimento ou exame\u201d, afirmou.<\/p>\n<p>A representante do Comit\u00ea de Planejamento da Sa\u00fade do DF, Michelline Pedrosa, refletiu sobre a import\u00e2ncia do investimento cont\u00ednuo em sa\u00fade p\u00fablica. \u201cTrazer sa\u00fade para a popula\u00e7\u00e3o \u00e9 investir no futuro. Precisamos nos dedicar e estar mais presentes para que o povo usufrua dessa melhoria\u201d, declarou.<\/p>\n<p>Para a superintendente da Regi\u00e3o de Sa\u00fade Sudoeste, M\u00e1rcia Rodrigues, a carreta simboliza um compromisso com o cuidado em sa\u00fade. \u201cN\u00e3o \u00e9 s\u00f3 uma carreta, um ve\u00edculo. \u00c9 um s\u00edmbolo de cuidado para a popula\u00e7\u00e3o, \u00e9 um compromisso principalmente com as mulheres, que s\u00e3o os pilares para nossas fam\u00edlias e comunidade\u201d, declarou.<\/p>\n<p>Tamb\u00e9m participaram da visita os deputados distritais Jorge Vianna e Chico Vigilante; e o representante do Conselho Regional de Sa\u00fade de Taguatinga, Ronaldo Seggiaro.<\/p>\n<p><strong>Estrutura<\/strong><\/p>\n<p>A carreta conta com consult\u00f3rios climatizados para atendimentos cl\u00ednicos e procedimentos de diagn\u00f3stico, al\u00e9m de salas de espera equipadas com capacidade para at\u00e9 60 pessoas sentadas. Os consult\u00f3rios itinerantes percorrem diferentes regi\u00f5es administrativas (RAs) desde outubro do ano passado.<\/p>\n<p><strong>Atendimentos no DF<\/strong><\/p>\n<p>No per\u00edodo em que esteve em Ceil\u00e2ndia, entre dezembro de 2025 e a primeira quinzena de 2026, foram registradas mais de 1,4 mil pessoas atendidas e 3,3 mil procedimentos.<\/p>\n","protected":false},"excerpt":{"rendered":"<p>Quase 800 consultas e 1,2 mil exames, sendo 718 de mamografias e 495 de ecografias transvaginais. Esse \u00e9 o resultado dos atendimentos realizados pela Carreta do Programa Agora Tem Especialistas, no Hospital Regional de Taguatinga (HRT). Com apoio da Secretaria de Sa\u00fade (SES-DF), a iniciativa, que \u00e9 do Minist\u00e9rio da Sa\u00fade (MS), oferece servi\u00e7os voltados [&hellip;]<\/p>\n","protected":false},"author":21,"featured_media":381921,"comment_status":"closed","ping_status":"closed","sticky":false,"template":"","format":"standard","meta":{"_acf_changed":false,"footnotes":""},"categories":[161],"tags":[],"class_list":["post-381920","post","type-post","status-publish","format-standard","has-post-thumbnail","hentry","category-quadradinho-em-foco"],"acf":[],"yoast_head":"<!-- This site is optimized with the Yoast SEO plugin v27.2 - https:\/\/yoast.com\/product\/yoast-seo-wordpress\/ -->\n<title>A\u00e7\u00e3o itinerante j\u00e1 realizou quase 800 consultas e mais de mil exames - Notibras<\/title>\n<meta name=\"robots\" content=\"index, follow, max-snippet:-1, max-image-preview:large, max-video-preview:-1\" \/>\n<link rel=\"canonical\" href=\"https:\/\/www.notibras.com\/site\/acao-itinerante-ja-realizou-quase-800-consultas-e-mais-de-mil-exames\/\" \/>\n<meta property=\"og:locale\" content=\"pt_BR\" \/>\n<meta property=\"og:type\" content=\"article\" \/>\n<meta property=\"og:title\" content=\"A\u00e7\u00e3o itinerante j\u00e1 realizou quase 800 consultas e mais de mil exames - Notibras\" \/>\n<meta property=\"og:description\" content=\"Quase 800 consultas e 1,2 mil exames, sendo 718 de mamografias e 495 de ecografias transvaginais. Esse \u00e9 o resultado dos atendimentos realizados pela Carreta do Programa Agora Tem Especialistas, no Hospital Regional de Taguatinga (HRT). Com apoio da Secretaria de Sa\u00fade (SES-DF), a iniciativa, que \u00e9 do Minist\u00e9rio da Sa\u00fade (MS), oferece servi\u00e7os voltados [&hellip;]\" \/>\n<meta property=\"og:url\" content=\"https:\/\/www.notibras.com\/site\/acao-itinerante-ja-realizou-quase-800-consultas-e-mais-de-mil-exames\/\" \/>\n<meta property=\"og:site_name\" content=\"Notibras\" \/>\n<meta property=\"article:publisher\" content=\"https:\/\/www.facebook.com\/notibras\/\" \/>\n<meta property=\"article:published_time\" content=\"2026-02-05T03:45:11+00:00\" \/>\n<meta property=\"og:image\" content=\"https:\/\/www.notibras.com\/site\/wp-content\/uploads\/2026\/02\/55078390409_b313375823_k-1.jpg\" \/>\n\t<meta property=\"og:image:width\" content=\"2048\" \/>\n\t<meta property=\"og:image:height\" content=\"1365\" \/>\n\t<meta property=\"og:image:type\" content=\"image\/jpeg\" \/>\n<meta name=\"author\" content=\"Eduardo Mart\u00ednez\" \/>\n<meta name=\"twitter:card\" content=\"summary_large_image\" \/>\n<meta name=\"twitter:creator\" content=\"@Notibras\" \/>\n<meta name=\"twitter:site\" content=\"@Notibras\" \/>\n<meta name=\"twitter:label1\" content=\"Escrito por\" \/>\n\t<meta name=\"twitter:data1\" content=\"Eduardo Mart\u00ednez\" \/>\n\t<meta name=\"twitter:label2\" content=\"Est. tempo de leitura\" \/>\n\t<meta name=\"twitter:data2\" content=\"3 minutos\" \/>\n<script type=\"application\/ld+json\" class=\"yoast-schema-graph\">{\"@context\":\"https:\/\/schema.org\",\"@graph\":[{\"@type\":\"Article\",\"@id\":\"https:\/\/www.notibras.com\/site\/acao-itinerante-ja-realizou-quase-800-consultas-e-mais-de-mil-exames\/#article\",\"isPartOf\":{\"@id\":\"https:\/\/www.notibras.com\/site\/acao-itinerante-ja-realizou-quase-800-consultas-e-mais-de-mil-exames\/\"},\"author\":{\"name\":\"Eduardo Mart\u00ednez\",\"@id\":\"https:\/\/www.notibras.com\/site\/#\/schema\/person\/5b7fabf2aedc3ada2105f03b22b4d3dd\"},\"headline\":\"A\u00e7\u00e3o itinerante j\u00e1 realizou quase 800 consultas e mais de mil exames\",\"datePublished\":\"2026-02-05T03:45:11+00:00\",\"mainEntityOfPage\":{\"@id\":\"https:\/\/www.notibras.com\/site\/acao-itinerante-ja-realizou-quase-800-consultas-e-mais-de-mil-exames\/\"},\"wordCount\":449,\"publisher\":{\"@id\":\"https:\/\/www.notibras.com\/site\/#organization\"},\"image\":{\"@id\":\"https:\/\/www.notibras.com\/site\/acao-itinerante-ja-realizou-quase-800-consultas-e-mais-de-mil-exames\/#primaryimage\"},\"thumbnailUrl\":\"https:\/\/www.notibras.com\/site\/wp-content\/uploads\/2026\/02\/55078390409_b313375823_k-1.jpg\",\"articleSection\":[\"Quadradinho em Foco\"],\"inLanguage\":\"pt-BR\"},{\"@type\":\"WebPage\",\"@id\":\"https:\/\/www.notibras.com\/site\/acao-itinerante-ja-realizou-quase-800-consultas-e-mais-de-mil-exames\/\",\"url\":\"https:\/\/www.notibras.com\/site\/acao-itinerante-ja-realizou-quase-800-consultas-e-mais-de-mil-exames\/\",\"name\":\"A\u00e7\u00e3o itinerante j\u00e1 realizou quase 800 consultas e mais de mil exames - Notibras\",\"isPartOf\":{\"@id\":\"https:\/\/www.notibras.com\/site\/#website\"},\"primaryImageOfPage\":{\"@id\":\"https:\/\/www.notibras.com\/site\/acao-itinerante-ja-realizou-quase-800-consultas-e-mais-de-mil-exames\/#primaryimage\"},\"image\":{\"@id\":\"https:\/\/www.notibras.com\/site\/acao-itinerante-ja-realizou-quase-800-consultas-e-mais-de-mil-exames\/#primaryimage\"},\"thumbnailUrl\":\"https:\/\/www.notibras.com\/site\/wp-content\/uploads\/2026\/02\/55078390409_b313375823_k-1.jpg\",\"datePublished\":\"2026-02-05T03:45:11+00:00\",\"breadcrumb\":{\"@id\":\"https:\/\/www.notibras.com\/site\/acao-itinerante-ja-realizou-quase-800-consultas-e-mais-de-mil-exames\/#breadcrumb\"},\"inLanguage\":\"pt-BR\",\"potentialAction\":[{\"@type\":\"ReadAction\",\"target\":[\"https:\/\/www.notibras.com\/site\/acao-itinerante-ja-realizou-quase-800-consultas-e-mais-de-mil-exames\/\"]}]},{\"@type\":\"ImageObject\",\"inLanguage\":\"pt-BR\",\"@id\":\"https:\/\/www.notibras.com\/site\/acao-itinerante-ja-realizou-quase-800-consultas-e-mais-de-mil-exames\/#primaryimage\",\"url\":\"https:\/\/www.notibras.com\/site\/wp-content\/uploads\/2026\/02\/55078390409_b313375823_k-1.jpg\",\"contentUrl\":\"https:\/\/www.notibras.com\/site\/wp-content\/uploads\/2026\/02\/55078390409_b313375823_k-1.jpg\",\"width\":2048,\"height\":1365},{\"@type\":\"BreadcrumbList\",\"@id\":\"https:\/\/www.notibras.com\/site\/acao-itinerante-ja-realizou-quase-800-consultas-e-mais-de-mil-exames\/#breadcrumb\",\"itemListElement\":[{\"@type\":\"ListItem\",\"position\":1,\"name\":\"In\u00edcio\",\"item\":\"https:\/\/www.notibras.com\/site\/\"},{\"@type\":\"ListItem\",\"position\":2,\"name\":\"A\u00e7\u00e3o itinerante j\u00e1 realizou quase 800 consultas e mais de mil exames\"}]},{\"@type\":\"WebSite\",\"@id\":\"https:\/\/www.notibras.com\/site\/#website\",\"url\":\"https:\/\/www.notibras.com\/site\/\",\"name\":\"Notibras\",\"description\":\"Not\u00edcias de Bras\u00edlia, do Brasil e do Mundo\",\"publisher\":{\"@id\":\"https:\/\/www.notibras.com\/site\/#organization\"},\"potentialAction\":[{\"@type\":\"SearchAction\",\"target\":{\"@type\":\"EntryPoint\",\"urlTemplate\":\"https:\/\/www.notibras.com\/site\/?s={search_term_string}\"},\"query-input\":{\"@type\":\"PropertyValueSpecification\",\"valueRequired\":true,\"valueName\":\"search_term_string\"}}],\"inLanguage\":\"pt-BR\"},{\"@type\":\"Organization\",\"@id\":\"https:\/\/www.notibras.com\/site\/#organization\",\"name\":\"Grupo Notibras de Comunica\u00e7\u00e3o\",\"url\":\"https:\/\/www.notibras.com\/site\/\",\"logo\":{\"@type\":\"ImageObject\",\"inLanguage\":\"pt-BR\",\"@id\":\"https:\/\/www.notibras.com\/site\/#\/schema\/logo\/image\/\",\"url\":\"https:\/\/www.notibras.com\/site\/wp-content\/uploads\/2023\/01\/notibras23.png\",\"contentUrl\":\"https:\/\/www.notibras.com\/site\/wp-content\/uploads\/2023\/01\/notibras23.png\",\"width\":350,\"height\":87,\"caption\":\"Grupo Notibras de Comunica\u00e7\u00e3o\"},\"image\":{\"@id\":\"https:\/\/www.notibras.com\/site\/#\/schema\/logo\/image\/\"},\"sameAs\":[\"https:\/\/www.facebook.com\/notibras\/\",\"https:\/\/x.com\/Notibras\",\"https:\/\/www.instagram.com\/notibras\/\"]},{\"@type\":\"Person\",\"@id\":\"https:\/\/www.notibras.com\/site\/#\/schema\/person\/5b7fabf2aedc3ada2105f03b22b4d3dd\",\"name\":\"Eduardo Mart\u00ednez\",\"image\":{\"@type\":\"ImageObject\",\"inLanguage\":\"pt-BR\",\"@id\":\"https:\/\/secure.gravatar.com\/avatar\/7902f906289926289cbcda644b5197c796b893c6ffd7b9a536a42d290f7704a0?s=96&d=mm&r=g\",\"url\":\"https:\/\/secure.gravatar.com\/avatar\/7902f906289926289cbcda644b5197c796b893c6ffd7b9a536a42d290f7704a0?s=96&d=mm&r=g\",\"contentUrl\":\"https:\/\/secure.gravatar.com\/avatar\/7902f906289926289cbcda644b5197c796b893c6ffd7b9a536a42d290f7704a0?s=96&d=mm&r=g\",\"caption\":\"Eduardo Mart\u00ednez\"}}]}<\/script>\n<!-- \/ Yoast SEO plugin. -->","yoast_head_json":{"title":"A\u00e7\u00e3o itinerante j\u00e1 realizou quase 800 consultas e mais de mil exames - Notibras","robots":{"index":"index","follow":"follow","max-snippet":"max-snippet:-1","max-image-preview":"max-image-preview:large","max-video-preview":"max-video-preview:-1"},"canonical":"https:\/\/www.notibras.com\/site\/acao-itinerante-ja-realizou-quase-800-consultas-e-mais-de-mil-exames\/","og_locale":"pt_BR","og_type":"article","og_title":"A\u00e7\u00e3o itinerante j\u00e1 realizou quase 800 consultas e mais de mil exames - Notibras","og_description":"Quase 800 consultas e 1,2 mil exames, sendo 718 de mamografias e 495 de ecografias transvaginais. Esse \u00e9 o resultado dos atendimentos realizados pela Carreta do Programa Agora Tem Especialistas, no Hospital Regional de Taguatinga (HRT). Com apoio da Secretaria de Sa\u00fade (SES-DF), a iniciativa, que \u00e9 do Minist\u00e9rio da Sa\u00fade (MS), oferece servi\u00e7os voltados [&hellip;]","og_url":"https:\/\/www.notibras.com\/site\/acao-itinerante-ja-realizou-quase-800-consultas-e-mais-de-mil-exames\/","og_site_name":"Notibras","article_publisher":"https:\/\/www.facebook.com\/notibras\/","article_published_time":"2026-02-05T03:45:11+00:00","og_image":[{"width":2048,"height":1365,"url":"https:\/\/www.notibras.com\/site\/wp-content\/uploads\/2026\/02\/55078390409_b313375823_k-1.jpg","type":"image\/jpeg"}],"author":"Eduardo Mart\u00ednez","twitter_card":"summary_large_image","twitter_creator":"@Notibras","twitter_site":"@Notibras","twitter_misc":{"Escrito por":"Eduardo Mart\u00ednez","Est. tempo de leitura":"3 minutos"},"schema":{"@context":"https:\/\/schema.org","@graph":[{"@type":"Article","@id":"https:\/\/www.notibras.com\/site\/acao-itinerante-ja-realizou-quase-800-consultas-e-mais-de-mil-exames\/#article","isPartOf":{"@id":"https:\/\/www.notibras.com\/site\/acao-itinerante-ja-realizou-quase-800-consultas-e-mais-de-mil-exames\/"},"author":{"name":"Eduardo Mart\u00ednez","@id":"https:\/\/www.notibras.com\/site\/#\/schema\/person\/5b7fabf2aedc3ada2105f03b22b4d3dd"},"headline":"A\u00e7\u00e3o itinerante j\u00e1 realizou quase 800 consultas e mais de mil exames","datePublished":"2026-02-05T03:45:11+00:00","mainEntityOfPage":{"@id":"https:\/\/www.notibras.com\/site\/acao-itinerante-ja-realizou-quase-800-consultas-e-mais-de-mil-exames\/"},"wordCount":449,"publisher":{"@id":"https:\/\/www.notibras.com\/site\/#organization"},"image":{"@id":"https:\/\/www.notibras.com\/site\/acao-itinerante-ja-realizou-quase-800-consultas-e-mais-de-mil-exames\/#primaryimage"},"thumbnailUrl":"https:\/\/www.notibras.com\/site\/wp-content\/uploads\/2026\/02\/55078390409_b313375823_k-1.jpg","articleSection":["Quadradinho em Foco"],"inLanguage":"pt-BR"},{"@type":"WebPage","@id":"https:\/\/www.notibras.com\/site\/acao-itinerante-ja-realizou-quase-800-consultas-e-mais-de-mil-exames\/","url":"https:\/\/www.notibras.com\/site\/acao-itinerante-ja-realizou-quase-800-consultas-e-mais-de-mil-exames\/","name":"A\u00e7\u00e3o itinerante j\u00e1 realizou quase 800 consultas e mais de mil exames - Notibras","isPartOf":{"@id":"https:\/\/www.notibras.com\/site\/#website"},"primaryImageOfPage":{"@id":"https:\/\/www.notibras.com\/site\/acao-itinerante-ja-realizou-quase-800-consultas-e-mais-de-mil-exames\/#primaryimage"},"image":{"@id":"https:\/\/www.notibras.com\/site\/acao-itinerante-ja-realizou-quase-800-consultas-e-mais-de-mil-exames\/#primaryimage"},"thumbnailUrl":"https:\/\/www.notibras.com\/site\/wp-content\/uploads\/2026\/02\/55078390409_b313375823_k-1.jpg","datePublished":"2026-02-05T03:45:11+00:00","breadcrumb":{"@id":"https:\/\/www.notibras.com\/site\/acao-itinerante-ja-realizou-quase-800-consultas-e-mais-de-mil-exames\/#breadcrumb"},"inLanguage":"pt-BR","potentialAction":[{"@type":"ReadAction","target":["https:\/\/www.notibras.com\/site\/acao-itinerante-ja-realizou-quase-800-consultas-e-mais-de-mil-exames\/"]}]},{"@type":"ImageObject","inLanguage":"pt-BR","@id":"https:\/\/www.notibras.com\/site\/acao-itinerante-ja-realizou-quase-800-consultas-e-mais-de-mil-exames\/#primaryimage","url":"https:\/\/www.notibras.com\/site\/wp-content\/uploads\/2026\/02\/55078390409_b313375823_k-1.jpg","contentUrl":"https:\/\/www.notibras.com\/site\/wp-content\/uploads\/2026\/02\/55078390409_b313375823_k-1.jpg","width":2048,"height":1365},{"@type":"BreadcrumbList","@id":"https:\/\/www.notibras.com\/site\/acao-itinerante-ja-realizou-quase-800-consultas-e-mais-de-mil-exames\/#breadcrumb","itemListElement":[{"@type":"ListItem","position":1,"name":"In\u00edcio","item":"https:\/\/www.notibras.com\/site\/"},{"@type":"ListItem","position":2,"name":"A\u00e7\u00e3o itinerante j\u00e1 realizou quase 800 consultas e mais de mil exames"}]},{"@type":"WebSite","@id":"https:\/\/www.notibras.com\/site\/#website","url":"https:\/\/www.notibras.com\/site\/","name":"Notibras","description":"Not\u00edcias de Bras\u00edlia, do Brasil e do Mundo","publisher":{"@id":"https:\/\/www.notibras.com\/site\/#organization"},"potentialAction":[{"@type":"SearchAction","target":{"@type":"EntryPoint","urlTemplate":"https:\/\/www.notibras.com\/site\/?s={search_term_string}"},"query-input":{"@type":"PropertyValueSpecification","valueRequired":true,"valueName":"search_term_string"}}],"inLanguage":"pt-BR"},{"@type":"Organization","@id":"https:\/\/www.notibras.com\/site\/#organization","name":"Grupo Notibras de Comunica\u00e7\u00e3o","url":"https:\/\/www.notibras.com\/site\/","logo":{"@type":"ImageObject","inLanguage":"pt-BR","@id":"https:\/\/www.notibras.com\/site\/#\/schema\/logo\/image\/","url":"https:\/\/www.notibras.com\/site\/wp-content\/uploads\/2023\/01\/notibras23.png","contentUrl":"https:\/\/www.notibras.com\/site\/wp-content\/uploads\/2023\/01\/notibras23.png","width":350,"height":87,"caption":"Grupo Notibras de Comunica\u00e7\u00e3o"},"image":{"@id":"https:\/\/www.notibras.com\/site\/#\/schema\/logo\/image\/"},"sameAs":["https:\/\/www.facebook.com\/notibras\/","https:\/\/x.com\/Notibras","https:\/\/www.instagram.com\/notibras\/"]},{"@type":"Person","@id":"https:\/\/www.notibras.com\/site\/#\/schema\/person\/5b7fabf2aedc3ada2105f03b22b4d3dd","name":"Eduardo Mart\u00ednez","image":{"@type":"ImageObject","inLanguage":"pt-BR","@id":"https:\/\/secure.gravatar.com\/avatar\/7902f906289926289cbcda644b5197c796b893c6ffd7b9a536a42d290f7704a0?s=96&d=mm&r=g","url":"https:\/\/secure.gravatar.com\/avatar\/7902f906289926289cbcda644b5197c796b893c6ffd7b9a536a42d290f7704a0?s=96&d=mm&r=g","contentUrl":"https:\/\/secure.gravatar.com\/avatar\/7902f906289926289cbcda644b5197c796b893c6ffd7b9a536a42d290f7704a0?s=96&d=mm&r=g","caption":"Eduardo Mart\u00ednez"}}]}},"amp_enabled":true,"_links":{"self":[{"href":"https:\/\/www.notibras.com\/site\/wp-json\/wp\/v2\/posts\/381920","targetHints":{"allow":["GET"]}}],"collection":[{"href":"https:\/\/www.notibras.com\/site\/wp-json\/wp\/v2\/posts"}],"about":[{"href":"https:\/\/www.notibras.com\/site\/wp-json\/wp\/v2\/types\/post"}],"author":[{"embeddable":true,"href":"https:\/\/www.notibras.com\/site\/wp-json\/wp\/v2\/users\/21"}],"replies":[{"embeddable":true,"href":"https:\/\/www.notibras.com\/site\/wp-json\/wp\/v2\/comments?post=381920"}],"version-history":[{"count":2,"href":"https:\/\/www.notibras.com\/site\/wp-json\/wp\/v2\/posts\/381920\/revisions"}],"predecessor-version":[{"id":381923,"href":"https:\/\/www.notibras.com\/site\/wp-json\/wp\/v2\/posts\/381920\/revisions\/381923"}],"wp:featuredmedia":[{"embeddable":true,"href":"https:\/\/www.notibras.com\/site\/wp-json\/wp\/v2\/media\/381921"}],"wp:attachment":[{"href":"https:\/\/www.notibras.com\/site\/wp-json\/wp\/v2\/media?parent=381920"}],"wp:term":[{"taxonomy":"category","embeddable":true,"href":"https:\/\/www.notibras.com\/site\/wp-json\/wp\/v2\/categories?post=381920"},{"taxonomy":"post_tag","embeddable":true,"href":"https:\/\/www.notibras.com\/site\/wp-json\/wp\/v2\/tags?post=381920"}],"curies":[{"name":"wp","href":"https:\/\/api.w.org\/{rel}","templated":true}]}}