{"id":381924,"date":"2026-02-05T01:00:34","date_gmt":"2026-02-05T04:00:34","guid":{"rendered":"https:\/\/www.notibras.com\/site\/?p=381924"},"modified":"2026-02-04T23:27:43","modified_gmt":"2026-02-05T02:27:43","slug":"abertas-vagas-para-voluntarios-em-diversas-areas","status":"publish","type":"post","link":"https:\/\/www.notibras.com\/site\/abertas-vagas-para-voluntarios-em-diversas-areas\/","title":{"rendered":"Abertas vagas para volunt\u00e1rios em diversas \u00e1reas"},"content":{"rendered":"<p>O Hospital Regional de Sobradinho (HRS) abriu vagas para volunt\u00e1rios profissionais. Ser\u00e3o recebidos candidatos de diversas \u00e1reas de atua\u00e7\u00e3o, incluindo oportunidades para n\u00edvel m\u00e9dio e superior. As inscri\u00e7\u00f5es s\u00e3o presenciais e iniciam em 2 de mar\u00e7o, das 8h \u00e0s 12h e das 14h \u00e0s 17h, no audit\u00f3rio da unidade. Ressalta-se que as vagas s\u00e3o volunt\u00e1rias, isto \u00e9, sem remunera\u00e7\u00e3o. A previs\u00e3o de in\u00edcio das atividades \u00e9 30 de mar\u00e7o.<\/p>\n<p>Para mais informa\u00e7\u00f5es, basta entrar em contato por meio do endere\u00e7o eletr\u00f4nico cvolhrs@gmail.com ou pelo telefone 3449-5546.<\/p>\n<p><strong>Veja as \u00e1reas e vagas dispon\u00edveis:<\/strong><\/p>\n<p>Biomedicina &#8211; 8 vagas;<br \/>\nEnfermagem &#8211; 50 vagas;<br \/>\nEnsino m\u00e9dio &#8211; 100 vagas;<br \/>\nFarm\u00e1cia &#8211; 30 vagas;<br \/>\nFisioterapia &#8211; 5 vagas;<br \/>\nOdontologia &#8211; 2 vagas;<br \/>\nTHD &#8211; 5 vagas;<br \/>\nServi\u00e7o social &#8211; 3 vagas;<br \/>\nT\u00e9cnico de an\u00e1lises cl\u00ednicas &#8211; 15 vagas;<br \/>\nT\u00e9cnico de enfermagem &#8211; 70 vagas;<br \/>\nT\u00e9cnico de radiologia &#8211; 10 vagas;<br \/>\nAdministrador &#8211; 3 vagas.<\/p>\n<p>Os interessados dever\u00e3o comparecer na data informada com c\u00f3pias leg\u00edveis dos documentos abaixo relacionados. A aus\u00eancia de qualquer documento inviabilizar\u00e1 a inscri\u00e7\u00e3o:<\/p>\n<p>Documento oficial de identidade (civil ou militar);<br \/>\nDeclara\u00e7\u00e3o de CPF regular (emitida no site da Receita Federal);<br \/>\nComprovante de resid\u00eancia em nome do candidato ou comprovante acompanhado de declara\u00e7\u00e3o em modelo pr\u00f3prio da SES-DF assinada pelo propriet\u00e1rio do im\u00f3vel;<br \/>\nDiploma de conclus\u00e3o do curso correspondente ao cargo pretendido;<br \/>\nCarteira do conselho de classe e certid\u00e3o negativa \u00e9tica e financeira referente ao ano de 2025;<br \/>\nCertid\u00e3o criminal negativa do TRF da 1\u00aa Regi\u00e3o;<br \/>\nCertid\u00e3o negativa criminal do TJDFT;<br \/>\nCart\u00e3o de vacina atualizado.<\/p>\n<p>Para candidatos com apenas ensino m\u00e9dio interessados em atuar na \u00e1rea administrativa (assistente), n\u00e3o ser\u00e1 exigida carteira nem certid\u00e3o negativa do conselho de classe.<\/p>\n<p>Estando a documenta\u00e7\u00e3o em conformidade e atendidos os requisitos, ser\u00e1 aberto processo junto \u00e0 Ger\u00eancia de Voluntariado (Gevol) da Secretaria de Sa\u00fade (SES-DF) para a solicita\u00e7\u00e3o de matr\u00edcula.<\/p>\n<p><strong>Funcionamento<\/strong><\/p>\n<p>Aqueles volunt\u00e1rios que atuarem em regime de plant\u00e3o (manh\u00e3 e tarde) ter\u00e3o direito ao almo\u00e7o no refeit\u00f3rio institucional, juntamente com os servidores. A carga hor\u00e1ria m\u00ednima \u00e9 de 6 horas semanais e a m\u00e1xima de 40 horas, conforme disponibilidade do volunt\u00e1rio.<\/p>\n<p>A folha de ponto ser\u00e1 assinada e recolhida mensalmente. Ao solicitar desligamento, o volunt\u00e1rio poder\u00e1 requerer certificado contendo a carga hor\u00e1ria cumprida e a descri\u00e7\u00e3o das atividades desenvolvidas. Durante o per\u00edodo de atua\u00e7\u00e3o, tamb\u00e9m poder\u00e1 solicitar declara\u00e7\u00e3o de experi\u00eancia junto \u00e0 Coordena\u00e7\u00e3o de Voluntariado.<\/p>\n","protected":false},"excerpt":{"rendered":"<p>O Hospital Regional de Sobradinho (HRS) abriu vagas para volunt\u00e1rios profissionais. Ser\u00e3o recebidos candidatos de diversas \u00e1reas de atua\u00e7\u00e3o, incluindo oportunidades para n\u00edvel m\u00e9dio e superior. As inscri\u00e7\u00f5es s\u00e3o presenciais e iniciam em 2 de mar\u00e7o, das 8h \u00e0s 12h e das 14h \u00e0s 17h, no audit\u00f3rio da unidade. Ressalta-se que as vagas s\u00e3o volunt\u00e1rias, [&hellip;]<\/p>\n","protected":false},"author":21,"featured_media":381925,"comment_status":"closed","ping_status":"closed","sticky":false,"template":"","format":"standard","meta":{"_acf_changed":false,"footnotes":""},"categories":[161],"tags":[],"class_list":["post-381924","post","type-post","status-publish","format-standard","has-post-thumbnail","hentry","category-quadradinho-em-foco"],"acf":[],"yoast_head":"<!-- This site is optimized with the Yoast SEO plugin v27.2 - https:\/\/yoast.com\/product\/yoast-seo-wordpress\/ -->\n<title>Abertas vagas para volunt\u00e1rios em diversas \u00e1reas - Notibras<\/title>\n<meta name=\"robots\" content=\"index, follow, max-snippet:-1, max-image-preview:large, max-video-preview:-1\" \/>\n<link rel=\"canonical\" href=\"https:\/\/www.notibras.com\/site\/abertas-vagas-para-voluntarios-em-diversas-areas\/\" \/>\n<meta property=\"og:locale\" content=\"pt_BR\" \/>\n<meta property=\"og:type\" content=\"article\" \/>\n<meta property=\"og:title\" content=\"Abertas vagas para volunt\u00e1rios em diversas \u00e1reas - Notibras\" \/>\n<meta property=\"og:description\" content=\"O Hospital Regional de Sobradinho (HRS) abriu vagas para volunt\u00e1rios profissionais. Ser\u00e3o recebidos candidatos de diversas \u00e1reas de atua\u00e7\u00e3o, incluindo oportunidades para n\u00edvel m\u00e9dio e superior. As inscri\u00e7\u00f5es s\u00e3o presenciais e iniciam em 2 de mar\u00e7o, das 8h \u00e0s 12h e das 14h \u00e0s 17h, no audit\u00f3rio da unidade. Ressalta-se que as vagas s\u00e3o volunt\u00e1rias, [&hellip;]\" \/>\n<meta property=\"og:url\" content=\"https:\/\/www.notibras.com\/site\/abertas-vagas-para-voluntarios-em-diversas-areas\/\" \/>\n<meta property=\"og:site_name\" content=\"Notibras\" \/>\n<meta property=\"article:publisher\" content=\"https:\/\/www.facebook.com\/notibras\/\" \/>\n<meta property=\"article:published_time\" content=\"2026-02-05T04:00:34+00:00\" \/>\n<meta property=\"og:image\" content=\"https:\/\/www.notibras.com\/site\/wp-content\/uploads\/2026\/02\/54108578267_8c570d3b65_k.jpg\" \/>\n\t<meta property=\"og:image:width\" content=\"1556\" \/>\n\t<meta property=\"og:image:height\" content=\"1037\" \/>\n\t<meta property=\"og:image:type\" content=\"image\/jpeg\" \/>\n<meta name=\"author\" content=\"Eduardo Mart\u00ednez\" \/>\n<meta name=\"twitter:card\" content=\"summary_large_image\" \/>\n<meta name=\"twitter:creator\" content=\"@Notibras\" \/>\n<meta name=\"twitter:site\" content=\"@Notibras\" \/>\n<meta name=\"twitter:label1\" content=\"Escrito por\" \/>\n\t<meta name=\"twitter:data1\" content=\"Eduardo Mart\u00ednez\" \/>\n\t<meta name=\"twitter:label2\" content=\"Est. tempo de leitura\" \/>\n\t<meta name=\"twitter:data2\" content=\"3 minutos\" \/>\n<script type=\"application\/ld+json\" class=\"yoast-schema-graph\">{\"@context\":\"https:\/\/schema.org\",\"@graph\":[{\"@type\":\"Article\",\"@id\":\"https:\/\/www.notibras.com\/site\/abertas-vagas-para-voluntarios-em-diversas-areas\/#article\",\"isPartOf\":{\"@id\":\"https:\/\/www.notibras.com\/site\/abertas-vagas-para-voluntarios-em-diversas-areas\/\"},\"author\":{\"name\":\"Eduardo Mart\u00ednez\",\"@id\":\"https:\/\/www.notibras.com\/site\/#\/schema\/person\/5b7fabf2aedc3ada2105f03b22b4d3dd\"},\"headline\":\"Abertas vagas para volunt\u00e1rios em diversas \u00e1reas\",\"datePublished\":\"2026-02-05T04:00:34+00:00\",\"mainEntityOfPage\":{\"@id\":\"https:\/\/www.notibras.com\/site\/abertas-vagas-para-voluntarios-em-diversas-areas\/\"},\"wordCount\":447,\"publisher\":{\"@id\":\"https:\/\/www.notibras.com\/site\/#organization\"},\"image\":{\"@id\":\"https:\/\/www.notibras.com\/site\/abertas-vagas-para-voluntarios-em-diversas-areas\/#primaryimage\"},\"thumbnailUrl\":\"https:\/\/www.notibras.com\/site\/wp-content\/uploads\/2026\/02\/54108578267_8c570d3b65_k.jpg\",\"articleSection\":[\"Quadradinho em Foco\"],\"inLanguage\":\"pt-BR\"},{\"@type\":\"WebPage\",\"@id\":\"https:\/\/www.notibras.com\/site\/abertas-vagas-para-voluntarios-em-diversas-areas\/\",\"url\":\"https:\/\/www.notibras.com\/site\/abertas-vagas-para-voluntarios-em-diversas-areas\/\",\"name\":\"Abertas vagas para volunt\u00e1rios em diversas \u00e1reas - Notibras\",\"isPartOf\":{\"@id\":\"https:\/\/www.notibras.com\/site\/#website\"},\"primaryImageOfPage\":{\"@id\":\"https:\/\/www.notibras.com\/site\/abertas-vagas-para-voluntarios-em-diversas-areas\/#primaryimage\"},\"image\":{\"@id\":\"https:\/\/www.notibras.com\/site\/abertas-vagas-para-voluntarios-em-diversas-areas\/#primaryimage\"},\"thumbnailUrl\":\"https:\/\/www.notibras.com\/site\/wp-content\/uploads\/2026\/02\/54108578267_8c570d3b65_k.jpg\",\"datePublished\":\"2026-02-05T04:00:34+00:00\",\"breadcrumb\":{\"@id\":\"https:\/\/www.notibras.com\/site\/abertas-vagas-para-voluntarios-em-diversas-areas\/#breadcrumb\"},\"inLanguage\":\"pt-BR\",\"potentialAction\":[{\"@type\":\"ReadAction\",\"target\":[\"https:\/\/www.notibras.com\/site\/abertas-vagas-para-voluntarios-em-diversas-areas\/\"]}]},{\"@type\":\"ImageObject\",\"inLanguage\":\"pt-BR\",\"@id\":\"https:\/\/www.notibras.com\/site\/abertas-vagas-para-voluntarios-em-diversas-areas\/#primaryimage\",\"url\":\"https:\/\/www.notibras.com\/site\/wp-content\/uploads\/2026\/02\/54108578267_8c570d3b65_k.jpg\",\"contentUrl\":\"https:\/\/www.notibras.com\/site\/wp-content\/uploads\/2026\/02\/54108578267_8c570d3b65_k.jpg\",\"width\":1556,\"height\":1037},{\"@type\":\"BreadcrumbList\",\"@id\":\"https:\/\/www.notibras.com\/site\/abertas-vagas-para-voluntarios-em-diversas-areas\/#breadcrumb\",\"itemListElement\":[{\"@type\":\"ListItem\",\"position\":1,\"name\":\"In\u00edcio\",\"item\":\"https:\/\/www.notibras.com\/site\/\"},{\"@type\":\"ListItem\",\"position\":2,\"name\":\"Abertas vagas para volunt\u00e1rios em diversas \u00e1reas\"}]},{\"@type\":\"WebSite\",\"@id\":\"https:\/\/www.notibras.com\/site\/#website\",\"url\":\"https:\/\/www.notibras.com\/site\/\",\"name\":\"Notibras\",\"description\":\"Not\u00edcias de Bras\u00edlia, do Brasil e do Mundo\",\"publisher\":{\"@id\":\"https:\/\/www.notibras.com\/site\/#organization\"},\"potentialAction\":[{\"@type\":\"SearchAction\",\"target\":{\"@type\":\"EntryPoint\",\"urlTemplate\":\"https:\/\/www.notibras.com\/site\/?s={search_term_string}\"},\"query-input\":{\"@type\":\"PropertyValueSpecification\",\"valueRequired\":true,\"valueName\":\"search_term_string\"}}],\"inLanguage\":\"pt-BR\"},{\"@type\":\"Organization\",\"@id\":\"https:\/\/www.notibras.com\/site\/#organization\",\"name\":\"Grupo Notibras de Comunica\u00e7\u00e3o\",\"url\":\"https:\/\/www.notibras.com\/site\/\",\"logo\":{\"@type\":\"ImageObject\",\"inLanguage\":\"pt-BR\",\"@id\":\"https:\/\/www.notibras.com\/site\/#\/schema\/logo\/image\/\",\"url\":\"https:\/\/www.notibras.com\/site\/wp-content\/uploads\/2023\/01\/notibras23.png\",\"contentUrl\":\"https:\/\/www.notibras.com\/site\/wp-content\/uploads\/2023\/01\/notibras23.png\",\"width\":350,\"height\":87,\"caption\":\"Grupo Notibras de Comunica\u00e7\u00e3o\"},\"image\":{\"@id\":\"https:\/\/www.notibras.com\/site\/#\/schema\/logo\/image\/\"},\"sameAs\":[\"https:\/\/www.facebook.com\/notibras\/\",\"https:\/\/x.com\/Notibras\",\"https:\/\/www.instagram.com\/notibras\/\"]},{\"@type\":\"Person\",\"@id\":\"https:\/\/www.notibras.com\/site\/#\/schema\/person\/5b7fabf2aedc3ada2105f03b22b4d3dd\",\"name\":\"Eduardo Mart\u00ednez\",\"image\":{\"@type\":\"ImageObject\",\"inLanguage\":\"pt-BR\",\"@id\":\"https:\/\/secure.gravatar.com\/avatar\/7902f906289926289cbcda644b5197c796b893c6ffd7b9a536a42d290f7704a0?s=96&d=mm&r=g\",\"url\":\"https:\/\/secure.gravatar.com\/avatar\/7902f906289926289cbcda644b5197c796b893c6ffd7b9a536a42d290f7704a0?s=96&d=mm&r=g\",\"contentUrl\":\"https:\/\/secure.gravatar.com\/avatar\/7902f906289926289cbcda644b5197c796b893c6ffd7b9a536a42d290f7704a0?s=96&d=mm&r=g\",\"caption\":\"Eduardo Mart\u00ednez\"}}]}<\/script>\n<!-- \/ Yoast SEO plugin. -->","yoast_head_json":{"title":"Abertas vagas para volunt\u00e1rios em diversas \u00e1reas - Notibras","robots":{"index":"index","follow":"follow","max-snippet":"max-snippet:-1","max-image-preview":"max-image-preview:large","max-video-preview":"max-video-preview:-1"},"canonical":"https:\/\/www.notibras.com\/site\/abertas-vagas-para-voluntarios-em-diversas-areas\/","og_locale":"pt_BR","og_type":"article","og_title":"Abertas vagas para volunt\u00e1rios em diversas \u00e1reas - Notibras","og_description":"O Hospital Regional de Sobradinho (HRS) abriu vagas para volunt\u00e1rios profissionais. Ser\u00e3o recebidos candidatos de diversas \u00e1reas de atua\u00e7\u00e3o, incluindo oportunidades para n\u00edvel m\u00e9dio e superior. As inscri\u00e7\u00f5es s\u00e3o presenciais e iniciam em 2 de mar\u00e7o, das 8h \u00e0s 12h e das 14h \u00e0s 17h, no audit\u00f3rio da unidade. Ressalta-se que as vagas s\u00e3o volunt\u00e1rias, [&hellip;]","og_url":"https:\/\/www.notibras.com\/site\/abertas-vagas-para-voluntarios-em-diversas-areas\/","og_site_name":"Notibras","article_publisher":"https:\/\/www.facebook.com\/notibras\/","article_published_time":"2026-02-05T04:00:34+00:00","og_image":[{"width":1556,"height":1037,"url":"https:\/\/www.notibras.com\/site\/wp-content\/uploads\/2026\/02\/54108578267_8c570d3b65_k.jpg","type":"image\/jpeg"}],"author":"Eduardo Mart\u00ednez","twitter_card":"summary_large_image","twitter_creator":"@Notibras","twitter_site":"@Notibras","twitter_misc":{"Escrito por":"Eduardo Mart\u00ednez","Est. tempo de leitura":"3 minutos"},"schema":{"@context":"https:\/\/schema.org","@graph":[{"@type":"Article","@id":"https:\/\/www.notibras.com\/site\/abertas-vagas-para-voluntarios-em-diversas-areas\/#article","isPartOf":{"@id":"https:\/\/www.notibras.com\/site\/abertas-vagas-para-voluntarios-em-diversas-areas\/"},"author":{"name":"Eduardo Mart\u00ednez","@id":"https:\/\/www.notibras.com\/site\/#\/schema\/person\/5b7fabf2aedc3ada2105f03b22b4d3dd"},"headline":"Abertas vagas para volunt\u00e1rios em diversas \u00e1reas","datePublished":"2026-02-05T04:00:34+00:00","mainEntityOfPage":{"@id":"https:\/\/www.notibras.com\/site\/abertas-vagas-para-voluntarios-em-diversas-areas\/"},"wordCount":447,"publisher":{"@id":"https:\/\/www.notibras.com\/site\/#organization"},"image":{"@id":"https:\/\/www.notibras.com\/site\/abertas-vagas-para-voluntarios-em-diversas-areas\/#primaryimage"},"thumbnailUrl":"https:\/\/www.notibras.com\/site\/wp-content\/uploads\/2026\/02\/54108578267_8c570d3b65_k.jpg","articleSection":["Quadradinho em Foco"],"inLanguage":"pt-BR"},{"@type":"WebPage","@id":"https:\/\/www.notibras.com\/site\/abertas-vagas-para-voluntarios-em-diversas-areas\/","url":"https:\/\/www.notibras.com\/site\/abertas-vagas-para-voluntarios-em-diversas-areas\/","name":"Abertas vagas para volunt\u00e1rios em diversas \u00e1reas - Notibras","isPartOf":{"@id":"https:\/\/www.notibras.com\/site\/#website"},"primaryImageOfPage":{"@id":"https:\/\/www.notibras.com\/site\/abertas-vagas-para-voluntarios-em-diversas-areas\/#primaryimage"},"image":{"@id":"https:\/\/www.notibras.com\/site\/abertas-vagas-para-voluntarios-em-diversas-areas\/#primaryimage"},"thumbnailUrl":"https:\/\/www.notibras.com\/site\/wp-content\/uploads\/2026\/02\/54108578267_8c570d3b65_k.jpg","datePublished":"2026-02-05T04:00:34+00:00","breadcrumb":{"@id":"https:\/\/www.notibras.com\/site\/abertas-vagas-para-voluntarios-em-diversas-areas\/#breadcrumb"},"inLanguage":"pt-BR","potentialAction":[{"@type":"ReadAction","target":["https:\/\/www.notibras.com\/site\/abertas-vagas-para-voluntarios-em-diversas-areas\/"]}]},{"@type":"ImageObject","inLanguage":"pt-BR","@id":"https:\/\/www.notibras.com\/site\/abertas-vagas-para-voluntarios-em-diversas-areas\/#primaryimage","url":"https:\/\/www.notibras.com\/site\/wp-content\/uploads\/2026\/02\/54108578267_8c570d3b65_k.jpg","contentUrl":"https:\/\/www.notibras.com\/site\/wp-content\/uploads\/2026\/02\/54108578267_8c570d3b65_k.jpg","width":1556,"height":1037},{"@type":"BreadcrumbList","@id":"https:\/\/www.notibras.com\/site\/abertas-vagas-para-voluntarios-em-diversas-areas\/#breadcrumb","itemListElement":[{"@type":"ListItem","position":1,"name":"In\u00edcio","item":"https:\/\/www.notibras.com\/site\/"},{"@type":"ListItem","position":2,"name":"Abertas vagas para volunt\u00e1rios em diversas \u00e1reas"}]},{"@type":"WebSite","@id":"https:\/\/www.notibras.com\/site\/#website","url":"https:\/\/www.notibras.com\/site\/","name":"Notibras","description":"Not\u00edcias de Bras\u00edlia, do Brasil e do Mundo","publisher":{"@id":"https:\/\/www.notibras.com\/site\/#organization"},"potentialAction":[{"@type":"SearchAction","target":{"@type":"EntryPoint","urlTemplate":"https:\/\/www.notibras.com\/site\/?s={search_term_string}"},"query-input":{"@type":"PropertyValueSpecification","valueRequired":true,"valueName":"search_term_string"}}],"inLanguage":"pt-BR"},{"@type":"Organization","@id":"https:\/\/www.notibras.com\/site\/#organization","name":"Grupo Notibras de Comunica\u00e7\u00e3o","url":"https:\/\/www.notibras.com\/site\/","logo":{"@type":"ImageObject","inLanguage":"pt-BR","@id":"https:\/\/www.notibras.com\/site\/#\/schema\/logo\/image\/","url":"https:\/\/www.notibras.com\/site\/wp-content\/uploads\/2023\/01\/notibras23.png","contentUrl":"https:\/\/www.notibras.com\/site\/wp-content\/uploads\/2023\/01\/notibras23.png","width":350,"height":87,"caption":"Grupo Notibras de Comunica\u00e7\u00e3o"},"image":{"@id":"https:\/\/www.notibras.com\/site\/#\/schema\/logo\/image\/"},"sameAs":["https:\/\/www.facebook.com\/notibras\/","https:\/\/x.com\/Notibras","https:\/\/www.instagram.com\/notibras\/"]},{"@type":"Person","@id":"https:\/\/www.notibras.com\/site\/#\/schema\/person\/5b7fabf2aedc3ada2105f03b22b4d3dd","name":"Eduardo Mart\u00ednez","image":{"@type":"ImageObject","inLanguage":"pt-BR","@id":"https:\/\/secure.gravatar.com\/avatar\/7902f906289926289cbcda644b5197c796b893c6ffd7b9a536a42d290f7704a0?s=96&d=mm&r=g","url":"https:\/\/secure.gravatar.com\/avatar\/7902f906289926289cbcda644b5197c796b893c6ffd7b9a536a42d290f7704a0?s=96&d=mm&r=g","contentUrl":"https:\/\/secure.gravatar.com\/avatar\/7902f906289926289cbcda644b5197c796b893c6ffd7b9a536a42d290f7704a0?s=96&d=mm&r=g","caption":"Eduardo Mart\u00ednez"}}]}},"amp_enabled":true,"_links":{"self":[{"href":"https:\/\/www.notibras.com\/site\/wp-json\/wp\/v2\/posts\/381924","targetHints":{"allow":["GET"]}}],"collection":[{"href":"https:\/\/www.notibras.com\/site\/wp-json\/wp\/v2\/posts"}],"about":[{"href":"https:\/\/www.notibras.com\/site\/wp-json\/wp\/v2\/types\/post"}],"author":[{"embeddable":true,"href":"https:\/\/www.notibras.com\/site\/wp-json\/wp\/v2\/users\/21"}],"replies":[{"embeddable":true,"href":"https:\/\/www.notibras.com\/site\/wp-json\/wp\/v2\/comments?post=381924"}],"version-history":[{"count":2,"href":"https:\/\/www.notibras.com\/site\/wp-json\/wp\/v2\/posts\/381924\/revisions"}],"predecessor-version":[{"id":381927,"href":"https:\/\/www.notibras.com\/site\/wp-json\/wp\/v2\/posts\/381924\/revisions\/381927"}],"wp:featuredmedia":[{"embeddable":true,"href":"https:\/\/www.notibras.com\/site\/wp-json\/wp\/v2\/media\/381925"}],"wp:attachment":[{"href":"https:\/\/www.notibras.com\/site\/wp-json\/wp\/v2\/media?parent=381924"}],"wp:term":[{"taxonomy":"category","embeddable":true,"href":"https:\/\/www.notibras.com\/site\/wp-json\/wp\/v2\/categories?post=381924"},{"taxonomy":"post_tag","embeddable":true,"href":"https:\/\/www.notibras.com\/site\/wp-json\/wp\/v2\/tags?post=381924"}],"curies":[{"name":"wp","href":"https:\/\/api.w.org\/{rel}","templated":true}]}}