{"id":381928,"date":"2026-02-05T01:15:03","date_gmt":"2026-02-05T04:15:03","guid":{"rendered":"https:\/\/www.notibras.com\/site\/?p=381928"},"modified":"2026-02-04T23:35:55","modified_gmt":"2026-02-05T02:35:55","slug":"corregedoria-capacita-servidores-em-uso-institucional-de-ia","status":"publish","type":"post","link":"https:\/\/www.notibras.com\/site\/corregedoria-capacita-servidores-em-uso-institucional-de-ia\/","title":{"rendered":"Corregedoria capacita servidores em uso institucional de IA"},"content":{"rendered":"<p>A Corregedoria da Secretaria de Educa\u00e7\u00e3o (SEEDF) promoveu, no Espa\u00e7o Neusa Fran\u00e7a, no Shopping ID, uma capacita\u00e7\u00e3o sobre o uso da intelig\u00eancia artificial (IA) aplicada \u00e0s atividades correcionais. A forma\u00e7\u00e3o integrou a agenda permanente de qualifica\u00e7\u00e3o dos servidores da unidade.<\/p>\n<p>O curso \u201cUso da intelig\u00eancia artificial aplicada ao trabalho da Corregedoria\u201d, realizado na \u00faltima segunda-feira (2), foi ministrado por Tiago Rabelo, servidor da Escola de Forma\u00e7\u00e3o do Tribunal de Justi\u00e7a do Distrito Federal e dos Territ\u00f3rios (TJDFT), e teve como foco apresentar conceitos, possibilidades e limites da IA no servi\u00e7o p\u00fablico. A proposta \u00e9 contribuir para o aprimoramento dos processos de trabalho, apoiar a tomada de decis\u00f5es e fortalecer a efici\u00eancia administrativa, sempre em conson\u00e2ncia com os princ\u00edpios da legalidade, \u00e9tica e transpar\u00eancia.<\/p>\n<p>Para a chefe da Corregedoria da SEEDF, Ana Paula Gadelha Marques Meira, a iniciativa responde a uma realidade de alta demanda. \u201cN\u00f3s trabalhamos com elevado n\u00famero de den\u00fancias e processos. Hoje, a Corregedoria conta com mais de 6 mil procedimentos de investiga\u00e7\u00e3o em curso, entre den\u00fancias, investiga\u00e7\u00f5es preliminares e processos administrativos, de diversas naturezas\u201d, destacou.<\/p>\n<p>Segundo a gestora, a intelig\u00eancia artificial j\u00e1 vem sendo utilizada como apoio na elabora\u00e7\u00e3o de documentos, relat\u00f3rios e notas t\u00e9cnicas. \u201cOs servidores buscavam uma forma\u00e7\u00e3o que ajudasse a otimizar o trabalho, porque nossa atividade \u00e9 altamente t\u00e9cnica e envolve sigilo. N\u00e3o poder\u00edamos utilizar a IA de qualquer maneira, por isso era necess\u00e1rio institucionalizar esse uso\u201d, explicou. A plataforma Microsoft Copilot foi adotada como solu\u00e7\u00e3o por atender aos requisitos de seguran\u00e7a e conformidade.<\/p>\n<p><strong>Demanda crescente e equipe reduzida<\/strong><\/p>\n<p>A gerente de Procedimentos de Investiga\u00e7\u00e3o Preliminar (Gepip), Elizabete F\u00e1tima Alves, ressaltou os desafios enfrentados pela unidade. \u201cTemos uma demanda muito alta de processos e den\u00fancias que chegam de diversos \u00f3rg\u00e3os de controle, e um quantitativo reduzido de servidores. A ideia \u00e9 trazer a intelig\u00eancia artificial a nosso favor para ganhar agilidade e conseguir resolver mais processos em menos tempo\u201d, afirmou.<\/p>\n<p>De acordo com Elizabete, 41 dos 50 servidores da Corregedoria participaram da capacita\u00e7\u00e3o. A a\u00e7\u00e3o foi viabilizada por meio de parceria com o TJDFT, intermediada por uma servidora que atua nas duas institui\u00e7\u00f5es.<\/p>\n<p><strong>IA como ferramenta de apoio<\/strong><\/p>\n<p>Especialista em direito digital, Tiago Rabelo utiliza intelig\u00eancia artificial h\u00e1 tr\u00eas anos, cursa gradua\u00e7\u00e3o na \u00e1rea e possui certifica\u00e7\u00f5es em engenharia de prompts. Para ele, a tecnologia deve ser compreendida como instrumento de suporte e n\u00e3o de substitui\u00e7\u00e3o. \u201cA intelig\u00eancia artificial n\u00e3o substitui o ser humano no processo decis\u00f3rio. Ela atua como ferramenta de apoio na organiza\u00e7\u00e3o, no desenvolvimento e na an\u00e1lise de dados. Esse \u00e9 o papel mais adequado neste momento de transforma\u00e7\u00e3o digital\u201d, explicou.<\/p>\n<p>Durante a forma\u00e7\u00e3o, tamb\u00e9m foram discutidos temas como governan\u00e7a, responsabilidade e seguran\u00e7a da informa\u00e7\u00e3o, refor\u00e7ando a import\u00e2ncia de um uso consciente e institucional da tecnologia no \u00e2mbito da administra\u00e7\u00e3o p\u00fablica.<\/p>\n","protected":false},"excerpt":{"rendered":"<p>A Corregedoria da Secretaria de Educa\u00e7\u00e3o (SEEDF) promoveu, no Espa\u00e7o Neusa Fran\u00e7a, no Shopping ID, uma capacita\u00e7\u00e3o sobre o uso da intelig\u00eancia artificial (IA) aplicada \u00e0s atividades correcionais. A forma\u00e7\u00e3o integrou a agenda permanente de qualifica\u00e7\u00e3o dos servidores da unidade. O curso \u201cUso da intelig\u00eancia artificial aplicada ao trabalho da Corregedoria\u201d, realizado na \u00faltima segunda-feira [&hellip;]<\/p>\n","protected":false},"author":21,"featured_media":381929,"comment_status":"closed","ping_status":"closed","sticky":false,"template":"","format":"standard","meta":{"_acf_changed":false,"footnotes":""},"categories":[161],"tags":[],"class_list":["post-381928","post","type-post","status-publish","format-standard","has-post-thumbnail","hentry","category-quadradinho-em-foco"],"acf":[],"yoast_head":"<!-- This site is optimized with the Yoast SEO plugin v27.2 - https:\/\/yoast.com\/product\/yoast-seo-wordpress\/ -->\n<title>Corregedoria capacita servidores em uso institucional de IA - Notibras<\/title>\n<meta name=\"robots\" content=\"index, follow, max-snippet:-1, max-image-preview:large, max-video-preview:-1\" \/>\n<link rel=\"canonical\" href=\"https:\/\/www.notibras.com\/site\/corregedoria-capacita-servidores-em-uso-institucional-de-ia\/\" \/>\n<meta property=\"og:locale\" content=\"pt_BR\" \/>\n<meta property=\"og:type\" content=\"article\" \/>\n<meta property=\"og:title\" content=\"Corregedoria capacita servidores em uso institucional de IA - Notibras\" \/>\n<meta property=\"og:description\" content=\"A Corregedoria da Secretaria de Educa\u00e7\u00e3o (SEEDF) promoveu, no Espa\u00e7o Neusa Fran\u00e7a, no Shopping ID, uma capacita\u00e7\u00e3o sobre o uso da intelig\u00eancia artificial (IA) aplicada \u00e0s atividades correcionais. A forma\u00e7\u00e3o integrou a agenda permanente de qualifica\u00e7\u00e3o dos servidores da unidade. O curso \u201cUso da intelig\u00eancia artificial aplicada ao trabalho da Corregedoria\u201d, realizado na \u00faltima segunda-feira [&hellip;]\" \/>\n<meta property=\"og:url\" content=\"https:\/\/www.notibras.com\/site\/corregedoria-capacita-servidores-em-uso-institucional-de-ia\/\" \/>\n<meta property=\"og:site_name\" content=\"Notibras\" \/>\n<meta property=\"article:publisher\" content=\"https:\/\/www.facebook.com\/notibras\/\" \/>\n<meta property=\"article:published_time\" content=\"2026-02-05T04:15:03+00:00\" \/>\n<meta property=\"og:image\" content=\"https:\/\/www.notibras.com\/site\/wp-content\/uploads\/2026\/02\/CAPA-89-1024x576.jpg\" \/>\n\t<meta property=\"og:image:width\" content=\"1024\" \/>\n\t<meta property=\"og:image:height\" content=\"576\" \/>\n\t<meta property=\"og:image:type\" content=\"image\/jpeg\" \/>\n<meta name=\"author\" content=\"Eduardo Mart\u00ednez\" \/>\n<meta name=\"twitter:card\" content=\"summary_large_image\" \/>\n<meta name=\"twitter:creator\" content=\"@Notibras\" \/>\n<meta name=\"twitter:site\" content=\"@Notibras\" \/>\n<meta name=\"twitter:label1\" content=\"Escrito por\" \/>\n\t<meta name=\"twitter:data1\" content=\"Eduardo Mart\u00ednez\" \/>\n\t<meta name=\"twitter:label2\" content=\"Est. tempo de leitura\" \/>\n\t<meta name=\"twitter:data2\" content=\"3 minutos\" \/>\n<script type=\"application\/ld+json\" class=\"yoast-schema-graph\">{\"@context\":\"https:\/\/schema.org\",\"@graph\":[{\"@type\":\"Article\",\"@id\":\"https:\/\/www.notibras.com\/site\/corregedoria-capacita-servidores-em-uso-institucional-de-ia\/#article\",\"isPartOf\":{\"@id\":\"https:\/\/www.notibras.com\/site\/corregedoria-capacita-servidores-em-uso-institucional-de-ia\/\"},\"author\":{\"name\":\"Eduardo Mart\u00ednez\",\"@id\":\"https:\/\/www.notibras.com\/site\/#\/schema\/person\/5b7fabf2aedc3ada2105f03b22b4d3dd\"},\"headline\":\"Corregedoria capacita servidores em uso institucional de IA\",\"datePublished\":\"2026-02-05T04:15:03+00:00\",\"mainEntityOfPage\":{\"@id\":\"https:\/\/www.notibras.com\/site\/corregedoria-capacita-servidores-em-uso-institucional-de-ia\/\"},\"wordCount\":524,\"publisher\":{\"@id\":\"https:\/\/www.notibras.com\/site\/#organization\"},\"image\":{\"@id\":\"https:\/\/www.notibras.com\/site\/corregedoria-capacita-servidores-em-uso-institucional-de-ia\/#primaryimage\"},\"thumbnailUrl\":\"https:\/\/www.notibras.com\/site\/wp-content\/uploads\/2026\/02\/CAPA-89.jpg\",\"articleSection\":[\"Quadradinho em Foco\"],\"inLanguage\":\"pt-BR\"},{\"@type\":\"WebPage\",\"@id\":\"https:\/\/www.notibras.com\/site\/corregedoria-capacita-servidores-em-uso-institucional-de-ia\/\",\"url\":\"https:\/\/www.notibras.com\/site\/corregedoria-capacita-servidores-em-uso-institucional-de-ia\/\",\"name\":\"Corregedoria capacita servidores em uso institucional de IA - Notibras\",\"isPartOf\":{\"@id\":\"https:\/\/www.notibras.com\/site\/#website\"},\"primaryImageOfPage\":{\"@id\":\"https:\/\/www.notibras.com\/site\/corregedoria-capacita-servidores-em-uso-institucional-de-ia\/#primaryimage\"},\"image\":{\"@id\":\"https:\/\/www.notibras.com\/site\/corregedoria-capacita-servidores-em-uso-institucional-de-ia\/#primaryimage\"},\"thumbnailUrl\":\"https:\/\/www.notibras.com\/site\/wp-content\/uploads\/2026\/02\/CAPA-89.jpg\",\"datePublished\":\"2026-02-05T04:15:03+00:00\",\"breadcrumb\":{\"@id\":\"https:\/\/www.notibras.com\/site\/corregedoria-capacita-servidores-em-uso-institucional-de-ia\/#breadcrumb\"},\"inLanguage\":\"pt-BR\",\"potentialAction\":[{\"@type\":\"ReadAction\",\"target\":[\"https:\/\/www.notibras.com\/site\/corregedoria-capacita-servidores-em-uso-institucional-de-ia\/\"]}]},{\"@type\":\"ImageObject\",\"inLanguage\":\"pt-BR\",\"@id\":\"https:\/\/www.notibras.com\/site\/corregedoria-capacita-servidores-em-uso-institucional-de-ia\/#primaryimage\",\"url\":\"https:\/\/www.notibras.com\/site\/wp-content\/uploads\/2026\/02\/CAPA-89.jpg\",\"contentUrl\":\"https:\/\/www.notibras.com\/site\/wp-content\/uploads\/2026\/02\/CAPA-89.jpg\",\"width\":2500,\"height\":1407},{\"@type\":\"BreadcrumbList\",\"@id\":\"https:\/\/www.notibras.com\/site\/corregedoria-capacita-servidores-em-uso-institucional-de-ia\/#breadcrumb\",\"itemListElement\":[{\"@type\":\"ListItem\",\"position\":1,\"name\":\"In\u00edcio\",\"item\":\"https:\/\/www.notibras.com\/site\/\"},{\"@type\":\"ListItem\",\"position\":2,\"name\":\"Corregedoria capacita servidores em uso institucional de IA\"}]},{\"@type\":\"WebSite\",\"@id\":\"https:\/\/www.notibras.com\/site\/#website\",\"url\":\"https:\/\/www.notibras.com\/site\/\",\"name\":\"Notibras\",\"description\":\"Not\u00edcias de Bras\u00edlia, do Brasil e do Mundo\",\"publisher\":{\"@id\":\"https:\/\/www.notibras.com\/site\/#organization\"},\"potentialAction\":[{\"@type\":\"SearchAction\",\"target\":{\"@type\":\"EntryPoint\",\"urlTemplate\":\"https:\/\/www.notibras.com\/site\/?s={search_term_string}\"},\"query-input\":{\"@type\":\"PropertyValueSpecification\",\"valueRequired\":true,\"valueName\":\"search_term_string\"}}],\"inLanguage\":\"pt-BR\"},{\"@type\":\"Organization\",\"@id\":\"https:\/\/www.notibras.com\/site\/#organization\",\"name\":\"Grupo Notibras de Comunica\u00e7\u00e3o\",\"url\":\"https:\/\/www.notibras.com\/site\/\",\"logo\":{\"@type\":\"ImageObject\",\"inLanguage\":\"pt-BR\",\"@id\":\"https:\/\/www.notibras.com\/site\/#\/schema\/logo\/image\/\",\"url\":\"https:\/\/www.notibras.com\/site\/wp-content\/uploads\/2023\/01\/notibras23.png\",\"contentUrl\":\"https:\/\/www.notibras.com\/site\/wp-content\/uploads\/2023\/01\/notibras23.png\",\"width\":350,\"height\":87,\"caption\":\"Grupo Notibras de Comunica\u00e7\u00e3o\"},\"image\":{\"@id\":\"https:\/\/www.notibras.com\/site\/#\/schema\/logo\/image\/\"},\"sameAs\":[\"https:\/\/www.facebook.com\/notibras\/\",\"https:\/\/x.com\/Notibras\",\"https:\/\/www.instagram.com\/notibras\/\"]},{\"@type\":\"Person\",\"@id\":\"https:\/\/www.notibras.com\/site\/#\/schema\/person\/5b7fabf2aedc3ada2105f03b22b4d3dd\",\"name\":\"Eduardo Mart\u00ednez\",\"image\":{\"@type\":\"ImageObject\",\"inLanguage\":\"pt-BR\",\"@id\":\"https:\/\/secure.gravatar.com\/avatar\/7902f906289926289cbcda644b5197c796b893c6ffd7b9a536a42d290f7704a0?s=96&d=mm&r=g\",\"url\":\"https:\/\/secure.gravatar.com\/avatar\/7902f906289926289cbcda644b5197c796b893c6ffd7b9a536a42d290f7704a0?s=96&d=mm&r=g\",\"contentUrl\":\"https:\/\/secure.gravatar.com\/avatar\/7902f906289926289cbcda644b5197c796b893c6ffd7b9a536a42d290f7704a0?s=96&d=mm&r=g\",\"caption\":\"Eduardo Mart\u00ednez\"}}]}<\/script>\n<!-- \/ Yoast SEO plugin. -->","yoast_head_json":{"title":"Corregedoria capacita servidores em uso institucional de IA - Notibras","robots":{"index":"index","follow":"follow","max-snippet":"max-snippet:-1","max-image-preview":"max-image-preview:large","max-video-preview":"max-video-preview:-1"},"canonical":"https:\/\/www.notibras.com\/site\/corregedoria-capacita-servidores-em-uso-institucional-de-ia\/","og_locale":"pt_BR","og_type":"article","og_title":"Corregedoria capacita servidores em uso institucional de IA - Notibras","og_description":"A Corregedoria da Secretaria de Educa\u00e7\u00e3o (SEEDF) promoveu, no Espa\u00e7o Neusa Fran\u00e7a, no Shopping ID, uma capacita\u00e7\u00e3o sobre o uso da intelig\u00eancia artificial (IA) aplicada \u00e0s atividades correcionais. A forma\u00e7\u00e3o integrou a agenda permanente de qualifica\u00e7\u00e3o dos servidores da unidade. O curso \u201cUso da intelig\u00eancia artificial aplicada ao trabalho da Corregedoria\u201d, realizado na \u00faltima segunda-feira [&hellip;]","og_url":"https:\/\/www.notibras.com\/site\/corregedoria-capacita-servidores-em-uso-institucional-de-ia\/","og_site_name":"Notibras","article_publisher":"https:\/\/www.facebook.com\/notibras\/","article_published_time":"2026-02-05T04:15:03+00:00","og_image":[{"width":1024,"height":576,"url":"https:\/\/www.notibras.com\/site\/wp-content\/uploads\/2026\/02\/CAPA-89-1024x576.jpg","type":"image\/jpeg"}],"author":"Eduardo Mart\u00ednez","twitter_card":"summary_large_image","twitter_creator":"@Notibras","twitter_site":"@Notibras","twitter_misc":{"Escrito por":"Eduardo Mart\u00ednez","Est. tempo de leitura":"3 minutos"},"schema":{"@context":"https:\/\/schema.org","@graph":[{"@type":"Article","@id":"https:\/\/www.notibras.com\/site\/corregedoria-capacita-servidores-em-uso-institucional-de-ia\/#article","isPartOf":{"@id":"https:\/\/www.notibras.com\/site\/corregedoria-capacita-servidores-em-uso-institucional-de-ia\/"},"author":{"name":"Eduardo Mart\u00ednez","@id":"https:\/\/www.notibras.com\/site\/#\/schema\/person\/5b7fabf2aedc3ada2105f03b22b4d3dd"},"headline":"Corregedoria capacita servidores em uso institucional de IA","datePublished":"2026-02-05T04:15:03+00:00","mainEntityOfPage":{"@id":"https:\/\/www.notibras.com\/site\/corregedoria-capacita-servidores-em-uso-institucional-de-ia\/"},"wordCount":524,"publisher":{"@id":"https:\/\/www.notibras.com\/site\/#organization"},"image":{"@id":"https:\/\/www.notibras.com\/site\/corregedoria-capacita-servidores-em-uso-institucional-de-ia\/#primaryimage"},"thumbnailUrl":"https:\/\/www.notibras.com\/site\/wp-content\/uploads\/2026\/02\/CAPA-89.jpg","articleSection":["Quadradinho em Foco"],"inLanguage":"pt-BR"},{"@type":"WebPage","@id":"https:\/\/www.notibras.com\/site\/corregedoria-capacita-servidores-em-uso-institucional-de-ia\/","url":"https:\/\/www.notibras.com\/site\/corregedoria-capacita-servidores-em-uso-institucional-de-ia\/","name":"Corregedoria capacita servidores em uso institucional de IA - Notibras","isPartOf":{"@id":"https:\/\/www.notibras.com\/site\/#website"},"primaryImageOfPage":{"@id":"https:\/\/www.notibras.com\/site\/corregedoria-capacita-servidores-em-uso-institucional-de-ia\/#primaryimage"},"image":{"@id":"https:\/\/www.notibras.com\/site\/corregedoria-capacita-servidores-em-uso-institucional-de-ia\/#primaryimage"},"thumbnailUrl":"https:\/\/www.notibras.com\/site\/wp-content\/uploads\/2026\/02\/CAPA-89.jpg","datePublished":"2026-02-05T04:15:03+00:00","breadcrumb":{"@id":"https:\/\/www.notibras.com\/site\/corregedoria-capacita-servidores-em-uso-institucional-de-ia\/#breadcrumb"},"inLanguage":"pt-BR","potentialAction":[{"@type":"ReadAction","target":["https:\/\/www.notibras.com\/site\/corregedoria-capacita-servidores-em-uso-institucional-de-ia\/"]}]},{"@type":"ImageObject","inLanguage":"pt-BR","@id":"https:\/\/www.notibras.com\/site\/corregedoria-capacita-servidores-em-uso-institucional-de-ia\/#primaryimage","url":"https:\/\/www.notibras.com\/site\/wp-content\/uploads\/2026\/02\/CAPA-89.jpg","contentUrl":"https:\/\/www.notibras.com\/site\/wp-content\/uploads\/2026\/02\/CAPA-89.jpg","width":2500,"height":1407},{"@type":"BreadcrumbList","@id":"https:\/\/www.notibras.com\/site\/corregedoria-capacita-servidores-em-uso-institucional-de-ia\/#breadcrumb","itemListElement":[{"@type":"ListItem","position":1,"name":"In\u00edcio","item":"https:\/\/www.notibras.com\/site\/"},{"@type":"ListItem","position":2,"name":"Corregedoria capacita servidores em uso institucional de IA"}]},{"@type":"WebSite","@id":"https:\/\/www.notibras.com\/site\/#website","url":"https:\/\/www.notibras.com\/site\/","name":"Notibras","description":"Not\u00edcias de Bras\u00edlia, do Brasil e do Mundo","publisher":{"@id":"https:\/\/www.notibras.com\/site\/#organization"},"potentialAction":[{"@type":"SearchAction","target":{"@type":"EntryPoint","urlTemplate":"https:\/\/www.notibras.com\/site\/?s={search_term_string}"},"query-input":{"@type":"PropertyValueSpecification","valueRequired":true,"valueName":"search_term_string"}}],"inLanguage":"pt-BR"},{"@type":"Organization","@id":"https:\/\/www.notibras.com\/site\/#organization","name":"Grupo Notibras de Comunica\u00e7\u00e3o","url":"https:\/\/www.notibras.com\/site\/","logo":{"@type":"ImageObject","inLanguage":"pt-BR","@id":"https:\/\/www.notibras.com\/site\/#\/schema\/logo\/image\/","url":"https:\/\/www.notibras.com\/site\/wp-content\/uploads\/2023\/01\/notibras23.png","contentUrl":"https:\/\/www.notibras.com\/site\/wp-content\/uploads\/2023\/01\/notibras23.png","width":350,"height":87,"caption":"Grupo Notibras de Comunica\u00e7\u00e3o"},"image":{"@id":"https:\/\/www.notibras.com\/site\/#\/schema\/logo\/image\/"},"sameAs":["https:\/\/www.facebook.com\/notibras\/","https:\/\/x.com\/Notibras","https:\/\/www.instagram.com\/notibras\/"]},{"@type":"Person","@id":"https:\/\/www.notibras.com\/site\/#\/schema\/person\/5b7fabf2aedc3ada2105f03b22b4d3dd","name":"Eduardo Mart\u00ednez","image":{"@type":"ImageObject","inLanguage":"pt-BR","@id":"https:\/\/secure.gravatar.com\/avatar\/7902f906289926289cbcda644b5197c796b893c6ffd7b9a536a42d290f7704a0?s=96&d=mm&r=g","url":"https:\/\/secure.gravatar.com\/avatar\/7902f906289926289cbcda644b5197c796b893c6ffd7b9a536a42d290f7704a0?s=96&d=mm&r=g","contentUrl":"https:\/\/secure.gravatar.com\/avatar\/7902f906289926289cbcda644b5197c796b893c6ffd7b9a536a42d290f7704a0?s=96&d=mm&r=g","caption":"Eduardo Mart\u00ednez"}}]}},"amp_enabled":true,"_links":{"self":[{"href":"https:\/\/www.notibras.com\/site\/wp-json\/wp\/v2\/posts\/381928","targetHints":{"allow":["GET"]}}],"collection":[{"href":"https:\/\/www.notibras.com\/site\/wp-json\/wp\/v2\/posts"}],"about":[{"href":"https:\/\/www.notibras.com\/site\/wp-json\/wp\/v2\/types\/post"}],"author":[{"embeddable":true,"href":"https:\/\/www.notibras.com\/site\/wp-json\/wp\/v2\/users\/21"}],"replies":[{"embeddable":true,"href":"https:\/\/www.notibras.com\/site\/wp-json\/wp\/v2\/comments?post=381928"}],"version-history":[{"count":3,"href":"https:\/\/www.notibras.com\/site\/wp-json\/wp\/v2\/posts\/381928\/revisions"}],"predecessor-version":[{"id":381932,"href":"https:\/\/www.notibras.com\/site\/wp-json\/wp\/v2\/posts\/381928\/revisions\/381932"}],"wp:featuredmedia":[{"embeddable":true,"href":"https:\/\/www.notibras.com\/site\/wp-json\/wp\/v2\/media\/381929"}],"wp:attachment":[{"href":"https:\/\/www.notibras.com\/site\/wp-json\/wp\/v2\/media?parent=381928"}],"wp:term":[{"taxonomy":"category","embeddable":true,"href":"https:\/\/www.notibras.com\/site\/wp-json\/wp\/v2\/categories?post=381928"},{"taxonomy":"post_tag","embeddable":true,"href":"https:\/\/www.notibras.com\/site\/wp-json\/wp\/v2\/tags?post=381928"}],"curies":[{"name":"wp","href":"https:\/\/api.w.org\/{rel}","templated":true}]}}