{"id":382017,"date":"2026-02-06T01:15:01","date_gmt":"2026-02-06T04:15:01","guid":{"rendered":"https:\/\/www.notibras.com\/site\/?p=382017"},"modified":"2026-02-05T22:00:34","modified_gmt":"2026-02-06T01:00:34","slug":"policiais-da-15a-dp-prendem-tres-por-trafico-de-drogas-na-ceilandia","status":"publish","type":"post","link":"https:\/\/www.notibras.com\/site\/policiais-da-15a-dp-prendem-tres-por-trafico-de-drogas-na-ceilandia\/","title":{"rendered":"Policiais da 15\u00aa DP prendem tr\u00eas por tr\u00e1fico de drogas na Ceil\u00e2ndia"},"content":{"rendered":"<p>A Pol\u00edcia Civil do Distrito Federal, por meio da 15\u00aa Delegacia de Pol\u00edcia de Ceil\u00e2ndia, deflagrou, na tarde desta quarta-feira (04\/02\/2026), a OPERA\u00c7\u00c3O UMBRA MERCIS, que resultou na pris\u00e3o em flagrante de tr\u00eas pessoas, com idades de 21, 19 e 18 anos, pela pr\u00e1tica do crime de tr\u00e1fico de drogas.<\/p>\n<p>A a\u00e7\u00e3o \u00e9 fruto de investiga\u00e7\u00e3o conduzida pelos agentes da 15\u00aa DP, iniciada ap\u00f3s o recebimento de informa\u00e7\u00f5es de colaborador indicando que os investigados estariam promovendo o com\u00e9rcio il\u00edcito de subst\u00e2ncias entorpecentes, especialmente no per\u00edodo do fim da tarde e in\u00edcio da noite. Segundo os levantamentos, o grupo utilizava resid\u00eancias vinculadas aos envolvidos como locais de armazenamento das drogas e um estabelecimento comercial como ponto de distribui\u00e7\u00e3o direta a usu\u00e1rios (Distribuidora JMG).<\/p>\n<p>Diante das informa\u00e7\u00f5es, policiais civis realizaram dilig\u00eancias preliminares, com qualifica\u00e7\u00e3o dos suspeitos, levantamento de registros policiais pret\u00e9ritos compat\u00edveis com a pr\u00e1tica do tr\u00e1fico e posterior montagem de campanas simult\u00e2neas nos endere\u00e7os indicados.<\/p>\n<p>Durante a vigil\u00e2ncia em um dos im\u00f3veis investigados, os policiais visualizaram a sa\u00edda do investigado de 21 anos da resid\u00eancia. Ao perceber o acompanhamento policial, ele tentou fugir, adentrando um estabelecimento comercial e arremessando ao solo uma por\u00e7\u00e3o de haxixe, sendo contido logo em seguida. A equipe ingressou na resid\u00eancia, onde foram localizadas outras por\u00e7\u00f5es de drogas, inclusive coca\u00edna, al\u00e9m de rel\u00f3gios do tipo smart watch lacrados e sem comprova\u00e7\u00e3o de proced\u00eancia, refor\u00e7ando os ind\u00edcios de atividade criminosa.<\/p>\n<p>Simultaneamente, outra equipe policial mantinha campana em um estabelecimento utilizado como ponto de venda de drogas, onde foi flagrada movimenta\u00e7\u00e3o t\u00edpica de mercancia, com usu\u00e1rios adquirindo entorpecentes. Um dos usu\u00e1rios foi abordado logo ap\u00f3s a compra, portando subst\u00e2ncia rec\u00e9m-adquirida. No momento da aproxima\u00e7\u00e3o policial, o investigado de 18 anos tentou se desfazer do entorpecente, arremessando-o para o interior do local, enquanto a investigada de 19 anos, sua companheira, tentou evadir-se e ainda procurou inutilizar o material jogado ao solo, condutas que evidenciaram o v\u00ednculo direto de ambos com a trafic\u00e2ncia.<\/p>\n<p>Durante as buscas realizadas nos im\u00f3veis e no estabelecimento comercial, foram apreendidas por\u00e7\u00f5es de haxixe, em m\u00faltiplas por\u00e7\u00f5es fracionadas, coca\u00edna, em por\u00e7\u00f5es embaladas para venda, e comprimidos com caracter\u00edsticas de ecstasy, al\u00e9m de balan\u00e7as de precis\u00e3o, dinheiro em esp\u00e9cie, m\u00e1quina de cart\u00e3o, anota\u00e7\u00f5es relacionadas \u00e0 atividade criminosa, aparelhos celulares e outros objetos comumente utilizados no com\u00e9rcio il\u00edcito de drogas.<\/p>\n<p>Os tr\u00eas envolvidos foram autuados em flagrante pelo crime de tr\u00e1fico de drogas, , cuja pena \u00e9 de 05 a 15 anos de reclus\u00e3o.<\/p>\n<p>As subst\u00e2ncias entorpecentes foram apreendidas e encaminhadas para per\u00edcia, e as investiga\u00e7\u00f5es prosseguem para apura\u00e7\u00e3o de eventual associa\u00e7\u00e3o para o tr\u00e1fico e outros crimes correlatos.<\/p>\n<p>O nome \u201cOpera\u00e7\u00e3o Umbra Mercis\u201d \u2014 express\u00e3o em latim que significa \u201ccom\u00e9rcio nas sombras\u201d \u2014 faz refer\u00eancia \u00e0 forma clandestina como o grupo atuava, utilizando resid\u00eancias e um estabelecimento comercial aparentemente l\u00edcito para ocultar, armazenar e distribuir drogas na regi\u00e3o.<\/p>\n<p><strong>Assista aos v\u00eddeos:<\/strong><\/p>\n<p>&nbsp;<\/p>\n<div style=\"width: 740px;\" class=\"wp-video\"><video class=\"wp-video-shortcode\" id=\"video-382017-1\" width=\"740\" height=\"419\" preload=\"metadata\" controls=\"controls\"><source type=\"video\/mp4\" src=\"https:\/\/www.notibras.com\/site\/wp-content\/uploads\/2026\/02\/WhatsApp-Video-2026-02-05-at-21.40.20.mp4?_=1\" \/><a href=\"https:\/\/www.notibras.com\/site\/wp-content\/uploads\/2026\/02\/WhatsApp-Video-2026-02-05-at-21.40.20.mp4\">https:\/\/www.notibras.com\/site\/wp-content\/uploads\/2026\/02\/WhatsApp-Video-2026-02-05-at-21.40.20.mp4<\/a><\/video><\/div>\n<div style=\"width: 740px;\" class=\"wp-video\"><video class=\"wp-video-shortcode\" id=\"video-382017-2\" width=\"740\" height=\"417\" preload=\"metadata\" controls=\"controls\"><source type=\"video\/mp4\" src=\"https:\/\/www.notibras.com\/site\/wp-content\/uploads\/2026\/02\/WhatsApp-Video-2026-02-05-at-21.39.41.mp4?_=2\" \/><a href=\"https:\/\/www.notibras.com\/site\/wp-content\/uploads\/2026\/02\/WhatsApp-Video-2026-02-05-at-21.39.41.mp4\">https:\/\/www.notibras.com\/site\/wp-content\/uploads\/2026\/02\/WhatsApp-Video-2026-02-05-at-21.39.41.mp4<\/a><\/video><\/div>\n","protected":false},"excerpt":{"rendered":"<p>A Pol\u00edcia Civil do Distrito Federal, por meio da 15\u00aa Delegacia de Pol\u00edcia de Ceil\u00e2ndia, deflagrou, na tarde desta quarta-feira (04\/02\/2026), a OPERA\u00c7\u00c3O UMBRA MERCIS, que resultou na pris\u00e3o em flagrante de tr\u00eas pessoas, com idades de 21, 19 e 18 anos, pela pr\u00e1tica do crime de tr\u00e1fico de drogas. A a\u00e7\u00e3o \u00e9 fruto de [&hellip;]<\/p>\n","protected":false},"author":21,"featured_media":382019,"comment_status":"closed","ping_status":"closed","sticky":false,"template":"","format":"standard","meta":{"_acf_changed":false,"footnotes":""},"categories":[161],"tags":[],"class_list":["post-382017","post","type-post","status-publish","format-standard","has-post-thumbnail","hentry","category-quadradinho-em-foco"],"acf":[],"yoast_head":"<!-- This site is optimized with the Yoast SEO plugin v27.2 - https:\/\/yoast.com\/product\/yoast-seo-wordpress\/ -->\n<title>Policiais da 15\u00aa DP prendem tr\u00eas por tr\u00e1fico de drogas na Ceil\u00e2ndia - Notibras<\/title>\n<meta name=\"robots\" content=\"index, follow, max-snippet:-1, max-image-preview:large, max-video-preview:-1\" \/>\n<link rel=\"canonical\" href=\"https:\/\/www.notibras.com\/site\/policiais-da-15a-dp-prendem-tres-por-trafico-de-drogas-na-ceilandia\/\" \/>\n<meta property=\"og:locale\" content=\"pt_BR\" \/>\n<meta property=\"og:type\" content=\"article\" \/>\n<meta property=\"og:title\" content=\"Policiais da 15\u00aa DP prendem tr\u00eas por tr\u00e1fico de drogas na Ceil\u00e2ndia - Notibras\" \/>\n<meta property=\"og:description\" content=\"A Pol\u00edcia Civil do Distrito Federal, por meio da 15\u00aa Delegacia de Pol\u00edcia de Ceil\u00e2ndia, deflagrou, na tarde desta quarta-feira (04\/02\/2026), a OPERA\u00c7\u00c3O UMBRA MERCIS, que resultou na pris\u00e3o em flagrante de tr\u00eas pessoas, com idades de 21, 19 e 18 anos, pela pr\u00e1tica do crime de tr\u00e1fico de drogas. A a\u00e7\u00e3o \u00e9 fruto de [&hellip;]\" \/>\n<meta property=\"og:url\" content=\"https:\/\/www.notibras.com\/site\/policiais-da-15a-dp-prendem-tres-por-trafico-de-drogas-na-ceilandia\/\" \/>\n<meta property=\"og:site_name\" content=\"Notibras\" \/>\n<meta property=\"article:publisher\" content=\"https:\/\/www.facebook.com\/notibras\/\" \/>\n<meta property=\"article:published_time\" content=\"2026-02-06T04:15:01+00:00\" \/>\n<meta property=\"og:image\" content=\"https:\/\/www.notibras.com\/site\/wp-content\/uploads\/2026\/02\/WhatsApp-Image-2026-02-05-at-18.38.58.jpeg\" \/>\n\t<meta property=\"og:image:width\" content=\"960\" \/>\n\t<meta property=\"og:image:height\" content=\"1280\" \/>\n\t<meta property=\"og:image:type\" content=\"image\/jpeg\" \/>\n<meta name=\"author\" content=\"Eduardo Mart\u00ednez\" \/>\n<meta name=\"twitter:card\" content=\"summary_large_image\" \/>\n<meta name=\"twitter:creator\" content=\"@Notibras\" \/>\n<meta name=\"twitter:site\" content=\"@Notibras\" \/>\n<meta name=\"twitter:label1\" content=\"Escrito por\" \/>\n\t<meta name=\"twitter:data1\" content=\"Eduardo Mart\u00ednez\" \/>\n\t<meta name=\"twitter:label2\" content=\"Est. tempo de leitura\" \/>\n\t<meta name=\"twitter:data2\" content=\"3 minutos\" \/>\n<script type=\"application\/ld+json\" class=\"yoast-schema-graph\">{\"@context\":\"https:\/\/schema.org\",\"@graph\":[{\"@type\":\"Article\",\"@id\":\"https:\/\/www.notibras.com\/site\/policiais-da-15a-dp-prendem-tres-por-trafico-de-drogas-na-ceilandia\/#article\",\"isPartOf\":{\"@id\":\"https:\/\/www.notibras.com\/site\/policiais-da-15a-dp-prendem-tres-por-trafico-de-drogas-na-ceilandia\/\"},\"author\":{\"name\":\"Eduardo Mart\u00ednez\",\"@id\":\"https:\/\/www.notibras.com\/site\/#\/schema\/person\/5b7fabf2aedc3ada2105f03b22b4d3dd\"},\"headline\":\"Policiais da 15\u00aa DP prendem tr\u00eas por tr\u00e1fico de drogas na Ceil\u00e2ndia\",\"datePublished\":\"2026-02-06T04:15:01+00:00\",\"mainEntityOfPage\":{\"@id\":\"https:\/\/www.notibras.com\/site\/policiais-da-15a-dp-prendem-tres-por-trafico-de-drogas-na-ceilandia\/\"},\"wordCount\":590,\"publisher\":{\"@id\":\"https:\/\/www.notibras.com\/site\/#organization\"},\"image\":{\"@id\":\"https:\/\/www.notibras.com\/site\/policiais-da-15a-dp-prendem-tres-por-trafico-de-drogas-na-ceilandia\/#primaryimage\"},\"thumbnailUrl\":\"https:\/\/www.notibras.com\/site\/wp-content\/uploads\/2026\/02\/WhatsApp-Image-2026-02-05-at-18.38.58.jpeg\",\"articleSection\":[\"Quadradinho em Foco\"],\"inLanguage\":\"pt-BR\"},{\"@type\":\"WebPage\",\"@id\":\"https:\/\/www.notibras.com\/site\/policiais-da-15a-dp-prendem-tres-por-trafico-de-drogas-na-ceilandia\/\",\"url\":\"https:\/\/www.notibras.com\/site\/policiais-da-15a-dp-prendem-tres-por-trafico-de-drogas-na-ceilandia\/\",\"name\":\"Policiais da 15\u00aa DP prendem tr\u00eas por tr\u00e1fico de drogas na Ceil\u00e2ndia - Notibras\",\"isPartOf\":{\"@id\":\"https:\/\/www.notibras.com\/site\/#website\"},\"primaryImageOfPage\":{\"@id\":\"https:\/\/www.notibras.com\/site\/policiais-da-15a-dp-prendem-tres-por-trafico-de-drogas-na-ceilandia\/#primaryimage\"},\"image\":{\"@id\":\"https:\/\/www.notibras.com\/site\/policiais-da-15a-dp-prendem-tres-por-trafico-de-drogas-na-ceilandia\/#primaryimage\"},\"thumbnailUrl\":\"https:\/\/www.notibras.com\/site\/wp-content\/uploads\/2026\/02\/WhatsApp-Image-2026-02-05-at-18.38.58.jpeg\",\"datePublished\":\"2026-02-06T04:15:01+00:00\",\"breadcrumb\":{\"@id\":\"https:\/\/www.notibras.com\/site\/policiais-da-15a-dp-prendem-tres-por-trafico-de-drogas-na-ceilandia\/#breadcrumb\"},\"inLanguage\":\"pt-BR\",\"potentialAction\":[{\"@type\":\"ReadAction\",\"target\":[\"https:\/\/www.notibras.com\/site\/policiais-da-15a-dp-prendem-tres-por-trafico-de-drogas-na-ceilandia\/\"]}]},{\"@type\":\"ImageObject\",\"inLanguage\":\"pt-BR\",\"@id\":\"https:\/\/www.notibras.com\/site\/policiais-da-15a-dp-prendem-tres-por-trafico-de-drogas-na-ceilandia\/#primaryimage\",\"url\":\"https:\/\/www.notibras.com\/site\/wp-content\/uploads\/2026\/02\/WhatsApp-Image-2026-02-05-at-18.38.58.jpeg\",\"contentUrl\":\"https:\/\/www.notibras.com\/site\/wp-content\/uploads\/2026\/02\/WhatsApp-Image-2026-02-05-at-18.38.58.jpeg\",\"width\":960,\"height\":1280},{\"@type\":\"BreadcrumbList\",\"@id\":\"https:\/\/www.notibras.com\/site\/policiais-da-15a-dp-prendem-tres-por-trafico-de-drogas-na-ceilandia\/#breadcrumb\",\"itemListElement\":[{\"@type\":\"ListItem\",\"position\":1,\"name\":\"In\u00edcio\",\"item\":\"https:\/\/www.notibras.com\/site\/\"},{\"@type\":\"ListItem\",\"position\":2,\"name\":\"Policiais da 15\u00aa DP prendem tr\u00eas por tr\u00e1fico de drogas na Ceil\u00e2ndia\"}]},{\"@type\":\"WebSite\",\"@id\":\"https:\/\/www.notibras.com\/site\/#website\",\"url\":\"https:\/\/www.notibras.com\/site\/\",\"name\":\"Notibras\",\"description\":\"Not\u00edcias de Bras\u00edlia, do Brasil e do Mundo\",\"publisher\":{\"@id\":\"https:\/\/www.notibras.com\/site\/#organization\"},\"potentialAction\":[{\"@type\":\"SearchAction\",\"target\":{\"@type\":\"EntryPoint\",\"urlTemplate\":\"https:\/\/www.notibras.com\/site\/?s={search_term_string}\"},\"query-input\":{\"@type\":\"PropertyValueSpecification\",\"valueRequired\":true,\"valueName\":\"search_term_string\"}}],\"inLanguage\":\"pt-BR\"},{\"@type\":\"Organization\",\"@id\":\"https:\/\/www.notibras.com\/site\/#organization\",\"name\":\"Grupo Notibras de Comunica\u00e7\u00e3o\",\"url\":\"https:\/\/www.notibras.com\/site\/\",\"logo\":{\"@type\":\"ImageObject\",\"inLanguage\":\"pt-BR\",\"@id\":\"https:\/\/www.notibras.com\/site\/#\/schema\/logo\/image\/\",\"url\":\"https:\/\/www.notibras.com\/site\/wp-content\/uploads\/2023\/01\/notibras23.png\",\"contentUrl\":\"https:\/\/www.notibras.com\/site\/wp-content\/uploads\/2023\/01\/notibras23.png\",\"width\":350,\"height\":87,\"caption\":\"Grupo Notibras de Comunica\u00e7\u00e3o\"},\"image\":{\"@id\":\"https:\/\/www.notibras.com\/site\/#\/schema\/logo\/image\/\"},\"sameAs\":[\"https:\/\/www.facebook.com\/notibras\/\",\"https:\/\/x.com\/Notibras\",\"https:\/\/www.instagram.com\/notibras\/\"]},{\"@type\":\"Person\",\"@id\":\"https:\/\/www.notibras.com\/site\/#\/schema\/person\/5b7fabf2aedc3ada2105f03b22b4d3dd\",\"name\":\"Eduardo Mart\u00ednez\",\"image\":{\"@type\":\"ImageObject\",\"inLanguage\":\"pt-BR\",\"@id\":\"https:\/\/secure.gravatar.com\/avatar\/7902f906289926289cbcda644b5197c796b893c6ffd7b9a536a42d290f7704a0?s=96&d=mm&r=g\",\"url\":\"https:\/\/secure.gravatar.com\/avatar\/7902f906289926289cbcda644b5197c796b893c6ffd7b9a536a42d290f7704a0?s=96&d=mm&r=g\",\"contentUrl\":\"https:\/\/secure.gravatar.com\/avatar\/7902f906289926289cbcda644b5197c796b893c6ffd7b9a536a42d290f7704a0?s=96&d=mm&r=g\",\"caption\":\"Eduardo Mart\u00ednez\"}}]}<\/script>\n<!-- \/ Yoast SEO plugin. -->","yoast_head_json":{"title":"Policiais da 15\u00aa DP prendem tr\u00eas por tr\u00e1fico de drogas na Ceil\u00e2ndia - Notibras","robots":{"index":"index","follow":"follow","max-snippet":"max-snippet:-1","max-image-preview":"max-image-preview:large","max-video-preview":"max-video-preview:-1"},"canonical":"https:\/\/www.notibras.com\/site\/policiais-da-15a-dp-prendem-tres-por-trafico-de-drogas-na-ceilandia\/","og_locale":"pt_BR","og_type":"article","og_title":"Policiais da 15\u00aa DP prendem tr\u00eas por tr\u00e1fico de drogas na Ceil\u00e2ndia - Notibras","og_description":"A Pol\u00edcia Civil do Distrito Federal, por meio da 15\u00aa Delegacia de Pol\u00edcia de Ceil\u00e2ndia, deflagrou, na tarde desta quarta-feira (04\/02\/2026), a OPERA\u00c7\u00c3O UMBRA MERCIS, que resultou na pris\u00e3o em flagrante de tr\u00eas pessoas, com idades de 21, 19 e 18 anos, pela pr\u00e1tica do crime de tr\u00e1fico de drogas. A a\u00e7\u00e3o \u00e9 fruto de [&hellip;]","og_url":"https:\/\/www.notibras.com\/site\/policiais-da-15a-dp-prendem-tres-por-trafico-de-drogas-na-ceilandia\/","og_site_name":"Notibras","article_publisher":"https:\/\/www.facebook.com\/notibras\/","article_published_time":"2026-02-06T04:15:01+00:00","og_image":[{"width":960,"height":1280,"url":"https:\/\/www.notibras.com\/site\/wp-content\/uploads\/2026\/02\/WhatsApp-Image-2026-02-05-at-18.38.58.jpeg","type":"image\/jpeg"}],"author":"Eduardo Mart\u00ednez","twitter_card":"summary_large_image","twitter_creator":"@Notibras","twitter_site":"@Notibras","twitter_misc":{"Escrito por":"Eduardo Mart\u00ednez","Est. tempo de leitura":"3 minutos"},"schema":{"@context":"https:\/\/schema.org","@graph":[{"@type":"Article","@id":"https:\/\/www.notibras.com\/site\/policiais-da-15a-dp-prendem-tres-por-trafico-de-drogas-na-ceilandia\/#article","isPartOf":{"@id":"https:\/\/www.notibras.com\/site\/policiais-da-15a-dp-prendem-tres-por-trafico-de-drogas-na-ceilandia\/"},"author":{"name":"Eduardo Mart\u00ednez","@id":"https:\/\/www.notibras.com\/site\/#\/schema\/person\/5b7fabf2aedc3ada2105f03b22b4d3dd"},"headline":"Policiais da 15\u00aa DP prendem tr\u00eas por tr\u00e1fico de drogas na Ceil\u00e2ndia","datePublished":"2026-02-06T04:15:01+00:00","mainEntityOfPage":{"@id":"https:\/\/www.notibras.com\/site\/policiais-da-15a-dp-prendem-tres-por-trafico-de-drogas-na-ceilandia\/"},"wordCount":590,"publisher":{"@id":"https:\/\/www.notibras.com\/site\/#organization"},"image":{"@id":"https:\/\/www.notibras.com\/site\/policiais-da-15a-dp-prendem-tres-por-trafico-de-drogas-na-ceilandia\/#primaryimage"},"thumbnailUrl":"https:\/\/www.notibras.com\/site\/wp-content\/uploads\/2026\/02\/WhatsApp-Image-2026-02-05-at-18.38.58.jpeg","articleSection":["Quadradinho em Foco"],"inLanguage":"pt-BR"},{"@type":"WebPage","@id":"https:\/\/www.notibras.com\/site\/policiais-da-15a-dp-prendem-tres-por-trafico-de-drogas-na-ceilandia\/","url":"https:\/\/www.notibras.com\/site\/policiais-da-15a-dp-prendem-tres-por-trafico-de-drogas-na-ceilandia\/","name":"Policiais da 15\u00aa DP prendem tr\u00eas por tr\u00e1fico de drogas na Ceil\u00e2ndia - Notibras","isPartOf":{"@id":"https:\/\/www.notibras.com\/site\/#website"},"primaryImageOfPage":{"@id":"https:\/\/www.notibras.com\/site\/policiais-da-15a-dp-prendem-tres-por-trafico-de-drogas-na-ceilandia\/#primaryimage"},"image":{"@id":"https:\/\/www.notibras.com\/site\/policiais-da-15a-dp-prendem-tres-por-trafico-de-drogas-na-ceilandia\/#primaryimage"},"thumbnailUrl":"https:\/\/www.notibras.com\/site\/wp-content\/uploads\/2026\/02\/WhatsApp-Image-2026-02-05-at-18.38.58.jpeg","datePublished":"2026-02-06T04:15:01+00:00","breadcrumb":{"@id":"https:\/\/www.notibras.com\/site\/policiais-da-15a-dp-prendem-tres-por-trafico-de-drogas-na-ceilandia\/#breadcrumb"},"inLanguage":"pt-BR","potentialAction":[{"@type":"ReadAction","target":["https:\/\/www.notibras.com\/site\/policiais-da-15a-dp-prendem-tres-por-trafico-de-drogas-na-ceilandia\/"]}]},{"@type":"ImageObject","inLanguage":"pt-BR","@id":"https:\/\/www.notibras.com\/site\/policiais-da-15a-dp-prendem-tres-por-trafico-de-drogas-na-ceilandia\/#primaryimage","url":"https:\/\/www.notibras.com\/site\/wp-content\/uploads\/2026\/02\/WhatsApp-Image-2026-02-05-at-18.38.58.jpeg","contentUrl":"https:\/\/www.notibras.com\/site\/wp-content\/uploads\/2026\/02\/WhatsApp-Image-2026-02-05-at-18.38.58.jpeg","width":960,"height":1280},{"@type":"BreadcrumbList","@id":"https:\/\/www.notibras.com\/site\/policiais-da-15a-dp-prendem-tres-por-trafico-de-drogas-na-ceilandia\/#breadcrumb","itemListElement":[{"@type":"ListItem","position":1,"name":"In\u00edcio","item":"https:\/\/www.notibras.com\/site\/"},{"@type":"ListItem","position":2,"name":"Policiais da 15\u00aa DP prendem tr\u00eas por tr\u00e1fico de drogas na Ceil\u00e2ndia"}]},{"@type":"WebSite","@id":"https:\/\/www.notibras.com\/site\/#website","url":"https:\/\/www.notibras.com\/site\/","name":"Notibras","description":"Not\u00edcias de Bras\u00edlia, do Brasil e do Mundo","publisher":{"@id":"https:\/\/www.notibras.com\/site\/#organization"},"potentialAction":[{"@type":"SearchAction","target":{"@type":"EntryPoint","urlTemplate":"https:\/\/www.notibras.com\/site\/?s={search_term_string}"},"query-input":{"@type":"PropertyValueSpecification","valueRequired":true,"valueName":"search_term_string"}}],"inLanguage":"pt-BR"},{"@type":"Organization","@id":"https:\/\/www.notibras.com\/site\/#organization","name":"Grupo Notibras de Comunica\u00e7\u00e3o","url":"https:\/\/www.notibras.com\/site\/","logo":{"@type":"ImageObject","inLanguage":"pt-BR","@id":"https:\/\/www.notibras.com\/site\/#\/schema\/logo\/image\/","url":"https:\/\/www.notibras.com\/site\/wp-content\/uploads\/2023\/01\/notibras23.png","contentUrl":"https:\/\/www.notibras.com\/site\/wp-content\/uploads\/2023\/01\/notibras23.png","width":350,"height":87,"caption":"Grupo Notibras de Comunica\u00e7\u00e3o"},"image":{"@id":"https:\/\/www.notibras.com\/site\/#\/schema\/logo\/image\/"},"sameAs":["https:\/\/www.facebook.com\/notibras\/","https:\/\/x.com\/Notibras","https:\/\/www.instagram.com\/notibras\/"]},{"@type":"Person","@id":"https:\/\/www.notibras.com\/site\/#\/schema\/person\/5b7fabf2aedc3ada2105f03b22b4d3dd","name":"Eduardo Mart\u00ednez","image":{"@type":"ImageObject","inLanguage":"pt-BR","@id":"https:\/\/secure.gravatar.com\/avatar\/7902f906289926289cbcda644b5197c796b893c6ffd7b9a536a42d290f7704a0?s=96&d=mm&r=g","url":"https:\/\/secure.gravatar.com\/avatar\/7902f906289926289cbcda644b5197c796b893c6ffd7b9a536a42d290f7704a0?s=96&d=mm&r=g","contentUrl":"https:\/\/secure.gravatar.com\/avatar\/7902f906289926289cbcda644b5197c796b893c6ffd7b9a536a42d290f7704a0?s=96&d=mm&r=g","caption":"Eduardo Mart\u00ednez"}}]}},"amp_enabled":true,"_links":{"self":[{"href":"https:\/\/www.notibras.com\/site\/wp-json\/wp\/v2\/posts\/382017","targetHints":{"allow":["GET"]}}],"collection":[{"href":"https:\/\/www.notibras.com\/site\/wp-json\/wp\/v2\/posts"}],"about":[{"href":"https:\/\/www.notibras.com\/site\/wp-json\/wp\/v2\/types\/post"}],"author":[{"embeddable":true,"href":"https:\/\/www.notibras.com\/site\/wp-json\/wp\/v2\/users\/21"}],"replies":[{"embeddable":true,"href":"https:\/\/www.notibras.com\/site\/wp-json\/wp\/v2\/comments?post=382017"}],"version-history":[{"count":2,"href":"https:\/\/www.notibras.com\/site\/wp-json\/wp\/v2\/posts\/382017\/revisions"}],"predecessor-version":[{"id":382022,"href":"https:\/\/www.notibras.com\/site\/wp-json\/wp\/v2\/posts\/382017\/revisions\/382022"}],"wp:featuredmedia":[{"embeddable":true,"href":"https:\/\/www.notibras.com\/site\/wp-json\/wp\/v2\/media\/382019"}],"wp:attachment":[{"href":"https:\/\/www.notibras.com\/site\/wp-json\/wp\/v2\/media?parent=382017"}],"wp:term":[{"taxonomy":"category","embeddable":true,"href":"https:\/\/www.notibras.com\/site\/wp-json\/wp\/v2\/categories?post=382017"},{"taxonomy":"post_tag","embeddable":true,"href":"https:\/\/www.notibras.com\/site\/wp-json\/wp\/v2\/tags?post=382017"}],"curies":[{"name":"wp","href":"https:\/\/api.w.org\/{rel}","templated":true}]}}