{"id":382023,"date":"2026-02-06T00:15:56","date_gmt":"2026-02-06T03:15:56","guid":{"rendered":"https:\/\/www.notibras.com\/site\/?p=382023"},"modified":"2026-02-05T22:08:49","modified_gmt":"2026-02-06T01:08:49","slug":"estrategias-para-protecao-de-bebes-prematuros-contra-vsr","status":"publish","type":"post","link":"https:\/\/www.notibras.com\/site\/estrategias-para-protecao-de-bebes-prematuros-contra-vsr\/","title":{"rendered":"Estrat\u00e9gias para prote\u00e7\u00e3o de beb\u00eas prematuros contra VSR"},"content":{"rendered":"<p>Desde o in\u00edcio deste m\u00eas, beb\u00eas prematuros com idade gestacional inferior a 37 semanas de gesta\u00e7\u00e3o e crian\u00e7as com comorbidades, como doen\u00e7as card\u00edacas, pulmonares, neurol\u00f3gicas ou imunol\u00f3gicas, passaram a receber o Nirsevimabe, medicamento que protege beb\u00eas contra infec\u00e7\u00f5es graves causadas pelo V\u00edrus Sincicial Respirat\u00f3rio (VSR). O DF foi pioneiro na aplica\u00e7\u00e3o do imunizante, com beb\u00eas protegidos desde abril de 2025. A estrat\u00e9gia complementa a vacina\u00e7\u00e3o de gestantes, dispon\u00edvel a partir da 28\u00aa semana de gesta\u00e7\u00e3o, ampliando a prote\u00e7\u00e3o desde o nascimento.<\/p>\n<p>Com o in\u00edcio da aplica\u00e7\u00e3o da medica\u00e7\u00e3o, profissionais de sa\u00fade do DF participaram, na ter\u00e7a-feira (3), de uma capacita\u00e7\u00e3o no Hospital Regional de Santa Maria (HRSM). O curso, promovido pela Secretaria de Sa\u00fade do DF (SES-DF), reuniu equipes das salas de vacina\u00e7\u00e3o, dos n\u00facleos hospitalares de epidemiologia e outros profissionais da rede assistencial.<\/p>\n<p>O foco do encontro foi orientar profissionais sobre a aplica\u00e7\u00e3o segura do rem\u00e9dio, al\u00e9m de fortalecer as estrat\u00e9gias de preven\u00e7\u00e3o de infec\u00e7\u00f5es respirat\u00f3rias graves em rec\u00e9m-nascidos. O VSR \u00e9 o principal respons\u00e1vel por casos de bronquiolite e pneumonia nos primeiros meses de vida.<\/p>\n<p>Durante a programa\u00e7\u00e3o, os profissionais aprofundaram conhecimentos sobre o impacto cl\u00ednico da infec\u00e7\u00e3o, medidas de preven\u00e7\u00e3o e controle da doen\u00e7a. Tamb\u00e9m foram abordadas as indica\u00e7\u00f5es, o preparo e a administra\u00e7\u00e3o segura do Nirsevimabe. Al\u00e9m disso, foram contemplados temas como monitoramento de poss\u00edveis rea\u00e7\u00f5es ap\u00f3s a aplica\u00e7\u00e3o, e a import\u00e2ncia do registro correto, monitoramento e qualidades das informa\u00e7\u00f5es inseridas nos sistemas oficiais.<\/p>\n<p>Segundo a gerente substituta da Rede de Frio, La\u00eds de Morais, o curso foi pensado para oferecer uma forma\u00e7\u00e3o abrangente: \u201cNosso objetivo \u00e9 alinhar conhecimento t\u00e9cnico, seguran\u00e7a na administra\u00e7\u00e3o do imunobiol\u00f3gico e a import\u00e2ncia do registro correto. Esse preparo \u00e9 essencial para que a estrat\u00e9gia seja aplicada de forma qualificada no Distrito Federal.\u201d<\/p>\n<p><strong>Avan\u00e7o na prote\u00e7\u00e3o infantil<\/strong><\/p>\n<p>Segundo o Minist\u00e9rio da Sa\u00fade, 300 mil doses do imunizante j\u00e1 foram distribu\u00eddas em todo o pa\u00eds. O VSR \u00e9 respons\u00e1vel por aproximadamente 75% dos casos de bronquiolite e 40% das pneumonias em crian\u00e7as menores de dois anos.<\/p>\n<p>Para a chefe do N\u00facleo de Vigil\u00e2ncia Epidemiol\u00f3gica Hospitalar do HRSM, Larysse Lima, a capacita\u00e7\u00e3o tem impacto direto na assist\u00eancia prestada pela unidade. \u201cSomente aqui, nascem mais de mil beb\u00eas prematuros por ano. E, esta estrat\u00e9gia, representa um avan\u00e7o importante na prote\u00e7\u00e3o dos nossos beb\u00eas\u201d, destaca.<\/p>\n<p>De acordo com a gestora, esse preparo das equipes j\u00e1 se traduz em a\u00e7\u00f5es concretas dentro do hospital. Na Unidade de Cuidados Intermedi\u00e1rios Neonatais, setor de acompanhamento especializado, todos os beb\u00eas eleg\u00edveis j\u00e1 foram imunizados com o Nirsevimabe, fortalecendo a preven\u00e7\u00e3o da bronquiolite e a seguran\u00e7a do cuidado neonatal no HRSM.<\/p>\n<p><strong>P\u00fablico-alvo<\/strong><\/p>\n<p>A aplica\u00e7\u00e3o do Nirsevimabe come\u00e7ou na \u00faltima segunda-feira (2). Beb\u00eas nascidos de at\u00e9 36 semanas e 6 dias de gesta\u00e7\u00e3o, e crian\u00e7as com at\u00e9 24 meses de idade com comorbidades devem ser imunizados.<\/p>\n<p>A aplica\u00e7\u00e3o do medicamento \u00e9 feita antes do pico da sazonalidade das infec\u00e7\u00f5es respirat\u00f3rias em beb\u00eas, como medida preventiva para reduzir complica\u00e7\u00f5es e interna\u00e7\u00f5es \u2014 o que tem impacto direto na ocupa\u00e7\u00e3o de leitos de UTI neonatal.<\/p>\n<p>Confira a <a href=\"https:\/\/www.saude.df.gov.br\/nirsevimabe\">lista dos locais onde o rem\u00e9dio est\u00e1 dispon\u00edvel<\/a>.<\/p>\n","protected":false},"excerpt":{"rendered":"<p>Desde o in\u00edcio deste m\u00eas, beb\u00eas prematuros com idade gestacional inferior a 37 semanas de gesta\u00e7\u00e3o e crian\u00e7as com comorbidades, como doen\u00e7as card\u00edacas, pulmonares, neurol\u00f3gicas ou imunol\u00f3gicas, passaram a receber o Nirsevimabe, medicamento que protege beb\u00eas contra infec\u00e7\u00f5es graves causadas pelo V\u00edrus Sincicial Respirat\u00f3rio (VSR). O DF foi pioneiro na aplica\u00e7\u00e3o do imunizante, com beb\u00eas [&hellip;]<\/p>\n","protected":false},"author":21,"featured_media":382024,"comment_status":"closed","ping_status":"closed","sticky":false,"template":"","format":"standard","meta":{"_acf_changed":false,"footnotes":""},"categories":[161],"tags":[],"class_list":["post-382023","post","type-post","status-publish","format-standard","has-post-thumbnail","hentry","category-quadradinho-em-foco"],"acf":[],"yoast_head":"<!-- This site is optimized with the Yoast SEO plugin v27.2 - https:\/\/yoast.com\/product\/yoast-seo-wordpress\/ -->\n<title>Estrat\u00e9gias para prote\u00e7\u00e3o de beb\u00eas prematuros contra VSR - Notibras<\/title>\n<meta name=\"robots\" content=\"index, follow, max-snippet:-1, max-image-preview:large, max-video-preview:-1\" \/>\n<link rel=\"canonical\" href=\"https:\/\/www.notibras.com\/site\/estrategias-para-protecao-de-bebes-prematuros-contra-vsr\/\" \/>\n<meta property=\"og:locale\" content=\"pt_BR\" \/>\n<meta property=\"og:type\" content=\"article\" \/>\n<meta property=\"og:title\" content=\"Estrat\u00e9gias para prote\u00e7\u00e3o de beb\u00eas prematuros contra VSR - Notibras\" \/>\n<meta property=\"og:description\" content=\"Desde o in\u00edcio deste m\u00eas, beb\u00eas prematuros com idade gestacional inferior a 37 semanas de gesta\u00e7\u00e3o e crian\u00e7as com comorbidades, como doen\u00e7as card\u00edacas, pulmonares, neurol\u00f3gicas ou imunol\u00f3gicas, passaram a receber o Nirsevimabe, medicamento que protege beb\u00eas contra infec\u00e7\u00f5es graves causadas pelo V\u00edrus Sincicial Respirat\u00f3rio (VSR). O DF foi pioneiro na aplica\u00e7\u00e3o do imunizante, com beb\u00eas [&hellip;]\" \/>\n<meta property=\"og:url\" content=\"https:\/\/www.notibras.com\/site\/estrategias-para-protecao-de-bebes-prematuros-contra-vsr\/\" \/>\n<meta property=\"og:site_name\" content=\"Notibras\" \/>\n<meta property=\"article:publisher\" content=\"https:\/\/www.facebook.com\/notibras\/\" \/>\n<meta property=\"article:published_time\" content=\"2026-02-06T03:15:56+00:00\" \/>\n<meta property=\"og:image\" content=\"https:\/\/www.notibras.com\/site\/wp-content\/uploads\/2026\/02\/WhatsApp-Image-2026-02-05-at-18.52.191.jpeg\" \/>\n\t<meta property=\"og:image:width\" content=\"1600\" \/>\n\t<meta property=\"og:image:height\" content=\"1200\" \/>\n\t<meta property=\"og:image:type\" content=\"image\/jpeg\" \/>\n<meta name=\"author\" content=\"Eduardo Mart\u00ednez\" \/>\n<meta name=\"twitter:card\" content=\"summary_large_image\" \/>\n<meta name=\"twitter:creator\" content=\"@Notibras\" \/>\n<meta name=\"twitter:site\" content=\"@Notibras\" \/>\n<meta name=\"twitter:label1\" content=\"Escrito por\" \/>\n\t<meta name=\"twitter:data1\" content=\"Eduardo Mart\u00ednez\" \/>\n\t<meta name=\"twitter:label2\" content=\"Est. tempo de leitura\" \/>\n\t<meta name=\"twitter:data2\" content=\"4 minutos\" \/>\n<script type=\"application\/ld+json\" class=\"yoast-schema-graph\">{\"@context\":\"https:\/\/schema.org\",\"@graph\":[{\"@type\":\"Article\",\"@id\":\"https:\/\/www.notibras.com\/site\/estrategias-para-protecao-de-bebes-prematuros-contra-vsr\/#article\",\"isPartOf\":{\"@id\":\"https:\/\/www.notibras.com\/site\/estrategias-para-protecao-de-bebes-prematuros-contra-vsr\/\"},\"author\":{\"name\":\"Eduardo Mart\u00ednez\",\"@id\":\"https:\/\/www.notibras.com\/site\/#\/schema\/person\/5b7fabf2aedc3ada2105f03b22b4d3dd\"},\"headline\":\"Estrat\u00e9gias para prote\u00e7\u00e3o de beb\u00eas prematuros contra VSR\",\"datePublished\":\"2026-02-06T03:15:56+00:00\",\"mainEntityOfPage\":{\"@id\":\"https:\/\/www.notibras.com\/site\/estrategias-para-protecao-de-bebes-prematuros-contra-vsr\/\"},\"wordCount\":605,\"publisher\":{\"@id\":\"https:\/\/www.notibras.com\/site\/#organization\"},\"image\":{\"@id\":\"https:\/\/www.notibras.com\/site\/estrategias-para-protecao-de-bebes-prematuros-contra-vsr\/#primaryimage\"},\"thumbnailUrl\":\"https:\/\/www.notibras.com\/site\/wp-content\/uploads\/2026\/02\/WhatsApp-Image-2026-02-05-at-18.52.191.jpeg\",\"articleSection\":[\"Quadradinho em Foco\"],\"inLanguage\":\"pt-BR\"},{\"@type\":\"WebPage\",\"@id\":\"https:\/\/www.notibras.com\/site\/estrategias-para-protecao-de-bebes-prematuros-contra-vsr\/\",\"url\":\"https:\/\/www.notibras.com\/site\/estrategias-para-protecao-de-bebes-prematuros-contra-vsr\/\",\"name\":\"Estrat\u00e9gias para prote\u00e7\u00e3o de beb\u00eas prematuros contra VSR - Notibras\",\"isPartOf\":{\"@id\":\"https:\/\/www.notibras.com\/site\/#website\"},\"primaryImageOfPage\":{\"@id\":\"https:\/\/www.notibras.com\/site\/estrategias-para-protecao-de-bebes-prematuros-contra-vsr\/#primaryimage\"},\"image\":{\"@id\":\"https:\/\/www.notibras.com\/site\/estrategias-para-protecao-de-bebes-prematuros-contra-vsr\/#primaryimage\"},\"thumbnailUrl\":\"https:\/\/www.notibras.com\/site\/wp-content\/uploads\/2026\/02\/WhatsApp-Image-2026-02-05-at-18.52.191.jpeg\",\"datePublished\":\"2026-02-06T03:15:56+00:00\",\"breadcrumb\":{\"@id\":\"https:\/\/www.notibras.com\/site\/estrategias-para-protecao-de-bebes-prematuros-contra-vsr\/#breadcrumb\"},\"inLanguage\":\"pt-BR\",\"potentialAction\":[{\"@type\":\"ReadAction\",\"target\":[\"https:\/\/www.notibras.com\/site\/estrategias-para-protecao-de-bebes-prematuros-contra-vsr\/\"]}]},{\"@type\":\"ImageObject\",\"inLanguage\":\"pt-BR\",\"@id\":\"https:\/\/www.notibras.com\/site\/estrategias-para-protecao-de-bebes-prematuros-contra-vsr\/#primaryimage\",\"url\":\"https:\/\/www.notibras.com\/site\/wp-content\/uploads\/2026\/02\/WhatsApp-Image-2026-02-05-at-18.52.191.jpeg\",\"contentUrl\":\"https:\/\/www.notibras.com\/site\/wp-content\/uploads\/2026\/02\/WhatsApp-Image-2026-02-05-at-18.52.191.jpeg\",\"width\":1600,\"height\":1200},{\"@type\":\"BreadcrumbList\",\"@id\":\"https:\/\/www.notibras.com\/site\/estrategias-para-protecao-de-bebes-prematuros-contra-vsr\/#breadcrumb\",\"itemListElement\":[{\"@type\":\"ListItem\",\"position\":1,\"name\":\"In\u00edcio\",\"item\":\"https:\/\/www.notibras.com\/site\/\"},{\"@type\":\"ListItem\",\"position\":2,\"name\":\"Estrat\u00e9gias para prote\u00e7\u00e3o de beb\u00eas prematuros contra VSR\"}]},{\"@type\":\"WebSite\",\"@id\":\"https:\/\/www.notibras.com\/site\/#website\",\"url\":\"https:\/\/www.notibras.com\/site\/\",\"name\":\"Notibras\",\"description\":\"Not\u00edcias de Bras\u00edlia, do Brasil e do Mundo\",\"publisher\":{\"@id\":\"https:\/\/www.notibras.com\/site\/#organization\"},\"potentialAction\":[{\"@type\":\"SearchAction\",\"target\":{\"@type\":\"EntryPoint\",\"urlTemplate\":\"https:\/\/www.notibras.com\/site\/?s={search_term_string}\"},\"query-input\":{\"@type\":\"PropertyValueSpecification\",\"valueRequired\":true,\"valueName\":\"search_term_string\"}}],\"inLanguage\":\"pt-BR\"},{\"@type\":\"Organization\",\"@id\":\"https:\/\/www.notibras.com\/site\/#organization\",\"name\":\"Grupo Notibras de Comunica\u00e7\u00e3o\",\"url\":\"https:\/\/www.notibras.com\/site\/\",\"logo\":{\"@type\":\"ImageObject\",\"inLanguage\":\"pt-BR\",\"@id\":\"https:\/\/www.notibras.com\/site\/#\/schema\/logo\/image\/\",\"url\":\"https:\/\/www.notibras.com\/site\/wp-content\/uploads\/2023\/01\/notibras23.png\",\"contentUrl\":\"https:\/\/www.notibras.com\/site\/wp-content\/uploads\/2023\/01\/notibras23.png\",\"width\":350,\"height\":87,\"caption\":\"Grupo Notibras de Comunica\u00e7\u00e3o\"},\"image\":{\"@id\":\"https:\/\/www.notibras.com\/site\/#\/schema\/logo\/image\/\"},\"sameAs\":[\"https:\/\/www.facebook.com\/notibras\/\",\"https:\/\/x.com\/Notibras\",\"https:\/\/www.instagram.com\/notibras\/\"]},{\"@type\":\"Person\",\"@id\":\"https:\/\/www.notibras.com\/site\/#\/schema\/person\/5b7fabf2aedc3ada2105f03b22b4d3dd\",\"name\":\"Eduardo Mart\u00ednez\",\"image\":{\"@type\":\"ImageObject\",\"inLanguage\":\"pt-BR\",\"@id\":\"https:\/\/secure.gravatar.com\/avatar\/7902f906289926289cbcda644b5197c796b893c6ffd7b9a536a42d290f7704a0?s=96&d=mm&r=g\",\"url\":\"https:\/\/secure.gravatar.com\/avatar\/7902f906289926289cbcda644b5197c796b893c6ffd7b9a536a42d290f7704a0?s=96&d=mm&r=g\",\"contentUrl\":\"https:\/\/secure.gravatar.com\/avatar\/7902f906289926289cbcda644b5197c796b893c6ffd7b9a536a42d290f7704a0?s=96&d=mm&r=g\",\"caption\":\"Eduardo Mart\u00ednez\"}}]}<\/script>\n<!-- \/ Yoast SEO plugin. -->","yoast_head_json":{"title":"Estrat\u00e9gias para prote\u00e7\u00e3o de beb\u00eas prematuros contra VSR - Notibras","robots":{"index":"index","follow":"follow","max-snippet":"max-snippet:-1","max-image-preview":"max-image-preview:large","max-video-preview":"max-video-preview:-1"},"canonical":"https:\/\/www.notibras.com\/site\/estrategias-para-protecao-de-bebes-prematuros-contra-vsr\/","og_locale":"pt_BR","og_type":"article","og_title":"Estrat\u00e9gias para prote\u00e7\u00e3o de beb\u00eas prematuros contra VSR - Notibras","og_description":"Desde o in\u00edcio deste m\u00eas, beb\u00eas prematuros com idade gestacional inferior a 37 semanas de gesta\u00e7\u00e3o e crian\u00e7as com comorbidades, como doen\u00e7as card\u00edacas, pulmonares, neurol\u00f3gicas ou imunol\u00f3gicas, passaram a receber o Nirsevimabe, medicamento que protege beb\u00eas contra infec\u00e7\u00f5es graves causadas pelo V\u00edrus Sincicial Respirat\u00f3rio (VSR). O DF foi pioneiro na aplica\u00e7\u00e3o do imunizante, com beb\u00eas [&hellip;]","og_url":"https:\/\/www.notibras.com\/site\/estrategias-para-protecao-de-bebes-prematuros-contra-vsr\/","og_site_name":"Notibras","article_publisher":"https:\/\/www.facebook.com\/notibras\/","article_published_time":"2026-02-06T03:15:56+00:00","og_image":[{"width":1600,"height":1200,"url":"https:\/\/www.notibras.com\/site\/wp-content\/uploads\/2026\/02\/WhatsApp-Image-2026-02-05-at-18.52.191.jpeg","type":"image\/jpeg"}],"author":"Eduardo Mart\u00ednez","twitter_card":"summary_large_image","twitter_creator":"@Notibras","twitter_site":"@Notibras","twitter_misc":{"Escrito por":"Eduardo Mart\u00ednez","Est. tempo de leitura":"4 minutos"},"schema":{"@context":"https:\/\/schema.org","@graph":[{"@type":"Article","@id":"https:\/\/www.notibras.com\/site\/estrategias-para-protecao-de-bebes-prematuros-contra-vsr\/#article","isPartOf":{"@id":"https:\/\/www.notibras.com\/site\/estrategias-para-protecao-de-bebes-prematuros-contra-vsr\/"},"author":{"name":"Eduardo Mart\u00ednez","@id":"https:\/\/www.notibras.com\/site\/#\/schema\/person\/5b7fabf2aedc3ada2105f03b22b4d3dd"},"headline":"Estrat\u00e9gias para prote\u00e7\u00e3o de beb\u00eas prematuros contra VSR","datePublished":"2026-02-06T03:15:56+00:00","mainEntityOfPage":{"@id":"https:\/\/www.notibras.com\/site\/estrategias-para-protecao-de-bebes-prematuros-contra-vsr\/"},"wordCount":605,"publisher":{"@id":"https:\/\/www.notibras.com\/site\/#organization"},"image":{"@id":"https:\/\/www.notibras.com\/site\/estrategias-para-protecao-de-bebes-prematuros-contra-vsr\/#primaryimage"},"thumbnailUrl":"https:\/\/www.notibras.com\/site\/wp-content\/uploads\/2026\/02\/WhatsApp-Image-2026-02-05-at-18.52.191.jpeg","articleSection":["Quadradinho em Foco"],"inLanguage":"pt-BR"},{"@type":"WebPage","@id":"https:\/\/www.notibras.com\/site\/estrategias-para-protecao-de-bebes-prematuros-contra-vsr\/","url":"https:\/\/www.notibras.com\/site\/estrategias-para-protecao-de-bebes-prematuros-contra-vsr\/","name":"Estrat\u00e9gias para prote\u00e7\u00e3o de beb\u00eas prematuros contra VSR - Notibras","isPartOf":{"@id":"https:\/\/www.notibras.com\/site\/#website"},"primaryImageOfPage":{"@id":"https:\/\/www.notibras.com\/site\/estrategias-para-protecao-de-bebes-prematuros-contra-vsr\/#primaryimage"},"image":{"@id":"https:\/\/www.notibras.com\/site\/estrategias-para-protecao-de-bebes-prematuros-contra-vsr\/#primaryimage"},"thumbnailUrl":"https:\/\/www.notibras.com\/site\/wp-content\/uploads\/2026\/02\/WhatsApp-Image-2026-02-05-at-18.52.191.jpeg","datePublished":"2026-02-06T03:15:56+00:00","breadcrumb":{"@id":"https:\/\/www.notibras.com\/site\/estrategias-para-protecao-de-bebes-prematuros-contra-vsr\/#breadcrumb"},"inLanguage":"pt-BR","potentialAction":[{"@type":"ReadAction","target":["https:\/\/www.notibras.com\/site\/estrategias-para-protecao-de-bebes-prematuros-contra-vsr\/"]}]},{"@type":"ImageObject","inLanguage":"pt-BR","@id":"https:\/\/www.notibras.com\/site\/estrategias-para-protecao-de-bebes-prematuros-contra-vsr\/#primaryimage","url":"https:\/\/www.notibras.com\/site\/wp-content\/uploads\/2026\/02\/WhatsApp-Image-2026-02-05-at-18.52.191.jpeg","contentUrl":"https:\/\/www.notibras.com\/site\/wp-content\/uploads\/2026\/02\/WhatsApp-Image-2026-02-05-at-18.52.191.jpeg","width":1600,"height":1200},{"@type":"BreadcrumbList","@id":"https:\/\/www.notibras.com\/site\/estrategias-para-protecao-de-bebes-prematuros-contra-vsr\/#breadcrumb","itemListElement":[{"@type":"ListItem","position":1,"name":"In\u00edcio","item":"https:\/\/www.notibras.com\/site\/"},{"@type":"ListItem","position":2,"name":"Estrat\u00e9gias para prote\u00e7\u00e3o de beb\u00eas prematuros contra VSR"}]},{"@type":"WebSite","@id":"https:\/\/www.notibras.com\/site\/#website","url":"https:\/\/www.notibras.com\/site\/","name":"Notibras","description":"Not\u00edcias de Bras\u00edlia, do Brasil e do Mundo","publisher":{"@id":"https:\/\/www.notibras.com\/site\/#organization"},"potentialAction":[{"@type":"SearchAction","target":{"@type":"EntryPoint","urlTemplate":"https:\/\/www.notibras.com\/site\/?s={search_term_string}"},"query-input":{"@type":"PropertyValueSpecification","valueRequired":true,"valueName":"search_term_string"}}],"inLanguage":"pt-BR"},{"@type":"Organization","@id":"https:\/\/www.notibras.com\/site\/#organization","name":"Grupo Notibras de Comunica\u00e7\u00e3o","url":"https:\/\/www.notibras.com\/site\/","logo":{"@type":"ImageObject","inLanguage":"pt-BR","@id":"https:\/\/www.notibras.com\/site\/#\/schema\/logo\/image\/","url":"https:\/\/www.notibras.com\/site\/wp-content\/uploads\/2023\/01\/notibras23.png","contentUrl":"https:\/\/www.notibras.com\/site\/wp-content\/uploads\/2023\/01\/notibras23.png","width":350,"height":87,"caption":"Grupo Notibras de Comunica\u00e7\u00e3o"},"image":{"@id":"https:\/\/www.notibras.com\/site\/#\/schema\/logo\/image\/"},"sameAs":["https:\/\/www.facebook.com\/notibras\/","https:\/\/x.com\/Notibras","https:\/\/www.instagram.com\/notibras\/"]},{"@type":"Person","@id":"https:\/\/www.notibras.com\/site\/#\/schema\/person\/5b7fabf2aedc3ada2105f03b22b4d3dd","name":"Eduardo Mart\u00ednez","image":{"@type":"ImageObject","inLanguage":"pt-BR","@id":"https:\/\/secure.gravatar.com\/avatar\/7902f906289926289cbcda644b5197c796b893c6ffd7b9a536a42d290f7704a0?s=96&d=mm&r=g","url":"https:\/\/secure.gravatar.com\/avatar\/7902f906289926289cbcda644b5197c796b893c6ffd7b9a536a42d290f7704a0?s=96&d=mm&r=g","contentUrl":"https:\/\/secure.gravatar.com\/avatar\/7902f906289926289cbcda644b5197c796b893c6ffd7b9a536a42d290f7704a0?s=96&d=mm&r=g","caption":"Eduardo Mart\u00ednez"}}]}},"amp_enabled":true,"_links":{"self":[{"href":"https:\/\/www.notibras.com\/site\/wp-json\/wp\/v2\/posts\/382023","targetHints":{"allow":["GET"]}}],"collection":[{"href":"https:\/\/www.notibras.com\/site\/wp-json\/wp\/v2\/posts"}],"about":[{"href":"https:\/\/www.notibras.com\/site\/wp-json\/wp\/v2\/types\/post"}],"author":[{"embeddable":true,"href":"https:\/\/www.notibras.com\/site\/wp-json\/wp\/v2\/users\/21"}],"replies":[{"embeddable":true,"href":"https:\/\/www.notibras.com\/site\/wp-json\/wp\/v2\/comments?post=382023"}],"version-history":[{"count":2,"href":"https:\/\/www.notibras.com\/site\/wp-json\/wp\/v2\/posts\/382023\/revisions"}],"predecessor-version":[{"id":382026,"href":"https:\/\/www.notibras.com\/site\/wp-json\/wp\/v2\/posts\/382023\/revisions\/382026"}],"wp:featuredmedia":[{"embeddable":true,"href":"https:\/\/www.notibras.com\/site\/wp-json\/wp\/v2\/media\/382024"}],"wp:attachment":[{"href":"https:\/\/www.notibras.com\/site\/wp-json\/wp\/v2\/media?parent=382023"}],"wp:term":[{"taxonomy":"category","embeddable":true,"href":"https:\/\/www.notibras.com\/site\/wp-json\/wp\/v2\/categories?post=382023"},{"taxonomy":"post_tag","embeddable":true,"href":"https:\/\/www.notibras.com\/site\/wp-json\/wp\/v2\/tags?post=382023"}],"curies":[{"name":"wp","href":"https:\/\/api.w.org\/{rel}","templated":true}]}}