{"id":382027,"date":"2026-02-06T00:30:03","date_gmt":"2026-02-06T03:30:03","guid":{"rendered":"https:\/\/www.notibras.com\/site\/?p=382027"},"modified":"2026-02-05T22:23:05","modified_gmt":"2026-02-06T01:23:05","slug":"semana-pedagogica-2026-inicia-com-encontro-de-gestores-da-educacao","status":"publish","type":"post","link":"https:\/\/www.notibras.com\/site\/semana-pedagogica-2026-inicia-com-encontro-de-gestores-da-educacao\/","title":{"rendered":"Semana Pedag\u00f3gica 2026 inicia com encontro de gestores da educa\u00e7\u00e3o"},"content":{"rendered":"<p>A Secretaria de Educa\u00e7\u00e3o do Distrito Federal (SEEDF), em parceria com o Servi\u00e7o Brasileiro de Apoio \u00e0s Micro e Pequenas Empresas (Sebrae-DF), deu in\u00edcio \u00e0 Semana Pedag\u00f3gica 2026, com a realiza\u00e7\u00e3o do 1\u00ba Encontro Pedag\u00f3gico com Gestores. O evento ocorreu na ter\u00e7a-feira (3), no Teatro Pedro Calmon, no Setor Militar Urbano (SMU), e reuniu dirigentes escolares, coordenadores regionais e equipes da pasta em um momento de acolhimento, alinhamento e reconhecimento.<\/p>\n<p>Com audit\u00f3rio lotado, a programa\u00e7\u00e3o teve como tema \u201cEducar com prop\u00f3sito: inova\u00e7\u00e3o, inclus\u00e3o e bem-estar\u201d e contou com palestra da cantora e compositora Glaucia Nasser, al\u00e9m da entrega do Pr\u00eamio Educador Transformador, que valoriza pr\u00e1ticas pedag\u00f3gicas e de gest\u00e3o desenvolvidas na rede p\u00fablica do DF.<\/p>\n<p>Estiveram presentes a secret\u00e1ria de Educa\u00e7\u00e3o do DF, H\u00e9lvia Paranagu\u00e1, a superintendente do Sebrae, Rose Rainha, subsecret\u00e1rios da SEEDF, coordenadores regionais de ensino e diretores de unidades escolares.<\/p>\n<p>Na abertura, H\u00e9lvia Paranagu\u00e1 destacou o simbolismo do encontro \u00e0s v\u00e9speras do in\u00edcio das aulas. \u201cEste n\u00e3o \u00e9 apenas mais um come\u00e7o de ano letivo. \u00c9, sobretudo, um reencontro com o sentido do nosso trabalho e com a miss\u00e3o que nos une: educar\u201d, afirmou.<\/p>\n<p>A secret\u00e1ria tamb\u00e9m apresentou avan\u00e7os alcan\u00e7ados nos \u00faltimos anos, como o fortalecimento da alfabetiza\u00e7\u00e3o com o Alfaletrando; o incentivo \u00e0 leitura por meio do DF que L\u00ea; a amplia\u00e7\u00e3o da Educa\u00e7\u00e3o de Jovens e Adultos; o programa Pontes para o Mundo; e os cart\u00f5es Material Escolar, Uniforme, Creche e PDAF, que garantem mais agilidade, transpar\u00eancia e efici\u00eancia na gest\u00e3o dos recursos.<\/p>\n<p>\u201cAvan\u00e7amos na inclus\u00e3o com o Enem Especial Inclusivo e a Gera\u00e7\u00e3o Enem; investimos na transforma\u00e7\u00e3o digital com os Horizontes Digitais, beneficiando mais de 460 mil estudantes em 760 escolas; estruturamos o EducaDF; fortalecemos a Cultura de Paz com o Na Moral; melhoramos o atendimento dos Educadores Sociais Volunt\u00e1rios; e transformamos a merenda escolar, hoje com variedade, qualidade nutricional e apenas 3% de ultraprocessados. Estamos em 1\u00ba lugar\u201d, destacou a secret\u00e1ria.<\/p>\n<p>A superintendente do Sebrae-DF, Rose Rainha, ressaltou a relev\u00e2ncia de apresentar o empreendedorismo aos jovens da nova gera\u00e7\u00e3o. \u201cFoi na gest\u00e3o da H\u00e9lvia que n\u00f3s refor\u00e7amos e mostramos o quanto o Sebrae poderia ser parceiro na constru\u00e7\u00e3o da vis\u00e3o dos jovens sobre o futuro do empreendedorismo. N\u00f3s somos de uma cidade que foi constru\u00edda muito no funcionalismo p\u00fablico, mas a pandemia mostrou que n\u00e3o \u00e9 mais s\u00f3 isso. Temos que mudar essa chave, o empreendedorismo abriu uma grande porta para nossos estudantes\u201d.<\/p>\n<p><strong>Projetos que transformam realidades<\/strong><\/p>\n<p>A cerim\u00f4nia celebrou os tr\u00eas projetos finalistas do Pr\u00eamio Educador Transformador nas categorias Inova\u00e7\u00e3o Pedag\u00f3gica e Metodologias Ativas, Gest\u00e3o Educacional Transformadora e Inclus\u00e3o e Sustentabilidade na Educa\u00e7\u00e3o.<\/p>\n<p>Na categoria Inova\u00e7\u00e3o Pedag\u00f3gica e Metodologias Ativas, foram premiados os professores Antonio da Silva Santos J\u00fanior, com o projeto \u201cQuando as palavras criam o mundo: oralitura e identidade nos anos iniciais\u201d; C\u00e1ssio Ferreira Fraz\u00e3o, com \u201cLabCrea: um modelo de educa\u00e7\u00e3o ativa para o desenvolvimento de compet\u00eancias criativas e empreendedoras na economia criativa\u201d; e Maria Leni Camelo da Costa, com \u201cAstrogildo \u2013 E a\u00ed, meu parceiro? Um personagem que inspira leitura na socioeduca\u00e7\u00e3o\u201d.<\/p>\n<p>Professora da Unidade de Interna\u00e7\u00e3o (Unire), no CED 104 do Recanto das Emas, Maria Leni contou que o projeto nasceu durante a pandemia, quando os jovens estavam sem visitas e distantes das fam\u00edlias. \u201cCriamos o personagem Astrogildo, um adolescente em medida socioeducativa que vive dentro da unidade. A partir dele, os estudantes come\u00e7aram a se reconhecer, a se expressar e a perceber que o estudo pode mudar suas trajet\u00f3rias\u201d, explicou. Segundo ela, os resultados s\u00e3o concretos. \u201cHoje temos alunos que passaram em concurso p\u00fablico, entraram na UnB e foram aprovados no Encceja. Eles mudaram o comportamento e passaram a acreditar em um futuro diferente.\u201d<\/p>\n<p>J\u00e1 Ant\u00f4nio da Silva traz um projeto que aborda bastante a cultura afrodescendente. \u201cA import\u00e2ncia desse projeto \u00e9 para todas as culturas. Eu tento resgatar a cultura Iorub\u00e1 (origin\u00e1ria do sudoeste da Nig\u00e9ria e sul do Benin, \u00e9 um pilar fundamental da cultura afro-brasileira, influenciando profundamente a religiosidade, culin\u00e1ria, l\u00edngua e m\u00fasica brasileira), fundamental n\u00e3o s\u00f3 para esses povos, mas para cada uma dessas crian\u00e7as que descendem dessa tradi\u00e7\u00e3o e as outras que n\u00e3o conhecem tamb\u00e9m. Isso \u00e9 conhecer um pouco da hist\u00f3ria do Brasil, conhecer a si mesmo, sua identidade\u201d.<\/p>\n<p><strong>Prop\u00f3sito e inspira\u00e7\u00e3o<\/strong><\/p>\n<p>O encontro foi encerrado com a palestra \u201cNova Cultura\u201d, de Glaucia Nasser, que abordou temas como prop\u00f3sito, desejo, ego, generosidade, sonhos de Juscelino Kubitschek e a rela\u00e7\u00e3o entre educa\u00e7\u00e3o e economia.<\/p>\n<p>Colaboradora de um dos projetos vencedores na categoria Gest\u00e3o Educacional Transformadora, a coordenadora regional de ensino de Brazl\u00e2ndia, Neuseli Rodrigues, resumiu o sentimento do dia. \u201cMais do que um encontro, \u00e9 um momento de trocas entre todos n\u00f3s, porque em 2026 o trabalho continua, envolvendo comunidade, gestor, professor e a Secretaria, abra\u00e7ando isso tudo para a gente fazer a educa\u00e7\u00e3o acontecer no Distrito Federal\u201d.<\/p>\n","protected":false},"excerpt":{"rendered":"<p>A Secretaria de Educa\u00e7\u00e3o do Distrito Federal (SEEDF), em parceria com o Servi\u00e7o Brasileiro de Apoio \u00e0s Micro e Pequenas Empresas (Sebrae-DF), deu in\u00edcio \u00e0 Semana Pedag\u00f3gica 2026, com a realiza\u00e7\u00e3o do 1\u00ba Encontro Pedag\u00f3gico com Gestores. O evento ocorreu na ter\u00e7a-feira (3), no Teatro Pedro Calmon, no Setor Militar Urbano (SMU), e reuniu dirigentes [&hellip;]<\/p>\n","protected":false},"author":21,"featured_media":382029,"comment_status":"closed","ping_status":"closed","sticky":false,"template":"","format":"standard","meta":{"_acf_changed":false,"footnotes":""},"categories":[161],"tags":[],"class_list":["post-382027","post","type-post","status-publish","format-standard","has-post-thumbnail","hentry","category-quadradinho-em-foco"],"acf":[],"yoast_head":"<!-- This site is optimized with the Yoast SEO plugin v27.2 - https:\/\/yoast.com\/product\/yoast-seo-wordpress\/ -->\n<title>Semana Pedag\u00f3gica 2026 inicia com encontro de gestores da educa\u00e7\u00e3o - Notibras<\/title>\n<meta name=\"robots\" content=\"index, follow, max-snippet:-1, max-image-preview:large, max-video-preview:-1\" \/>\n<link rel=\"canonical\" href=\"https:\/\/www.notibras.com\/site\/semana-pedagogica-2026-inicia-com-encontro-de-gestores-da-educacao\/\" \/>\n<meta property=\"og:locale\" content=\"pt_BR\" \/>\n<meta property=\"og:type\" content=\"article\" \/>\n<meta property=\"og:title\" content=\"Semana Pedag\u00f3gica 2026 inicia com encontro de gestores da educa\u00e7\u00e3o - Notibras\" \/>\n<meta property=\"og:description\" content=\"A Secretaria de Educa\u00e7\u00e3o do Distrito Federal (SEEDF), em parceria com o Servi\u00e7o Brasileiro de Apoio \u00e0s Micro e Pequenas Empresas (Sebrae-DF), deu in\u00edcio \u00e0 Semana Pedag\u00f3gica 2026, com a realiza\u00e7\u00e3o do 1\u00ba Encontro Pedag\u00f3gico com Gestores. O evento ocorreu na ter\u00e7a-feira (3), no Teatro Pedro Calmon, no Setor Militar Urbano (SMU), e reuniu dirigentes [&hellip;]\" \/>\n<meta property=\"og:url\" content=\"https:\/\/www.notibras.com\/site\/semana-pedagogica-2026-inicia-com-encontro-de-gestores-da-educacao\/\" \/>\n<meta property=\"og:site_name\" content=\"Notibras\" \/>\n<meta property=\"article:publisher\" content=\"https:\/\/www.facebook.com\/notibras\/\" \/>\n<meta property=\"article:published_time\" content=\"2026-02-06T03:30:03+00:00\" \/>\n<meta property=\"og:image\" content=\"https:\/\/www.notibras.com\/site\/wp-content\/uploads\/2026\/02\/Foto_Iedes_Braga_e_Glaucia-Nasser_creditos_Jotta_de_Casttro-1.jpg\" \/>\n\t<meta property=\"og:image:width\" content=\"2500\" \/>\n\t<meta property=\"og:image:height\" content=\"1667\" \/>\n\t<meta property=\"og:image:type\" content=\"image\/jpeg\" \/>\n<meta name=\"author\" content=\"Eduardo Mart\u00ednez\" \/>\n<meta name=\"twitter:card\" content=\"summary_large_image\" \/>\n<meta name=\"twitter:creator\" content=\"@Notibras\" \/>\n<meta name=\"twitter:site\" content=\"@Notibras\" \/>\n<meta name=\"twitter:label1\" content=\"Escrito por\" \/>\n\t<meta name=\"twitter:data1\" content=\"Eduardo Mart\u00ednez\" \/>\n\t<meta name=\"twitter:label2\" content=\"Est. tempo de leitura\" \/>\n\t<meta name=\"twitter:data2\" content=\"5 minutos\" \/>\n<script type=\"application\/ld+json\" class=\"yoast-schema-graph\">{\"@context\":\"https:\/\/schema.org\",\"@graph\":[{\"@type\":\"Article\",\"@id\":\"https:\/\/www.notibras.com\/site\/semana-pedagogica-2026-inicia-com-encontro-de-gestores-da-educacao\/#article\",\"isPartOf\":{\"@id\":\"https:\/\/www.notibras.com\/site\/semana-pedagogica-2026-inicia-com-encontro-de-gestores-da-educacao\/\"},\"author\":{\"name\":\"Eduardo Mart\u00ednez\",\"@id\":\"https:\/\/www.notibras.com\/site\/#\/schema\/person\/5b7fabf2aedc3ada2105f03b22b4d3dd\"},\"headline\":\"Semana Pedag\u00f3gica 2026 inicia com encontro de gestores da educa\u00e7\u00e3o\",\"datePublished\":\"2026-02-06T03:30:03+00:00\",\"mainEntityOfPage\":{\"@id\":\"https:\/\/www.notibras.com\/site\/semana-pedagogica-2026-inicia-com-encontro-de-gestores-da-educacao\/\"},\"wordCount\":890,\"publisher\":{\"@id\":\"https:\/\/www.notibras.com\/site\/#organization\"},\"image\":{\"@id\":\"https:\/\/www.notibras.com\/site\/semana-pedagogica-2026-inicia-com-encontro-de-gestores-da-educacao\/#primaryimage\"},\"thumbnailUrl\":\"https:\/\/www.notibras.com\/site\/wp-content\/uploads\/2026\/02\/Foto_Iedes_Braga_e_Glaucia-Nasser_creditos_Jotta_de_Casttro-1.jpg\",\"articleSection\":[\"Quadradinho em Foco\"],\"inLanguage\":\"pt-BR\"},{\"@type\":\"WebPage\",\"@id\":\"https:\/\/www.notibras.com\/site\/semana-pedagogica-2026-inicia-com-encontro-de-gestores-da-educacao\/\",\"url\":\"https:\/\/www.notibras.com\/site\/semana-pedagogica-2026-inicia-com-encontro-de-gestores-da-educacao\/\",\"name\":\"Semana Pedag\u00f3gica 2026 inicia com encontro de gestores da educa\u00e7\u00e3o - Notibras\",\"isPartOf\":{\"@id\":\"https:\/\/www.notibras.com\/site\/#website\"},\"primaryImageOfPage\":{\"@id\":\"https:\/\/www.notibras.com\/site\/semana-pedagogica-2026-inicia-com-encontro-de-gestores-da-educacao\/#primaryimage\"},\"image\":{\"@id\":\"https:\/\/www.notibras.com\/site\/semana-pedagogica-2026-inicia-com-encontro-de-gestores-da-educacao\/#primaryimage\"},\"thumbnailUrl\":\"https:\/\/www.notibras.com\/site\/wp-content\/uploads\/2026\/02\/Foto_Iedes_Braga_e_Glaucia-Nasser_creditos_Jotta_de_Casttro-1.jpg\",\"datePublished\":\"2026-02-06T03:30:03+00:00\",\"breadcrumb\":{\"@id\":\"https:\/\/www.notibras.com\/site\/semana-pedagogica-2026-inicia-com-encontro-de-gestores-da-educacao\/#breadcrumb\"},\"inLanguage\":\"pt-BR\",\"potentialAction\":[{\"@type\":\"ReadAction\",\"target\":[\"https:\/\/www.notibras.com\/site\/semana-pedagogica-2026-inicia-com-encontro-de-gestores-da-educacao\/\"]}]},{\"@type\":\"ImageObject\",\"inLanguage\":\"pt-BR\",\"@id\":\"https:\/\/www.notibras.com\/site\/semana-pedagogica-2026-inicia-com-encontro-de-gestores-da-educacao\/#primaryimage\",\"url\":\"https:\/\/www.notibras.com\/site\/wp-content\/uploads\/2026\/02\/Foto_Iedes_Braga_e_Glaucia-Nasser_creditos_Jotta_de_Casttro-1.jpg\",\"contentUrl\":\"https:\/\/www.notibras.com\/site\/wp-content\/uploads\/2026\/02\/Foto_Iedes_Braga_e_Glaucia-Nasser_creditos_Jotta_de_Casttro-1.jpg\",\"width\":2500,\"height\":1667},{\"@type\":\"BreadcrumbList\",\"@id\":\"https:\/\/www.notibras.com\/site\/semana-pedagogica-2026-inicia-com-encontro-de-gestores-da-educacao\/#breadcrumb\",\"itemListElement\":[{\"@type\":\"ListItem\",\"position\":1,\"name\":\"In\u00edcio\",\"item\":\"https:\/\/www.notibras.com\/site\/\"},{\"@type\":\"ListItem\",\"position\":2,\"name\":\"Semana Pedag\u00f3gica 2026 inicia com encontro de gestores da educa\u00e7\u00e3o\"}]},{\"@type\":\"WebSite\",\"@id\":\"https:\/\/www.notibras.com\/site\/#website\",\"url\":\"https:\/\/www.notibras.com\/site\/\",\"name\":\"Notibras\",\"description\":\"Not\u00edcias de Bras\u00edlia, do Brasil e do Mundo\",\"publisher\":{\"@id\":\"https:\/\/www.notibras.com\/site\/#organization\"},\"potentialAction\":[{\"@type\":\"SearchAction\",\"target\":{\"@type\":\"EntryPoint\",\"urlTemplate\":\"https:\/\/www.notibras.com\/site\/?s={search_term_string}\"},\"query-input\":{\"@type\":\"PropertyValueSpecification\",\"valueRequired\":true,\"valueName\":\"search_term_string\"}}],\"inLanguage\":\"pt-BR\"},{\"@type\":\"Organization\",\"@id\":\"https:\/\/www.notibras.com\/site\/#organization\",\"name\":\"Grupo Notibras de Comunica\u00e7\u00e3o\",\"url\":\"https:\/\/www.notibras.com\/site\/\",\"logo\":{\"@type\":\"ImageObject\",\"inLanguage\":\"pt-BR\",\"@id\":\"https:\/\/www.notibras.com\/site\/#\/schema\/logo\/image\/\",\"url\":\"https:\/\/www.notibras.com\/site\/wp-content\/uploads\/2023\/01\/notibras23.png\",\"contentUrl\":\"https:\/\/www.notibras.com\/site\/wp-content\/uploads\/2023\/01\/notibras23.png\",\"width\":350,\"height\":87,\"caption\":\"Grupo Notibras de Comunica\u00e7\u00e3o\"},\"image\":{\"@id\":\"https:\/\/www.notibras.com\/site\/#\/schema\/logo\/image\/\"},\"sameAs\":[\"https:\/\/www.facebook.com\/notibras\/\",\"https:\/\/x.com\/Notibras\",\"https:\/\/www.instagram.com\/notibras\/\"]},{\"@type\":\"Person\",\"@id\":\"https:\/\/www.notibras.com\/site\/#\/schema\/person\/5b7fabf2aedc3ada2105f03b22b4d3dd\",\"name\":\"Eduardo Mart\u00ednez\",\"image\":{\"@type\":\"ImageObject\",\"inLanguage\":\"pt-BR\",\"@id\":\"https:\/\/secure.gravatar.com\/avatar\/7902f906289926289cbcda644b5197c796b893c6ffd7b9a536a42d290f7704a0?s=96&d=mm&r=g\",\"url\":\"https:\/\/secure.gravatar.com\/avatar\/7902f906289926289cbcda644b5197c796b893c6ffd7b9a536a42d290f7704a0?s=96&d=mm&r=g\",\"contentUrl\":\"https:\/\/secure.gravatar.com\/avatar\/7902f906289926289cbcda644b5197c796b893c6ffd7b9a536a42d290f7704a0?s=96&d=mm&r=g\",\"caption\":\"Eduardo Mart\u00ednez\"}}]}<\/script>\n<!-- \/ Yoast SEO plugin. -->","yoast_head_json":{"title":"Semana Pedag\u00f3gica 2026 inicia com encontro de gestores da educa\u00e7\u00e3o - Notibras","robots":{"index":"index","follow":"follow","max-snippet":"max-snippet:-1","max-image-preview":"max-image-preview:large","max-video-preview":"max-video-preview:-1"},"canonical":"https:\/\/www.notibras.com\/site\/semana-pedagogica-2026-inicia-com-encontro-de-gestores-da-educacao\/","og_locale":"pt_BR","og_type":"article","og_title":"Semana Pedag\u00f3gica 2026 inicia com encontro de gestores da educa\u00e7\u00e3o - Notibras","og_description":"A Secretaria de Educa\u00e7\u00e3o do Distrito Federal (SEEDF), em parceria com o Servi\u00e7o Brasileiro de Apoio \u00e0s Micro e Pequenas Empresas (Sebrae-DF), deu in\u00edcio \u00e0 Semana Pedag\u00f3gica 2026, com a realiza\u00e7\u00e3o do 1\u00ba Encontro Pedag\u00f3gico com Gestores. O evento ocorreu na ter\u00e7a-feira (3), no Teatro Pedro Calmon, no Setor Militar Urbano (SMU), e reuniu dirigentes [&hellip;]","og_url":"https:\/\/www.notibras.com\/site\/semana-pedagogica-2026-inicia-com-encontro-de-gestores-da-educacao\/","og_site_name":"Notibras","article_publisher":"https:\/\/www.facebook.com\/notibras\/","article_published_time":"2026-02-06T03:30:03+00:00","og_image":[{"width":2500,"height":1667,"url":"https:\/\/www.notibras.com\/site\/wp-content\/uploads\/2026\/02\/Foto_Iedes_Braga_e_Glaucia-Nasser_creditos_Jotta_de_Casttro-1.jpg","type":"image\/jpeg"}],"author":"Eduardo Mart\u00ednez","twitter_card":"summary_large_image","twitter_creator":"@Notibras","twitter_site":"@Notibras","twitter_misc":{"Escrito por":"Eduardo Mart\u00ednez","Est. tempo de leitura":"5 minutos"},"schema":{"@context":"https:\/\/schema.org","@graph":[{"@type":"Article","@id":"https:\/\/www.notibras.com\/site\/semana-pedagogica-2026-inicia-com-encontro-de-gestores-da-educacao\/#article","isPartOf":{"@id":"https:\/\/www.notibras.com\/site\/semana-pedagogica-2026-inicia-com-encontro-de-gestores-da-educacao\/"},"author":{"name":"Eduardo Mart\u00ednez","@id":"https:\/\/www.notibras.com\/site\/#\/schema\/person\/5b7fabf2aedc3ada2105f03b22b4d3dd"},"headline":"Semana Pedag\u00f3gica 2026 inicia com encontro de gestores da educa\u00e7\u00e3o","datePublished":"2026-02-06T03:30:03+00:00","mainEntityOfPage":{"@id":"https:\/\/www.notibras.com\/site\/semana-pedagogica-2026-inicia-com-encontro-de-gestores-da-educacao\/"},"wordCount":890,"publisher":{"@id":"https:\/\/www.notibras.com\/site\/#organization"},"image":{"@id":"https:\/\/www.notibras.com\/site\/semana-pedagogica-2026-inicia-com-encontro-de-gestores-da-educacao\/#primaryimage"},"thumbnailUrl":"https:\/\/www.notibras.com\/site\/wp-content\/uploads\/2026\/02\/Foto_Iedes_Braga_e_Glaucia-Nasser_creditos_Jotta_de_Casttro-1.jpg","articleSection":["Quadradinho em Foco"],"inLanguage":"pt-BR"},{"@type":"WebPage","@id":"https:\/\/www.notibras.com\/site\/semana-pedagogica-2026-inicia-com-encontro-de-gestores-da-educacao\/","url":"https:\/\/www.notibras.com\/site\/semana-pedagogica-2026-inicia-com-encontro-de-gestores-da-educacao\/","name":"Semana Pedag\u00f3gica 2026 inicia com encontro de gestores da educa\u00e7\u00e3o - Notibras","isPartOf":{"@id":"https:\/\/www.notibras.com\/site\/#website"},"primaryImageOfPage":{"@id":"https:\/\/www.notibras.com\/site\/semana-pedagogica-2026-inicia-com-encontro-de-gestores-da-educacao\/#primaryimage"},"image":{"@id":"https:\/\/www.notibras.com\/site\/semana-pedagogica-2026-inicia-com-encontro-de-gestores-da-educacao\/#primaryimage"},"thumbnailUrl":"https:\/\/www.notibras.com\/site\/wp-content\/uploads\/2026\/02\/Foto_Iedes_Braga_e_Glaucia-Nasser_creditos_Jotta_de_Casttro-1.jpg","datePublished":"2026-02-06T03:30:03+00:00","breadcrumb":{"@id":"https:\/\/www.notibras.com\/site\/semana-pedagogica-2026-inicia-com-encontro-de-gestores-da-educacao\/#breadcrumb"},"inLanguage":"pt-BR","potentialAction":[{"@type":"ReadAction","target":["https:\/\/www.notibras.com\/site\/semana-pedagogica-2026-inicia-com-encontro-de-gestores-da-educacao\/"]}]},{"@type":"ImageObject","inLanguage":"pt-BR","@id":"https:\/\/www.notibras.com\/site\/semana-pedagogica-2026-inicia-com-encontro-de-gestores-da-educacao\/#primaryimage","url":"https:\/\/www.notibras.com\/site\/wp-content\/uploads\/2026\/02\/Foto_Iedes_Braga_e_Glaucia-Nasser_creditos_Jotta_de_Casttro-1.jpg","contentUrl":"https:\/\/www.notibras.com\/site\/wp-content\/uploads\/2026\/02\/Foto_Iedes_Braga_e_Glaucia-Nasser_creditos_Jotta_de_Casttro-1.jpg","width":2500,"height":1667},{"@type":"BreadcrumbList","@id":"https:\/\/www.notibras.com\/site\/semana-pedagogica-2026-inicia-com-encontro-de-gestores-da-educacao\/#breadcrumb","itemListElement":[{"@type":"ListItem","position":1,"name":"In\u00edcio","item":"https:\/\/www.notibras.com\/site\/"},{"@type":"ListItem","position":2,"name":"Semana Pedag\u00f3gica 2026 inicia com encontro de gestores da educa\u00e7\u00e3o"}]},{"@type":"WebSite","@id":"https:\/\/www.notibras.com\/site\/#website","url":"https:\/\/www.notibras.com\/site\/","name":"Notibras","description":"Not\u00edcias de Bras\u00edlia, do Brasil e do Mundo","publisher":{"@id":"https:\/\/www.notibras.com\/site\/#organization"},"potentialAction":[{"@type":"SearchAction","target":{"@type":"EntryPoint","urlTemplate":"https:\/\/www.notibras.com\/site\/?s={search_term_string}"},"query-input":{"@type":"PropertyValueSpecification","valueRequired":true,"valueName":"search_term_string"}}],"inLanguage":"pt-BR"},{"@type":"Organization","@id":"https:\/\/www.notibras.com\/site\/#organization","name":"Grupo Notibras de Comunica\u00e7\u00e3o","url":"https:\/\/www.notibras.com\/site\/","logo":{"@type":"ImageObject","inLanguage":"pt-BR","@id":"https:\/\/www.notibras.com\/site\/#\/schema\/logo\/image\/","url":"https:\/\/www.notibras.com\/site\/wp-content\/uploads\/2023\/01\/notibras23.png","contentUrl":"https:\/\/www.notibras.com\/site\/wp-content\/uploads\/2023\/01\/notibras23.png","width":350,"height":87,"caption":"Grupo Notibras de Comunica\u00e7\u00e3o"},"image":{"@id":"https:\/\/www.notibras.com\/site\/#\/schema\/logo\/image\/"},"sameAs":["https:\/\/www.facebook.com\/notibras\/","https:\/\/x.com\/Notibras","https:\/\/www.instagram.com\/notibras\/"]},{"@type":"Person","@id":"https:\/\/www.notibras.com\/site\/#\/schema\/person\/5b7fabf2aedc3ada2105f03b22b4d3dd","name":"Eduardo Mart\u00ednez","image":{"@type":"ImageObject","inLanguage":"pt-BR","@id":"https:\/\/secure.gravatar.com\/avatar\/7902f906289926289cbcda644b5197c796b893c6ffd7b9a536a42d290f7704a0?s=96&d=mm&r=g","url":"https:\/\/secure.gravatar.com\/avatar\/7902f906289926289cbcda644b5197c796b893c6ffd7b9a536a42d290f7704a0?s=96&d=mm&r=g","contentUrl":"https:\/\/secure.gravatar.com\/avatar\/7902f906289926289cbcda644b5197c796b893c6ffd7b9a536a42d290f7704a0?s=96&d=mm&r=g","caption":"Eduardo Mart\u00ednez"}}]}},"amp_enabled":true,"_links":{"self":[{"href":"https:\/\/www.notibras.com\/site\/wp-json\/wp\/v2\/posts\/382027","targetHints":{"allow":["GET"]}}],"collection":[{"href":"https:\/\/www.notibras.com\/site\/wp-json\/wp\/v2\/posts"}],"about":[{"href":"https:\/\/www.notibras.com\/site\/wp-json\/wp\/v2\/types\/post"}],"author":[{"embeddable":true,"href":"https:\/\/www.notibras.com\/site\/wp-json\/wp\/v2\/users\/21"}],"replies":[{"embeddable":true,"href":"https:\/\/www.notibras.com\/site\/wp-json\/wp\/v2\/comments?post=382027"}],"version-history":[{"count":3,"href":"https:\/\/www.notibras.com\/site\/wp-json\/wp\/v2\/posts\/382027\/revisions"}],"predecessor-version":[{"id":382031,"href":"https:\/\/www.notibras.com\/site\/wp-json\/wp\/v2\/posts\/382027\/revisions\/382031"}],"wp:featuredmedia":[{"embeddable":true,"href":"https:\/\/www.notibras.com\/site\/wp-json\/wp\/v2\/media\/382029"}],"wp:attachment":[{"href":"https:\/\/www.notibras.com\/site\/wp-json\/wp\/v2\/media?parent=382027"}],"wp:term":[{"taxonomy":"category","embeddable":true,"href":"https:\/\/www.notibras.com\/site\/wp-json\/wp\/v2\/categories?post=382027"},{"taxonomy":"post_tag","embeddable":true,"href":"https:\/\/www.notibras.com\/site\/wp-json\/wp\/v2\/tags?post=382027"}],"curies":[{"name":"wp","href":"https:\/\/api.w.org\/{rel}","templated":true}]}}