{"id":382032,"date":"2026-02-06T00:45:32","date_gmt":"2026-02-06T03:45:32","guid":{"rendered":"https:\/\/www.notibras.com\/site\/?p=382032"},"modified":"2026-02-05T22:40:57","modified_gmt":"2026-02-06T01:40:57","slug":"493-vagas-nesta-sexta-feira-6-com-salarios-de-ate-r-46-mil","status":"publish","type":"post","link":"https:\/\/www.notibras.com\/site\/493-vagas-nesta-sexta-feira-6-com-salarios-de-ate-r-46-mil\/","title":{"rendered":"493 vagas nesta sexta-feira (6), com sal\u00e1rios de at\u00e9 R$ 4,6 mil"},"content":{"rendered":"<p>As ag\u00eancias do trabalhador do Distrito Federal oferecem <a href=\"https:\/\/www.agenciabrasilia.df.gov.br\/documents\/d\/guest\/vagas-abertas-02-2026-05-02-pdf\">493 vagas de emprego<\/a> nesta sexta-feira (6), em diferentes regi\u00f5es administrativas e para candidatos com variados n\u00edveis de escolaridade e experi\u00eancia.<\/p>\n<p>A maior remunera\u00e7\u00e3o \u00e9 de R$ 4,6 mil para o cargo de mec\u00e2nico de autom\u00f3veis e caminh\u00f5es, na Zona Industrial do Guar\u00e1, com uma vaga e benef\u00edcios. Tamb\u00e9m h\u00e1 uma vaga com sal\u00e1rio de R$ 4 mil para auxiliar de linha de produ\u00e7\u00e3o, em Brazl\u00e2ndia.<\/p>\n<p>Do total de oportunidades, 417 vagas n\u00e3o exigem experi\u00eancia comprovada. Outras 83 n\u00e3o exigem escolaridade, e a maior parte das vagas \u00e9 destinada a candidatos com ensino fundamental completo, com 281 oportunidades.<\/p>\n<p>O conjunto de vagas desta sexta-feira indica oportunidades de entrada no mercado de trabalho. A maioria dos postos n\u00e3o exige experi\u00eancia comprovada e tem como principal requisito o ensino fundamental completo ou nenhuma exig\u00eancia de escolaridade.<\/p>\n<p>As regi\u00f5es com maior n\u00famero de vagas s\u00e3o Asa Norte, com 91 oportunidades; \u00c1guas Claras, com 50; Sobradinho, com 50; Planaltina, com 50; e Samambaia Sul, com 45. H\u00e1, ainda, 61 vagas sem local fixo de trabalho.<\/p>\n<p>Os cargos com maior n\u00famero de vagas s\u00e3o operador de caixa, com 91 postos; repositor de mercadorias, com 65; atendente de lojas, com 50; a\u00e7ougueiro, com 45; e fiscal de preven\u00e7\u00e3o de perdas, com 35.<\/p>\n<p><strong>Como se candidatar<\/strong><\/p>\n<p>Para participar dos processos seletivos, os trabalhadores podem cadastrar o curr\u00edculo no aplicativo da Carteira de Trabalho Digital (CTPS) ou comparecer a uma das<a href=\"https:\/\/www.sedet.df.gov.br\/telefone-das-unidades-2\"> 16 ag\u00eancias do trabalhador<\/a> do Distrito Federal, que funcionam de segunda a sexta-feira, das 8h \u00e0s 17h. Mesmo que nenhuma das oportunidades do dia seja compat\u00edvel com o perfil do candidato, o cadastro permanece ativo e permite o cruzamento autom\u00e1tico de dados com as vagas oferecidas pelas empresas.<\/p>\n<p><strong>Para empresas<\/strong><\/p>\n<p>Empregadores e empreendedores interessados em ofertar vagas ou utilizar a estrutura das ag\u00eancias do trabalhador para a realiza\u00e7\u00e3o de entrevistas podem se cadastrar presencialmente nas unidades, pelo e-mail gcv@sedet.df.gov.br, ou por meio do <a href=\"https:\/\/sedet.df.gov.br\/canal-do-empregador\">Canal do Empregador<\/a>, dispon\u00edvel no site da Secretaria de Desenvolvimento Econ\u00f4mico, Trabalho e Renda (Sedet-DF).<\/p>\n","protected":false},"excerpt":{"rendered":"<p>As ag\u00eancias do trabalhador do Distrito Federal oferecem 493 vagas de emprego nesta sexta-feira (6), em diferentes regi\u00f5es administrativas e para candidatos com variados n\u00edveis de escolaridade e experi\u00eancia. A maior remunera\u00e7\u00e3o \u00e9 de R$ 4,6 mil para o cargo de mec\u00e2nico de autom\u00f3veis e caminh\u00f5es, na Zona Industrial do Guar\u00e1, com uma vaga e [&hellip;]<\/p>\n","protected":false},"author":21,"featured_media":381746,"comment_status":"closed","ping_status":"closed","sticky":false,"template":"","format":"standard","meta":{"_acf_changed":false,"footnotes":""},"categories":[161],"tags":[],"class_list":["post-382032","post","type-post","status-publish","format-standard","has-post-thumbnail","hentry","category-quadradinho-em-foco"],"acf":[],"yoast_head":"<!-- This site is optimized with the Yoast SEO plugin v27.2 - https:\/\/yoast.com\/product\/yoast-seo-wordpress\/ -->\n<title>493 vagas nesta sexta-feira (6), com sal\u00e1rios de at\u00e9 R$ 4,6 mil - Notibras<\/title>\n<meta name=\"robots\" content=\"index, follow, max-snippet:-1, max-image-preview:large, max-video-preview:-1\" \/>\n<link rel=\"canonical\" href=\"https:\/\/www.notibras.com\/site\/493-vagas-nesta-sexta-feira-6-com-salarios-de-ate-r-46-mil\/\" \/>\n<meta property=\"og:locale\" content=\"pt_BR\" \/>\n<meta property=\"og:type\" content=\"article\" \/>\n<meta property=\"og:title\" content=\"493 vagas nesta sexta-feira (6), com sal\u00e1rios de at\u00e9 R$ 4,6 mil - Notibras\" \/>\n<meta property=\"og:description\" content=\"As ag\u00eancias do trabalhador do Distrito Federal oferecem 493 vagas de emprego nesta sexta-feira (6), em diferentes regi\u00f5es administrativas e para candidatos com variados n\u00edveis de escolaridade e experi\u00eancia. A maior remunera\u00e7\u00e3o \u00e9 de R$ 4,6 mil para o cargo de mec\u00e2nico de autom\u00f3veis e caminh\u00f5es, na Zona Industrial do Guar\u00e1, com uma vaga e [&hellip;]\" \/>\n<meta property=\"og:url\" content=\"https:\/\/www.notibras.com\/site\/493-vagas-nesta-sexta-feira-6-com-salarios-de-ate-r-46-mil\/\" \/>\n<meta property=\"og:site_name\" content=\"Notibras\" \/>\n<meta property=\"article:publisher\" content=\"https:\/\/www.facebook.com\/notibras\/\" \/>\n<meta property=\"article:published_time\" content=\"2026-02-06T03:45:32+00:00\" \/>\n<meta property=\"og:image\" content=\"https:\/\/www.notibras.com\/site\/wp-content\/uploads\/2026\/02\/WhatsApp-Image-2026-02-03-at-02.40.31.jpeg\" \/>\n\t<meta property=\"og:image:width\" content=\"952\" \/>\n\t<meta property=\"og:image:height\" content=\"744\" \/>\n\t<meta property=\"og:image:type\" content=\"image\/jpeg\" \/>\n<meta name=\"author\" content=\"Eduardo Mart\u00ednez\" \/>\n<meta name=\"twitter:card\" content=\"summary_large_image\" \/>\n<meta name=\"twitter:creator\" content=\"@Notibras\" \/>\n<meta name=\"twitter:site\" content=\"@Notibras\" \/>\n<meta name=\"twitter:label1\" content=\"Escrito por\" \/>\n\t<meta name=\"twitter:data1\" content=\"Eduardo Mart\u00ednez\" \/>\n\t<meta name=\"twitter:label2\" content=\"Est. tempo de leitura\" \/>\n\t<meta name=\"twitter:data2\" content=\"3 minutos\" \/>\n<script type=\"application\/ld+json\" class=\"yoast-schema-graph\">{\"@context\":\"https:\/\/schema.org\",\"@graph\":[{\"@type\":\"Article\",\"@id\":\"https:\/\/www.notibras.com\/site\/493-vagas-nesta-sexta-feira-6-com-salarios-de-ate-r-46-mil\/#article\",\"isPartOf\":{\"@id\":\"https:\/\/www.notibras.com\/site\/493-vagas-nesta-sexta-feira-6-com-salarios-de-ate-r-46-mil\/\"},\"author\":{\"name\":\"Eduardo Mart\u00ednez\",\"@id\":\"https:\/\/www.notibras.com\/site\/#\/schema\/person\/5b7fabf2aedc3ada2105f03b22b4d3dd\"},\"headline\":\"493 vagas nesta sexta-feira (6), com sal\u00e1rios de at\u00e9 R$ 4,6 mil\",\"datePublished\":\"2026-02-06T03:45:32+00:00\",\"mainEntityOfPage\":{\"@id\":\"https:\/\/www.notibras.com\/site\/493-vagas-nesta-sexta-feira-6-com-salarios-de-ate-r-46-mil\/\"},\"wordCount\":366,\"publisher\":{\"@id\":\"https:\/\/www.notibras.com\/site\/#organization\"},\"image\":{\"@id\":\"https:\/\/www.notibras.com\/site\/493-vagas-nesta-sexta-feira-6-com-salarios-de-ate-r-46-mil\/#primaryimage\"},\"thumbnailUrl\":\"https:\/\/www.notibras.com\/site\/wp-content\/uploads\/2026\/02\/WhatsApp-Image-2026-02-03-at-02.40.31.jpeg\",\"articleSection\":[\"Quadradinho em Foco\"],\"inLanguage\":\"pt-BR\"},{\"@type\":\"WebPage\",\"@id\":\"https:\/\/www.notibras.com\/site\/493-vagas-nesta-sexta-feira-6-com-salarios-de-ate-r-46-mil\/\",\"url\":\"https:\/\/www.notibras.com\/site\/493-vagas-nesta-sexta-feira-6-com-salarios-de-ate-r-46-mil\/\",\"name\":\"493 vagas nesta sexta-feira (6), com sal\u00e1rios de at\u00e9 R$ 4,6 mil - Notibras\",\"isPartOf\":{\"@id\":\"https:\/\/www.notibras.com\/site\/#website\"},\"primaryImageOfPage\":{\"@id\":\"https:\/\/www.notibras.com\/site\/493-vagas-nesta-sexta-feira-6-com-salarios-de-ate-r-46-mil\/#primaryimage\"},\"image\":{\"@id\":\"https:\/\/www.notibras.com\/site\/493-vagas-nesta-sexta-feira-6-com-salarios-de-ate-r-46-mil\/#primaryimage\"},\"thumbnailUrl\":\"https:\/\/www.notibras.com\/site\/wp-content\/uploads\/2026\/02\/WhatsApp-Image-2026-02-03-at-02.40.31.jpeg\",\"datePublished\":\"2026-02-06T03:45:32+00:00\",\"breadcrumb\":{\"@id\":\"https:\/\/www.notibras.com\/site\/493-vagas-nesta-sexta-feira-6-com-salarios-de-ate-r-46-mil\/#breadcrumb\"},\"inLanguage\":\"pt-BR\",\"potentialAction\":[{\"@type\":\"ReadAction\",\"target\":[\"https:\/\/www.notibras.com\/site\/493-vagas-nesta-sexta-feira-6-com-salarios-de-ate-r-46-mil\/\"]}]},{\"@type\":\"ImageObject\",\"inLanguage\":\"pt-BR\",\"@id\":\"https:\/\/www.notibras.com\/site\/493-vagas-nesta-sexta-feira-6-com-salarios-de-ate-r-46-mil\/#primaryimage\",\"url\":\"https:\/\/www.notibras.com\/site\/wp-content\/uploads\/2026\/02\/WhatsApp-Image-2026-02-03-at-02.40.31.jpeg\",\"contentUrl\":\"https:\/\/www.notibras.com\/site\/wp-content\/uploads\/2026\/02\/WhatsApp-Image-2026-02-03-at-02.40.31.jpeg\",\"width\":952,\"height\":744},{\"@type\":\"BreadcrumbList\",\"@id\":\"https:\/\/www.notibras.com\/site\/493-vagas-nesta-sexta-feira-6-com-salarios-de-ate-r-46-mil\/#breadcrumb\",\"itemListElement\":[{\"@type\":\"ListItem\",\"position\":1,\"name\":\"In\u00edcio\",\"item\":\"https:\/\/www.notibras.com\/site\/\"},{\"@type\":\"ListItem\",\"position\":2,\"name\":\"493 vagas nesta sexta-feira (6), com sal\u00e1rios de at\u00e9 R$ 4,6 mil\"}]},{\"@type\":\"WebSite\",\"@id\":\"https:\/\/www.notibras.com\/site\/#website\",\"url\":\"https:\/\/www.notibras.com\/site\/\",\"name\":\"Notibras\",\"description\":\"Not\u00edcias de Bras\u00edlia, do Brasil e do Mundo\",\"publisher\":{\"@id\":\"https:\/\/www.notibras.com\/site\/#organization\"},\"potentialAction\":[{\"@type\":\"SearchAction\",\"target\":{\"@type\":\"EntryPoint\",\"urlTemplate\":\"https:\/\/www.notibras.com\/site\/?s={search_term_string}\"},\"query-input\":{\"@type\":\"PropertyValueSpecification\",\"valueRequired\":true,\"valueName\":\"search_term_string\"}}],\"inLanguage\":\"pt-BR\"},{\"@type\":\"Organization\",\"@id\":\"https:\/\/www.notibras.com\/site\/#organization\",\"name\":\"Grupo Notibras de Comunica\u00e7\u00e3o\",\"url\":\"https:\/\/www.notibras.com\/site\/\",\"logo\":{\"@type\":\"ImageObject\",\"inLanguage\":\"pt-BR\",\"@id\":\"https:\/\/www.notibras.com\/site\/#\/schema\/logo\/image\/\",\"url\":\"https:\/\/www.notibras.com\/site\/wp-content\/uploads\/2023\/01\/notibras23.png\",\"contentUrl\":\"https:\/\/www.notibras.com\/site\/wp-content\/uploads\/2023\/01\/notibras23.png\",\"width\":350,\"height\":87,\"caption\":\"Grupo Notibras de Comunica\u00e7\u00e3o\"},\"image\":{\"@id\":\"https:\/\/www.notibras.com\/site\/#\/schema\/logo\/image\/\"},\"sameAs\":[\"https:\/\/www.facebook.com\/notibras\/\",\"https:\/\/x.com\/Notibras\",\"https:\/\/www.instagram.com\/notibras\/\"]},{\"@type\":\"Person\",\"@id\":\"https:\/\/www.notibras.com\/site\/#\/schema\/person\/5b7fabf2aedc3ada2105f03b22b4d3dd\",\"name\":\"Eduardo Mart\u00ednez\",\"image\":{\"@type\":\"ImageObject\",\"inLanguage\":\"pt-BR\",\"@id\":\"https:\/\/secure.gravatar.com\/avatar\/7902f906289926289cbcda644b5197c796b893c6ffd7b9a536a42d290f7704a0?s=96&d=mm&r=g\",\"url\":\"https:\/\/secure.gravatar.com\/avatar\/7902f906289926289cbcda644b5197c796b893c6ffd7b9a536a42d290f7704a0?s=96&d=mm&r=g\",\"contentUrl\":\"https:\/\/secure.gravatar.com\/avatar\/7902f906289926289cbcda644b5197c796b893c6ffd7b9a536a42d290f7704a0?s=96&d=mm&r=g\",\"caption\":\"Eduardo Mart\u00ednez\"}}]}<\/script>\n<!-- \/ Yoast SEO plugin. -->","yoast_head_json":{"title":"493 vagas nesta sexta-feira (6), com sal\u00e1rios de at\u00e9 R$ 4,6 mil - Notibras","robots":{"index":"index","follow":"follow","max-snippet":"max-snippet:-1","max-image-preview":"max-image-preview:large","max-video-preview":"max-video-preview:-1"},"canonical":"https:\/\/www.notibras.com\/site\/493-vagas-nesta-sexta-feira-6-com-salarios-de-ate-r-46-mil\/","og_locale":"pt_BR","og_type":"article","og_title":"493 vagas nesta sexta-feira (6), com sal\u00e1rios de at\u00e9 R$ 4,6 mil - Notibras","og_description":"As ag\u00eancias do trabalhador do Distrito Federal oferecem 493 vagas de emprego nesta sexta-feira (6), em diferentes regi\u00f5es administrativas e para candidatos com variados n\u00edveis de escolaridade e experi\u00eancia. A maior remunera\u00e7\u00e3o \u00e9 de R$ 4,6 mil para o cargo de mec\u00e2nico de autom\u00f3veis e caminh\u00f5es, na Zona Industrial do Guar\u00e1, com uma vaga e [&hellip;]","og_url":"https:\/\/www.notibras.com\/site\/493-vagas-nesta-sexta-feira-6-com-salarios-de-ate-r-46-mil\/","og_site_name":"Notibras","article_publisher":"https:\/\/www.facebook.com\/notibras\/","article_published_time":"2026-02-06T03:45:32+00:00","og_image":[{"width":952,"height":744,"url":"https:\/\/www.notibras.com\/site\/wp-content\/uploads\/2026\/02\/WhatsApp-Image-2026-02-03-at-02.40.31.jpeg","type":"image\/jpeg"}],"author":"Eduardo Mart\u00ednez","twitter_card":"summary_large_image","twitter_creator":"@Notibras","twitter_site":"@Notibras","twitter_misc":{"Escrito por":"Eduardo Mart\u00ednez","Est. tempo de leitura":"3 minutos"},"schema":{"@context":"https:\/\/schema.org","@graph":[{"@type":"Article","@id":"https:\/\/www.notibras.com\/site\/493-vagas-nesta-sexta-feira-6-com-salarios-de-ate-r-46-mil\/#article","isPartOf":{"@id":"https:\/\/www.notibras.com\/site\/493-vagas-nesta-sexta-feira-6-com-salarios-de-ate-r-46-mil\/"},"author":{"name":"Eduardo Mart\u00ednez","@id":"https:\/\/www.notibras.com\/site\/#\/schema\/person\/5b7fabf2aedc3ada2105f03b22b4d3dd"},"headline":"493 vagas nesta sexta-feira (6), com sal\u00e1rios de at\u00e9 R$ 4,6 mil","datePublished":"2026-02-06T03:45:32+00:00","mainEntityOfPage":{"@id":"https:\/\/www.notibras.com\/site\/493-vagas-nesta-sexta-feira-6-com-salarios-de-ate-r-46-mil\/"},"wordCount":366,"publisher":{"@id":"https:\/\/www.notibras.com\/site\/#organization"},"image":{"@id":"https:\/\/www.notibras.com\/site\/493-vagas-nesta-sexta-feira-6-com-salarios-de-ate-r-46-mil\/#primaryimage"},"thumbnailUrl":"https:\/\/www.notibras.com\/site\/wp-content\/uploads\/2026\/02\/WhatsApp-Image-2026-02-03-at-02.40.31.jpeg","articleSection":["Quadradinho em Foco"],"inLanguage":"pt-BR"},{"@type":"WebPage","@id":"https:\/\/www.notibras.com\/site\/493-vagas-nesta-sexta-feira-6-com-salarios-de-ate-r-46-mil\/","url":"https:\/\/www.notibras.com\/site\/493-vagas-nesta-sexta-feira-6-com-salarios-de-ate-r-46-mil\/","name":"493 vagas nesta sexta-feira (6), com sal\u00e1rios de at\u00e9 R$ 4,6 mil - Notibras","isPartOf":{"@id":"https:\/\/www.notibras.com\/site\/#website"},"primaryImageOfPage":{"@id":"https:\/\/www.notibras.com\/site\/493-vagas-nesta-sexta-feira-6-com-salarios-de-ate-r-46-mil\/#primaryimage"},"image":{"@id":"https:\/\/www.notibras.com\/site\/493-vagas-nesta-sexta-feira-6-com-salarios-de-ate-r-46-mil\/#primaryimage"},"thumbnailUrl":"https:\/\/www.notibras.com\/site\/wp-content\/uploads\/2026\/02\/WhatsApp-Image-2026-02-03-at-02.40.31.jpeg","datePublished":"2026-02-06T03:45:32+00:00","breadcrumb":{"@id":"https:\/\/www.notibras.com\/site\/493-vagas-nesta-sexta-feira-6-com-salarios-de-ate-r-46-mil\/#breadcrumb"},"inLanguage":"pt-BR","potentialAction":[{"@type":"ReadAction","target":["https:\/\/www.notibras.com\/site\/493-vagas-nesta-sexta-feira-6-com-salarios-de-ate-r-46-mil\/"]}]},{"@type":"ImageObject","inLanguage":"pt-BR","@id":"https:\/\/www.notibras.com\/site\/493-vagas-nesta-sexta-feira-6-com-salarios-de-ate-r-46-mil\/#primaryimage","url":"https:\/\/www.notibras.com\/site\/wp-content\/uploads\/2026\/02\/WhatsApp-Image-2026-02-03-at-02.40.31.jpeg","contentUrl":"https:\/\/www.notibras.com\/site\/wp-content\/uploads\/2026\/02\/WhatsApp-Image-2026-02-03-at-02.40.31.jpeg","width":952,"height":744},{"@type":"BreadcrumbList","@id":"https:\/\/www.notibras.com\/site\/493-vagas-nesta-sexta-feira-6-com-salarios-de-ate-r-46-mil\/#breadcrumb","itemListElement":[{"@type":"ListItem","position":1,"name":"In\u00edcio","item":"https:\/\/www.notibras.com\/site\/"},{"@type":"ListItem","position":2,"name":"493 vagas nesta sexta-feira (6), com sal\u00e1rios de at\u00e9 R$ 4,6 mil"}]},{"@type":"WebSite","@id":"https:\/\/www.notibras.com\/site\/#website","url":"https:\/\/www.notibras.com\/site\/","name":"Notibras","description":"Not\u00edcias de Bras\u00edlia, do Brasil e do Mundo","publisher":{"@id":"https:\/\/www.notibras.com\/site\/#organization"},"potentialAction":[{"@type":"SearchAction","target":{"@type":"EntryPoint","urlTemplate":"https:\/\/www.notibras.com\/site\/?s={search_term_string}"},"query-input":{"@type":"PropertyValueSpecification","valueRequired":true,"valueName":"search_term_string"}}],"inLanguage":"pt-BR"},{"@type":"Organization","@id":"https:\/\/www.notibras.com\/site\/#organization","name":"Grupo Notibras de Comunica\u00e7\u00e3o","url":"https:\/\/www.notibras.com\/site\/","logo":{"@type":"ImageObject","inLanguage":"pt-BR","@id":"https:\/\/www.notibras.com\/site\/#\/schema\/logo\/image\/","url":"https:\/\/www.notibras.com\/site\/wp-content\/uploads\/2023\/01\/notibras23.png","contentUrl":"https:\/\/www.notibras.com\/site\/wp-content\/uploads\/2023\/01\/notibras23.png","width":350,"height":87,"caption":"Grupo Notibras de Comunica\u00e7\u00e3o"},"image":{"@id":"https:\/\/www.notibras.com\/site\/#\/schema\/logo\/image\/"},"sameAs":["https:\/\/www.facebook.com\/notibras\/","https:\/\/x.com\/Notibras","https:\/\/www.instagram.com\/notibras\/"]},{"@type":"Person","@id":"https:\/\/www.notibras.com\/site\/#\/schema\/person\/5b7fabf2aedc3ada2105f03b22b4d3dd","name":"Eduardo Mart\u00ednez","image":{"@type":"ImageObject","inLanguage":"pt-BR","@id":"https:\/\/secure.gravatar.com\/avatar\/7902f906289926289cbcda644b5197c796b893c6ffd7b9a536a42d290f7704a0?s=96&d=mm&r=g","url":"https:\/\/secure.gravatar.com\/avatar\/7902f906289926289cbcda644b5197c796b893c6ffd7b9a536a42d290f7704a0?s=96&d=mm&r=g","contentUrl":"https:\/\/secure.gravatar.com\/avatar\/7902f906289926289cbcda644b5197c796b893c6ffd7b9a536a42d290f7704a0?s=96&d=mm&r=g","caption":"Eduardo Mart\u00ednez"}}]}},"amp_enabled":true,"_links":{"self":[{"href":"https:\/\/www.notibras.com\/site\/wp-json\/wp\/v2\/posts\/382032","targetHints":{"allow":["GET"]}}],"collection":[{"href":"https:\/\/www.notibras.com\/site\/wp-json\/wp\/v2\/posts"}],"about":[{"href":"https:\/\/www.notibras.com\/site\/wp-json\/wp\/v2\/types\/post"}],"author":[{"embeddable":true,"href":"https:\/\/www.notibras.com\/site\/wp-json\/wp\/v2\/users\/21"}],"replies":[{"embeddable":true,"href":"https:\/\/www.notibras.com\/site\/wp-json\/wp\/v2\/comments?post=382032"}],"version-history":[{"count":3,"href":"https:\/\/www.notibras.com\/site\/wp-json\/wp\/v2\/posts\/382032\/revisions"}],"predecessor-version":[{"id":382035,"href":"https:\/\/www.notibras.com\/site\/wp-json\/wp\/v2\/posts\/382032\/revisions\/382035"}],"wp:featuredmedia":[{"embeddable":true,"href":"https:\/\/www.notibras.com\/site\/wp-json\/wp\/v2\/media\/381746"}],"wp:attachment":[{"href":"https:\/\/www.notibras.com\/site\/wp-json\/wp\/v2\/media?parent=382032"}],"wp:term":[{"taxonomy":"category","embeddable":true,"href":"https:\/\/www.notibras.com\/site\/wp-json\/wp\/v2\/categories?post=382032"},{"taxonomy":"post_tag","embeddable":true,"href":"https:\/\/www.notibras.com\/site\/wp-json\/wp\/v2\/tags?post=382032"}],"curies":[{"name":"wp","href":"https:\/\/api.w.org\/{rel}","templated":true}]}}