{"id":382036,"date":"2026-02-06T01:00:07","date_gmt":"2026-02-06T04:00:07","guid":{"rendered":"https:\/\/www.notibras.com\/site\/?p=382036"},"modified":"2026-02-05T22:45:39","modified_gmt":"2026-02-06T01:45:39","slug":"diagnostico-precoce-do-alzheimer-ajuda-pacientes-e-familias-a-viverem-melhor","status":"publish","type":"post","link":"https:\/\/www.notibras.com\/site\/diagnostico-precoce-do-alzheimer-ajuda-pacientes-e-familias-a-viverem-melhor\/","title":{"rendered":"Diagn\u00f3stico precoce do Alzheimer ajuda pacientes e fam\u00edlias a viverem melhor"},"content":{"rendered":"<p>Perder a mem\u00f3ria aos poucos, repetir perguntas e apresentar mudan\u00e7as de comportamento pode parecer algo natural do envelhecimento, mas nem sempre \u00e9. No caso do Alzheimer, reconhecer os sinais desde o in\u00edcio e buscar avalia\u00e7\u00e3o m\u00e9dica o quanto antes pode fazer toda a diferen\u00e7a no tratamento e na qualidade de vida.<\/p>\n<p>No Hospital de Base do Distrito Federal (HBDF), cerca de 300 pacientes fazem acompanhamento ambulatorial para a doen\u00e7a, que \u00e9 um dos focos da campanha Fevereiro Roxo, voltada \u00e0 conscientiza\u00e7\u00e3o sobre enfermidades que n\u00e3o t\u00eam cura, mas podem ser tratadas.<\/p>\n<p>Foi o que aconteceu com a fam\u00edlia de Jane Pimentel Meireles, que come\u00e7ou a suspeitar dos esquecimentos da m\u00e3e, Ornelina Medeiros Pimentel, quando ela tinha 70 anos. \u201cEla esquecia de conversas que t\u00ednhamos, esquecia das pessoas\u201d, lembra.<\/p>\n<p>\u201cDepois, o comportamento come\u00e7ou a ficar mais agressivo e ela passou a brigar com algumas pessoas\u201d, relata ela. \u201cFoi tudo muito estranho e fora do normal\u201d. Desconfiada, Jane levou a idosa a consultas e exames que, ao final, apontaram o diagn\u00f3stico de Alzheimer.<\/p>\n<p><strong>Manifesta\u00e7\u00f5es<\/strong><\/p>\n<p>A doen\u00e7a \u00e9 um transtorno neurodegenerativo que consiste na deteriora\u00e7\u00e3o progressiva da cogni\u00e7\u00e3o, incluindo a mem\u00f3ria, al\u00e9m de comprometer atividades cotidianas e causar altera\u00e7\u00f5es comportamentais. \u201cO que estamos passando agora \u00e9 ruim, mas sabemos tamb\u00e9m que \u00e9 s\u00f3 o come\u00e7o; eu tento n\u00e3o pensar muito, tento viver um dia de cada vez, porque sei que vem muito sofrimento para a gente e, principalmente, para ela\u201d, afirma Jane.<\/p>\n<p>Hoje, Ornelina tem 77 anos e segue em acompanhamento no HBDF, unidade administrada pelo Instituto de Gest\u00e3o Estrat\u00e9gica em Sa\u00fade (IgesDF). O neurologista do hospital, Carlos Uribe, explica que os primeiros sinais do Alzheimer costumam ser confundidos com sintomas comuns da idade mais avan\u00e7ada, o que pode atrasar o in\u00edcio do tratamento.<\/p>\n<p>Segundo o m\u00e9dico, \u00e9 preciso aten\u00e7\u00e3o quando os esquecimentos e as mudan\u00e7as de humor passam a comprometer o dia a dia. \u201cAs pessoas costumam achar que \u00e9 algo normal da idade e demoram a procurar um m\u00e9dico, o que acaba atrasando o diagn\u00f3stico\u201d, afirma. \u201cMuitas vezes, \u00e9 a fam\u00edlia que nota algo errado e traz o idoso para uma avalia\u00e7\u00e3o\u201d.<\/p>\n<p>Entre os sintomas mais frequentes est\u00e3o a dificuldade para dirigir autom\u00f3veis e encontrar caminhos conhecidos, repeti\u00e7\u00e3o da mesma pergunta diversas vezes, dificuldade para acompanhar conversas e linhas de racioc\u00ednio, dificuldade para encontrar palavras ao se expressar, tend\u00eancia ao isolamento e incapacidade de elaborar estrat\u00e9gias de resolu\u00e7\u00e3o de problemas.<\/p>\n<p><strong>Diagn\u00f3stico e tratamento<\/strong><\/p>\n<p>Ao perceber sinais de Alzheimer ou de outros tipos de dem\u00eancia, o primeiro passo \u00e9 procurar a Unidade B\u00e1sica de Sa\u00fade (UBS) mais pr\u00f3xima ou um m\u00e9dico cl\u00ednico geral.<\/p>\n<p>\u00c9 na UBS que come\u00e7a o cuidado: o profissional faz a primeira avalia\u00e7\u00e3o, conversa com o paciente e a fam\u00edlia, pede exames quando necess\u00e1rio e, se houver indica\u00e7\u00e3o, encaminha para o especialista, a fim de garantir um diagn\u00f3stico mais r\u00e1pido e um acompanhamento adequado.<\/p>\n<p>A causa do Alzheimer ainda n\u00e3o foi identificada, mas acredita-se que fatores gen\u00e9ticos tenham influ\u00eancia. O risco de desenvolver a doen\u00e7a \u00e9 maior quando h\u00e1 hist\u00f3rico familiar. Al\u00e9m disso, outros fatores, ligados principalmente ao estilo de vida, tamb\u00e9m est\u00e3o envolvidos.<\/p>\n<p>O diagn\u00f3stico \u00e9 feito, geralmente, por exclus\u00e3o, ap\u00f3s a an\u00e1lise de exames laboratoriais e de imagem do c\u00e9rebro, realizada em conjunto com uma avalia\u00e7\u00e3o das altera\u00e7\u00f5es cognitivas apresentadas por cada pessoa. Em alguns casos, podem ser utilizados outros testes diagn\u00f3sticos espec\u00edficos, como a an\u00e1lise do l\u00edquido cefalorraquidiano ou exames de medicina nuclear.<\/p>\n<p>Como n\u00e3o existe cura, o tratamento consiste em aliviar os sintomas e melhorar a qualidade de vida dos pacientes. A progress\u00e3o da doen\u00e7a varia de caso a caso, podendo ser mais agressiva ou mais leve.<\/p>\n<p>Apesar da gravidade, o neurologista lembra que o Alzheimer n\u00e3o \u00e9 uma senten\u00e7a de morte: \u201cMuitas pessoas conseguem viver por anos ap\u00f3s o diagn\u00f3stico e acabam falecendo por outras doen\u00e7as, como c\u00e2ncer ou AVC [acidente vascular cerebral]. Ent\u00e3o, elas morrem com a doen\u00e7a, e n\u00e3o em decorr\u00eancia dela\u201d.<\/p>\n<p>Tamb\u00e9m n\u00e3o existe uma forma de preven\u00e7\u00e3o espec\u00edfica, mas j\u00e1 foi demonstrado \u00e9 poss\u00edvel atrasar e at\u00e9 mesmo inibir a manifesta\u00e7\u00e3o da doen\u00e7a com atitudes como a de manter a mente ativa e h\u00e1bitos saud\u00e1veis \u2014 pr\u00e1tica de atividades f\u00edsicas, alimenta\u00e7\u00e3o balanceada, evitar o consumo de bebidas alco\u00f3licas e o fumo, al\u00e9m de manter uma vida social ativa.<\/p>\n<p>\u201cQuanto antes tivermos um diagn\u00f3stico, melhor\u201d, alerta Carlos Uribe. \u201c\u00c0 medida que as pessoas se tornam mais conscientizadas sobre a situa\u00e7\u00e3o, teremos maior facilidade para conversar e melhorar a qualidade de vida dos pacientes e de suas fam\u00edlias.\u201d<\/p>\n","protected":false},"excerpt":{"rendered":"<p>Perder a mem\u00f3ria aos poucos, repetir perguntas e apresentar mudan\u00e7as de comportamento pode parecer algo natural do envelhecimento, mas nem sempre \u00e9. No caso do Alzheimer, reconhecer os sinais desde o in\u00edcio e buscar avalia\u00e7\u00e3o m\u00e9dica o quanto antes pode fazer toda a diferen\u00e7a no tratamento e na qualidade de vida. No Hospital de Base [&hellip;]<\/p>\n","protected":false},"author":21,"featured_media":382037,"comment_status":"closed","ping_status":"closed","sticky":false,"template":"","format":"standard","meta":{"_acf_changed":false,"footnotes":""},"categories":[161],"tags":[],"class_list":["post-382036","post","type-post","status-publish","format-standard","has-post-thumbnail","hentry","category-quadradinho-em-foco"],"acf":[],"yoast_head":"<!-- This site is optimized with the Yoast SEO plugin v27.2 - https:\/\/yoast.com\/product\/yoast-seo-wordpress\/ -->\n<title>Diagn\u00f3stico precoce do Alzheimer ajuda pacientes e fam\u00edlias a viverem melhor - Notibras<\/title>\n<meta name=\"robots\" content=\"index, follow, max-snippet:-1, max-image-preview:large, max-video-preview:-1\" \/>\n<link rel=\"canonical\" href=\"https:\/\/www.notibras.com\/site\/diagnostico-precoce-do-alzheimer-ajuda-pacientes-e-familias-a-viverem-melhor\/\" \/>\n<meta property=\"og:locale\" content=\"pt_BR\" \/>\n<meta property=\"og:type\" content=\"article\" \/>\n<meta property=\"og:title\" content=\"Diagn\u00f3stico precoce do Alzheimer ajuda pacientes e fam\u00edlias a viverem melhor - Notibras\" \/>\n<meta property=\"og:description\" content=\"Perder a mem\u00f3ria aos poucos, repetir perguntas e apresentar mudan\u00e7as de comportamento pode parecer algo natural do envelhecimento, mas nem sempre \u00e9. No caso do Alzheimer, reconhecer os sinais desde o in\u00edcio e buscar avalia\u00e7\u00e3o m\u00e9dica o quanto antes pode fazer toda a diferen\u00e7a no tratamento e na qualidade de vida. No Hospital de Base [&hellip;]\" \/>\n<meta property=\"og:url\" content=\"https:\/\/www.notibras.com\/site\/diagnostico-precoce-do-alzheimer-ajuda-pacientes-e-familias-a-viverem-melhor\/\" \/>\n<meta property=\"og:site_name\" content=\"Notibras\" \/>\n<meta property=\"article:publisher\" content=\"https:\/\/www.facebook.com\/notibras\/\" \/>\n<meta property=\"article:published_time\" content=\"2026-02-06T04:00:07+00:00\" \/>\n<meta property=\"og:image\" content=\"https:\/\/www.notibras.com\/site\/wp-content\/uploads\/2026\/02\/5.2.-Alzheimer.-Foto-Divulgacao-IgesDF.jpeg\" \/>\n\t<meta property=\"og:image:width\" content=\"1600\" \/>\n\t<meta property=\"og:image:height\" content=\"1200\" \/>\n\t<meta property=\"og:image:type\" content=\"image\/jpeg\" \/>\n<meta name=\"author\" content=\"Eduardo Mart\u00ednez\" \/>\n<meta name=\"twitter:card\" content=\"summary_large_image\" \/>\n<meta name=\"twitter:creator\" content=\"@Notibras\" \/>\n<meta name=\"twitter:site\" content=\"@Notibras\" \/>\n<meta name=\"twitter:label1\" content=\"Escrito por\" \/>\n\t<meta name=\"twitter:data1\" content=\"Eduardo Mart\u00ednez\" \/>\n\t<meta name=\"twitter:label2\" content=\"Est. tempo de leitura\" \/>\n\t<meta name=\"twitter:data2\" content=\"5 minutos\" \/>\n<script type=\"application\/ld+json\" class=\"yoast-schema-graph\">{\"@context\":\"https:\/\/schema.org\",\"@graph\":[{\"@type\":\"Article\",\"@id\":\"https:\/\/www.notibras.com\/site\/diagnostico-precoce-do-alzheimer-ajuda-pacientes-e-familias-a-viverem-melhor\/#article\",\"isPartOf\":{\"@id\":\"https:\/\/www.notibras.com\/site\/diagnostico-precoce-do-alzheimer-ajuda-pacientes-e-familias-a-viverem-melhor\/\"},\"author\":{\"name\":\"Eduardo Mart\u00ednez\",\"@id\":\"https:\/\/www.notibras.com\/site\/#\/schema\/person\/5b7fabf2aedc3ada2105f03b22b4d3dd\"},\"headline\":\"Diagn\u00f3stico precoce do Alzheimer ajuda pacientes e fam\u00edlias a viverem melhor\",\"datePublished\":\"2026-02-06T04:00:07+00:00\",\"mainEntityOfPage\":{\"@id\":\"https:\/\/www.notibras.com\/site\/diagnostico-precoce-do-alzheimer-ajuda-pacientes-e-familias-a-viverem-melhor\/\"},\"wordCount\":847,\"publisher\":{\"@id\":\"https:\/\/www.notibras.com\/site\/#organization\"},\"image\":{\"@id\":\"https:\/\/www.notibras.com\/site\/diagnostico-precoce-do-alzheimer-ajuda-pacientes-e-familias-a-viverem-melhor\/#primaryimage\"},\"thumbnailUrl\":\"https:\/\/www.notibras.com\/site\/wp-content\/uploads\/2026\/02\/5.2.-Alzheimer.-Foto-Divulgacao-IgesDF.jpeg\",\"articleSection\":[\"Quadradinho em Foco\"],\"inLanguage\":\"pt-BR\"},{\"@type\":\"WebPage\",\"@id\":\"https:\/\/www.notibras.com\/site\/diagnostico-precoce-do-alzheimer-ajuda-pacientes-e-familias-a-viverem-melhor\/\",\"url\":\"https:\/\/www.notibras.com\/site\/diagnostico-precoce-do-alzheimer-ajuda-pacientes-e-familias-a-viverem-melhor\/\",\"name\":\"Diagn\u00f3stico precoce do Alzheimer ajuda pacientes e fam\u00edlias a viverem melhor - Notibras\",\"isPartOf\":{\"@id\":\"https:\/\/www.notibras.com\/site\/#website\"},\"primaryImageOfPage\":{\"@id\":\"https:\/\/www.notibras.com\/site\/diagnostico-precoce-do-alzheimer-ajuda-pacientes-e-familias-a-viverem-melhor\/#primaryimage\"},\"image\":{\"@id\":\"https:\/\/www.notibras.com\/site\/diagnostico-precoce-do-alzheimer-ajuda-pacientes-e-familias-a-viverem-melhor\/#primaryimage\"},\"thumbnailUrl\":\"https:\/\/www.notibras.com\/site\/wp-content\/uploads\/2026\/02\/5.2.-Alzheimer.-Foto-Divulgacao-IgesDF.jpeg\",\"datePublished\":\"2026-02-06T04:00:07+00:00\",\"breadcrumb\":{\"@id\":\"https:\/\/www.notibras.com\/site\/diagnostico-precoce-do-alzheimer-ajuda-pacientes-e-familias-a-viverem-melhor\/#breadcrumb\"},\"inLanguage\":\"pt-BR\",\"potentialAction\":[{\"@type\":\"ReadAction\",\"target\":[\"https:\/\/www.notibras.com\/site\/diagnostico-precoce-do-alzheimer-ajuda-pacientes-e-familias-a-viverem-melhor\/\"]}]},{\"@type\":\"ImageObject\",\"inLanguage\":\"pt-BR\",\"@id\":\"https:\/\/www.notibras.com\/site\/diagnostico-precoce-do-alzheimer-ajuda-pacientes-e-familias-a-viverem-melhor\/#primaryimage\",\"url\":\"https:\/\/www.notibras.com\/site\/wp-content\/uploads\/2026\/02\/5.2.-Alzheimer.-Foto-Divulgacao-IgesDF.jpeg\",\"contentUrl\":\"https:\/\/www.notibras.com\/site\/wp-content\/uploads\/2026\/02\/5.2.-Alzheimer.-Foto-Divulgacao-IgesDF.jpeg\",\"width\":1600,\"height\":1200},{\"@type\":\"BreadcrumbList\",\"@id\":\"https:\/\/www.notibras.com\/site\/diagnostico-precoce-do-alzheimer-ajuda-pacientes-e-familias-a-viverem-melhor\/#breadcrumb\",\"itemListElement\":[{\"@type\":\"ListItem\",\"position\":1,\"name\":\"In\u00edcio\",\"item\":\"https:\/\/www.notibras.com\/site\/\"},{\"@type\":\"ListItem\",\"position\":2,\"name\":\"Diagn\u00f3stico precoce do Alzheimer ajuda pacientes e fam\u00edlias a viverem melhor\"}]},{\"@type\":\"WebSite\",\"@id\":\"https:\/\/www.notibras.com\/site\/#website\",\"url\":\"https:\/\/www.notibras.com\/site\/\",\"name\":\"Notibras\",\"description\":\"Not\u00edcias de Bras\u00edlia, do Brasil e do Mundo\",\"publisher\":{\"@id\":\"https:\/\/www.notibras.com\/site\/#organization\"},\"potentialAction\":[{\"@type\":\"SearchAction\",\"target\":{\"@type\":\"EntryPoint\",\"urlTemplate\":\"https:\/\/www.notibras.com\/site\/?s={search_term_string}\"},\"query-input\":{\"@type\":\"PropertyValueSpecification\",\"valueRequired\":true,\"valueName\":\"search_term_string\"}}],\"inLanguage\":\"pt-BR\"},{\"@type\":\"Organization\",\"@id\":\"https:\/\/www.notibras.com\/site\/#organization\",\"name\":\"Grupo Notibras de Comunica\u00e7\u00e3o\",\"url\":\"https:\/\/www.notibras.com\/site\/\",\"logo\":{\"@type\":\"ImageObject\",\"inLanguage\":\"pt-BR\",\"@id\":\"https:\/\/www.notibras.com\/site\/#\/schema\/logo\/image\/\",\"url\":\"https:\/\/www.notibras.com\/site\/wp-content\/uploads\/2023\/01\/notibras23.png\",\"contentUrl\":\"https:\/\/www.notibras.com\/site\/wp-content\/uploads\/2023\/01\/notibras23.png\",\"width\":350,\"height\":87,\"caption\":\"Grupo Notibras de Comunica\u00e7\u00e3o\"},\"image\":{\"@id\":\"https:\/\/www.notibras.com\/site\/#\/schema\/logo\/image\/\"},\"sameAs\":[\"https:\/\/www.facebook.com\/notibras\/\",\"https:\/\/x.com\/Notibras\",\"https:\/\/www.instagram.com\/notibras\/\"]},{\"@type\":\"Person\",\"@id\":\"https:\/\/www.notibras.com\/site\/#\/schema\/person\/5b7fabf2aedc3ada2105f03b22b4d3dd\",\"name\":\"Eduardo Mart\u00ednez\",\"image\":{\"@type\":\"ImageObject\",\"inLanguage\":\"pt-BR\",\"@id\":\"https:\/\/secure.gravatar.com\/avatar\/7902f906289926289cbcda644b5197c796b893c6ffd7b9a536a42d290f7704a0?s=96&d=mm&r=g\",\"url\":\"https:\/\/secure.gravatar.com\/avatar\/7902f906289926289cbcda644b5197c796b893c6ffd7b9a536a42d290f7704a0?s=96&d=mm&r=g\",\"contentUrl\":\"https:\/\/secure.gravatar.com\/avatar\/7902f906289926289cbcda644b5197c796b893c6ffd7b9a536a42d290f7704a0?s=96&d=mm&r=g\",\"caption\":\"Eduardo Mart\u00ednez\"}}]}<\/script>\n<!-- \/ Yoast SEO plugin. -->","yoast_head_json":{"title":"Diagn\u00f3stico precoce do Alzheimer ajuda pacientes e fam\u00edlias a viverem melhor - Notibras","robots":{"index":"index","follow":"follow","max-snippet":"max-snippet:-1","max-image-preview":"max-image-preview:large","max-video-preview":"max-video-preview:-1"},"canonical":"https:\/\/www.notibras.com\/site\/diagnostico-precoce-do-alzheimer-ajuda-pacientes-e-familias-a-viverem-melhor\/","og_locale":"pt_BR","og_type":"article","og_title":"Diagn\u00f3stico precoce do Alzheimer ajuda pacientes e fam\u00edlias a viverem melhor - Notibras","og_description":"Perder a mem\u00f3ria aos poucos, repetir perguntas e apresentar mudan\u00e7as de comportamento pode parecer algo natural do envelhecimento, mas nem sempre \u00e9. No caso do Alzheimer, reconhecer os sinais desde o in\u00edcio e buscar avalia\u00e7\u00e3o m\u00e9dica o quanto antes pode fazer toda a diferen\u00e7a no tratamento e na qualidade de vida. No Hospital de Base [&hellip;]","og_url":"https:\/\/www.notibras.com\/site\/diagnostico-precoce-do-alzheimer-ajuda-pacientes-e-familias-a-viverem-melhor\/","og_site_name":"Notibras","article_publisher":"https:\/\/www.facebook.com\/notibras\/","article_published_time":"2026-02-06T04:00:07+00:00","og_image":[{"width":1600,"height":1200,"url":"https:\/\/www.notibras.com\/site\/wp-content\/uploads\/2026\/02\/5.2.-Alzheimer.-Foto-Divulgacao-IgesDF.jpeg","type":"image\/jpeg"}],"author":"Eduardo Mart\u00ednez","twitter_card":"summary_large_image","twitter_creator":"@Notibras","twitter_site":"@Notibras","twitter_misc":{"Escrito por":"Eduardo Mart\u00ednez","Est. tempo de leitura":"5 minutos"},"schema":{"@context":"https:\/\/schema.org","@graph":[{"@type":"Article","@id":"https:\/\/www.notibras.com\/site\/diagnostico-precoce-do-alzheimer-ajuda-pacientes-e-familias-a-viverem-melhor\/#article","isPartOf":{"@id":"https:\/\/www.notibras.com\/site\/diagnostico-precoce-do-alzheimer-ajuda-pacientes-e-familias-a-viverem-melhor\/"},"author":{"name":"Eduardo Mart\u00ednez","@id":"https:\/\/www.notibras.com\/site\/#\/schema\/person\/5b7fabf2aedc3ada2105f03b22b4d3dd"},"headline":"Diagn\u00f3stico precoce do Alzheimer ajuda pacientes e fam\u00edlias a viverem melhor","datePublished":"2026-02-06T04:00:07+00:00","mainEntityOfPage":{"@id":"https:\/\/www.notibras.com\/site\/diagnostico-precoce-do-alzheimer-ajuda-pacientes-e-familias-a-viverem-melhor\/"},"wordCount":847,"publisher":{"@id":"https:\/\/www.notibras.com\/site\/#organization"},"image":{"@id":"https:\/\/www.notibras.com\/site\/diagnostico-precoce-do-alzheimer-ajuda-pacientes-e-familias-a-viverem-melhor\/#primaryimage"},"thumbnailUrl":"https:\/\/www.notibras.com\/site\/wp-content\/uploads\/2026\/02\/5.2.-Alzheimer.-Foto-Divulgacao-IgesDF.jpeg","articleSection":["Quadradinho em Foco"],"inLanguage":"pt-BR"},{"@type":"WebPage","@id":"https:\/\/www.notibras.com\/site\/diagnostico-precoce-do-alzheimer-ajuda-pacientes-e-familias-a-viverem-melhor\/","url":"https:\/\/www.notibras.com\/site\/diagnostico-precoce-do-alzheimer-ajuda-pacientes-e-familias-a-viverem-melhor\/","name":"Diagn\u00f3stico precoce do Alzheimer ajuda pacientes e fam\u00edlias a viverem melhor - Notibras","isPartOf":{"@id":"https:\/\/www.notibras.com\/site\/#website"},"primaryImageOfPage":{"@id":"https:\/\/www.notibras.com\/site\/diagnostico-precoce-do-alzheimer-ajuda-pacientes-e-familias-a-viverem-melhor\/#primaryimage"},"image":{"@id":"https:\/\/www.notibras.com\/site\/diagnostico-precoce-do-alzheimer-ajuda-pacientes-e-familias-a-viverem-melhor\/#primaryimage"},"thumbnailUrl":"https:\/\/www.notibras.com\/site\/wp-content\/uploads\/2026\/02\/5.2.-Alzheimer.-Foto-Divulgacao-IgesDF.jpeg","datePublished":"2026-02-06T04:00:07+00:00","breadcrumb":{"@id":"https:\/\/www.notibras.com\/site\/diagnostico-precoce-do-alzheimer-ajuda-pacientes-e-familias-a-viverem-melhor\/#breadcrumb"},"inLanguage":"pt-BR","potentialAction":[{"@type":"ReadAction","target":["https:\/\/www.notibras.com\/site\/diagnostico-precoce-do-alzheimer-ajuda-pacientes-e-familias-a-viverem-melhor\/"]}]},{"@type":"ImageObject","inLanguage":"pt-BR","@id":"https:\/\/www.notibras.com\/site\/diagnostico-precoce-do-alzheimer-ajuda-pacientes-e-familias-a-viverem-melhor\/#primaryimage","url":"https:\/\/www.notibras.com\/site\/wp-content\/uploads\/2026\/02\/5.2.-Alzheimer.-Foto-Divulgacao-IgesDF.jpeg","contentUrl":"https:\/\/www.notibras.com\/site\/wp-content\/uploads\/2026\/02\/5.2.-Alzheimer.-Foto-Divulgacao-IgesDF.jpeg","width":1600,"height":1200},{"@type":"BreadcrumbList","@id":"https:\/\/www.notibras.com\/site\/diagnostico-precoce-do-alzheimer-ajuda-pacientes-e-familias-a-viverem-melhor\/#breadcrumb","itemListElement":[{"@type":"ListItem","position":1,"name":"In\u00edcio","item":"https:\/\/www.notibras.com\/site\/"},{"@type":"ListItem","position":2,"name":"Diagn\u00f3stico precoce do Alzheimer ajuda pacientes e fam\u00edlias a viverem melhor"}]},{"@type":"WebSite","@id":"https:\/\/www.notibras.com\/site\/#website","url":"https:\/\/www.notibras.com\/site\/","name":"Notibras","description":"Not\u00edcias de Bras\u00edlia, do Brasil e do Mundo","publisher":{"@id":"https:\/\/www.notibras.com\/site\/#organization"},"potentialAction":[{"@type":"SearchAction","target":{"@type":"EntryPoint","urlTemplate":"https:\/\/www.notibras.com\/site\/?s={search_term_string}"},"query-input":{"@type":"PropertyValueSpecification","valueRequired":true,"valueName":"search_term_string"}}],"inLanguage":"pt-BR"},{"@type":"Organization","@id":"https:\/\/www.notibras.com\/site\/#organization","name":"Grupo Notibras de Comunica\u00e7\u00e3o","url":"https:\/\/www.notibras.com\/site\/","logo":{"@type":"ImageObject","inLanguage":"pt-BR","@id":"https:\/\/www.notibras.com\/site\/#\/schema\/logo\/image\/","url":"https:\/\/www.notibras.com\/site\/wp-content\/uploads\/2023\/01\/notibras23.png","contentUrl":"https:\/\/www.notibras.com\/site\/wp-content\/uploads\/2023\/01\/notibras23.png","width":350,"height":87,"caption":"Grupo Notibras de Comunica\u00e7\u00e3o"},"image":{"@id":"https:\/\/www.notibras.com\/site\/#\/schema\/logo\/image\/"},"sameAs":["https:\/\/www.facebook.com\/notibras\/","https:\/\/x.com\/Notibras","https:\/\/www.instagram.com\/notibras\/"]},{"@type":"Person","@id":"https:\/\/www.notibras.com\/site\/#\/schema\/person\/5b7fabf2aedc3ada2105f03b22b4d3dd","name":"Eduardo Mart\u00ednez","image":{"@type":"ImageObject","inLanguage":"pt-BR","@id":"https:\/\/secure.gravatar.com\/avatar\/7902f906289926289cbcda644b5197c796b893c6ffd7b9a536a42d290f7704a0?s=96&d=mm&r=g","url":"https:\/\/secure.gravatar.com\/avatar\/7902f906289926289cbcda644b5197c796b893c6ffd7b9a536a42d290f7704a0?s=96&d=mm&r=g","contentUrl":"https:\/\/secure.gravatar.com\/avatar\/7902f906289926289cbcda644b5197c796b893c6ffd7b9a536a42d290f7704a0?s=96&d=mm&r=g","caption":"Eduardo Mart\u00ednez"}}]}},"amp_enabled":true,"_links":{"self":[{"href":"https:\/\/www.notibras.com\/site\/wp-json\/wp\/v2\/posts\/382036","targetHints":{"allow":["GET"]}}],"collection":[{"href":"https:\/\/www.notibras.com\/site\/wp-json\/wp\/v2\/posts"}],"about":[{"href":"https:\/\/www.notibras.com\/site\/wp-json\/wp\/v2\/types\/post"}],"author":[{"embeddable":true,"href":"https:\/\/www.notibras.com\/site\/wp-json\/wp\/v2\/users\/21"}],"replies":[{"embeddable":true,"href":"https:\/\/www.notibras.com\/site\/wp-json\/wp\/v2\/comments?post=382036"}],"version-history":[{"count":2,"href":"https:\/\/www.notibras.com\/site\/wp-json\/wp\/v2\/posts\/382036\/revisions"}],"predecessor-version":[{"id":382039,"href":"https:\/\/www.notibras.com\/site\/wp-json\/wp\/v2\/posts\/382036\/revisions\/382039"}],"wp:featuredmedia":[{"embeddable":true,"href":"https:\/\/www.notibras.com\/site\/wp-json\/wp\/v2\/media\/382037"}],"wp:attachment":[{"href":"https:\/\/www.notibras.com\/site\/wp-json\/wp\/v2\/media?parent=382036"}],"wp:term":[{"taxonomy":"category","embeddable":true,"href":"https:\/\/www.notibras.com\/site\/wp-json\/wp\/v2\/categories?post=382036"},{"taxonomy":"post_tag","embeddable":true,"href":"https:\/\/www.notibras.com\/site\/wp-json\/wp\/v2\/tags?post=382036"}],"curies":[{"name":"wp","href":"https:\/\/api.w.org\/{rel}","templated":true}]}}