{"id":382053,"date":"2026-02-06T02:00:37","date_gmt":"2026-02-06T05:00:37","guid":{"rendered":"https:\/\/www.notibras.com\/site\/?p=382053"},"modified":"2026-02-06T00:32:18","modified_gmt":"2026-02-06T03:32:18","slug":"josias-o-afeito-a-caraminholas","status":"publish","type":"post","link":"https:\/\/www.notibras.com\/site\/josias-o-afeito-a-caraminholas\/","title":{"rendered":"Josias, o afeito a caraminholas"},"content":{"rendered":"<p>Josias era afeito a caraminholas, como se a verdade lhe provocasse urtic\u00e1ria. Um tipo desprez\u00edvel e, conforme a conveni\u00eancia, engra\u00e7ado e at\u00e9 \u00fatil. E, talvez por isso, havia quem o defendia, e n\u00e3o era a m\u00e3e, que parecia estar com a paci\u00eancia exaurida das lorotas do filho. Acredite ou n\u00e3o, dona Leiloca, casada com o seu Humberto, ficava encantada com a presen\u00e7a do gajo no seu com\u00e9rcio, um botequim incrustado no agito de Taguatinga, cidade que pulsa cheiro de povo no Distrito Federal.<\/p>\n<p>Certa feita, que n\u00e3o foi ontem nem anteontem, mas alguns dias antes do carnaval de um ano qualquer, l\u00e1 estava o Josias sentado \u00e0 mesa de costume no com\u00e9rcio da dona Leiloca. O gajo bebia o de sempre, uma cerveja acompanhada de meia por\u00e7\u00e3o de calabresa acebolada. Mastigava com a paci\u00eancia de um gato de rua, dava um gole profundo na bebida, cofiava o bigode, retirava um cigarro do bolso da camisa engomada, levava-o ao nariz e aspirava o gosto de nicotina, mas logo guardava o mesmo. Era proibido fumar no ambiente.<\/p>\n<p>\u2014 Dona Leiloca, bom mesmo era quando se podia fumar at\u00e9 dentro de centro cir\u00fargico.<\/p>\n<p>A mulher voltou os olhos para o cliente e sorriu. No entanto, seu Humberto, que estava no caixa, n\u00e3o resistiu e provocou o contador de hist\u00f3rias.<\/p>\n<p>\u2014 Deixa de conversa, Josias! E quem fumava ali?<\/p>\n<p>\u2014 U\u00e9, o m\u00e9dico!<\/p>\n<p>\u2014 O m\u00e9dico?<\/p>\n<p>\u2014 Sim. E aconteceu quando nasceu meu primeiro filho.<\/p>\n<p>\u2014 Filho? E por acaso tu tem filho, homem?<\/p>\n<p>Dona Leiloca, que estava doida para ouvir aquele causo, interviu:<\/p>\n<p>\u2014 Humberto, pelo amor de Deus! Deixa o Josias contar, que fiquei curiosa pra conhecer essa hist\u00f3ria.<\/p>\n<p>\u2014 Obrigado, dona Leiloca. Imagino aqui com meus bot\u00f5es como o mundo seria melhor com mais criaturas elevadas que nem a senhora.<\/p>\n<p>Antes de come\u00e7ar a contar o ocorrido, Josias cofiou o bigode e aprumou a voz.<\/p>\n<p><em>Bem, era uma noite fria de julho l\u00e1 em Porto Alegre, quando Dolores, minha amada Dolores&#8230; Que Deus a tenha em bom lugar. Pois l\u00e1 est\u00e1vamos n\u00f3s dois debaixo da coberta, quando a bolsa estourou. <\/em><\/p>\n<p><em>Foi uma correria danada at\u00e9 o hospital. Bastou chegarmos, colocaram a Dolores, com aquele barrig\u00e3o sem tamanho, numa maca e a levaram para a sala de cirurgia. Como n\u00e3o sou dos mais valentes, preferi esperar do lado de fora. E era um cigarro atr\u00e1s do outro. A sorte \u00e9 que tenho por h\u00e1bito levar duas carteiras de reserva e uma em uso. Ent\u00e3o, estava abastecido mesmo se o parto durasse at\u00e9 de manh\u00e3.<\/em><\/p>\n<p><em>Depois de caminhar quil\u00f4metros naquele pequeno corredor e tragar que nem Preto Velho, eis que o cirurgi\u00e3o abriu a porta e me perguntou se eu tinha um cigarro. L\u00f3gico que tinha. E foi a\u00ed que a coragem me chegou como visita inesperada em hora inapropriada.<\/em><\/p>\n<p><em>\u2014 Se tenho? Doutor, mesmo se n\u00e3o tivesse, corria ali e comprava pro senhor.<\/em><\/p>\n<p><em>\u2014 Pois me d\u00ea um, que deixo voc\u00ea ver o seu guri. <\/em><\/p>\n<p><em>Acordo firmado, entrei na sala de cirurgia e l\u00e1 estava a minha Dolores toda sorridente com o nosso pi\u00e1 agarrado no seu peito. E como o moleque sugava. <\/em><\/p>\n<p><em>Como trato \u00e9 trato, peguei um cigarro e o coloquei nos l\u00e1bios do doutor, que ainda precisava fechar a barriga da Dolores. Era uma tragada, um ponto e uma baforada. E rapidinho n\u00e3o tinha mais tripa de fora. E o m\u00e9dico ainda deu uma queimadinha na beiradinha de um dos pontos que ficou grande al\u00e9m da conta. <\/em><\/p>\n<p>Terminada a hist\u00f3ria, Josias deu o \u00faltimo gole na cerveja, pagou a conta e, antes de se despediu, pegou o cigarro no bolso, o levou aos l\u00e1bios e disse:<\/p>\n<p>\u2014 Bem, meus amigos, preciso ir. N\u00e3o \u00e9 minha culpa, mas voc\u00eas sabem que o cigarro e eu temos uma amizade de d\u00e9cadas e, mesmo sabendo que uma hora um de n\u00f3s mata o outro, preciso fumar. At\u00e9 a pr\u00f3xima!<\/p>\n<p>Mal Josias saiu do recinto, dona Leiloca sorriu e disse para o marido:<\/p>\n<p>\u2014 Humberto, o Josias parece at\u00e9 que possui licen\u00e7a po\u00e9tica pra mentir.<\/p>\n<p>\u2014 Que nada! Esse a\u00ed mente num minuto o que o Diabo n\u00e3o acompanha um m\u00eas no pandeiro.<\/p>\n<p><strong>\u2026\u2026\u2026\u2026\u2026\u2026\u2026\u2026<\/strong><\/p>\n<p><strong>Eduardo Mart\u00ednez \u00e9 autor do livro \u201957 Contos e Cr\u00f4nicas por um Autor Muito Velho\u2019 (Vencedor do Pr\u00eamio Liter\u00e1rio Clarice Lispector \u2013 2025 na categoria livro de contos).<\/strong><\/p>\n<p><strong>Compre aqui<\/strong><\/p>\n<p><a href=\"https:\/\/www.joanineditora.com.br\/57-contos-e-cronicas-por-um-autor-muito-velho\"><strong>https:\/\/www.joanineditora.com.br\/57-contos-e-cronicas-por-um-autor-muito-velho<\/strong><\/a><\/p>\n","protected":false},"excerpt":{"rendered":"<p>Josias era afeito a caraminholas, como se a verdade lhe provocasse urtic\u00e1ria. Um tipo desprez\u00edvel e, conforme a conveni\u00eancia, engra\u00e7ado e at\u00e9 \u00fatil. E, talvez por isso, havia quem o defendia, e n\u00e3o era a m\u00e3e, que parecia estar com a paci\u00eancia exaurida das lorotas do filho. Acredite ou n\u00e3o, dona Leiloca, casada com o [&hellip;]<\/p>\n","protected":false},"author":21,"featured_media":382054,"comment_status":"closed","ping_status":"closed","sticky":false,"template":"","format":"standard","meta":{"_acf_changed":false,"footnotes":""},"categories":[161],"tags":[],"class_list":["post-382053","post","type-post","status-publish","format-standard","has-post-thumbnail","hentry","category-quadradinho-em-foco"],"acf":[],"yoast_head":"<!-- This site is optimized with the Yoast SEO plugin v27.2 - https:\/\/yoast.com\/product\/yoast-seo-wordpress\/ -->\n<title>Josias, o afeito a caraminholas - Notibras<\/title>\n<meta name=\"robots\" content=\"index, follow, max-snippet:-1, max-image-preview:large, max-video-preview:-1\" \/>\n<link rel=\"canonical\" href=\"https:\/\/www.notibras.com\/site\/josias-o-afeito-a-caraminholas\/\" \/>\n<meta property=\"og:locale\" content=\"pt_BR\" \/>\n<meta property=\"og:type\" content=\"article\" \/>\n<meta property=\"og:title\" content=\"Josias, o afeito a caraminholas - Notibras\" \/>\n<meta property=\"og:description\" content=\"Josias era afeito a caraminholas, como se a verdade lhe provocasse urtic\u00e1ria. Um tipo desprez\u00edvel e, conforme a conveni\u00eancia, engra\u00e7ado e at\u00e9 \u00fatil. E, talvez por isso, havia quem o defendia, e n\u00e3o era a m\u00e3e, que parecia estar com a paci\u00eancia exaurida das lorotas do filho. Acredite ou n\u00e3o, dona Leiloca, casada com o [&hellip;]\" \/>\n<meta property=\"og:url\" content=\"https:\/\/www.notibras.com\/site\/josias-o-afeito-a-caraminholas\/\" \/>\n<meta property=\"og:site_name\" content=\"Notibras\" \/>\n<meta property=\"article:publisher\" content=\"https:\/\/www.facebook.com\/notibras\/\" \/>\n<meta property=\"article:published_time\" content=\"2026-02-06T05:00:37+00:00\" \/>\n<meta property=\"og:image\" content=\"https:\/\/www.notibras.com\/site\/wp-content\/uploads\/2026\/02\/IMG_0955.jpg\" \/>\n\t<meta property=\"og:image:width\" content=\"1023\" \/>\n\t<meta property=\"og:image:height\" content=\"923\" \/>\n\t<meta property=\"og:image:type\" content=\"image\/jpeg\" \/>\n<meta name=\"author\" content=\"Eduardo Mart\u00ednez\" \/>\n<meta name=\"twitter:card\" content=\"summary_large_image\" \/>\n<meta name=\"twitter:creator\" content=\"@Notibras\" \/>\n<meta name=\"twitter:site\" content=\"@Notibras\" \/>\n<meta name=\"twitter:label1\" content=\"Escrito por\" \/>\n\t<meta name=\"twitter:data1\" content=\"Eduardo Mart\u00ednez\" \/>\n\t<meta name=\"twitter:label2\" content=\"Est. tempo de leitura\" \/>\n\t<meta name=\"twitter:data2\" content=\"5 minutos\" \/>\n<script type=\"application\/ld+json\" class=\"yoast-schema-graph\">{\"@context\":\"https:\/\/schema.org\",\"@graph\":[{\"@type\":\"Article\",\"@id\":\"https:\/\/www.notibras.com\/site\/josias-o-afeito-a-caraminholas\/#article\",\"isPartOf\":{\"@id\":\"https:\/\/www.notibras.com\/site\/josias-o-afeito-a-caraminholas\/\"},\"author\":{\"name\":\"Eduardo Mart\u00ednez\",\"@id\":\"https:\/\/www.notibras.com\/site\/#\/schema\/person\/5b7fabf2aedc3ada2105f03b22b4d3dd\"},\"headline\":\"Josias, o afeito a caraminholas\",\"datePublished\":\"2026-02-06T05:00:37+00:00\",\"mainEntityOfPage\":{\"@id\":\"https:\/\/www.notibras.com\/site\/josias-o-afeito-a-caraminholas\/\"},\"wordCount\":762,\"publisher\":{\"@id\":\"https:\/\/www.notibras.com\/site\/#organization\"},\"image\":{\"@id\":\"https:\/\/www.notibras.com\/site\/josias-o-afeito-a-caraminholas\/#primaryimage\"},\"thumbnailUrl\":\"https:\/\/www.notibras.com\/site\/wp-content\/uploads\/2026\/02\/IMG_0955.jpg\",\"articleSection\":[\"Quadradinho em Foco\"],\"inLanguage\":\"pt-BR\"},{\"@type\":\"WebPage\",\"@id\":\"https:\/\/www.notibras.com\/site\/josias-o-afeito-a-caraminholas\/\",\"url\":\"https:\/\/www.notibras.com\/site\/josias-o-afeito-a-caraminholas\/\",\"name\":\"Josias, o afeito a caraminholas - Notibras\",\"isPartOf\":{\"@id\":\"https:\/\/www.notibras.com\/site\/#website\"},\"primaryImageOfPage\":{\"@id\":\"https:\/\/www.notibras.com\/site\/josias-o-afeito-a-caraminholas\/#primaryimage\"},\"image\":{\"@id\":\"https:\/\/www.notibras.com\/site\/josias-o-afeito-a-caraminholas\/#primaryimage\"},\"thumbnailUrl\":\"https:\/\/www.notibras.com\/site\/wp-content\/uploads\/2026\/02\/IMG_0955.jpg\",\"datePublished\":\"2026-02-06T05:00:37+00:00\",\"breadcrumb\":{\"@id\":\"https:\/\/www.notibras.com\/site\/josias-o-afeito-a-caraminholas\/#breadcrumb\"},\"inLanguage\":\"pt-BR\",\"potentialAction\":[{\"@type\":\"ReadAction\",\"target\":[\"https:\/\/www.notibras.com\/site\/josias-o-afeito-a-caraminholas\/\"]}]},{\"@type\":\"ImageObject\",\"inLanguage\":\"pt-BR\",\"@id\":\"https:\/\/www.notibras.com\/site\/josias-o-afeito-a-caraminholas\/#primaryimage\",\"url\":\"https:\/\/www.notibras.com\/site\/wp-content\/uploads\/2026\/02\/IMG_0955.jpg\",\"contentUrl\":\"https:\/\/www.notibras.com\/site\/wp-content\/uploads\/2026\/02\/IMG_0955.jpg\",\"width\":1023,\"height\":923},{\"@type\":\"BreadcrumbList\",\"@id\":\"https:\/\/www.notibras.com\/site\/josias-o-afeito-a-caraminholas\/#breadcrumb\",\"itemListElement\":[{\"@type\":\"ListItem\",\"position\":1,\"name\":\"In\u00edcio\",\"item\":\"https:\/\/www.notibras.com\/site\/\"},{\"@type\":\"ListItem\",\"position\":2,\"name\":\"Josias, o afeito a caraminholas\"}]},{\"@type\":\"WebSite\",\"@id\":\"https:\/\/www.notibras.com\/site\/#website\",\"url\":\"https:\/\/www.notibras.com\/site\/\",\"name\":\"Notibras\",\"description\":\"Not\u00edcias de Bras\u00edlia, do Brasil e do Mundo\",\"publisher\":{\"@id\":\"https:\/\/www.notibras.com\/site\/#organization\"},\"potentialAction\":[{\"@type\":\"SearchAction\",\"target\":{\"@type\":\"EntryPoint\",\"urlTemplate\":\"https:\/\/www.notibras.com\/site\/?s={search_term_string}\"},\"query-input\":{\"@type\":\"PropertyValueSpecification\",\"valueRequired\":true,\"valueName\":\"search_term_string\"}}],\"inLanguage\":\"pt-BR\"},{\"@type\":\"Organization\",\"@id\":\"https:\/\/www.notibras.com\/site\/#organization\",\"name\":\"Grupo Notibras de Comunica\u00e7\u00e3o\",\"url\":\"https:\/\/www.notibras.com\/site\/\",\"logo\":{\"@type\":\"ImageObject\",\"inLanguage\":\"pt-BR\",\"@id\":\"https:\/\/www.notibras.com\/site\/#\/schema\/logo\/image\/\",\"url\":\"https:\/\/www.notibras.com\/site\/wp-content\/uploads\/2023\/01\/notibras23.png\",\"contentUrl\":\"https:\/\/www.notibras.com\/site\/wp-content\/uploads\/2023\/01\/notibras23.png\",\"width\":350,\"height\":87,\"caption\":\"Grupo Notibras de Comunica\u00e7\u00e3o\"},\"image\":{\"@id\":\"https:\/\/www.notibras.com\/site\/#\/schema\/logo\/image\/\"},\"sameAs\":[\"https:\/\/www.facebook.com\/notibras\/\",\"https:\/\/x.com\/Notibras\",\"https:\/\/www.instagram.com\/notibras\/\"]},{\"@type\":\"Person\",\"@id\":\"https:\/\/www.notibras.com\/site\/#\/schema\/person\/5b7fabf2aedc3ada2105f03b22b4d3dd\",\"name\":\"Eduardo Mart\u00ednez\",\"image\":{\"@type\":\"ImageObject\",\"inLanguage\":\"pt-BR\",\"@id\":\"https:\/\/secure.gravatar.com\/avatar\/7902f906289926289cbcda644b5197c796b893c6ffd7b9a536a42d290f7704a0?s=96&d=mm&r=g\",\"url\":\"https:\/\/secure.gravatar.com\/avatar\/7902f906289926289cbcda644b5197c796b893c6ffd7b9a536a42d290f7704a0?s=96&d=mm&r=g\",\"contentUrl\":\"https:\/\/secure.gravatar.com\/avatar\/7902f906289926289cbcda644b5197c796b893c6ffd7b9a536a42d290f7704a0?s=96&d=mm&r=g\",\"caption\":\"Eduardo Mart\u00ednez\"}}]}<\/script>\n<!-- \/ Yoast SEO plugin. -->","yoast_head_json":{"title":"Josias, o afeito a caraminholas - Notibras","robots":{"index":"index","follow":"follow","max-snippet":"max-snippet:-1","max-image-preview":"max-image-preview:large","max-video-preview":"max-video-preview:-1"},"canonical":"https:\/\/www.notibras.com\/site\/josias-o-afeito-a-caraminholas\/","og_locale":"pt_BR","og_type":"article","og_title":"Josias, o afeito a caraminholas - Notibras","og_description":"Josias era afeito a caraminholas, como se a verdade lhe provocasse urtic\u00e1ria. Um tipo desprez\u00edvel e, conforme a conveni\u00eancia, engra\u00e7ado e at\u00e9 \u00fatil. E, talvez por isso, havia quem o defendia, e n\u00e3o era a m\u00e3e, que parecia estar com a paci\u00eancia exaurida das lorotas do filho. Acredite ou n\u00e3o, dona Leiloca, casada com o [&hellip;]","og_url":"https:\/\/www.notibras.com\/site\/josias-o-afeito-a-caraminholas\/","og_site_name":"Notibras","article_publisher":"https:\/\/www.facebook.com\/notibras\/","article_published_time":"2026-02-06T05:00:37+00:00","og_image":[{"width":1023,"height":923,"url":"https:\/\/www.notibras.com\/site\/wp-content\/uploads\/2026\/02\/IMG_0955.jpg","type":"image\/jpeg"}],"author":"Eduardo Mart\u00ednez","twitter_card":"summary_large_image","twitter_creator":"@Notibras","twitter_site":"@Notibras","twitter_misc":{"Escrito por":"Eduardo Mart\u00ednez","Est. tempo de leitura":"5 minutos"},"schema":{"@context":"https:\/\/schema.org","@graph":[{"@type":"Article","@id":"https:\/\/www.notibras.com\/site\/josias-o-afeito-a-caraminholas\/#article","isPartOf":{"@id":"https:\/\/www.notibras.com\/site\/josias-o-afeito-a-caraminholas\/"},"author":{"name":"Eduardo Mart\u00ednez","@id":"https:\/\/www.notibras.com\/site\/#\/schema\/person\/5b7fabf2aedc3ada2105f03b22b4d3dd"},"headline":"Josias, o afeito a caraminholas","datePublished":"2026-02-06T05:00:37+00:00","mainEntityOfPage":{"@id":"https:\/\/www.notibras.com\/site\/josias-o-afeito-a-caraminholas\/"},"wordCount":762,"publisher":{"@id":"https:\/\/www.notibras.com\/site\/#organization"},"image":{"@id":"https:\/\/www.notibras.com\/site\/josias-o-afeito-a-caraminholas\/#primaryimage"},"thumbnailUrl":"https:\/\/www.notibras.com\/site\/wp-content\/uploads\/2026\/02\/IMG_0955.jpg","articleSection":["Quadradinho em Foco"],"inLanguage":"pt-BR"},{"@type":"WebPage","@id":"https:\/\/www.notibras.com\/site\/josias-o-afeito-a-caraminholas\/","url":"https:\/\/www.notibras.com\/site\/josias-o-afeito-a-caraminholas\/","name":"Josias, o afeito a caraminholas - Notibras","isPartOf":{"@id":"https:\/\/www.notibras.com\/site\/#website"},"primaryImageOfPage":{"@id":"https:\/\/www.notibras.com\/site\/josias-o-afeito-a-caraminholas\/#primaryimage"},"image":{"@id":"https:\/\/www.notibras.com\/site\/josias-o-afeito-a-caraminholas\/#primaryimage"},"thumbnailUrl":"https:\/\/www.notibras.com\/site\/wp-content\/uploads\/2026\/02\/IMG_0955.jpg","datePublished":"2026-02-06T05:00:37+00:00","breadcrumb":{"@id":"https:\/\/www.notibras.com\/site\/josias-o-afeito-a-caraminholas\/#breadcrumb"},"inLanguage":"pt-BR","potentialAction":[{"@type":"ReadAction","target":["https:\/\/www.notibras.com\/site\/josias-o-afeito-a-caraminholas\/"]}]},{"@type":"ImageObject","inLanguage":"pt-BR","@id":"https:\/\/www.notibras.com\/site\/josias-o-afeito-a-caraminholas\/#primaryimage","url":"https:\/\/www.notibras.com\/site\/wp-content\/uploads\/2026\/02\/IMG_0955.jpg","contentUrl":"https:\/\/www.notibras.com\/site\/wp-content\/uploads\/2026\/02\/IMG_0955.jpg","width":1023,"height":923},{"@type":"BreadcrumbList","@id":"https:\/\/www.notibras.com\/site\/josias-o-afeito-a-caraminholas\/#breadcrumb","itemListElement":[{"@type":"ListItem","position":1,"name":"In\u00edcio","item":"https:\/\/www.notibras.com\/site\/"},{"@type":"ListItem","position":2,"name":"Josias, o afeito a caraminholas"}]},{"@type":"WebSite","@id":"https:\/\/www.notibras.com\/site\/#website","url":"https:\/\/www.notibras.com\/site\/","name":"Notibras","description":"Not\u00edcias de Bras\u00edlia, do Brasil e do Mundo","publisher":{"@id":"https:\/\/www.notibras.com\/site\/#organization"},"potentialAction":[{"@type":"SearchAction","target":{"@type":"EntryPoint","urlTemplate":"https:\/\/www.notibras.com\/site\/?s={search_term_string}"},"query-input":{"@type":"PropertyValueSpecification","valueRequired":true,"valueName":"search_term_string"}}],"inLanguage":"pt-BR"},{"@type":"Organization","@id":"https:\/\/www.notibras.com\/site\/#organization","name":"Grupo Notibras de Comunica\u00e7\u00e3o","url":"https:\/\/www.notibras.com\/site\/","logo":{"@type":"ImageObject","inLanguage":"pt-BR","@id":"https:\/\/www.notibras.com\/site\/#\/schema\/logo\/image\/","url":"https:\/\/www.notibras.com\/site\/wp-content\/uploads\/2023\/01\/notibras23.png","contentUrl":"https:\/\/www.notibras.com\/site\/wp-content\/uploads\/2023\/01\/notibras23.png","width":350,"height":87,"caption":"Grupo Notibras de Comunica\u00e7\u00e3o"},"image":{"@id":"https:\/\/www.notibras.com\/site\/#\/schema\/logo\/image\/"},"sameAs":["https:\/\/www.facebook.com\/notibras\/","https:\/\/x.com\/Notibras","https:\/\/www.instagram.com\/notibras\/"]},{"@type":"Person","@id":"https:\/\/www.notibras.com\/site\/#\/schema\/person\/5b7fabf2aedc3ada2105f03b22b4d3dd","name":"Eduardo Mart\u00ednez","image":{"@type":"ImageObject","inLanguage":"pt-BR","@id":"https:\/\/secure.gravatar.com\/avatar\/7902f906289926289cbcda644b5197c796b893c6ffd7b9a536a42d290f7704a0?s=96&d=mm&r=g","url":"https:\/\/secure.gravatar.com\/avatar\/7902f906289926289cbcda644b5197c796b893c6ffd7b9a536a42d290f7704a0?s=96&d=mm&r=g","contentUrl":"https:\/\/secure.gravatar.com\/avatar\/7902f906289926289cbcda644b5197c796b893c6ffd7b9a536a42d290f7704a0?s=96&d=mm&r=g","caption":"Eduardo Mart\u00ednez"}}]}},"amp_enabled":true,"_links":{"self":[{"href":"https:\/\/www.notibras.com\/site\/wp-json\/wp\/v2\/posts\/382053","targetHints":{"allow":["GET"]}}],"collection":[{"href":"https:\/\/www.notibras.com\/site\/wp-json\/wp\/v2\/posts"}],"about":[{"href":"https:\/\/www.notibras.com\/site\/wp-json\/wp\/v2\/types\/post"}],"author":[{"embeddable":true,"href":"https:\/\/www.notibras.com\/site\/wp-json\/wp\/v2\/users\/21"}],"replies":[{"embeddable":true,"href":"https:\/\/www.notibras.com\/site\/wp-json\/wp\/v2\/comments?post=382053"}],"version-history":[{"count":2,"href":"https:\/\/www.notibras.com\/site\/wp-json\/wp\/v2\/posts\/382053\/revisions"}],"predecessor-version":[{"id":382056,"href":"https:\/\/www.notibras.com\/site\/wp-json\/wp\/v2\/posts\/382053\/revisions\/382056"}],"wp:featuredmedia":[{"embeddable":true,"href":"https:\/\/www.notibras.com\/site\/wp-json\/wp\/v2\/media\/382054"}],"wp:attachment":[{"href":"https:\/\/www.notibras.com\/site\/wp-json\/wp\/v2\/media?parent=382053"}],"wp:term":[{"taxonomy":"category","embeddable":true,"href":"https:\/\/www.notibras.com\/site\/wp-json\/wp\/v2\/categories?post=382053"},{"taxonomy":"post_tag","embeddable":true,"href":"https:\/\/www.notibras.com\/site\/wp-json\/wp\/v2\/tags?post=382053"}],"curies":[{"name":"wp","href":"https:\/\/api.w.org\/{rel}","templated":true}]}}