{"id":382111,"date":"2026-02-07T02:00:36","date_gmt":"2026-02-07T05:00:36","guid":{"rendered":"https:\/\/www.notibras.com\/site\/?p=382111"},"modified":"2026-02-06T11:04:53","modified_gmt":"2026-02-06T14:04:53","slug":"leopoldo-e-o-mendigo","status":"publish","type":"post","link":"https:\/\/www.notibras.com\/site\/leopoldo-e-o-mendigo\/","title":{"rendered":"Leopoldo e o mendigo"},"content":{"rendered":"<p>Leopoldo era do tipo que n\u00e3o levava desaforo para casa, mesmo que aquilo lhe custasse rusgas permanentes com, por exemplo, um vizinho de porta. Que fosse daquele jeito, o sujeito n\u00e3o parecia se importar, apesar das afli\u00e7\u00f5es cada vez mais perenes, que chegavam sem qualquer cerim\u00f4nia e se instalavam no cora\u00e7\u00e3o.<\/p>\n<p>O sujeito sabia que aquela situa\u00e7\u00e3o n\u00e3o era amiga da sa\u00fade e, por isso, buscou algumas alternativas para evitar descontroles por bobagens. Que guardasse energia para quando fosse realmente necess\u00e1rio como, por exemplo, salvar o planeta de um improv\u00e1vel ataque alien\u00edgena ou, ent\u00e3o, enfrentar o ex-boxeador Pop\u00f3, desde que fosse recompensado com alguns milh\u00f5es para valer a pena a surra que iria levar.<\/p>\n<p>N\u00e3o podemos dizer que Leopoldo n\u00e3o tenha tentado, at\u00e9 porque Gabriela, namorada com longo hist\u00f3rico de paci\u00eancia, testemunhou alguns fatos que, outrora, seriam estopins para crises hist\u00e9ricas do amado. Mas o fato que mudou definitivamente o jeito do rapaz de levar a vida aconteceu por acaso e, talvez pelo inusitado, vale aqui mencion\u00e1-lo.<\/p>\n<p>Estava o casal passando pelo Setor Comercial Sul, em Bras\u00edlia, quando um mendigo, sentado na cal\u00e7ada, esticou a m\u00e3o e pediu ajuda. Leopoldo, que n\u00e3o era de questionar necessidades alheias, abriu a carteira, mas n\u00e3o encontrou trocado.<\/p>\n<p>\u2014 Meu amigo, vou ficar te devendo. S\u00f3 tenho uma nota de cem.<\/p>\n<p>O pedinte sorriu e, percebendo que daquele mato n\u00e3o sa\u00eda cachorro, aguardou o pr\u00f3ximo transeunte. Nisso, Leopoldo, assim que deu as costas para seguir seu caminho de m\u00e3os dadas com a namorada, arregalou os olhos e exclamou:<\/p>\n<p>\u2014 N\u00e3o pode ser!<\/p>\n<p>\u2014 O que foi, meu amor?<\/p>\n<p>\u2014 Eu conhe\u00e7o aquele cara!<\/p>\n<p>Leopoldo retornou e, diante do necessitado, perguntou:<\/p>\n<p>\u2014 Camilo, \u00e9 voc\u00ea?<\/p>\n<p>Pego de surpresa, o homem levou alguns segundos encarando Leopoldo.<\/p>\n<p>\u2014 Leolpoldo! N\u00e3o \u00e9 poss\u00edvel! \u00c9 voc\u00ea mesmo?<\/p>\n<p>\u2014 Sim, Camilo! Sou eu! Mas o que voc\u00ea est\u00e1 fazendo aqui? Olha, se voc\u00ea estiver mesmo precisando, t\u00e1 aqui os cem reais.<\/p>\n<p>\u2014 Que nada! Pode ficar com o seu dinheiro.<\/p>\n<p>Camilo se levantou e abra\u00e7ou o amigo.<\/p>\n<p>\u2014 Leopoldo, e quem \u00e9 a gatinha?<\/p>\n<p>\u2014 Ah, Camilo! Essa \u00e9 a Gabriela, minha namorada.<\/p>\n<p>Apresenta\u00e7\u00f5es feitas, Camilo disse que estava fazendo laborat\u00f3rio para viver um mendigo em um curta que seria filmado no m\u00eas seguinte.<\/p>\n<p>\u2014 Que loucura!<\/p>\n<p>\u2014 Um pouco, Leopoldo. Mas vida de ator \u00e9 assim mesmo. Ali\u00e1s, voc\u00eas j\u00e1 almo\u00e7aram?<\/p>\n<p>\u2014 Ainda n\u00e3o, mas&#8230;<\/p>\n<p>\u2014 Ent\u00e3o, est\u00e3o convidados para almo\u00e7arem comigo. J\u00e1 ensaiei muito por hoje.<\/p>\n<p>E l\u00e1 foram os tr\u00eas para um restaurante ali perto. E o engra\u00e7ado mesmo foi na hora de pagar a conta. O Camilo nem deixou o colega tirar a carteira do bolso.<\/p>\n<p>\u2014 Nananinan\u00e3o, Leopoldo! Voc\u00eas s\u00e3o meus convidados. Al\u00e9m do mais, faturei bem hoje. Estou at\u00e9 pensando em largar a vida de ator pra virar mendigo profissional.<\/p>\n<p>Por sorte ou destino, Camilo n\u00e3o trocou de profiss\u00e3o. O curta foi um sucesso, ele foi requisitado para viver o protagonista de um longa, pois um famoso diretor de cinema ficou impressionado com a sua atua\u00e7\u00e3o carregada de emo\u00e7\u00e3o e veracidade ao dizer o derradeiro texto antes dos letreiros come\u00e7arem a subir:<\/p>\n<p><em>Sei que muitos de n\u00f3s gostar\u00edamos de enaltecer uma das qualidades mais nobres que uma pessoa pode possuir: o humor. Nunca perca seu humor, pois, apesar das perturba\u00e7\u00f5es que a vida nos oferece, com humor encontraremos mais solu\u00e7\u00f5es e menos problemas. O mundo \u00e9 muito rude e, para venc\u00ea-lo, devemos mudar a estrat\u00e9gia.<\/em><\/p>\n<p><strong>\u2026\u2026\u2026\u2026\u2026\u2026\u2026\u2026<\/strong><\/p>\n<p><strong>Eduardo Mart\u00ednez \u00e9 autor do livro \u201957 Contos e Cr\u00f4nicas por um Autor Muito Velho\u2019 (Vencedor do Pr\u00eamio Liter\u00e1rio Clarice Lispector \u2013 2025 na categoria livro de contos).<\/strong><\/p>\n<p><strong>Compre aqui<\/strong><\/p>\n<p><a href=\"https:\/\/www.joanineditora.com.br\/57-contos-e-cronicas-por-um-autor-muito-velho\"><strong>https:\/\/www.joanineditora.com.br\/57-contos-e-cronicas-por-um-autor-muito-velho<\/strong><\/a><\/p>\n","protected":false},"excerpt":{"rendered":"<p>Leopoldo era do tipo que n\u00e3o levava desaforo para casa, mesmo que aquilo lhe custasse rusgas permanentes com, por exemplo, um vizinho de porta. Que fosse daquele jeito, o sujeito n\u00e3o parecia se importar, apesar das afli\u00e7\u00f5es cada vez mais perenes, que chegavam sem qualquer cerim\u00f4nia e se instalavam no cora\u00e7\u00e3o. O sujeito sabia que [&hellip;]<\/p>\n","protected":false},"author":21,"featured_media":382112,"comment_status":"closed","ping_status":"closed","sticky":false,"template":"","format":"standard","meta":{"_acf_changed":false,"footnotes":""},"categories":[161],"tags":[],"class_list":["post-382111","post","type-post","status-publish","format-standard","has-post-thumbnail","hentry","category-quadradinho-em-foco"],"acf":[],"yoast_head":"<!-- This site is optimized with the Yoast SEO plugin v27.2 - https:\/\/yoast.com\/product\/yoast-seo-wordpress\/ -->\n<title>Leopoldo e o mendigo - Notibras<\/title>\n<meta name=\"robots\" content=\"index, follow, max-snippet:-1, max-image-preview:large, max-video-preview:-1\" \/>\n<link rel=\"canonical\" href=\"https:\/\/www.notibras.com\/site\/leopoldo-e-o-mendigo\/\" \/>\n<meta property=\"og:locale\" content=\"pt_BR\" \/>\n<meta property=\"og:type\" content=\"article\" \/>\n<meta property=\"og:title\" content=\"Leopoldo e o mendigo - Notibras\" \/>\n<meta property=\"og:description\" content=\"Leopoldo era do tipo que n\u00e3o levava desaforo para casa, mesmo que aquilo lhe custasse rusgas permanentes com, por exemplo, um vizinho de porta. Que fosse daquele jeito, o sujeito n\u00e3o parecia se importar, apesar das afli\u00e7\u00f5es cada vez mais perenes, que chegavam sem qualquer cerim\u00f4nia e se instalavam no cora\u00e7\u00e3o. O sujeito sabia que [&hellip;]\" \/>\n<meta property=\"og:url\" content=\"https:\/\/www.notibras.com\/site\/leopoldo-e-o-mendigo\/\" \/>\n<meta property=\"og:site_name\" content=\"Notibras\" \/>\n<meta property=\"article:publisher\" content=\"https:\/\/www.facebook.com\/notibras\/\" \/>\n<meta property=\"article:published_time\" content=\"2026-02-07T05:00:36+00:00\" \/>\n<meta property=\"og:image\" content=\"https:\/\/www.notibras.com\/site\/wp-content\/uploads\/2026\/02\/IMG_0962-1.jpg\" \/>\n\t<meta property=\"og:image:width\" content=\"1023\" \/>\n\t<meta property=\"og:image:height\" content=\"944\" \/>\n\t<meta property=\"og:image:type\" content=\"image\/jpeg\" \/>\n<meta name=\"author\" content=\"Eduardo Mart\u00ednez\" \/>\n<meta name=\"twitter:card\" content=\"summary_large_image\" \/>\n<meta name=\"twitter:creator\" content=\"@Notibras\" \/>\n<meta name=\"twitter:site\" content=\"@Notibras\" \/>\n<meta name=\"twitter:label1\" content=\"Escrito por\" \/>\n\t<meta name=\"twitter:data1\" content=\"Eduardo Mart\u00ednez\" \/>\n\t<meta name=\"twitter:label2\" content=\"Est. tempo de leitura\" \/>\n\t<meta name=\"twitter:data2\" content=\"4 minutos\" \/>\n<script type=\"application\/ld+json\" class=\"yoast-schema-graph\">{\"@context\":\"https:\/\/schema.org\",\"@graph\":[{\"@type\":\"Article\",\"@id\":\"https:\/\/www.notibras.com\/site\/leopoldo-e-o-mendigo\/#article\",\"isPartOf\":{\"@id\":\"https:\/\/www.notibras.com\/site\/leopoldo-e-o-mendigo\/\"},\"author\":{\"name\":\"Eduardo Mart\u00ednez\",\"@id\":\"https:\/\/www.notibras.com\/site\/#\/schema\/person\/5b7fabf2aedc3ada2105f03b22b4d3dd\"},\"headline\":\"Leopoldo e o mendigo\",\"datePublished\":\"2026-02-07T05:00:36+00:00\",\"mainEntityOfPage\":{\"@id\":\"https:\/\/www.notibras.com\/site\/leopoldo-e-o-mendigo\/\"},\"wordCount\":649,\"publisher\":{\"@id\":\"https:\/\/www.notibras.com\/site\/#organization\"},\"image\":{\"@id\":\"https:\/\/www.notibras.com\/site\/leopoldo-e-o-mendigo\/#primaryimage\"},\"thumbnailUrl\":\"https:\/\/www.notibras.com\/site\/wp-content\/uploads\/2026\/02\/IMG_0962-1.jpg\",\"articleSection\":[\"Quadradinho em Foco\"],\"inLanguage\":\"pt-BR\"},{\"@type\":\"WebPage\",\"@id\":\"https:\/\/www.notibras.com\/site\/leopoldo-e-o-mendigo\/\",\"url\":\"https:\/\/www.notibras.com\/site\/leopoldo-e-o-mendigo\/\",\"name\":\"Leopoldo e o mendigo - Notibras\",\"isPartOf\":{\"@id\":\"https:\/\/www.notibras.com\/site\/#website\"},\"primaryImageOfPage\":{\"@id\":\"https:\/\/www.notibras.com\/site\/leopoldo-e-o-mendigo\/#primaryimage\"},\"image\":{\"@id\":\"https:\/\/www.notibras.com\/site\/leopoldo-e-o-mendigo\/#primaryimage\"},\"thumbnailUrl\":\"https:\/\/www.notibras.com\/site\/wp-content\/uploads\/2026\/02\/IMG_0962-1.jpg\",\"datePublished\":\"2026-02-07T05:00:36+00:00\",\"breadcrumb\":{\"@id\":\"https:\/\/www.notibras.com\/site\/leopoldo-e-o-mendigo\/#breadcrumb\"},\"inLanguage\":\"pt-BR\",\"potentialAction\":[{\"@type\":\"ReadAction\",\"target\":[\"https:\/\/www.notibras.com\/site\/leopoldo-e-o-mendigo\/\"]}]},{\"@type\":\"ImageObject\",\"inLanguage\":\"pt-BR\",\"@id\":\"https:\/\/www.notibras.com\/site\/leopoldo-e-o-mendigo\/#primaryimage\",\"url\":\"https:\/\/www.notibras.com\/site\/wp-content\/uploads\/2026\/02\/IMG_0962-1.jpg\",\"contentUrl\":\"https:\/\/www.notibras.com\/site\/wp-content\/uploads\/2026\/02\/IMG_0962-1.jpg\",\"width\":1023,\"height\":944},{\"@type\":\"BreadcrumbList\",\"@id\":\"https:\/\/www.notibras.com\/site\/leopoldo-e-o-mendigo\/#breadcrumb\",\"itemListElement\":[{\"@type\":\"ListItem\",\"position\":1,\"name\":\"In\u00edcio\",\"item\":\"https:\/\/www.notibras.com\/site\/\"},{\"@type\":\"ListItem\",\"position\":2,\"name\":\"Leopoldo e o mendigo\"}]},{\"@type\":\"WebSite\",\"@id\":\"https:\/\/www.notibras.com\/site\/#website\",\"url\":\"https:\/\/www.notibras.com\/site\/\",\"name\":\"Notibras\",\"description\":\"Not\u00edcias de Bras\u00edlia, do Brasil e do Mundo\",\"publisher\":{\"@id\":\"https:\/\/www.notibras.com\/site\/#organization\"},\"potentialAction\":[{\"@type\":\"SearchAction\",\"target\":{\"@type\":\"EntryPoint\",\"urlTemplate\":\"https:\/\/www.notibras.com\/site\/?s={search_term_string}\"},\"query-input\":{\"@type\":\"PropertyValueSpecification\",\"valueRequired\":true,\"valueName\":\"search_term_string\"}}],\"inLanguage\":\"pt-BR\"},{\"@type\":\"Organization\",\"@id\":\"https:\/\/www.notibras.com\/site\/#organization\",\"name\":\"Grupo Notibras de Comunica\u00e7\u00e3o\",\"url\":\"https:\/\/www.notibras.com\/site\/\",\"logo\":{\"@type\":\"ImageObject\",\"inLanguage\":\"pt-BR\",\"@id\":\"https:\/\/www.notibras.com\/site\/#\/schema\/logo\/image\/\",\"url\":\"https:\/\/www.notibras.com\/site\/wp-content\/uploads\/2023\/01\/notibras23.png\",\"contentUrl\":\"https:\/\/www.notibras.com\/site\/wp-content\/uploads\/2023\/01\/notibras23.png\",\"width\":350,\"height\":87,\"caption\":\"Grupo Notibras de Comunica\u00e7\u00e3o\"},\"image\":{\"@id\":\"https:\/\/www.notibras.com\/site\/#\/schema\/logo\/image\/\"},\"sameAs\":[\"https:\/\/www.facebook.com\/notibras\/\",\"https:\/\/x.com\/Notibras\",\"https:\/\/www.instagram.com\/notibras\/\"]},{\"@type\":\"Person\",\"@id\":\"https:\/\/www.notibras.com\/site\/#\/schema\/person\/5b7fabf2aedc3ada2105f03b22b4d3dd\",\"name\":\"Eduardo Mart\u00ednez\",\"image\":{\"@type\":\"ImageObject\",\"inLanguage\":\"pt-BR\",\"@id\":\"https:\/\/secure.gravatar.com\/avatar\/7902f906289926289cbcda644b5197c796b893c6ffd7b9a536a42d290f7704a0?s=96&d=mm&r=g\",\"url\":\"https:\/\/secure.gravatar.com\/avatar\/7902f906289926289cbcda644b5197c796b893c6ffd7b9a536a42d290f7704a0?s=96&d=mm&r=g\",\"contentUrl\":\"https:\/\/secure.gravatar.com\/avatar\/7902f906289926289cbcda644b5197c796b893c6ffd7b9a536a42d290f7704a0?s=96&d=mm&r=g\",\"caption\":\"Eduardo Mart\u00ednez\"}}]}<\/script>\n<!-- \/ Yoast SEO plugin. -->","yoast_head_json":{"title":"Leopoldo e o mendigo - Notibras","robots":{"index":"index","follow":"follow","max-snippet":"max-snippet:-1","max-image-preview":"max-image-preview:large","max-video-preview":"max-video-preview:-1"},"canonical":"https:\/\/www.notibras.com\/site\/leopoldo-e-o-mendigo\/","og_locale":"pt_BR","og_type":"article","og_title":"Leopoldo e o mendigo - Notibras","og_description":"Leopoldo era do tipo que n\u00e3o levava desaforo para casa, mesmo que aquilo lhe custasse rusgas permanentes com, por exemplo, um vizinho de porta. Que fosse daquele jeito, o sujeito n\u00e3o parecia se importar, apesar das afli\u00e7\u00f5es cada vez mais perenes, que chegavam sem qualquer cerim\u00f4nia e se instalavam no cora\u00e7\u00e3o. O sujeito sabia que [&hellip;]","og_url":"https:\/\/www.notibras.com\/site\/leopoldo-e-o-mendigo\/","og_site_name":"Notibras","article_publisher":"https:\/\/www.facebook.com\/notibras\/","article_published_time":"2026-02-07T05:00:36+00:00","og_image":[{"width":1023,"height":944,"url":"https:\/\/www.notibras.com\/site\/wp-content\/uploads\/2026\/02\/IMG_0962-1.jpg","type":"image\/jpeg"}],"author":"Eduardo Mart\u00ednez","twitter_card":"summary_large_image","twitter_creator":"@Notibras","twitter_site":"@Notibras","twitter_misc":{"Escrito por":"Eduardo Mart\u00ednez","Est. tempo de leitura":"4 minutos"},"schema":{"@context":"https:\/\/schema.org","@graph":[{"@type":"Article","@id":"https:\/\/www.notibras.com\/site\/leopoldo-e-o-mendigo\/#article","isPartOf":{"@id":"https:\/\/www.notibras.com\/site\/leopoldo-e-o-mendigo\/"},"author":{"name":"Eduardo Mart\u00ednez","@id":"https:\/\/www.notibras.com\/site\/#\/schema\/person\/5b7fabf2aedc3ada2105f03b22b4d3dd"},"headline":"Leopoldo e o mendigo","datePublished":"2026-02-07T05:00:36+00:00","mainEntityOfPage":{"@id":"https:\/\/www.notibras.com\/site\/leopoldo-e-o-mendigo\/"},"wordCount":649,"publisher":{"@id":"https:\/\/www.notibras.com\/site\/#organization"},"image":{"@id":"https:\/\/www.notibras.com\/site\/leopoldo-e-o-mendigo\/#primaryimage"},"thumbnailUrl":"https:\/\/www.notibras.com\/site\/wp-content\/uploads\/2026\/02\/IMG_0962-1.jpg","articleSection":["Quadradinho em Foco"],"inLanguage":"pt-BR"},{"@type":"WebPage","@id":"https:\/\/www.notibras.com\/site\/leopoldo-e-o-mendigo\/","url":"https:\/\/www.notibras.com\/site\/leopoldo-e-o-mendigo\/","name":"Leopoldo e o mendigo - Notibras","isPartOf":{"@id":"https:\/\/www.notibras.com\/site\/#website"},"primaryImageOfPage":{"@id":"https:\/\/www.notibras.com\/site\/leopoldo-e-o-mendigo\/#primaryimage"},"image":{"@id":"https:\/\/www.notibras.com\/site\/leopoldo-e-o-mendigo\/#primaryimage"},"thumbnailUrl":"https:\/\/www.notibras.com\/site\/wp-content\/uploads\/2026\/02\/IMG_0962-1.jpg","datePublished":"2026-02-07T05:00:36+00:00","breadcrumb":{"@id":"https:\/\/www.notibras.com\/site\/leopoldo-e-o-mendigo\/#breadcrumb"},"inLanguage":"pt-BR","potentialAction":[{"@type":"ReadAction","target":["https:\/\/www.notibras.com\/site\/leopoldo-e-o-mendigo\/"]}]},{"@type":"ImageObject","inLanguage":"pt-BR","@id":"https:\/\/www.notibras.com\/site\/leopoldo-e-o-mendigo\/#primaryimage","url":"https:\/\/www.notibras.com\/site\/wp-content\/uploads\/2026\/02\/IMG_0962-1.jpg","contentUrl":"https:\/\/www.notibras.com\/site\/wp-content\/uploads\/2026\/02\/IMG_0962-1.jpg","width":1023,"height":944},{"@type":"BreadcrumbList","@id":"https:\/\/www.notibras.com\/site\/leopoldo-e-o-mendigo\/#breadcrumb","itemListElement":[{"@type":"ListItem","position":1,"name":"In\u00edcio","item":"https:\/\/www.notibras.com\/site\/"},{"@type":"ListItem","position":2,"name":"Leopoldo e o mendigo"}]},{"@type":"WebSite","@id":"https:\/\/www.notibras.com\/site\/#website","url":"https:\/\/www.notibras.com\/site\/","name":"Notibras","description":"Not\u00edcias de Bras\u00edlia, do Brasil e do Mundo","publisher":{"@id":"https:\/\/www.notibras.com\/site\/#organization"},"potentialAction":[{"@type":"SearchAction","target":{"@type":"EntryPoint","urlTemplate":"https:\/\/www.notibras.com\/site\/?s={search_term_string}"},"query-input":{"@type":"PropertyValueSpecification","valueRequired":true,"valueName":"search_term_string"}}],"inLanguage":"pt-BR"},{"@type":"Organization","@id":"https:\/\/www.notibras.com\/site\/#organization","name":"Grupo Notibras de Comunica\u00e7\u00e3o","url":"https:\/\/www.notibras.com\/site\/","logo":{"@type":"ImageObject","inLanguage":"pt-BR","@id":"https:\/\/www.notibras.com\/site\/#\/schema\/logo\/image\/","url":"https:\/\/www.notibras.com\/site\/wp-content\/uploads\/2023\/01\/notibras23.png","contentUrl":"https:\/\/www.notibras.com\/site\/wp-content\/uploads\/2023\/01\/notibras23.png","width":350,"height":87,"caption":"Grupo Notibras de Comunica\u00e7\u00e3o"},"image":{"@id":"https:\/\/www.notibras.com\/site\/#\/schema\/logo\/image\/"},"sameAs":["https:\/\/www.facebook.com\/notibras\/","https:\/\/x.com\/Notibras","https:\/\/www.instagram.com\/notibras\/"]},{"@type":"Person","@id":"https:\/\/www.notibras.com\/site\/#\/schema\/person\/5b7fabf2aedc3ada2105f03b22b4d3dd","name":"Eduardo Mart\u00ednez","image":{"@type":"ImageObject","inLanguage":"pt-BR","@id":"https:\/\/secure.gravatar.com\/avatar\/7902f906289926289cbcda644b5197c796b893c6ffd7b9a536a42d290f7704a0?s=96&d=mm&r=g","url":"https:\/\/secure.gravatar.com\/avatar\/7902f906289926289cbcda644b5197c796b893c6ffd7b9a536a42d290f7704a0?s=96&d=mm&r=g","contentUrl":"https:\/\/secure.gravatar.com\/avatar\/7902f906289926289cbcda644b5197c796b893c6ffd7b9a536a42d290f7704a0?s=96&d=mm&r=g","caption":"Eduardo Mart\u00ednez"}}]}},"amp_enabled":true,"_links":{"self":[{"href":"https:\/\/www.notibras.com\/site\/wp-json\/wp\/v2\/posts\/382111","targetHints":{"allow":["GET"]}}],"collection":[{"href":"https:\/\/www.notibras.com\/site\/wp-json\/wp\/v2\/posts"}],"about":[{"href":"https:\/\/www.notibras.com\/site\/wp-json\/wp\/v2\/types\/post"}],"author":[{"embeddable":true,"href":"https:\/\/www.notibras.com\/site\/wp-json\/wp\/v2\/users\/21"}],"replies":[{"embeddable":true,"href":"https:\/\/www.notibras.com\/site\/wp-json\/wp\/v2\/comments?post=382111"}],"version-history":[{"count":2,"href":"https:\/\/www.notibras.com\/site\/wp-json\/wp\/v2\/posts\/382111\/revisions"}],"predecessor-version":[{"id":382114,"href":"https:\/\/www.notibras.com\/site\/wp-json\/wp\/v2\/posts\/382111\/revisions\/382114"}],"wp:featuredmedia":[{"embeddable":true,"href":"https:\/\/www.notibras.com\/site\/wp-json\/wp\/v2\/media\/382112"}],"wp:attachment":[{"href":"https:\/\/www.notibras.com\/site\/wp-json\/wp\/v2\/media?parent=382111"}],"wp:term":[{"taxonomy":"category","embeddable":true,"href":"https:\/\/www.notibras.com\/site\/wp-json\/wp\/v2\/categories?post=382111"},{"taxonomy":"post_tag","embeddable":true,"href":"https:\/\/www.notibras.com\/site\/wp-json\/wp\/v2\/tags?post=382111"}],"curies":[{"name":"wp","href":"https:\/\/api.w.org\/{rel}","templated":true}]}}