{"id":382115,"date":"2026-02-07T00:15:59","date_gmt":"2026-02-07T03:15:59","guid":{"rendered":"https:\/\/www.notibras.com\/site\/?p=382115"},"modified":"2026-02-06T17:34:15","modified_gmt":"2026-02-06T20:34:15","slug":"donos-de-r-8535-mil-nao-se-apresentaram-para-pegar-seus-premios","status":"publish","type":"post","link":"https:\/\/www.notibras.com\/site\/donos-de-r-8535-mil-nao-se-apresentaram-para-pegar-seus-premios\/","title":{"rendered":"Donos de R$ 853,5 mil n\u00e3o se apresentaram para pegar seus pr\u00eamios"},"content":{"rendered":"<p>Aten\u00e7\u00e3o contribuinte premiado no sorteio do <a href=\"https:\/\/www.notalegal.df.gov.br\/\">Nota Legal<\/a> realizado em novembro do ano passado: o prazo para indicar a conta banc\u00e1ria e receber o dinheiro ganho acaba no pr\u00f3ximo dia 17 de fevereiro (terceiro e \u00faltimo lote previsto). Caso contr\u00e1rio, os valores voltam para o Tesouro do Distrito Federal.<\/p>\n<p>At\u00e9 o momento, n\u00e3o procuraram a Secretaria de Economia (Seec-DF) os donos de R$ 853,5 mil, dos R$ 3,5 milh\u00f5es sorteados. O sortudo que levou o pr\u00eamio m\u00e1ximo de R$ 1 milh\u00e3o foi, por sinal, um dos primeiros a receber. Os dois ganhadores de R$ 200 mil tamb\u00e9m estavam atentos aos prazos e se apresentaram.<\/p>\n<p>Para requisitar seu pr\u00eamio, basta acessar o site do <a href=\"https:\/\/www.notalegal.df.gov.br\/\">Nota Legal<\/a>, acessar a \u00e1rea restrita com seus dados cadastrados e seguir o processo de indica\u00e7\u00e3o. Uma tela (pop-up) ser\u00e1 aberta e automaticamente informar\u00e1 se voc\u00ea foi um dos sortudos. Caso positivo, \u00e9 necess\u00e1rio ir \u00e0 aba Sorteio e indicar sua conta banc\u00e1ria. O prazo m\u00e9dio para pagamento \u00e9 de at\u00e9 45 dias ap\u00f3s o fechamento do lote.<\/p>\n<p>No in\u00edcio desta semana, auditores da Seec enviaram e-mails para alertar os premiados, da\u00ed a import\u00e2ncia de se manter atualizados os dados cadastrais. \u201cMas \u00e9 importante, sempre, mesmo recebendo essa comunica\u00e7\u00e3o, entrar no site e verificar as informa\u00e7\u00f5es\u201d, ressalta Giovanna Botelho, coordenadora do Nota Legal.<\/p>\n<p>\u00c9 importante tamb\u00e9m lembrar que a titularidade da conta deve ser do benefici\u00e1rio do sorteio (mesmo CPF). Caso contr\u00e1rio o dep\u00f3sito n\u00e3o ser\u00e1 efetuado. O prazo de 17 de fevereiro vale tamb\u00e9m para os casos em que a pessoa tenha indicado a conta errada e n\u00e3o tenha recebido o pagamento. Basta acessar o site com os dados cadastrados e corrigir. No total, foram 12,6 mil bilhetes premiados.<\/p>\n","protected":false},"excerpt":{"rendered":"<p>Aten\u00e7\u00e3o contribuinte premiado no sorteio do Nota Legal realizado em novembro do ano passado: o prazo para indicar a conta banc\u00e1ria e receber o dinheiro ganho acaba no pr\u00f3ximo dia 17 de fevereiro (terceiro e \u00faltimo lote previsto). Caso contr\u00e1rio, os valores voltam para o Tesouro do Distrito Federal. At\u00e9 o momento, n\u00e3o procuraram a [&hellip;]<\/p>\n","protected":false},"author":21,"featured_media":382116,"comment_status":"closed","ping_status":"closed","sticky":false,"template":"","format":"standard","meta":{"_acf_changed":false,"footnotes":""},"categories":[161],"tags":[],"class_list":["post-382115","post","type-post","status-publish","format-standard","has-post-thumbnail","hentry","category-quadradinho-em-foco"],"acf":[],"yoast_head":"<!-- This site is optimized with the Yoast SEO plugin v27.2 - https:\/\/yoast.com\/product\/yoast-seo-wordpress\/ -->\n<title>Donos de R$ 853,5 mil n\u00e3o se apresentaram para pegar seus pr\u00eamios - Notibras<\/title>\n<meta name=\"robots\" content=\"index, follow, max-snippet:-1, max-image-preview:large, max-video-preview:-1\" \/>\n<link rel=\"canonical\" href=\"https:\/\/www.notibras.com\/site\/donos-de-r-8535-mil-nao-se-apresentaram-para-pegar-seus-premios\/\" \/>\n<meta property=\"og:locale\" content=\"pt_BR\" \/>\n<meta property=\"og:type\" content=\"article\" \/>\n<meta property=\"og:title\" content=\"Donos de R$ 853,5 mil n\u00e3o se apresentaram para pegar seus pr\u00eamios - Notibras\" \/>\n<meta property=\"og:description\" content=\"Aten\u00e7\u00e3o contribuinte premiado no sorteio do Nota Legal realizado em novembro do ano passado: o prazo para indicar a conta banc\u00e1ria e receber o dinheiro ganho acaba no pr\u00f3ximo dia 17 de fevereiro (terceiro e \u00faltimo lote previsto). Caso contr\u00e1rio, os valores voltam para o Tesouro do Distrito Federal. At\u00e9 o momento, n\u00e3o procuraram a [&hellip;]\" \/>\n<meta property=\"og:url\" content=\"https:\/\/www.notibras.com\/site\/donos-de-r-8535-mil-nao-se-apresentaram-para-pegar-seus-premios\/\" \/>\n<meta property=\"og:site_name\" content=\"Notibras\" \/>\n<meta property=\"article:publisher\" content=\"https:\/\/www.facebook.com\/notibras\/\" \/>\n<meta property=\"article:published_time\" content=\"2026-02-07T03:15:59+00:00\" \/>\n<meta property=\"og:image\" content=\"https:\/\/www.notibras.com\/site\/wp-content\/uploads\/2026\/02\/Nota-legal-imagem.jpeg\" \/>\n\t<meta property=\"og:image:width\" content=\"1600\" \/>\n\t<meta property=\"og:image:height\" content=\"1066\" \/>\n\t<meta property=\"og:image:type\" content=\"image\/jpeg\" \/>\n<meta name=\"author\" content=\"Eduardo Mart\u00ednez\" \/>\n<meta name=\"twitter:card\" content=\"summary_large_image\" \/>\n<meta name=\"twitter:creator\" content=\"@Notibras\" \/>\n<meta name=\"twitter:site\" content=\"@Notibras\" \/>\n<meta name=\"twitter:label1\" content=\"Escrito por\" \/>\n\t<meta name=\"twitter:data1\" content=\"Eduardo Mart\u00ednez\" \/>\n\t<meta name=\"twitter:label2\" content=\"Est. tempo de leitura\" \/>\n\t<meta name=\"twitter:data2\" content=\"2 minutos\" \/>\n<script type=\"application\/ld+json\" class=\"yoast-schema-graph\">{\"@context\":\"https:\/\/schema.org\",\"@graph\":[{\"@type\":\"Article\",\"@id\":\"https:\/\/www.notibras.com\/site\/donos-de-r-8535-mil-nao-se-apresentaram-para-pegar-seus-premios\/#article\",\"isPartOf\":{\"@id\":\"https:\/\/www.notibras.com\/site\/donos-de-r-8535-mil-nao-se-apresentaram-para-pegar-seus-premios\/\"},\"author\":{\"name\":\"Eduardo Mart\u00ednez\",\"@id\":\"https:\/\/www.notibras.com\/site\/#\/schema\/person\/5b7fabf2aedc3ada2105f03b22b4d3dd\"},\"headline\":\"Donos de R$ 853,5 mil n\u00e3o se apresentaram para pegar seus pr\u00eamios\",\"datePublished\":\"2026-02-07T03:15:59+00:00\",\"mainEntityOfPage\":{\"@id\":\"https:\/\/www.notibras.com\/site\/donos-de-r-8535-mil-nao-se-apresentaram-para-pegar-seus-premios\/\"},\"wordCount\":310,\"publisher\":{\"@id\":\"https:\/\/www.notibras.com\/site\/#organization\"},\"image\":{\"@id\":\"https:\/\/www.notibras.com\/site\/donos-de-r-8535-mil-nao-se-apresentaram-para-pegar-seus-premios\/#primaryimage\"},\"thumbnailUrl\":\"https:\/\/www.notibras.com\/site\/wp-content\/uploads\/2026\/02\/Nota-legal-imagem.jpeg\",\"articleSection\":[\"Quadradinho em Foco\"],\"inLanguage\":\"pt-BR\"},{\"@type\":\"WebPage\",\"@id\":\"https:\/\/www.notibras.com\/site\/donos-de-r-8535-mil-nao-se-apresentaram-para-pegar-seus-premios\/\",\"url\":\"https:\/\/www.notibras.com\/site\/donos-de-r-8535-mil-nao-se-apresentaram-para-pegar-seus-premios\/\",\"name\":\"Donos de R$ 853,5 mil n\u00e3o se apresentaram para pegar seus pr\u00eamios - Notibras\",\"isPartOf\":{\"@id\":\"https:\/\/www.notibras.com\/site\/#website\"},\"primaryImageOfPage\":{\"@id\":\"https:\/\/www.notibras.com\/site\/donos-de-r-8535-mil-nao-se-apresentaram-para-pegar-seus-premios\/#primaryimage\"},\"image\":{\"@id\":\"https:\/\/www.notibras.com\/site\/donos-de-r-8535-mil-nao-se-apresentaram-para-pegar-seus-premios\/#primaryimage\"},\"thumbnailUrl\":\"https:\/\/www.notibras.com\/site\/wp-content\/uploads\/2026\/02\/Nota-legal-imagem.jpeg\",\"datePublished\":\"2026-02-07T03:15:59+00:00\",\"breadcrumb\":{\"@id\":\"https:\/\/www.notibras.com\/site\/donos-de-r-8535-mil-nao-se-apresentaram-para-pegar-seus-premios\/#breadcrumb\"},\"inLanguage\":\"pt-BR\",\"potentialAction\":[{\"@type\":\"ReadAction\",\"target\":[\"https:\/\/www.notibras.com\/site\/donos-de-r-8535-mil-nao-se-apresentaram-para-pegar-seus-premios\/\"]}]},{\"@type\":\"ImageObject\",\"inLanguage\":\"pt-BR\",\"@id\":\"https:\/\/www.notibras.com\/site\/donos-de-r-8535-mil-nao-se-apresentaram-para-pegar-seus-premios\/#primaryimage\",\"url\":\"https:\/\/www.notibras.com\/site\/wp-content\/uploads\/2026\/02\/Nota-legal-imagem.jpeg\",\"contentUrl\":\"https:\/\/www.notibras.com\/site\/wp-content\/uploads\/2026\/02\/Nota-legal-imagem.jpeg\",\"width\":1600,\"height\":1066},{\"@type\":\"BreadcrumbList\",\"@id\":\"https:\/\/www.notibras.com\/site\/donos-de-r-8535-mil-nao-se-apresentaram-para-pegar-seus-premios\/#breadcrumb\",\"itemListElement\":[{\"@type\":\"ListItem\",\"position\":1,\"name\":\"In\u00edcio\",\"item\":\"https:\/\/www.notibras.com\/site\/\"},{\"@type\":\"ListItem\",\"position\":2,\"name\":\"Donos de R$ 853,5 mil n\u00e3o se apresentaram para pegar seus pr\u00eamios\"}]},{\"@type\":\"WebSite\",\"@id\":\"https:\/\/www.notibras.com\/site\/#website\",\"url\":\"https:\/\/www.notibras.com\/site\/\",\"name\":\"Notibras\",\"description\":\"Not\u00edcias de Bras\u00edlia, do Brasil e do Mundo\",\"publisher\":{\"@id\":\"https:\/\/www.notibras.com\/site\/#organization\"},\"potentialAction\":[{\"@type\":\"SearchAction\",\"target\":{\"@type\":\"EntryPoint\",\"urlTemplate\":\"https:\/\/www.notibras.com\/site\/?s={search_term_string}\"},\"query-input\":{\"@type\":\"PropertyValueSpecification\",\"valueRequired\":true,\"valueName\":\"search_term_string\"}}],\"inLanguage\":\"pt-BR\"},{\"@type\":\"Organization\",\"@id\":\"https:\/\/www.notibras.com\/site\/#organization\",\"name\":\"Grupo Notibras de Comunica\u00e7\u00e3o\",\"url\":\"https:\/\/www.notibras.com\/site\/\",\"logo\":{\"@type\":\"ImageObject\",\"inLanguage\":\"pt-BR\",\"@id\":\"https:\/\/www.notibras.com\/site\/#\/schema\/logo\/image\/\",\"url\":\"https:\/\/www.notibras.com\/site\/wp-content\/uploads\/2023\/01\/notibras23.png\",\"contentUrl\":\"https:\/\/www.notibras.com\/site\/wp-content\/uploads\/2023\/01\/notibras23.png\",\"width\":350,\"height\":87,\"caption\":\"Grupo Notibras de Comunica\u00e7\u00e3o\"},\"image\":{\"@id\":\"https:\/\/www.notibras.com\/site\/#\/schema\/logo\/image\/\"},\"sameAs\":[\"https:\/\/www.facebook.com\/notibras\/\",\"https:\/\/x.com\/Notibras\",\"https:\/\/www.instagram.com\/notibras\/\"]},{\"@type\":\"Person\",\"@id\":\"https:\/\/www.notibras.com\/site\/#\/schema\/person\/5b7fabf2aedc3ada2105f03b22b4d3dd\",\"name\":\"Eduardo Mart\u00ednez\",\"image\":{\"@type\":\"ImageObject\",\"inLanguage\":\"pt-BR\",\"@id\":\"https:\/\/secure.gravatar.com\/avatar\/7902f906289926289cbcda644b5197c796b893c6ffd7b9a536a42d290f7704a0?s=96&d=mm&r=g\",\"url\":\"https:\/\/secure.gravatar.com\/avatar\/7902f906289926289cbcda644b5197c796b893c6ffd7b9a536a42d290f7704a0?s=96&d=mm&r=g\",\"contentUrl\":\"https:\/\/secure.gravatar.com\/avatar\/7902f906289926289cbcda644b5197c796b893c6ffd7b9a536a42d290f7704a0?s=96&d=mm&r=g\",\"caption\":\"Eduardo Mart\u00ednez\"}}]}<\/script>\n<!-- \/ Yoast SEO plugin. -->","yoast_head_json":{"title":"Donos de R$ 853,5 mil n\u00e3o se apresentaram para pegar seus pr\u00eamios - Notibras","robots":{"index":"index","follow":"follow","max-snippet":"max-snippet:-1","max-image-preview":"max-image-preview:large","max-video-preview":"max-video-preview:-1"},"canonical":"https:\/\/www.notibras.com\/site\/donos-de-r-8535-mil-nao-se-apresentaram-para-pegar-seus-premios\/","og_locale":"pt_BR","og_type":"article","og_title":"Donos de R$ 853,5 mil n\u00e3o se apresentaram para pegar seus pr\u00eamios - Notibras","og_description":"Aten\u00e7\u00e3o contribuinte premiado no sorteio do Nota Legal realizado em novembro do ano passado: o prazo para indicar a conta banc\u00e1ria e receber o dinheiro ganho acaba no pr\u00f3ximo dia 17 de fevereiro (terceiro e \u00faltimo lote previsto). Caso contr\u00e1rio, os valores voltam para o Tesouro do Distrito Federal. At\u00e9 o momento, n\u00e3o procuraram a [&hellip;]","og_url":"https:\/\/www.notibras.com\/site\/donos-de-r-8535-mil-nao-se-apresentaram-para-pegar-seus-premios\/","og_site_name":"Notibras","article_publisher":"https:\/\/www.facebook.com\/notibras\/","article_published_time":"2026-02-07T03:15:59+00:00","og_image":[{"width":1600,"height":1066,"url":"https:\/\/www.notibras.com\/site\/wp-content\/uploads\/2026\/02\/Nota-legal-imagem.jpeg","type":"image\/jpeg"}],"author":"Eduardo Mart\u00ednez","twitter_card":"summary_large_image","twitter_creator":"@Notibras","twitter_site":"@Notibras","twitter_misc":{"Escrito por":"Eduardo Mart\u00ednez","Est. tempo de leitura":"2 minutos"},"schema":{"@context":"https:\/\/schema.org","@graph":[{"@type":"Article","@id":"https:\/\/www.notibras.com\/site\/donos-de-r-8535-mil-nao-se-apresentaram-para-pegar-seus-premios\/#article","isPartOf":{"@id":"https:\/\/www.notibras.com\/site\/donos-de-r-8535-mil-nao-se-apresentaram-para-pegar-seus-premios\/"},"author":{"name":"Eduardo Mart\u00ednez","@id":"https:\/\/www.notibras.com\/site\/#\/schema\/person\/5b7fabf2aedc3ada2105f03b22b4d3dd"},"headline":"Donos de R$ 853,5 mil n\u00e3o se apresentaram para pegar seus pr\u00eamios","datePublished":"2026-02-07T03:15:59+00:00","mainEntityOfPage":{"@id":"https:\/\/www.notibras.com\/site\/donos-de-r-8535-mil-nao-se-apresentaram-para-pegar-seus-premios\/"},"wordCount":310,"publisher":{"@id":"https:\/\/www.notibras.com\/site\/#organization"},"image":{"@id":"https:\/\/www.notibras.com\/site\/donos-de-r-8535-mil-nao-se-apresentaram-para-pegar-seus-premios\/#primaryimage"},"thumbnailUrl":"https:\/\/www.notibras.com\/site\/wp-content\/uploads\/2026\/02\/Nota-legal-imagem.jpeg","articleSection":["Quadradinho em Foco"],"inLanguage":"pt-BR"},{"@type":"WebPage","@id":"https:\/\/www.notibras.com\/site\/donos-de-r-8535-mil-nao-se-apresentaram-para-pegar-seus-premios\/","url":"https:\/\/www.notibras.com\/site\/donos-de-r-8535-mil-nao-se-apresentaram-para-pegar-seus-premios\/","name":"Donos de R$ 853,5 mil n\u00e3o se apresentaram para pegar seus pr\u00eamios - Notibras","isPartOf":{"@id":"https:\/\/www.notibras.com\/site\/#website"},"primaryImageOfPage":{"@id":"https:\/\/www.notibras.com\/site\/donos-de-r-8535-mil-nao-se-apresentaram-para-pegar-seus-premios\/#primaryimage"},"image":{"@id":"https:\/\/www.notibras.com\/site\/donos-de-r-8535-mil-nao-se-apresentaram-para-pegar-seus-premios\/#primaryimage"},"thumbnailUrl":"https:\/\/www.notibras.com\/site\/wp-content\/uploads\/2026\/02\/Nota-legal-imagem.jpeg","datePublished":"2026-02-07T03:15:59+00:00","breadcrumb":{"@id":"https:\/\/www.notibras.com\/site\/donos-de-r-8535-mil-nao-se-apresentaram-para-pegar-seus-premios\/#breadcrumb"},"inLanguage":"pt-BR","potentialAction":[{"@type":"ReadAction","target":["https:\/\/www.notibras.com\/site\/donos-de-r-8535-mil-nao-se-apresentaram-para-pegar-seus-premios\/"]}]},{"@type":"ImageObject","inLanguage":"pt-BR","@id":"https:\/\/www.notibras.com\/site\/donos-de-r-8535-mil-nao-se-apresentaram-para-pegar-seus-premios\/#primaryimage","url":"https:\/\/www.notibras.com\/site\/wp-content\/uploads\/2026\/02\/Nota-legal-imagem.jpeg","contentUrl":"https:\/\/www.notibras.com\/site\/wp-content\/uploads\/2026\/02\/Nota-legal-imagem.jpeg","width":1600,"height":1066},{"@type":"BreadcrumbList","@id":"https:\/\/www.notibras.com\/site\/donos-de-r-8535-mil-nao-se-apresentaram-para-pegar-seus-premios\/#breadcrumb","itemListElement":[{"@type":"ListItem","position":1,"name":"In\u00edcio","item":"https:\/\/www.notibras.com\/site\/"},{"@type":"ListItem","position":2,"name":"Donos de R$ 853,5 mil n\u00e3o se apresentaram para pegar seus pr\u00eamios"}]},{"@type":"WebSite","@id":"https:\/\/www.notibras.com\/site\/#website","url":"https:\/\/www.notibras.com\/site\/","name":"Notibras","description":"Not\u00edcias de Bras\u00edlia, do Brasil e do Mundo","publisher":{"@id":"https:\/\/www.notibras.com\/site\/#organization"},"potentialAction":[{"@type":"SearchAction","target":{"@type":"EntryPoint","urlTemplate":"https:\/\/www.notibras.com\/site\/?s={search_term_string}"},"query-input":{"@type":"PropertyValueSpecification","valueRequired":true,"valueName":"search_term_string"}}],"inLanguage":"pt-BR"},{"@type":"Organization","@id":"https:\/\/www.notibras.com\/site\/#organization","name":"Grupo Notibras de Comunica\u00e7\u00e3o","url":"https:\/\/www.notibras.com\/site\/","logo":{"@type":"ImageObject","inLanguage":"pt-BR","@id":"https:\/\/www.notibras.com\/site\/#\/schema\/logo\/image\/","url":"https:\/\/www.notibras.com\/site\/wp-content\/uploads\/2023\/01\/notibras23.png","contentUrl":"https:\/\/www.notibras.com\/site\/wp-content\/uploads\/2023\/01\/notibras23.png","width":350,"height":87,"caption":"Grupo Notibras de Comunica\u00e7\u00e3o"},"image":{"@id":"https:\/\/www.notibras.com\/site\/#\/schema\/logo\/image\/"},"sameAs":["https:\/\/www.facebook.com\/notibras\/","https:\/\/x.com\/Notibras","https:\/\/www.instagram.com\/notibras\/"]},{"@type":"Person","@id":"https:\/\/www.notibras.com\/site\/#\/schema\/person\/5b7fabf2aedc3ada2105f03b22b4d3dd","name":"Eduardo Mart\u00ednez","image":{"@type":"ImageObject","inLanguage":"pt-BR","@id":"https:\/\/secure.gravatar.com\/avatar\/7902f906289926289cbcda644b5197c796b893c6ffd7b9a536a42d290f7704a0?s=96&d=mm&r=g","url":"https:\/\/secure.gravatar.com\/avatar\/7902f906289926289cbcda644b5197c796b893c6ffd7b9a536a42d290f7704a0?s=96&d=mm&r=g","contentUrl":"https:\/\/secure.gravatar.com\/avatar\/7902f906289926289cbcda644b5197c796b893c6ffd7b9a536a42d290f7704a0?s=96&d=mm&r=g","caption":"Eduardo Mart\u00ednez"}}]}},"amp_enabled":true,"_links":{"self":[{"href":"https:\/\/www.notibras.com\/site\/wp-json\/wp\/v2\/posts\/382115","targetHints":{"allow":["GET"]}}],"collection":[{"href":"https:\/\/www.notibras.com\/site\/wp-json\/wp\/v2\/posts"}],"about":[{"href":"https:\/\/www.notibras.com\/site\/wp-json\/wp\/v2\/types\/post"}],"author":[{"embeddable":true,"href":"https:\/\/www.notibras.com\/site\/wp-json\/wp\/v2\/users\/21"}],"replies":[{"embeddable":true,"href":"https:\/\/www.notibras.com\/site\/wp-json\/wp\/v2\/comments?post=382115"}],"version-history":[{"count":2,"href":"https:\/\/www.notibras.com\/site\/wp-json\/wp\/v2\/posts\/382115\/revisions"}],"predecessor-version":[{"id":382118,"href":"https:\/\/www.notibras.com\/site\/wp-json\/wp\/v2\/posts\/382115\/revisions\/382118"}],"wp:featuredmedia":[{"embeddable":true,"href":"https:\/\/www.notibras.com\/site\/wp-json\/wp\/v2\/media\/382116"}],"wp:attachment":[{"href":"https:\/\/www.notibras.com\/site\/wp-json\/wp\/v2\/media?parent=382115"}],"wp:term":[{"taxonomy":"category","embeddable":true,"href":"https:\/\/www.notibras.com\/site\/wp-json\/wp\/v2\/categories?post=382115"},{"taxonomy":"post_tag","embeddable":true,"href":"https:\/\/www.notibras.com\/site\/wp-json\/wp\/v2\/tags?post=382115"}],"curies":[{"name":"wp","href":"https:\/\/api.w.org\/{rel}","templated":true}]}}