{"id":382123,"date":"2026-02-06T14:31:37","date_gmt":"2026-02-06T17:31:37","guid":{"rendered":"https:\/\/www.notibras.com\/site\/?p=382123"},"modified":"2026-02-06T14:59:41","modified_gmt":"2026-02-06T17:59:41","slug":"stj-nega-habeas-corpus-e-turra-fica-na-papuda","status":"publish","type":"post","link":"https:\/\/www.notibras.com\/site\/stj-nega-habeas-corpus-e-turra-fica-na-papuda\/","title":{"rendered":"STJ nega habeas corpus e Turra fica na Papuda"},"content":{"rendered":"<p>O presidente do Superior Tribunal de Justi\u00e7a (STJ), ministro Herman Benjamin, negou habeas corpus protocolado pela defesa do piloto de automobilismo Pedro Arthur Turra Basso, de 19 anos. Com isso, Turra vai continuar preso preventivamente no pres\u00eddio da Papuda, em Bras\u00edlia, pela acusa\u00e7\u00e3o de les\u00e3o corporal grave.<\/p>\n<p>O piloto foi preso, na semana passada, ap\u00f3s agredir um adolescente de 16 anos. O desentendimento ocorreu por causa de um chiclete arremessado em um amigo da v\u00edtima, que continua internado na unidade de terapia intensiva (UTI) do Hospital \u00c1guas Claras, em estado de coma.<\/p>\n<p>Na \u00faltima segunda-feira (2), a pris\u00e3o do piloto tamb\u00e9m foi mantida pelo Tribunal de Justi\u00e7a do Distrito Federal (TJDFT). O desembargador Diaulas Costa Ribeiro entendeu que a pris\u00e3o \u00e9 necess\u00e1ria para preservar as investiga\u00e7\u00f5es.<\/p>\n<p>No pedido de habeas corpus, a defesa contestou a decreta\u00e7\u00e3o da pris\u00e3o pela primeira inst\u00e2ncia e afirmou que o piloto tem resid\u00eancia fixa, n\u00e3o tentou fugir e colaborou com as investiga\u00e7\u00f5es.<\/p>\n<p>Segundo os advogados, Turra foi preso a partir de v\u00eddeos publicados na internet, sem contradit\u00f3rio e valida\u00e7\u00e3o judicial. Al\u00e9m disso, a defesa disse que o acusado teme por sua seguran\u00e7a diante da exposi\u00e7\u00e3o midi\u00e1tica do caso.<\/p>\n","protected":false},"excerpt":{"rendered":"<p>O presidente do Superior Tribunal de Justi\u00e7a (STJ), ministro Herman Benjamin, negou habeas corpus protocolado pela defesa do piloto de automobilismo Pedro Arthur Turra Basso, de 19 anos. Com isso, Turra vai continuar preso preventivamente no pres\u00eddio da Papuda, em Bras\u00edlia, pela acusa\u00e7\u00e3o de les\u00e3o corporal grave. O piloto foi preso, na semana passada, ap\u00f3s [&hellip;]<\/p>\n","protected":false},"author":2,"featured_media":381219,"comment_status":"closed","ping_status":"closed","sticky":false,"template":"","format":"standard","meta":{"_acf_changed":false,"footnotes":""},"categories":[161],"tags":[95],"class_list":["post-382123","post","type-post","status-publish","format-standard","has-post-thumbnail","hentry","category-quadradinho-em-foco","tag-capa"],"acf":[],"yoast_head":"<!-- This site is optimized with the Yoast SEO plugin v27.2 - https:\/\/yoast.com\/product\/yoast-seo-wordpress\/ -->\n<title>STJ nega habeas corpus e Turra fica na Papuda - Notibras<\/title>\n<meta name=\"robots\" content=\"index, follow, max-snippet:-1, max-image-preview:large, max-video-preview:-1\" \/>\n<link rel=\"canonical\" href=\"https:\/\/www.notibras.com\/site\/stj-nega-habeas-corpus-e-turra-fica-na-papuda\/\" \/>\n<meta property=\"og:locale\" content=\"pt_BR\" \/>\n<meta property=\"og:type\" content=\"article\" \/>\n<meta property=\"og:title\" content=\"STJ nega habeas corpus e Turra fica na Papuda - Notibras\" \/>\n<meta property=\"og:description\" content=\"O presidente do Superior Tribunal de Justi\u00e7a (STJ), ministro Herman Benjamin, negou habeas corpus protocolado pela defesa do piloto de automobilismo Pedro Arthur Turra Basso, de 19 anos. Com isso, Turra vai continuar preso preventivamente no pres\u00eddio da Papuda, em Bras\u00edlia, pela acusa\u00e7\u00e3o de les\u00e3o corporal grave. O piloto foi preso, na semana passada, ap\u00f3s [&hellip;]\" \/>\n<meta property=\"og:url\" content=\"https:\/\/www.notibras.com\/site\/stj-nega-habeas-corpus-e-turra-fica-na-papuda\/\" \/>\n<meta property=\"og:site_name\" content=\"Notibras\" \/>\n<meta property=\"article:publisher\" content=\"https:\/\/www.facebook.com\/notibras\/\" \/>\n<meta property=\"article:published_time\" content=\"2026-02-06T17:31:37+00:00\" \/>\n<meta property=\"article:modified_time\" content=\"2026-02-06T17:59:41+00:00\" \/>\n<meta property=\"og:image\" content=\"https:\/\/www.notibras.com\/site\/wp-content\/uploads\/2026\/01\/pedro-turra.webp\" \/>\n\t<meta property=\"og:image:width\" content=\"900\" \/>\n\t<meta property=\"og:image:height\" content=\"579\" \/>\n\t<meta property=\"og:image:type\" content=\"image\/webp\" \/>\n<meta name=\"author\" content=\"Reda\u00e7\u00e3o\" \/>\n<meta name=\"twitter:card\" content=\"summary_large_image\" \/>\n<meta name=\"twitter:creator\" content=\"@Notibras\" \/>\n<meta name=\"twitter:site\" content=\"@Notibras\" \/>\n<meta name=\"twitter:label1\" content=\"Escrito por\" \/>\n\t<meta name=\"twitter:data1\" content=\"Reda\u00e7\u00e3o\" \/>\n\t<meta name=\"twitter:label2\" content=\"Est. tempo de leitura\" \/>\n\t<meta name=\"twitter:data2\" content=\"2 minutos\" \/>\n<script type=\"application\/ld+json\" class=\"yoast-schema-graph\">{\"@context\":\"https:\/\/schema.org\",\"@graph\":[{\"@type\":\"Article\",\"@id\":\"https:\/\/www.notibras.com\/site\/stj-nega-habeas-corpus-e-turra-fica-na-papuda\/#article\",\"isPartOf\":{\"@id\":\"https:\/\/www.notibras.com\/site\/stj-nega-habeas-corpus-e-turra-fica-na-papuda\/\"},\"author\":{\"name\":\"Reda\u00e7\u00e3o\",\"@id\":\"https:\/\/www.notibras.com\/site\/#\/schema\/person\/36ab0979449956132d3e5b517ea76ac8\"},\"headline\":\"STJ nega habeas corpus e Turra fica na Papuda\",\"datePublished\":\"2026-02-06T17:31:37+00:00\",\"dateModified\":\"2026-02-06T17:59:41+00:00\",\"mainEntityOfPage\":{\"@id\":\"https:\/\/www.notibras.com\/site\/stj-nega-habeas-corpus-e-turra-fica-na-papuda\/\"},\"wordCount\":224,\"publisher\":{\"@id\":\"https:\/\/www.notibras.com\/site\/#organization\"},\"image\":{\"@id\":\"https:\/\/www.notibras.com\/site\/stj-nega-habeas-corpus-e-turra-fica-na-papuda\/#primaryimage\"},\"thumbnailUrl\":\"https:\/\/www.notibras.com\/site\/wp-content\/uploads\/2026\/01\/pedro-turra.webp\",\"keywords\":[\"capa\"],\"articleSection\":[\"Quadradinho em Foco\"],\"inLanguage\":\"pt-BR\"},{\"@type\":\"WebPage\",\"@id\":\"https:\/\/www.notibras.com\/site\/stj-nega-habeas-corpus-e-turra-fica-na-papuda\/\",\"url\":\"https:\/\/www.notibras.com\/site\/stj-nega-habeas-corpus-e-turra-fica-na-papuda\/\",\"name\":\"STJ nega habeas corpus e Turra fica na Papuda - Notibras\",\"isPartOf\":{\"@id\":\"https:\/\/www.notibras.com\/site\/#website\"},\"primaryImageOfPage\":{\"@id\":\"https:\/\/www.notibras.com\/site\/stj-nega-habeas-corpus-e-turra-fica-na-papuda\/#primaryimage\"},\"image\":{\"@id\":\"https:\/\/www.notibras.com\/site\/stj-nega-habeas-corpus-e-turra-fica-na-papuda\/#primaryimage\"},\"thumbnailUrl\":\"https:\/\/www.notibras.com\/site\/wp-content\/uploads\/2026\/01\/pedro-turra.webp\",\"datePublished\":\"2026-02-06T17:31:37+00:00\",\"dateModified\":\"2026-02-06T17:59:41+00:00\",\"breadcrumb\":{\"@id\":\"https:\/\/www.notibras.com\/site\/stj-nega-habeas-corpus-e-turra-fica-na-papuda\/#breadcrumb\"},\"inLanguage\":\"pt-BR\",\"potentialAction\":[{\"@type\":\"ReadAction\",\"target\":[\"https:\/\/www.notibras.com\/site\/stj-nega-habeas-corpus-e-turra-fica-na-papuda\/\"]}]},{\"@type\":\"ImageObject\",\"inLanguage\":\"pt-BR\",\"@id\":\"https:\/\/www.notibras.com\/site\/stj-nega-habeas-corpus-e-turra-fica-na-papuda\/#primaryimage\",\"url\":\"https:\/\/www.notibras.com\/site\/wp-content\/uploads\/2026\/01\/pedro-turra.webp\",\"contentUrl\":\"https:\/\/www.notibras.com\/site\/wp-content\/uploads\/2026\/01\/pedro-turra.webp\",\"width\":900,\"height\":579},{\"@type\":\"BreadcrumbList\",\"@id\":\"https:\/\/www.notibras.com\/site\/stj-nega-habeas-corpus-e-turra-fica-na-papuda\/#breadcrumb\",\"itemListElement\":[{\"@type\":\"ListItem\",\"position\":1,\"name\":\"In\u00edcio\",\"item\":\"https:\/\/www.notibras.com\/site\/\"},{\"@type\":\"ListItem\",\"position\":2,\"name\":\"STJ nega habeas corpus e Turra fica na Papuda\"}]},{\"@type\":\"WebSite\",\"@id\":\"https:\/\/www.notibras.com\/site\/#website\",\"url\":\"https:\/\/www.notibras.com\/site\/\",\"name\":\"Notibras\",\"description\":\"Not\u00edcias de Bras\u00edlia, do Brasil e do Mundo\",\"publisher\":{\"@id\":\"https:\/\/www.notibras.com\/site\/#organization\"},\"potentialAction\":[{\"@type\":\"SearchAction\",\"target\":{\"@type\":\"EntryPoint\",\"urlTemplate\":\"https:\/\/www.notibras.com\/site\/?s={search_term_string}\"},\"query-input\":{\"@type\":\"PropertyValueSpecification\",\"valueRequired\":true,\"valueName\":\"search_term_string\"}}],\"inLanguage\":\"pt-BR\"},{\"@type\":\"Organization\",\"@id\":\"https:\/\/www.notibras.com\/site\/#organization\",\"name\":\"Grupo Notibras de Comunica\u00e7\u00e3o\",\"url\":\"https:\/\/www.notibras.com\/site\/\",\"logo\":{\"@type\":\"ImageObject\",\"inLanguage\":\"pt-BR\",\"@id\":\"https:\/\/www.notibras.com\/site\/#\/schema\/logo\/image\/\",\"url\":\"https:\/\/www.notibras.com\/site\/wp-content\/uploads\/2023\/01\/notibras23.png\",\"contentUrl\":\"https:\/\/www.notibras.com\/site\/wp-content\/uploads\/2023\/01\/notibras23.png\",\"width\":350,\"height\":87,\"caption\":\"Grupo Notibras de Comunica\u00e7\u00e3o\"},\"image\":{\"@id\":\"https:\/\/www.notibras.com\/site\/#\/schema\/logo\/image\/\"},\"sameAs\":[\"https:\/\/www.facebook.com\/notibras\/\",\"https:\/\/x.com\/Notibras\",\"https:\/\/www.instagram.com\/notibras\/\"]},{\"@type\":\"Person\",\"@id\":\"https:\/\/www.notibras.com\/site\/#\/schema\/person\/36ab0979449956132d3e5b517ea76ac8\",\"name\":\"Reda\u00e7\u00e3o\",\"image\":{\"@type\":\"ImageObject\",\"inLanguage\":\"pt-BR\",\"@id\":\"https:\/\/secure.gravatar.com\/avatar\/e0a867bdedb85fd243eadf09663511f96fc81e0720a4a42581f334ad4303aa6b?s=96&d=mm&r=g\",\"url\":\"https:\/\/secure.gravatar.com\/avatar\/e0a867bdedb85fd243eadf09663511f96fc81e0720a4a42581f334ad4303aa6b?s=96&d=mm&r=g\",\"contentUrl\":\"https:\/\/secure.gravatar.com\/avatar\/e0a867bdedb85fd243eadf09663511f96fc81e0720a4a42581f334ad4303aa6b?s=96&d=mm&r=g\",\"caption\":\"Reda\u00e7\u00e3o\"}}]}<\/script>\n<!-- \/ Yoast SEO plugin. -->","yoast_head_json":{"title":"STJ nega habeas corpus e Turra fica na Papuda - Notibras","robots":{"index":"index","follow":"follow","max-snippet":"max-snippet:-1","max-image-preview":"max-image-preview:large","max-video-preview":"max-video-preview:-1"},"canonical":"https:\/\/www.notibras.com\/site\/stj-nega-habeas-corpus-e-turra-fica-na-papuda\/","og_locale":"pt_BR","og_type":"article","og_title":"STJ nega habeas corpus e Turra fica na Papuda - Notibras","og_description":"O presidente do Superior Tribunal de Justi\u00e7a (STJ), ministro Herman Benjamin, negou habeas corpus protocolado pela defesa do piloto de automobilismo Pedro Arthur Turra Basso, de 19 anos. Com isso, Turra vai continuar preso preventivamente no pres\u00eddio da Papuda, em Bras\u00edlia, pela acusa\u00e7\u00e3o de les\u00e3o corporal grave. O piloto foi preso, na semana passada, ap\u00f3s [&hellip;]","og_url":"https:\/\/www.notibras.com\/site\/stj-nega-habeas-corpus-e-turra-fica-na-papuda\/","og_site_name":"Notibras","article_publisher":"https:\/\/www.facebook.com\/notibras\/","article_published_time":"2026-02-06T17:31:37+00:00","article_modified_time":"2026-02-06T17:59:41+00:00","og_image":[{"width":900,"height":579,"url":"https:\/\/www.notibras.com\/site\/wp-content\/uploads\/2026\/01\/pedro-turra.webp","type":"image\/webp"}],"author":"Reda\u00e7\u00e3o","twitter_card":"summary_large_image","twitter_creator":"@Notibras","twitter_site":"@Notibras","twitter_misc":{"Escrito por":"Reda\u00e7\u00e3o","Est. tempo de leitura":"2 minutos"},"schema":{"@context":"https:\/\/schema.org","@graph":[{"@type":"Article","@id":"https:\/\/www.notibras.com\/site\/stj-nega-habeas-corpus-e-turra-fica-na-papuda\/#article","isPartOf":{"@id":"https:\/\/www.notibras.com\/site\/stj-nega-habeas-corpus-e-turra-fica-na-papuda\/"},"author":{"name":"Reda\u00e7\u00e3o","@id":"https:\/\/www.notibras.com\/site\/#\/schema\/person\/36ab0979449956132d3e5b517ea76ac8"},"headline":"STJ nega habeas corpus e Turra fica na Papuda","datePublished":"2026-02-06T17:31:37+00:00","dateModified":"2026-02-06T17:59:41+00:00","mainEntityOfPage":{"@id":"https:\/\/www.notibras.com\/site\/stj-nega-habeas-corpus-e-turra-fica-na-papuda\/"},"wordCount":224,"publisher":{"@id":"https:\/\/www.notibras.com\/site\/#organization"},"image":{"@id":"https:\/\/www.notibras.com\/site\/stj-nega-habeas-corpus-e-turra-fica-na-papuda\/#primaryimage"},"thumbnailUrl":"https:\/\/www.notibras.com\/site\/wp-content\/uploads\/2026\/01\/pedro-turra.webp","keywords":["capa"],"articleSection":["Quadradinho em Foco"],"inLanguage":"pt-BR"},{"@type":"WebPage","@id":"https:\/\/www.notibras.com\/site\/stj-nega-habeas-corpus-e-turra-fica-na-papuda\/","url":"https:\/\/www.notibras.com\/site\/stj-nega-habeas-corpus-e-turra-fica-na-papuda\/","name":"STJ nega habeas corpus e Turra fica na Papuda - Notibras","isPartOf":{"@id":"https:\/\/www.notibras.com\/site\/#website"},"primaryImageOfPage":{"@id":"https:\/\/www.notibras.com\/site\/stj-nega-habeas-corpus-e-turra-fica-na-papuda\/#primaryimage"},"image":{"@id":"https:\/\/www.notibras.com\/site\/stj-nega-habeas-corpus-e-turra-fica-na-papuda\/#primaryimage"},"thumbnailUrl":"https:\/\/www.notibras.com\/site\/wp-content\/uploads\/2026\/01\/pedro-turra.webp","datePublished":"2026-02-06T17:31:37+00:00","dateModified":"2026-02-06T17:59:41+00:00","breadcrumb":{"@id":"https:\/\/www.notibras.com\/site\/stj-nega-habeas-corpus-e-turra-fica-na-papuda\/#breadcrumb"},"inLanguage":"pt-BR","potentialAction":[{"@type":"ReadAction","target":["https:\/\/www.notibras.com\/site\/stj-nega-habeas-corpus-e-turra-fica-na-papuda\/"]}]},{"@type":"ImageObject","inLanguage":"pt-BR","@id":"https:\/\/www.notibras.com\/site\/stj-nega-habeas-corpus-e-turra-fica-na-papuda\/#primaryimage","url":"https:\/\/www.notibras.com\/site\/wp-content\/uploads\/2026\/01\/pedro-turra.webp","contentUrl":"https:\/\/www.notibras.com\/site\/wp-content\/uploads\/2026\/01\/pedro-turra.webp","width":900,"height":579},{"@type":"BreadcrumbList","@id":"https:\/\/www.notibras.com\/site\/stj-nega-habeas-corpus-e-turra-fica-na-papuda\/#breadcrumb","itemListElement":[{"@type":"ListItem","position":1,"name":"In\u00edcio","item":"https:\/\/www.notibras.com\/site\/"},{"@type":"ListItem","position":2,"name":"STJ nega habeas corpus e Turra fica na Papuda"}]},{"@type":"WebSite","@id":"https:\/\/www.notibras.com\/site\/#website","url":"https:\/\/www.notibras.com\/site\/","name":"Notibras","description":"Not\u00edcias de Bras\u00edlia, do Brasil e do Mundo","publisher":{"@id":"https:\/\/www.notibras.com\/site\/#organization"},"potentialAction":[{"@type":"SearchAction","target":{"@type":"EntryPoint","urlTemplate":"https:\/\/www.notibras.com\/site\/?s={search_term_string}"},"query-input":{"@type":"PropertyValueSpecification","valueRequired":true,"valueName":"search_term_string"}}],"inLanguage":"pt-BR"},{"@type":"Organization","@id":"https:\/\/www.notibras.com\/site\/#organization","name":"Grupo Notibras de Comunica\u00e7\u00e3o","url":"https:\/\/www.notibras.com\/site\/","logo":{"@type":"ImageObject","inLanguage":"pt-BR","@id":"https:\/\/www.notibras.com\/site\/#\/schema\/logo\/image\/","url":"https:\/\/www.notibras.com\/site\/wp-content\/uploads\/2023\/01\/notibras23.png","contentUrl":"https:\/\/www.notibras.com\/site\/wp-content\/uploads\/2023\/01\/notibras23.png","width":350,"height":87,"caption":"Grupo Notibras de Comunica\u00e7\u00e3o"},"image":{"@id":"https:\/\/www.notibras.com\/site\/#\/schema\/logo\/image\/"},"sameAs":["https:\/\/www.facebook.com\/notibras\/","https:\/\/x.com\/Notibras","https:\/\/www.instagram.com\/notibras\/"]},{"@type":"Person","@id":"https:\/\/www.notibras.com\/site\/#\/schema\/person\/36ab0979449956132d3e5b517ea76ac8","name":"Reda\u00e7\u00e3o","image":{"@type":"ImageObject","inLanguage":"pt-BR","@id":"https:\/\/secure.gravatar.com\/avatar\/e0a867bdedb85fd243eadf09663511f96fc81e0720a4a42581f334ad4303aa6b?s=96&d=mm&r=g","url":"https:\/\/secure.gravatar.com\/avatar\/e0a867bdedb85fd243eadf09663511f96fc81e0720a4a42581f334ad4303aa6b?s=96&d=mm&r=g","contentUrl":"https:\/\/secure.gravatar.com\/avatar\/e0a867bdedb85fd243eadf09663511f96fc81e0720a4a42581f334ad4303aa6b?s=96&d=mm&r=g","caption":"Reda\u00e7\u00e3o"}}]}},"amp_enabled":true,"_links":{"self":[{"href":"https:\/\/www.notibras.com\/site\/wp-json\/wp\/v2\/posts\/382123","targetHints":{"allow":["GET"]}}],"collection":[{"href":"https:\/\/www.notibras.com\/site\/wp-json\/wp\/v2\/posts"}],"about":[{"href":"https:\/\/www.notibras.com\/site\/wp-json\/wp\/v2\/types\/post"}],"author":[{"embeddable":true,"href":"https:\/\/www.notibras.com\/site\/wp-json\/wp\/v2\/users\/2"}],"replies":[{"embeddable":true,"href":"https:\/\/www.notibras.com\/site\/wp-json\/wp\/v2\/comments?post=382123"}],"version-history":[{"count":3,"href":"https:\/\/www.notibras.com\/site\/wp-json\/wp\/v2\/posts\/382123\/revisions"}],"predecessor-version":[{"id":382127,"href":"https:\/\/www.notibras.com\/site\/wp-json\/wp\/v2\/posts\/382123\/revisions\/382127"}],"wp:featuredmedia":[{"embeddable":true,"href":"https:\/\/www.notibras.com\/site\/wp-json\/wp\/v2\/media\/381219"}],"wp:attachment":[{"href":"https:\/\/www.notibras.com\/site\/wp-json\/wp\/v2\/media?parent=382123"}],"wp:term":[{"taxonomy":"category","embeddable":true,"href":"https:\/\/www.notibras.com\/site\/wp-json\/wp\/v2\/categories?post=382123"},{"taxonomy":"post_tag","embeddable":true,"href":"https:\/\/www.notibras.com\/site\/wp-json\/wp\/v2\/tags?post=382123"}],"curies":[{"name":"wp","href":"https:\/\/api.w.org\/{rel}","templated":true}]}}