{"id":382129,"date":"2026-02-07T00:30:00","date_gmt":"2026-02-07T03:30:00","guid":{"rendered":"https:\/\/www.notibras.com\/site\/?p=382129"},"modified":"2026-02-06T17:45:21","modified_gmt":"2026-02-06T20:45:21","slug":"cras-recebe-novos-equipamentos-para-aprimorar-endimento-as-familias","status":"publish","type":"post","link":"https:\/\/www.notibras.com\/site\/cras-recebe-novos-equipamentos-para-aprimorar-endimento-as-familias\/","title":{"rendered":"Cras recebe novos equipamentos \u200cpara aprimorar endimento \u00e0s fam\u00edlias"},"content":{"rendered":"<p>O Centro de Refer\u00eancia de Assist\u00eancia Social (Cras) Brazl\u00e2ndia teve a estrutura renovada. Administrada pela Secretaria de Desenvolvimento Social (Sedes-DF), a unidade passou por uma manuten\u00e7\u00e3o geral na parte el\u00e9trica, nos pisos, teto, banheiros e paisagismo para oferecer um espa\u00e7o confort\u00e1vel e seguro para os atendimentos.<\/p>\n<p>A entrega simb\u00f3lica foi nesta sexta-feira (6). Localizado na \u00c1rea Especial II, Quadra 35\/36, Vila S\u00e3o Jos\u00e9, Brazl\u00e2ndia, a unidade atende mais de 14 mil fam\u00edlias referenciadas e inscritas no Cadastro \u00danico que moram na regi\u00e3o e buscam pelo servi\u00e7o socioassistencial.<\/p>\n<p>Com investimento de R$ 2,2 milh\u00f5es foram realizadas substitui\u00e7\u00f5es na rede el\u00e9trica, como tomadas, lumin\u00e1rias e quadro el\u00e9trico. Os pisos e a estrutura da unidade foram reformados, o forro foi substitu\u00eddo e as paredes e o teto receberam pinturas novas. Nos banheiros foram trocadas as lou\u00e7as, metais e tubula\u00e7\u00f5es. A parte externa tamb\u00e9m foi reformada, as \u00e1rvores foram podadas, houve plantio de grama, melhoria na acessibilidade para pedestres e manuten\u00e7\u00e3o no estacionamento interno.<\/p>\n<p>\u201cHoje estamos entregando mais um espa\u00e7o renovado para atender a popula\u00e7\u00e3o que procura os servi\u00e7os socioassistenciais. \u00c9 neste ambiente que eles v\u00e3o acessar os programas, que v\u00e3o ser atendidos e as melhorias v\u00e3o possibilitar um lugar organizado, limpo e confort\u00e1vel, que fa\u00e7a diferen\u00e7a no dia a dia de quem frequenta e trabalha na unidade\u201d, destaca a secret\u00e1ria de Desenvolvimento Social, Ana Paula Marra.<\/p>\n<p>O Cras \u00e9 destinado \u00e0 popula\u00e7\u00e3o em situa\u00e7\u00e3o de vulnerabilidade e risco social, funcionando como porta de entrada da assist\u00eancia social. O Distrito Federal tem 32 unidades em funcionamento, al\u00e9m do Cras M\u00f3vel, onde s\u00e3o ofertados servi\u00e7os, benef\u00edcios, programas e projetos socioassistenciais. O atendimento \u00e9 realizado ap\u00f3s agendamento pelo telefone 156 ou pelo site da Sedes.<\/p>\n","protected":false},"excerpt":{"rendered":"<p>O Centro de Refer\u00eancia de Assist\u00eancia Social (Cras) Brazl\u00e2ndia teve a estrutura renovada. Administrada pela Secretaria de Desenvolvimento Social (Sedes-DF), a unidade passou por uma manuten\u00e7\u00e3o geral na parte el\u00e9trica, nos pisos, teto, banheiros e paisagismo para oferecer um espa\u00e7o confort\u00e1vel e seguro para os atendimentos. A entrega simb\u00f3lica foi nesta sexta-feira (6). Localizado na [&hellip;]<\/p>\n","protected":false},"author":21,"featured_media":382132,"comment_status":"closed","ping_status":"closed","sticky":false,"template":"","format":"standard","meta":{"_acf_changed":false,"footnotes":""},"categories":[161],"tags":[],"class_list":["post-382129","post","type-post","status-publish","format-standard","has-post-thumbnail","hentry","category-quadradinho-em-foco"],"acf":[],"yoast_head":"<!-- This site is optimized with the Yoast SEO plugin v27.2 - https:\/\/yoast.com\/product\/yoast-seo-wordpress\/ -->\n<title>Cras recebe novos equipamentos \u200cpara aprimorar endimento \u00e0s fam\u00edlias - Notibras<\/title>\n<meta name=\"robots\" content=\"index, follow, max-snippet:-1, max-image-preview:large, max-video-preview:-1\" \/>\n<link rel=\"canonical\" href=\"https:\/\/www.notibras.com\/site\/cras-recebe-novos-equipamentos-para-aprimorar-endimento-as-familias\/\" \/>\n<meta property=\"og:locale\" content=\"pt_BR\" \/>\n<meta property=\"og:type\" content=\"article\" \/>\n<meta property=\"og:title\" content=\"Cras recebe novos equipamentos \u200cpara aprimorar endimento \u00e0s fam\u00edlias - Notibras\" \/>\n<meta property=\"og:description\" content=\"O Centro de Refer\u00eancia de Assist\u00eancia Social (Cras) Brazl\u00e2ndia teve a estrutura renovada. Administrada pela Secretaria de Desenvolvimento Social (Sedes-DF), a unidade passou por uma manuten\u00e7\u00e3o geral na parte el\u00e9trica, nos pisos, teto, banheiros e paisagismo para oferecer um espa\u00e7o confort\u00e1vel e seguro para os atendimentos. A entrega simb\u00f3lica foi nesta sexta-feira (6). Localizado na [&hellip;]\" \/>\n<meta property=\"og:url\" content=\"https:\/\/www.notibras.com\/site\/cras-recebe-novos-equipamentos-para-aprimorar-endimento-as-familias\/\" \/>\n<meta property=\"og:site_name\" content=\"Notibras\" \/>\n<meta property=\"article:publisher\" content=\"https:\/\/www.facebook.com\/notibras\/\" \/>\n<meta property=\"article:published_time\" content=\"2026-02-07T03:30:00+00:00\" \/>\n<meta property=\"og:image\" content=\"https:\/\/www.notibras.com\/site\/wp-content\/uploads\/2026\/02\/WhatsApp-Image-2026-02-06-at-16.12.01-1.jpeg\" \/>\n\t<meta property=\"og:image:width\" content=\"1280\" \/>\n\t<meta property=\"og:image:height\" content=\"853\" \/>\n\t<meta property=\"og:image:type\" content=\"image\/jpeg\" \/>\n<meta name=\"author\" content=\"Eduardo Mart\u00ednez\" \/>\n<meta name=\"twitter:card\" content=\"summary_large_image\" \/>\n<meta name=\"twitter:creator\" content=\"@Notibras\" \/>\n<meta name=\"twitter:site\" content=\"@Notibras\" \/>\n<meta name=\"twitter:label1\" content=\"Escrito por\" \/>\n\t<meta name=\"twitter:data1\" content=\"Eduardo Mart\u00ednez\" \/>\n\t<meta name=\"twitter:label2\" content=\"Est. tempo de leitura\" \/>\n\t<meta name=\"twitter:data2\" content=\"2 minutos\" \/>\n<script type=\"application\/ld+json\" class=\"yoast-schema-graph\">{\"@context\":\"https:\/\/schema.org\",\"@graph\":[{\"@type\":\"Article\",\"@id\":\"https:\/\/www.notibras.com\/site\/cras-recebe-novos-equipamentos-para-aprimorar-endimento-as-familias\/#article\",\"isPartOf\":{\"@id\":\"https:\/\/www.notibras.com\/site\/cras-recebe-novos-equipamentos-para-aprimorar-endimento-as-familias\/\"},\"author\":{\"name\":\"Eduardo Mart\u00ednez\",\"@id\":\"https:\/\/www.notibras.com\/site\/#\/schema\/person\/5b7fabf2aedc3ada2105f03b22b4d3dd\"},\"headline\":\"Cras recebe novos equipamentos \u200cpara aprimorar endimento \u00e0s fam\u00edlias\",\"datePublished\":\"2026-02-07T03:30:00+00:00\",\"mainEntityOfPage\":{\"@id\":\"https:\/\/www.notibras.com\/site\/cras-recebe-novos-equipamentos-para-aprimorar-endimento-as-familias\/\"},\"wordCount\":321,\"publisher\":{\"@id\":\"https:\/\/www.notibras.com\/site\/#organization\"},\"image\":{\"@id\":\"https:\/\/www.notibras.com\/site\/cras-recebe-novos-equipamentos-para-aprimorar-endimento-as-familias\/#primaryimage\"},\"thumbnailUrl\":\"https:\/\/www.notibras.com\/site\/wp-content\/uploads\/2026\/02\/WhatsApp-Image-2026-02-06-at-16.12.01-1.jpeg\",\"articleSection\":[\"Quadradinho em Foco\"],\"inLanguage\":\"pt-BR\"},{\"@type\":\"WebPage\",\"@id\":\"https:\/\/www.notibras.com\/site\/cras-recebe-novos-equipamentos-para-aprimorar-endimento-as-familias\/\",\"url\":\"https:\/\/www.notibras.com\/site\/cras-recebe-novos-equipamentos-para-aprimorar-endimento-as-familias\/\",\"name\":\"Cras recebe novos equipamentos \u200cpara aprimorar endimento \u00e0s fam\u00edlias - Notibras\",\"isPartOf\":{\"@id\":\"https:\/\/www.notibras.com\/site\/#website\"},\"primaryImageOfPage\":{\"@id\":\"https:\/\/www.notibras.com\/site\/cras-recebe-novos-equipamentos-para-aprimorar-endimento-as-familias\/#primaryimage\"},\"image\":{\"@id\":\"https:\/\/www.notibras.com\/site\/cras-recebe-novos-equipamentos-para-aprimorar-endimento-as-familias\/#primaryimage\"},\"thumbnailUrl\":\"https:\/\/www.notibras.com\/site\/wp-content\/uploads\/2026\/02\/WhatsApp-Image-2026-02-06-at-16.12.01-1.jpeg\",\"datePublished\":\"2026-02-07T03:30:00+00:00\",\"breadcrumb\":{\"@id\":\"https:\/\/www.notibras.com\/site\/cras-recebe-novos-equipamentos-para-aprimorar-endimento-as-familias\/#breadcrumb\"},\"inLanguage\":\"pt-BR\",\"potentialAction\":[{\"@type\":\"ReadAction\",\"target\":[\"https:\/\/www.notibras.com\/site\/cras-recebe-novos-equipamentos-para-aprimorar-endimento-as-familias\/\"]}]},{\"@type\":\"ImageObject\",\"inLanguage\":\"pt-BR\",\"@id\":\"https:\/\/www.notibras.com\/site\/cras-recebe-novos-equipamentos-para-aprimorar-endimento-as-familias\/#primaryimage\",\"url\":\"https:\/\/www.notibras.com\/site\/wp-content\/uploads\/2026\/02\/WhatsApp-Image-2026-02-06-at-16.12.01-1.jpeg\",\"contentUrl\":\"https:\/\/www.notibras.com\/site\/wp-content\/uploads\/2026\/02\/WhatsApp-Image-2026-02-06-at-16.12.01-1.jpeg\",\"width\":1280,\"height\":853},{\"@type\":\"BreadcrumbList\",\"@id\":\"https:\/\/www.notibras.com\/site\/cras-recebe-novos-equipamentos-para-aprimorar-endimento-as-familias\/#breadcrumb\",\"itemListElement\":[{\"@type\":\"ListItem\",\"position\":1,\"name\":\"In\u00edcio\",\"item\":\"https:\/\/www.notibras.com\/site\/\"},{\"@type\":\"ListItem\",\"position\":2,\"name\":\"Cras recebe novos equipamentos \u200cpara aprimorar endimento \u00e0s fam\u00edlias\"}]},{\"@type\":\"WebSite\",\"@id\":\"https:\/\/www.notibras.com\/site\/#website\",\"url\":\"https:\/\/www.notibras.com\/site\/\",\"name\":\"Notibras\",\"description\":\"Not\u00edcias de Bras\u00edlia, do Brasil e do Mundo\",\"publisher\":{\"@id\":\"https:\/\/www.notibras.com\/site\/#organization\"},\"potentialAction\":[{\"@type\":\"SearchAction\",\"target\":{\"@type\":\"EntryPoint\",\"urlTemplate\":\"https:\/\/www.notibras.com\/site\/?s={search_term_string}\"},\"query-input\":{\"@type\":\"PropertyValueSpecification\",\"valueRequired\":true,\"valueName\":\"search_term_string\"}}],\"inLanguage\":\"pt-BR\"},{\"@type\":\"Organization\",\"@id\":\"https:\/\/www.notibras.com\/site\/#organization\",\"name\":\"Grupo Notibras de Comunica\u00e7\u00e3o\",\"url\":\"https:\/\/www.notibras.com\/site\/\",\"logo\":{\"@type\":\"ImageObject\",\"inLanguage\":\"pt-BR\",\"@id\":\"https:\/\/www.notibras.com\/site\/#\/schema\/logo\/image\/\",\"url\":\"https:\/\/www.notibras.com\/site\/wp-content\/uploads\/2023\/01\/notibras23.png\",\"contentUrl\":\"https:\/\/www.notibras.com\/site\/wp-content\/uploads\/2023\/01\/notibras23.png\",\"width\":350,\"height\":87,\"caption\":\"Grupo Notibras de Comunica\u00e7\u00e3o\"},\"image\":{\"@id\":\"https:\/\/www.notibras.com\/site\/#\/schema\/logo\/image\/\"},\"sameAs\":[\"https:\/\/www.facebook.com\/notibras\/\",\"https:\/\/x.com\/Notibras\",\"https:\/\/www.instagram.com\/notibras\/\"]},{\"@type\":\"Person\",\"@id\":\"https:\/\/www.notibras.com\/site\/#\/schema\/person\/5b7fabf2aedc3ada2105f03b22b4d3dd\",\"name\":\"Eduardo Mart\u00ednez\",\"image\":{\"@type\":\"ImageObject\",\"inLanguage\":\"pt-BR\",\"@id\":\"https:\/\/secure.gravatar.com\/avatar\/7902f906289926289cbcda644b5197c796b893c6ffd7b9a536a42d290f7704a0?s=96&d=mm&r=g\",\"url\":\"https:\/\/secure.gravatar.com\/avatar\/7902f906289926289cbcda644b5197c796b893c6ffd7b9a536a42d290f7704a0?s=96&d=mm&r=g\",\"contentUrl\":\"https:\/\/secure.gravatar.com\/avatar\/7902f906289926289cbcda644b5197c796b893c6ffd7b9a536a42d290f7704a0?s=96&d=mm&r=g\",\"caption\":\"Eduardo Mart\u00ednez\"}}]}<\/script>\n<!-- \/ Yoast SEO plugin. -->","yoast_head_json":{"title":"Cras recebe novos equipamentos \u200cpara aprimorar endimento \u00e0s fam\u00edlias - Notibras","robots":{"index":"index","follow":"follow","max-snippet":"max-snippet:-1","max-image-preview":"max-image-preview:large","max-video-preview":"max-video-preview:-1"},"canonical":"https:\/\/www.notibras.com\/site\/cras-recebe-novos-equipamentos-para-aprimorar-endimento-as-familias\/","og_locale":"pt_BR","og_type":"article","og_title":"Cras recebe novos equipamentos \u200cpara aprimorar endimento \u00e0s fam\u00edlias - Notibras","og_description":"O Centro de Refer\u00eancia de Assist\u00eancia Social (Cras) Brazl\u00e2ndia teve a estrutura renovada. Administrada pela Secretaria de Desenvolvimento Social (Sedes-DF), a unidade passou por uma manuten\u00e7\u00e3o geral na parte el\u00e9trica, nos pisos, teto, banheiros e paisagismo para oferecer um espa\u00e7o confort\u00e1vel e seguro para os atendimentos. A entrega simb\u00f3lica foi nesta sexta-feira (6). Localizado na [&hellip;]","og_url":"https:\/\/www.notibras.com\/site\/cras-recebe-novos-equipamentos-para-aprimorar-endimento-as-familias\/","og_site_name":"Notibras","article_publisher":"https:\/\/www.facebook.com\/notibras\/","article_published_time":"2026-02-07T03:30:00+00:00","og_image":[{"width":1280,"height":853,"url":"https:\/\/www.notibras.com\/site\/wp-content\/uploads\/2026\/02\/WhatsApp-Image-2026-02-06-at-16.12.01-1.jpeg","type":"image\/jpeg"}],"author":"Eduardo Mart\u00ednez","twitter_card":"summary_large_image","twitter_creator":"@Notibras","twitter_site":"@Notibras","twitter_misc":{"Escrito por":"Eduardo Mart\u00ednez","Est. tempo de leitura":"2 minutos"},"schema":{"@context":"https:\/\/schema.org","@graph":[{"@type":"Article","@id":"https:\/\/www.notibras.com\/site\/cras-recebe-novos-equipamentos-para-aprimorar-endimento-as-familias\/#article","isPartOf":{"@id":"https:\/\/www.notibras.com\/site\/cras-recebe-novos-equipamentos-para-aprimorar-endimento-as-familias\/"},"author":{"name":"Eduardo Mart\u00ednez","@id":"https:\/\/www.notibras.com\/site\/#\/schema\/person\/5b7fabf2aedc3ada2105f03b22b4d3dd"},"headline":"Cras recebe novos equipamentos \u200cpara aprimorar endimento \u00e0s fam\u00edlias","datePublished":"2026-02-07T03:30:00+00:00","mainEntityOfPage":{"@id":"https:\/\/www.notibras.com\/site\/cras-recebe-novos-equipamentos-para-aprimorar-endimento-as-familias\/"},"wordCount":321,"publisher":{"@id":"https:\/\/www.notibras.com\/site\/#organization"},"image":{"@id":"https:\/\/www.notibras.com\/site\/cras-recebe-novos-equipamentos-para-aprimorar-endimento-as-familias\/#primaryimage"},"thumbnailUrl":"https:\/\/www.notibras.com\/site\/wp-content\/uploads\/2026\/02\/WhatsApp-Image-2026-02-06-at-16.12.01-1.jpeg","articleSection":["Quadradinho em Foco"],"inLanguage":"pt-BR"},{"@type":"WebPage","@id":"https:\/\/www.notibras.com\/site\/cras-recebe-novos-equipamentos-para-aprimorar-endimento-as-familias\/","url":"https:\/\/www.notibras.com\/site\/cras-recebe-novos-equipamentos-para-aprimorar-endimento-as-familias\/","name":"Cras recebe novos equipamentos \u200cpara aprimorar endimento \u00e0s fam\u00edlias - Notibras","isPartOf":{"@id":"https:\/\/www.notibras.com\/site\/#website"},"primaryImageOfPage":{"@id":"https:\/\/www.notibras.com\/site\/cras-recebe-novos-equipamentos-para-aprimorar-endimento-as-familias\/#primaryimage"},"image":{"@id":"https:\/\/www.notibras.com\/site\/cras-recebe-novos-equipamentos-para-aprimorar-endimento-as-familias\/#primaryimage"},"thumbnailUrl":"https:\/\/www.notibras.com\/site\/wp-content\/uploads\/2026\/02\/WhatsApp-Image-2026-02-06-at-16.12.01-1.jpeg","datePublished":"2026-02-07T03:30:00+00:00","breadcrumb":{"@id":"https:\/\/www.notibras.com\/site\/cras-recebe-novos-equipamentos-para-aprimorar-endimento-as-familias\/#breadcrumb"},"inLanguage":"pt-BR","potentialAction":[{"@type":"ReadAction","target":["https:\/\/www.notibras.com\/site\/cras-recebe-novos-equipamentos-para-aprimorar-endimento-as-familias\/"]}]},{"@type":"ImageObject","inLanguage":"pt-BR","@id":"https:\/\/www.notibras.com\/site\/cras-recebe-novos-equipamentos-para-aprimorar-endimento-as-familias\/#primaryimage","url":"https:\/\/www.notibras.com\/site\/wp-content\/uploads\/2026\/02\/WhatsApp-Image-2026-02-06-at-16.12.01-1.jpeg","contentUrl":"https:\/\/www.notibras.com\/site\/wp-content\/uploads\/2026\/02\/WhatsApp-Image-2026-02-06-at-16.12.01-1.jpeg","width":1280,"height":853},{"@type":"BreadcrumbList","@id":"https:\/\/www.notibras.com\/site\/cras-recebe-novos-equipamentos-para-aprimorar-endimento-as-familias\/#breadcrumb","itemListElement":[{"@type":"ListItem","position":1,"name":"In\u00edcio","item":"https:\/\/www.notibras.com\/site\/"},{"@type":"ListItem","position":2,"name":"Cras recebe novos equipamentos \u200cpara aprimorar endimento \u00e0s fam\u00edlias"}]},{"@type":"WebSite","@id":"https:\/\/www.notibras.com\/site\/#website","url":"https:\/\/www.notibras.com\/site\/","name":"Notibras","description":"Not\u00edcias de Bras\u00edlia, do Brasil e do Mundo","publisher":{"@id":"https:\/\/www.notibras.com\/site\/#organization"},"potentialAction":[{"@type":"SearchAction","target":{"@type":"EntryPoint","urlTemplate":"https:\/\/www.notibras.com\/site\/?s={search_term_string}"},"query-input":{"@type":"PropertyValueSpecification","valueRequired":true,"valueName":"search_term_string"}}],"inLanguage":"pt-BR"},{"@type":"Organization","@id":"https:\/\/www.notibras.com\/site\/#organization","name":"Grupo Notibras de Comunica\u00e7\u00e3o","url":"https:\/\/www.notibras.com\/site\/","logo":{"@type":"ImageObject","inLanguage":"pt-BR","@id":"https:\/\/www.notibras.com\/site\/#\/schema\/logo\/image\/","url":"https:\/\/www.notibras.com\/site\/wp-content\/uploads\/2023\/01\/notibras23.png","contentUrl":"https:\/\/www.notibras.com\/site\/wp-content\/uploads\/2023\/01\/notibras23.png","width":350,"height":87,"caption":"Grupo Notibras de Comunica\u00e7\u00e3o"},"image":{"@id":"https:\/\/www.notibras.com\/site\/#\/schema\/logo\/image\/"},"sameAs":["https:\/\/www.facebook.com\/notibras\/","https:\/\/x.com\/Notibras","https:\/\/www.instagram.com\/notibras\/"]},{"@type":"Person","@id":"https:\/\/www.notibras.com\/site\/#\/schema\/person\/5b7fabf2aedc3ada2105f03b22b4d3dd","name":"Eduardo Mart\u00ednez","image":{"@type":"ImageObject","inLanguage":"pt-BR","@id":"https:\/\/secure.gravatar.com\/avatar\/7902f906289926289cbcda644b5197c796b893c6ffd7b9a536a42d290f7704a0?s=96&d=mm&r=g","url":"https:\/\/secure.gravatar.com\/avatar\/7902f906289926289cbcda644b5197c796b893c6ffd7b9a536a42d290f7704a0?s=96&d=mm&r=g","contentUrl":"https:\/\/secure.gravatar.com\/avatar\/7902f906289926289cbcda644b5197c796b893c6ffd7b9a536a42d290f7704a0?s=96&d=mm&r=g","caption":"Eduardo Mart\u00ednez"}}]}},"amp_enabled":true,"_links":{"self":[{"href":"https:\/\/www.notibras.com\/site\/wp-json\/wp\/v2\/posts\/382129","targetHints":{"allow":["GET"]}}],"collection":[{"href":"https:\/\/www.notibras.com\/site\/wp-json\/wp\/v2\/posts"}],"about":[{"href":"https:\/\/www.notibras.com\/site\/wp-json\/wp\/v2\/types\/post"}],"author":[{"embeddable":true,"href":"https:\/\/www.notibras.com\/site\/wp-json\/wp\/v2\/users\/21"}],"replies":[{"embeddable":true,"href":"https:\/\/www.notibras.com\/site\/wp-json\/wp\/v2\/comments?post=382129"}],"version-history":[{"count":4,"href":"https:\/\/www.notibras.com\/site\/wp-json\/wp\/v2\/posts\/382129\/revisions"}],"predecessor-version":[{"id":382134,"href":"https:\/\/www.notibras.com\/site\/wp-json\/wp\/v2\/posts\/382129\/revisions\/382134"}],"wp:featuredmedia":[{"embeddable":true,"href":"https:\/\/www.notibras.com\/site\/wp-json\/wp\/v2\/media\/382132"}],"wp:attachment":[{"href":"https:\/\/www.notibras.com\/site\/wp-json\/wp\/v2\/media?parent=382129"}],"wp:term":[{"taxonomy":"category","embeddable":true,"href":"https:\/\/www.notibras.com\/site\/wp-json\/wp\/v2\/categories?post=382129"},{"taxonomy":"post_tag","embeddable":true,"href":"https:\/\/www.notibras.com\/site\/wp-json\/wp\/v2\/tags?post=382129"}],"curies":[{"name":"wp","href":"https:\/\/api.w.org\/{rel}","templated":true}]}}