{"id":382135,"date":"2026-02-07T01:15:11","date_gmt":"2026-02-07T04:15:11","guid":{"rendered":"https:\/\/www.notibras.com\/site\/?p=382135"},"modified":"2026-02-06T18:21:36","modified_gmt":"2026-02-06T21:21:36","slug":"os-desdobramentos-do-assassinato-da-corretora-daiane-souza","status":"publish","type":"post","link":"https:\/\/www.notibras.com\/site\/os-desdobramentos-do-assassinato-da-corretora-daiane-souza\/","title":{"rendered":"Os Desdobramentos do Assassinato da Corretora Daiane Souza"},"content":{"rendered":"<p>O caso da corretora de im\u00f3veis Daiane Alves de Souza, de 43 anos, que chocou Caldas Novas e o pa\u00eds, atingiu um est\u00e1gio crucial de esclarecimento jur\u00eddico e pericial. Ap\u00f3s 43 dias de mist\u00e9rio, a investiga\u00e7\u00e3o da Pol\u00edcia Civil de Goi\u00e1s culminou na pris\u00e3o do s\u00edndico Cl\u00e9ber Rosa de Oliveira e de seu filho, Maykon Douglas de Oliveira, trazendo \u00e0 tona detalhes de um crime marcado por persegui\u00e7\u00e3o e frieza.<\/p>\n<p>A confirma\u00e7\u00e3o definitiva da causa da morte veio por meio do laudo oficial do Instituto M\u00e9dico Legal (IML), divulgado no in\u00edcio de fevereiro de 2026. Segundo o documento, Daiane foi assassinada com um tiro na cabe\u00e7a, que resultou em traumatismo cranioencef\u00e1lico grave. A per\u00edcia refutou a vers\u00e3o inicial de &#8220;morte acidental&#8221; ou &#8220;briga generalizada&#8221;, evidenciando a execu\u00e7\u00e3o direta da v\u00edtima.<\/p>\n<p>Cl\u00e9ber Rosa, o s\u00edndico do condom\u00ednio onde Daiane possu\u00eda apartamentos e residia, confessou o homic\u00eddio ap\u00f3s ser confrontado com evid\u00eancias t\u00e9cnicas. De acordo com o depoimento prestado \u00e0 Pol\u00edcia Civil, o crime ocorreu no subsolo do pr\u00e9dio no dia 17 de dezembro de 2025. O agressor alegou arrependimento, mas a investiga\u00e7\u00e3o aponta para uma emboscada meticulosamente planejada.<\/p>\n<p>A tese de premedita\u00e7\u00e3o ganhou for\u00e7a ap\u00f3s a reconstitui\u00e7\u00e3o do crime. A pol\u00edcia descobriu que o s\u00edndico cortou propositalmente a energia do apartamento de Daiane para for\u00e7\u00e1-la a descer at\u00e9 a central el\u00e9trica no subsolo. L\u00e1, sem monitoramento de c\u00e2meras que ele conhecia bem, ele a abordou e disparou o tiro fatal enquanto ela registrava a falha el\u00e9trica pelo celular.<\/p>\n<p>Outro desdobramento importante foi a localiza\u00e7\u00e3o do celular da v\u00edtima durante a reprodu\u00e7\u00e3o simulada dos fatos. O aparelho foi encontrado submerso dentro da caixa de esgoto do condom\u00ednio. A tentativa de descartar evid\u00eancias digitais refor\u00e7a as investiga\u00e7\u00f5es sobre fraude processual e oculta\u00e7\u00e3o de provas por parte dos envolvidos.<\/p>\n<p>O filho do s\u00edndico, Maykon Douglas, tamb\u00e9m foi detido. A investiga\u00e7\u00e3o sustenta que ele teria auxiliado o pai na obstru\u00e7\u00e3o da justi\u00e7a, fornecendo suporte log\u00edstico ap\u00f3s o ocorrido, o que incluiria a provis\u00e3o de um novo chip e aparelho telef\u00f4nico. A defesa nega participa\u00e7\u00e3o direta na morte, mas as medidas cautelares foram mantidas pelo Judici\u00e1rio para garantir a instru\u00e7\u00e3o do processo.<\/p>\n<p>O pano de fundo do crime revela um hist\u00f3rico de conflitos sistem\u00e1ticos. Daiane e Cl\u00e9ber acumulavam diversos processos judiciais e boletins de ocorr\u00eancia registrados anteriormente. O embate intensificou-se por diverg\u00eancias sobre a gest\u00e3o das loca\u00e7\u00f5es de temporada no pr\u00e9dio, atividade que a corretora exercia e que sofria restri\u00e7\u00f5es impostas pela administra\u00e7\u00e3o do condom\u00ednio.<\/p>\n<p>A repercuss\u00e3o local gerou cenas de indigna\u00e7\u00e3o em Caldas Novas. Logo ap\u00f3s a pris\u00e3o dos suspeitos, houve registros de atos de vandalismo no condom\u00ednio, refletindo a como\u00e7\u00e3o social diante da brutalidade do caso. O clima no edif\u00edcio permanece marcado pela busca por respostas e pelo refor\u00e7o nos protocolos de seguran\u00e7a interna.<\/p>\n<p>O corpo de Daiane foi liberado para a fam\u00edlia e sepultado em Uberl\u00e2ndia (MG), sua cidade de origem, no dia 4 de fevereiro de 2026. O funeral foi acompanhado por pedidos de justi\u00e7a e homenagens \u00e0 trajet\u00f3ria profissional da corretora, que era conhecida por sua atua\u00e7\u00e3o no mercado imobili\u00e1rio da regi\u00e3o.<\/p>\n<p>Atualmente, o inqu\u00e9rito policial segue para as etapas finais de conclus\u00e3o antes de ser remetido ao Minist\u00e9rio P\u00fablico. O s\u00edndico poder\u00e1 responder por homic\u00eddio qualificado, considerando agravantes como motivo f\u00fatil e recurso que dificultou a defesa da v\u00edtima, al\u00e9m do crime de oculta\u00e7\u00e3o de cad\u00e1ver, cujas penas somadas podem ultrapassar d\u00e9cadas de reclus\u00e3o conforme o C\u00f3digo Penal.<\/p>\n","protected":false},"excerpt":{"rendered":"<p>O caso da corretora de im\u00f3veis Daiane Alves de Souza, de 43 anos, que chocou Caldas Novas e o pa\u00eds, atingiu um est\u00e1gio crucial de esclarecimento jur\u00eddico e pericial. Ap\u00f3s 43 dias de mist\u00e9rio, a investiga\u00e7\u00e3o da Pol\u00edcia Civil de Goi\u00e1s culminou na pris\u00e3o do s\u00edndico Cl\u00e9ber Rosa de Oliveira e de seu filho, Maykon [&hellip;]<\/p>\n","protected":false},"author":21,"featured_media":382138,"comment_status":"closed","ping_status":"closed","sticky":false,"template":"","format":"standard","meta":{"_acf_changed":false,"footnotes":""},"categories":[161],"tags":[],"class_list":["post-382135","post","type-post","status-publish","format-standard","has-post-thumbnail","hentry","category-quadradinho-em-foco"],"acf":[],"yoast_head":"<!-- This site is optimized with the Yoast SEO plugin v27.2 - https:\/\/yoast.com\/product\/yoast-seo-wordpress\/ -->\n<title>Os Desdobramentos do Assassinato da Corretora Daiane Souza - Notibras<\/title>\n<meta name=\"robots\" content=\"index, follow, max-snippet:-1, max-image-preview:large, max-video-preview:-1\" \/>\n<link rel=\"canonical\" href=\"https:\/\/www.notibras.com\/site\/os-desdobramentos-do-assassinato-da-corretora-daiane-souza\/\" \/>\n<meta property=\"og:locale\" content=\"pt_BR\" \/>\n<meta property=\"og:type\" content=\"article\" \/>\n<meta property=\"og:title\" content=\"Os Desdobramentos do Assassinato da Corretora Daiane Souza - Notibras\" \/>\n<meta property=\"og:description\" content=\"O caso da corretora de im\u00f3veis Daiane Alves de Souza, de 43 anos, que chocou Caldas Novas e o pa\u00eds, atingiu um est\u00e1gio crucial de esclarecimento jur\u00eddico e pericial. Ap\u00f3s 43 dias de mist\u00e9rio, a investiga\u00e7\u00e3o da Pol\u00edcia Civil de Goi\u00e1s culminou na pris\u00e3o do s\u00edndico Cl\u00e9ber Rosa de Oliveira e de seu filho, Maykon [&hellip;]\" \/>\n<meta property=\"og:url\" content=\"https:\/\/www.notibras.com\/site\/os-desdobramentos-do-assassinato-da-corretora-daiane-souza\/\" \/>\n<meta property=\"og:site_name\" content=\"Notibras\" \/>\n<meta property=\"article:publisher\" content=\"https:\/\/www.facebook.com\/notibras\/\" \/>\n<meta property=\"article:published_time\" content=\"2026-02-07T04:15:11+00:00\" \/>\n<meta property=\"og:image\" content=\"https:\/\/www.notibras.com\/site\/wp-content\/uploads\/2026\/02\/Captura-de-tela-2026-01-31-115403-e1769871306564.webp\" \/>\n\t<meta property=\"og:image:width\" content=\"1318\" \/>\n\t<meta property=\"og:image:height\" content=\"835\" \/>\n\t<meta property=\"og:image:type\" content=\"image\/webp\" \/>\n<meta name=\"author\" content=\"Eduardo Mart\u00ednez\" \/>\n<meta name=\"twitter:card\" content=\"summary_large_image\" \/>\n<meta name=\"twitter:creator\" content=\"@Notibras\" \/>\n<meta name=\"twitter:site\" content=\"@Notibras\" \/>\n<meta name=\"twitter:label1\" content=\"Escrito por\" \/>\n\t<meta name=\"twitter:data1\" content=\"Eduardo Mart\u00ednez\" \/>\n\t<meta name=\"twitter:label2\" content=\"Est. tempo de leitura\" \/>\n\t<meta name=\"twitter:data2\" content=\"4 minutos\" \/>\n<script type=\"application\/ld+json\" class=\"yoast-schema-graph\">{\"@context\":\"https:\/\/schema.org\",\"@graph\":[{\"@type\":\"Article\",\"@id\":\"https:\/\/www.notibras.com\/site\/os-desdobramentos-do-assassinato-da-corretora-daiane-souza\/#article\",\"isPartOf\":{\"@id\":\"https:\/\/www.notibras.com\/site\/os-desdobramentos-do-assassinato-da-corretora-daiane-souza\/\"},\"author\":{\"name\":\"Eduardo Mart\u00ednez\",\"@id\":\"https:\/\/www.notibras.com\/site\/#\/schema\/person\/5b7fabf2aedc3ada2105f03b22b4d3dd\"},\"headline\":\"Os Desdobramentos do Assassinato da Corretora Daiane Souza\",\"datePublished\":\"2026-02-07T04:15:11+00:00\",\"mainEntityOfPage\":{\"@id\":\"https:\/\/www.notibras.com\/site\/os-desdobramentos-do-assassinato-da-corretora-daiane-souza\/\"},\"wordCount\":670,\"publisher\":{\"@id\":\"https:\/\/www.notibras.com\/site\/#organization\"},\"image\":{\"@id\":\"https:\/\/www.notibras.com\/site\/os-desdobramentos-do-assassinato-da-corretora-daiane-souza\/#primaryimage\"},\"thumbnailUrl\":\"https:\/\/www.notibras.com\/site\/wp-content\/uploads\/2026\/02\/Captura-de-tela-2026-01-31-115403-e1769871306564.webp\",\"articleSection\":[\"Quadradinho em Foco\"],\"inLanguage\":\"pt-BR\"},{\"@type\":\"WebPage\",\"@id\":\"https:\/\/www.notibras.com\/site\/os-desdobramentos-do-assassinato-da-corretora-daiane-souza\/\",\"url\":\"https:\/\/www.notibras.com\/site\/os-desdobramentos-do-assassinato-da-corretora-daiane-souza\/\",\"name\":\"Os Desdobramentos do Assassinato da Corretora Daiane Souza - Notibras\",\"isPartOf\":{\"@id\":\"https:\/\/www.notibras.com\/site\/#website\"},\"primaryImageOfPage\":{\"@id\":\"https:\/\/www.notibras.com\/site\/os-desdobramentos-do-assassinato-da-corretora-daiane-souza\/#primaryimage\"},\"image\":{\"@id\":\"https:\/\/www.notibras.com\/site\/os-desdobramentos-do-assassinato-da-corretora-daiane-souza\/#primaryimage\"},\"thumbnailUrl\":\"https:\/\/www.notibras.com\/site\/wp-content\/uploads\/2026\/02\/Captura-de-tela-2026-01-31-115403-e1769871306564.webp\",\"datePublished\":\"2026-02-07T04:15:11+00:00\",\"breadcrumb\":{\"@id\":\"https:\/\/www.notibras.com\/site\/os-desdobramentos-do-assassinato-da-corretora-daiane-souza\/#breadcrumb\"},\"inLanguage\":\"pt-BR\",\"potentialAction\":[{\"@type\":\"ReadAction\",\"target\":[\"https:\/\/www.notibras.com\/site\/os-desdobramentos-do-assassinato-da-corretora-daiane-souza\/\"]}]},{\"@type\":\"ImageObject\",\"inLanguage\":\"pt-BR\",\"@id\":\"https:\/\/www.notibras.com\/site\/os-desdobramentos-do-assassinato-da-corretora-daiane-souza\/#primaryimage\",\"url\":\"https:\/\/www.notibras.com\/site\/wp-content\/uploads\/2026\/02\/Captura-de-tela-2026-01-31-115403-e1769871306564.webp\",\"contentUrl\":\"https:\/\/www.notibras.com\/site\/wp-content\/uploads\/2026\/02\/Captura-de-tela-2026-01-31-115403-e1769871306564.webp\",\"width\":1318,\"height\":835},{\"@type\":\"BreadcrumbList\",\"@id\":\"https:\/\/www.notibras.com\/site\/os-desdobramentos-do-assassinato-da-corretora-daiane-souza\/#breadcrumb\",\"itemListElement\":[{\"@type\":\"ListItem\",\"position\":1,\"name\":\"In\u00edcio\",\"item\":\"https:\/\/www.notibras.com\/site\/\"},{\"@type\":\"ListItem\",\"position\":2,\"name\":\"Os Desdobramentos do Assassinato da Corretora Daiane Souza\"}]},{\"@type\":\"WebSite\",\"@id\":\"https:\/\/www.notibras.com\/site\/#website\",\"url\":\"https:\/\/www.notibras.com\/site\/\",\"name\":\"Notibras\",\"description\":\"Not\u00edcias de Bras\u00edlia, do Brasil e do Mundo\",\"publisher\":{\"@id\":\"https:\/\/www.notibras.com\/site\/#organization\"},\"potentialAction\":[{\"@type\":\"SearchAction\",\"target\":{\"@type\":\"EntryPoint\",\"urlTemplate\":\"https:\/\/www.notibras.com\/site\/?s={search_term_string}\"},\"query-input\":{\"@type\":\"PropertyValueSpecification\",\"valueRequired\":true,\"valueName\":\"search_term_string\"}}],\"inLanguage\":\"pt-BR\"},{\"@type\":\"Organization\",\"@id\":\"https:\/\/www.notibras.com\/site\/#organization\",\"name\":\"Grupo Notibras de Comunica\u00e7\u00e3o\",\"url\":\"https:\/\/www.notibras.com\/site\/\",\"logo\":{\"@type\":\"ImageObject\",\"inLanguage\":\"pt-BR\",\"@id\":\"https:\/\/www.notibras.com\/site\/#\/schema\/logo\/image\/\",\"url\":\"https:\/\/www.notibras.com\/site\/wp-content\/uploads\/2023\/01\/notibras23.png\",\"contentUrl\":\"https:\/\/www.notibras.com\/site\/wp-content\/uploads\/2023\/01\/notibras23.png\",\"width\":350,\"height\":87,\"caption\":\"Grupo Notibras de Comunica\u00e7\u00e3o\"},\"image\":{\"@id\":\"https:\/\/www.notibras.com\/site\/#\/schema\/logo\/image\/\"},\"sameAs\":[\"https:\/\/www.facebook.com\/notibras\/\",\"https:\/\/x.com\/Notibras\",\"https:\/\/www.instagram.com\/notibras\/\"]},{\"@type\":\"Person\",\"@id\":\"https:\/\/www.notibras.com\/site\/#\/schema\/person\/5b7fabf2aedc3ada2105f03b22b4d3dd\",\"name\":\"Eduardo Mart\u00ednez\",\"image\":{\"@type\":\"ImageObject\",\"inLanguage\":\"pt-BR\",\"@id\":\"https:\/\/secure.gravatar.com\/avatar\/7902f906289926289cbcda644b5197c796b893c6ffd7b9a536a42d290f7704a0?s=96&d=mm&r=g\",\"url\":\"https:\/\/secure.gravatar.com\/avatar\/7902f906289926289cbcda644b5197c796b893c6ffd7b9a536a42d290f7704a0?s=96&d=mm&r=g\",\"contentUrl\":\"https:\/\/secure.gravatar.com\/avatar\/7902f906289926289cbcda644b5197c796b893c6ffd7b9a536a42d290f7704a0?s=96&d=mm&r=g\",\"caption\":\"Eduardo Mart\u00ednez\"}}]}<\/script>\n<!-- \/ Yoast SEO plugin. -->","yoast_head_json":{"title":"Os Desdobramentos do Assassinato da Corretora Daiane Souza - Notibras","robots":{"index":"index","follow":"follow","max-snippet":"max-snippet:-1","max-image-preview":"max-image-preview:large","max-video-preview":"max-video-preview:-1"},"canonical":"https:\/\/www.notibras.com\/site\/os-desdobramentos-do-assassinato-da-corretora-daiane-souza\/","og_locale":"pt_BR","og_type":"article","og_title":"Os Desdobramentos do Assassinato da Corretora Daiane Souza - Notibras","og_description":"O caso da corretora de im\u00f3veis Daiane Alves de Souza, de 43 anos, que chocou Caldas Novas e o pa\u00eds, atingiu um est\u00e1gio crucial de esclarecimento jur\u00eddico e pericial. Ap\u00f3s 43 dias de mist\u00e9rio, a investiga\u00e7\u00e3o da Pol\u00edcia Civil de Goi\u00e1s culminou na pris\u00e3o do s\u00edndico Cl\u00e9ber Rosa de Oliveira e de seu filho, Maykon [&hellip;]","og_url":"https:\/\/www.notibras.com\/site\/os-desdobramentos-do-assassinato-da-corretora-daiane-souza\/","og_site_name":"Notibras","article_publisher":"https:\/\/www.facebook.com\/notibras\/","article_published_time":"2026-02-07T04:15:11+00:00","og_image":[{"width":1318,"height":835,"url":"https:\/\/www.notibras.com\/site\/wp-content\/uploads\/2026\/02\/Captura-de-tela-2026-01-31-115403-e1769871306564.webp","type":"image\/webp"}],"author":"Eduardo Mart\u00ednez","twitter_card":"summary_large_image","twitter_creator":"@Notibras","twitter_site":"@Notibras","twitter_misc":{"Escrito por":"Eduardo Mart\u00ednez","Est. tempo de leitura":"4 minutos"},"schema":{"@context":"https:\/\/schema.org","@graph":[{"@type":"Article","@id":"https:\/\/www.notibras.com\/site\/os-desdobramentos-do-assassinato-da-corretora-daiane-souza\/#article","isPartOf":{"@id":"https:\/\/www.notibras.com\/site\/os-desdobramentos-do-assassinato-da-corretora-daiane-souza\/"},"author":{"name":"Eduardo Mart\u00ednez","@id":"https:\/\/www.notibras.com\/site\/#\/schema\/person\/5b7fabf2aedc3ada2105f03b22b4d3dd"},"headline":"Os Desdobramentos do Assassinato da Corretora Daiane Souza","datePublished":"2026-02-07T04:15:11+00:00","mainEntityOfPage":{"@id":"https:\/\/www.notibras.com\/site\/os-desdobramentos-do-assassinato-da-corretora-daiane-souza\/"},"wordCount":670,"publisher":{"@id":"https:\/\/www.notibras.com\/site\/#organization"},"image":{"@id":"https:\/\/www.notibras.com\/site\/os-desdobramentos-do-assassinato-da-corretora-daiane-souza\/#primaryimage"},"thumbnailUrl":"https:\/\/www.notibras.com\/site\/wp-content\/uploads\/2026\/02\/Captura-de-tela-2026-01-31-115403-e1769871306564.webp","articleSection":["Quadradinho em Foco"],"inLanguage":"pt-BR"},{"@type":"WebPage","@id":"https:\/\/www.notibras.com\/site\/os-desdobramentos-do-assassinato-da-corretora-daiane-souza\/","url":"https:\/\/www.notibras.com\/site\/os-desdobramentos-do-assassinato-da-corretora-daiane-souza\/","name":"Os Desdobramentos do Assassinato da Corretora Daiane Souza - Notibras","isPartOf":{"@id":"https:\/\/www.notibras.com\/site\/#website"},"primaryImageOfPage":{"@id":"https:\/\/www.notibras.com\/site\/os-desdobramentos-do-assassinato-da-corretora-daiane-souza\/#primaryimage"},"image":{"@id":"https:\/\/www.notibras.com\/site\/os-desdobramentos-do-assassinato-da-corretora-daiane-souza\/#primaryimage"},"thumbnailUrl":"https:\/\/www.notibras.com\/site\/wp-content\/uploads\/2026\/02\/Captura-de-tela-2026-01-31-115403-e1769871306564.webp","datePublished":"2026-02-07T04:15:11+00:00","breadcrumb":{"@id":"https:\/\/www.notibras.com\/site\/os-desdobramentos-do-assassinato-da-corretora-daiane-souza\/#breadcrumb"},"inLanguage":"pt-BR","potentialAction":[{"@type":"ReadAction","target":["https:\/\/www.notibras.com\/site\/os-desdobramentos-do-assassinato-da-corretora-daiane-souza\/"]}]},{"@type":"ImageObject","inLanguage":"pt-BR","@id":"https:\/\/www.notibras.com\/site\/os-desdobramentos-do-assassinato-da-corretora-daiane-souza\/#primaryimage","url":"https:\/\/www.notibras.com\/site\/wp-content\/uploads\/2026\/02\/Captura-de-tela-2026-01-31-115403-e1769871306564.webp","contentUrl":"https:\/\/www.notibras.com\/site\/wp-content\/uploads\/2026\/02\/Captura-de-tela-2026-01-31-115403-e1769871306564.webp","width":1318,"height":835},{"@type":"BreadcrumbList","@id":"https:\/\/www.notibras.com\/site\/os-desdobramentos-do-assassinato-da-corretora-daiane-souza\/#breadcrumb","itemListElement":[{"@type":"ListItem","position":1,"name":"In\u00edcio","item":"https:\/\/www.notibras.com\/site\/"},{"@type":"ListItem","position":2,"name":"Os Desdobramentos do Assassinato da Corretora Daiane Souza"}]},{"@type":"WebSite","@id":"https:\/\/www.notibras.com\/site\/#website","url":"https:\/\/www.notibras.com\/site\/","name":"Notibras","description":"Not\u00edcias de Bras\u00edlia, do Brasil e do Mundo","publisher":{"@id":"https:\/\/www.notibras.com\/site\/#organization"},"potentialAction":[{"@type":"SearchAction","target":{"@type":"EntryPoint","urlTemplate":"https:\/\/www.notibras.com\/site\/?s={search_term_string}"},"query-input":{"@type":"PropertyValueSpecification","valueRequired":true,"valueName":"search_term_string"}}],"inLanguage":"pt-BR"},{"@type":"Organization","@id":"https:\/\/www.notibras.com\/site\/#organization","name":"Grupo Notibras de Comunica\u00e7\u00e3o","url":"https:\/\/www.notibras.com\/site\/","logo":{"@type":"ImageObject","inLanguage":"pt-BR","@id":"https:\/\/www.notibras.com\/site\/#\/schema\/logo\/image\/","url":"https:\/\/www.notibras.com\/site\/wp-content\/uploads\/2023\/01\/notibras23.png","contentUrl":"https:\/\/www.notibras.com\/site\/wp-content\/uploads\/2023\/01\/notibras23.png","width":350,"height":87,"caption":"Grupo Notibras de Comunica\u00e7\u00e3o"},"image":{"@id":"https:\/\/www.notibras.com\/site\/#\/schema\/logo\/image\/"},"sameAs":["https:\/\/www.facebook.com\/notibras\/","https:\/\/x.com\/Notibras","https:\/\/www.instagram.com\/notibras\/"]},{"@type":"Person","@id":"https:\/\/www.notibras.com\/site\/#\/schema\/person\/5b7fabf2aedc3ada2105f03b22b4d3dd","name":"Eduardo Mart\u00ednez","image":{"@type":"ImageObject","inLanguage":"pt-BR","@id":"https:\/\/secure.gravatar.com\/avatar\/7902f906289926289cbcda644b5197c796b893c6ffd7b9a536a42d290f7704a0?s=96&d=mm&r=g","url":"https:\/\/secure.gravatar.com\/avatar\/7902f906289926289cbcda644b5197c796b893c6ffd7b9a536a42d290f7704a0?s=96&d=mm&r=g","contentUrl":"https:\/\/secure.gravatar.com\/avatar\/7902f906289926289cbcda644b5197c796b893c6ffd7b9a536a42d290f7704a0?s=96&d=mm&r=g","caption":"Eduardo Mart\u00ednez"}}]}},"amp_enabled":true,"_links":{"self":[{"href":"https:\/\/www.notibras.com\/site\/wp-json\/wp\/v2\/posts\/382135","targetHints":{"allow":["GET"]}}],"collection":[{"href":"https:\/\/www.notibras.com\/site\/wp-json\/wp\/v2\/posts"}],"about":[{"href":"https:\/\/www.notibras.com\/site\/wp-json\/wp\/v2\/types\/post"}],"author":[{"embeddable":true,"href":"https:\/\/www.notibras.com\/site\/wp-json\/wp\/v2\/users\/21"}],"replies":[{"embeddable":true,"href":"https:\/\/www.notibras.com\/site\/wp-json\/wp\/v2\/comments?post=382135"}],"version-history":[{"count":3,"href":"https:\/\/www.notibras.com\/site\/wp-json\/wp\/v2\/posts\/382135\/revisions"}],"predecessor-version":[{"id":382140,"href":"https:\/\/www.notibras.com\/site\/wp-json\/wp\/v2\/posts\/382135\/revisions\/382140"}],"wp:featuredmedia":[{"embeddable":true,"href":"https:\/\/www.notibras.com\/site\/wp-json\/wp\/v2\/media\/382138"}],"wp:attachment":[{"href":"https:\/\/www.notibras.com\/site\/wp-json\/wp\/v2\/media?parent=382135"}],"wp:term":[{"taxonomy":"category","embeddable":true,"href":"https:\/\/www.notibras.com\/site\/wp-json\/wp\/v2\/categories?post=382135"},{"taxonomy":"post_tag","embeddable":true,"href":"https:\/\/www.notibras.com\/site\/wp-json\/wp\/v2\/tags?post=382135"}],"curies":[{"name":"wp","href":"https:\/\/api.w.org\/{rel}","templated":true}]}}