{"id":382141,"date":"2026-02-07T00:45:42","date_gmt":"2026-02-07T03:45:42","guid":{"rendered":"https:\/\/www.notibras.com\/site\/?p=382141"},"modified":"2026-02-06T18:48:16","modified_gmt":"2026-02-06T21:48:16","slug":"operacao-carnaval-seguro-2026","status":"publish","type":"post","link":"https:\/\/www.notibras.com\/site\/operacao-carnaval-seguro-2026\/","title":{"rendered":"Opera\u00e7\u00e3o Carnaval Seguro 2026"},"content":{"rendered":"<p>Oficialmente o Carnaval 2026 ser\u00e1 no dia 17 de fevereiro, mas o brasiliense j\u00e1 est\u00e1 em clima de festa. O DF Folia come\u00e7a neste fim de semana com festejos programados por v\u00e1rios blocos de rua. Pensando na seguran\u00e7a dos foli\u00f5es e de outros usu\u00e1rios das vias, o Departamento de Tr\u00e2nsito do Distrito Federal lan\u00e7ou a Opera\u00e7\u00e3o Carnaval Seguro 2026, com in\u00edcio previsto para este s\u00e1bado (7).<\/p>\n<p>O trabalho da autarquia ser\u00e1 preventivo, com o objetivo de fortalecer a conscientiza\u00e7\u00e3o de condutores, passageiros, pedestres e ciclistas sobre os cuidados necess\u00e1rios ao trafegar pela cidade durante os festejos carnavalescos, onde o consumo de bebida alco\u00f3lica se faz muito comum. Al\u00e9m de diversas a\u00e7\u00f5es educativas em shoppings, bares, empresas e vias p\u00fablicas para orientar sobre a perigosa mistura \u00e1lcool e dire\u00e7\u00e3o, est\u00e3o programadas 210 a\u00e7\u00f5es de policiamento e fiscaliza\u00e7\u00e3o de tr\u00e2nsito.<\/p>\n<p>\u201cEsse per\u00edodo \u00e9 marcado por alegria e \u00e9 natural que as pessoas queiram aproveitar cada momento. No entanto, \u00e9 fundamental que todos ajam com responsabilidade para preservar vidas no tr\u00e2nsito. As a\u00e7\u00f5es do Detran-DF n\u00e3o t\u00eam o objetivo de coibir a divers\u00e3o, mas de garantir vias mais seguras, com circula\u00e7\u00e3o ordenada e sem sinistros. Para isso, a colabora\u00e7\u00e3o de todos \u00e9 indispens\u00e1vel\u201d, destaca o diretor-geral do Detran-DF, Marcu Bellini.<\/p>\n<p><strong>Lei Seca<\/strong><\/p>\n<p>Para sensibilizar os condutores, as equipes de educa\u00e7\u00e3o do Detran-DF v\u00e3o realizar, em conjunto com a fiscaliza\u00e7\u00e3o, grandes blitzes educativas nas cidades, com o tema \u201cDesacelere. Seu bem maior \u00e9 a vida\u201d. As a\u00e7\u00f5es t\u00eam como foco principal a conscientiza\u00e7\u00e3o sobre os riscos da associa\u00e7\u00e3o entre o consumo de bebidas alco\u00f3licas e a condu\u00e7\u00e3o de ve\u00edculos.<\/p>\n<p>A programa\u00e7\u00e3o contempla, ainda, a a\u00e7\u00e3o educativa \u201cVem, pode vir, s\u00f3 n\u00e3o rola beber e dirigir!\u201d, com interven\u00e7\u00f5es diretas em blocos carnavalescos, shows e clubes. Pedestres, ciclistas, motociclistas e motoristas receber\u00e3o material educativo, refor\u00e7ando o compromisso com a preserva\u00e7\u00e3o da vida e com a mensagem \u201cse beber, n\u00e3o dirija!\u201d.<\/p>\n<p>\u201cOs riscos de dirigir ap\u00f3s consumir bebida alco\u00f3lica s\u00e3o amplamente divulgados, mas, ainda assim, algumas pessoas insistem em se expor ao perigo. Por isso, a orienta\u00e7\u00e3o \u00e9 clara: quem for beber deve optar por alternativas seguras, como o transporte coletivo, t\u00e1xi ou carros por aplicativo. Nossas equipes de educa\u00e7\u00e3o estar\u00e3o nas ruas, no meio dos blocos, para levar essa mensagem de seguran\u00e7a vi\u00e1ria a todos\u201d, destacou o diretor de Educa\u00e7\u00e3o de Tr\u00e2nsito, Dayvson Franklin de Souza.<\/p>\n<p>Apesar de o principal foco da Opera\u00e7\u00e3o Carnaval Seguro ser o combate \u00e0 dire\u00e7\u00e3o sob influ\u00eancia de \u00e1lcool, outras infra\u00e7\u00f5es como estacionamento irregular, uso do celular ao volante, deixar de dar prefer\u00eancia ao pedestre na faixa e de usar o cinto de seguran\u00e7a tamb\u00e9m estar\u00e3o no radar dos agentes. Est\u00e3o programadas 30 blitzes, 40 patrulhamentos ostensivos com abordagens, 20 opera\u00e7\u00f5es de estacionamento irregular e 120 pontos de demonstra\u00e7\u00e3o. Em qualquer hora do dia e da noite, agentes do Detran-DF estar\u00e3o atentos ao fluxo de ve\u00edculos e pedestres, de prontid\u00e3o para fazer as interven\u00e7\u00f5es necess\u00e1rias em situa\u00e7\u00f5es de irregularidades.<\/p>\n<p>\u201cNosso principal foco \u00e9 a preven\u00e7\u00e3o. No entanto, para os condutores que insistirem em dirigir sob a influ\u00eancia de \u00e1lcool, a fiscaliza\u00e7\u00e3o estar\u00e1 pronta para atuar\u201d, refor\u00e7a o diretor de Policiamento e Fiscaliza\u00e7\u00e3o de Tr\u00e2nsito, Danilo Lino.<\/p>\n<p>Durante a Opera\u00e7\u00e3o Carnaval Seguro ser\u00e3o implantadas, em algumas vias, sinaliza\u00e7\u00e3o com cones e barreiras para for\u00e7ar a diminui\u00e7\u00e3o da velocidade, al\u00e9m da coloca\u00e7\u00e3o de pain\u00e9is de mensagens em pontos estrat\u00e9gicos. Os agentes tamb\u00e9m estar\u00e3o presentes em blocos de Carnaval, realizando o controle de tr\u00e1fego e organizando o fluxo de ve\u00edculos.<\/p>\n<p>O Detran-DF atuar\u00e1 com um efetivo de 180 agentes em 50 viaturas, 15 motocicletas, uma aeronave e oito guinchos. As blitzes poder\u00e3o ser integradas com outras for\u00e7as de seguran\u00e7a.<\/p>\n","protected":false},"excerpt":{"rendered":"<p>Oficialmente o Carnaval 2026 ser\u00e1 no dia 17 de fevereiro, mas o brasiliense j\u00e1 est\u00e1 em clima de festa. O DF Folia come\u00e7a neste fim de semana com festejos programados por v\u00e1rios blocos de rua. Pensando na seguran\u00e7a dos foli\u00f5es e de outros usu\u00e1rios das vias, o Departamento de Tr\u00e2nsito do Distrito Federal lan\u00e7ou a [&hellip;]<\/p>\n","protected":false},"author":21,"featured_media":382142,"comment_status":"closed","ping_status":"closed","sticky":false,"template":"","format":"standard","meta":{"_acf_changed":false,"footnotes":""},"categories":[161],"tags":[],"class_list":["post-382141","post","type-post","status-publish","format-standard","has-post-thumbnail","hentry","category-quadradinho-em-foco"],"acf":[],"yoast_head":"<!-- This site is optimized with the Yoast SEO plugin v27.2 - https:\/\/yoast.com\/product\/yoast-seo-wordpress\/ -->\n<title>Opera\u00e7\u00e3o Carnaval Seguro 2026 - Notibras<\/title>\n<meta name=\"robots\" content=\"index, follow, max-snippet:-1, max-image-preview:large, max-video-preview:-1\" \/>\n<link rel=\"canonical\" href=\"https:\/\/www.notibras.com\/site\/operacao-carnaval-seguro-2026\/\" \/>\n<meta property=\"og:locale\" content=\"pt_BR\" \/>\n<meta property=\"og:type\" content=\"article\" \/>\n<meta property=\"og:title\" content=\"Opera\u00e7\u00e3o Carnaval Seguro 2026 - Notibras\" \/>\n<meta property=\"og:description\" content=\"Oficialmente o Carnaval 2026 ser\u00e1 no dia 17 de fevereiro, mas o brasiliense j\u00e1 est\u00e1 em clima de festa. O DF Folia come\u00e7a neste fim de semana com festejos programados por v\u00e1rios blocos de rua. Pensando na seguran\u00e7a dos foli\u00f5es e de outros usu\u00e1rios das vias, o Departamento de Tr\u00e2nsito do Distrito Federal lan\u00e7ou a [&hellip;]\" \/>\n<meta property=\"og:url\" content=\"https:\/\/www.notibras.com\/site\/operacao-carnaval-seguro-2026\/\" \/>\n<meta property=\"og:site_name\" content=\"Notibras\" \/>\n<meta property=\"article:publisher\" content=\"https:\/\/www.facebook.com\/notibras\/\" \/>\n<meta property=\"article:published_time\" content=\"2026-02-07T03:45:42+00:00\" \/>\n<meta property=\"og:image\" content=\"https:\/\/www.notibras.com\/site\/wp-content\/uploads\/2026\/02\/Carna-I.jpeg\" \/>\n\t<meta property=\"og:image:width\" content=\"1160\" \/>\n\t<meta property=\"og:image:height\" content=\"653\" \/>\n\t<meta property=\"og:image:type\" content=\"image\/jpeg\" \/>\n<meta name=\"author\" content=\"Eduardo Mart\u00ednez\" \/>\n<meta name=\"twitter:card\" content=\"summary_large_image\" \/>\n<meta name=\"twitter:creator\" content=\"@Notibras\" \/>\n<meta name=\"twitter:site\" content=\"@Notibras\" \/>\n<meta name=\"twitter:label1\" content=\"Escrito por\" \/>\n\t<meta name=\"twitter:data1\" content=\"Eduardo Mart\u00ednez\" \/>\n\t<meta name=\"twitter:label2\" content=\"Est. tempo de leitura\" \/>\n\t<meta name=\"twitter:data2\" content=\"4 minutos\" \/>\n<script type=\"application\/ld+json\" class=\"yoast-schema-graph\">{\"@context\":\"https:\/\/schema.org\",\"@graph\":[{\"@type\":\"Article\",\"@id\":\"https:\/\/www.notibras.com\/site\/operacao-carnaval-seguro-2026\/#article\",\"isPartOf\":{\"@id\":\"https:\/\/www.notibras.com\/site\/operacao-carnaval-seguro-2026\/\"},\"author\":{\"name\":\"Eduardo Mart\u00ednez\",\"@id\":\"https:\/\/www.notibras.com\/site\/#\/schema\/person\/5b7fabf2aedc3ada2105f03b22b4d3dd\"},\"headline\":\"Opera\u00e7\u00e3o Carnaval Seguro 2026\",\"datePublished\":\"2026-02-07T03:45:42+00:00\",\"mainEntityOfPage\":{\"@id\":\"https:\/\/www.notibras.com\/site\/operacao-carnaval-seguro-2026\/\"},\"wordCount\":687,\"publisher\":{\"@id\":\"https:\/\/www.notibras.com\/site\/#organization\"},\"image\":{\"@id\":\"https:\/\/www.notibras.com\/site\/operacao-carnaval-seguro-2026\/#primaryimage\"},\"thumbnailUrl\":\"https:\/\/www.notibras.com\/site\/wp-content\/uploads\/2026\/02\/Carna-I.jpeg\",\"articleSection\":[\"Quadradinho em Foco\"],\"inLanguage\":\"pt-BR\"},{\"@type\":\"WebPage\",\"@id\":\"https:\/\/www.notibras.com\/site\/operacao-carnaval-seguro-2026\/\",\"url\":\"https:\/\/www.notibras.com\/site\/operacao-carnaval-seguro-2026\/\",\"name\":\"Opera\u00e7\u00e3o Carnaval Seguro 2026 - Notibras\",\"isPartOf\":{\"@id\":\"https:\/\/www.notibras.com\/site\/#website\"},\"primaryImageOfPage\":{\"@id\":\"https:\/\/www.notibras.com\/site\/operacao-carnaval-seguro-2026\/#primaryimage\"},\"image\":{\"@id\":\"https:\/\/www.notibras.com\/site\/operacao-carnaval-seguro-2026\/#primaryimage\"},\"thumbnailUrl\":\"https:\/\/www.notibras.com\/site\/wp-content\/uploads\/2026\/02\/Carna-I.jpeg\",\"datePublished\":\"2026-02-07T03:45:42+00:00\",\"breadcrumb\":{\"@id\":\"https:\/\/www.notibras.com\/site\/operacao-carnaval-seguro-2026\/#breadcrumb\"},\"inLanguage\":\"pt-BR\",\"potentialAction\":[{\"@type\":\"ReadAction\",\"target\":[\"https:\/\/www.notibras.com\/site\/operacao-carnaval-seguro-2026\/\"]}]},{\"@type\":\"ImageObject\",\"inLanguage\":\"pt-BR\",\"@id\":\"https:\/\/www.notibras.com\/site\/operacao-carnaval-seguro-2026\/#primaryimage\",\"url\":\"https:\/\/www.notibras.com\/site\/wp-content\/uploads\/2026\/02\/Carna-I.jpeg\",\"contentUrl\":\"https:\/\/www.notibras.com\/site\/wp-content\/uploads\/2026\/02\/Carna-I.jpeg\",\"width\":1160,\"height\":653},{\"@type\":\"BreadcrumbList\",\"@id\":\"https:\/\/www.notibras.com\/site\/operacao-carnaval-seguro-2026\/#breadcrumb\",\"itemListElement\":[{\"@type\":\"ListItem\",\"position\":1,\"name\":\"In\u00edcio\",\"item\":\"https:\/\/www.notibras.com\/site\/\"},{\"@type\":\"ListItem\",\"position\":2,\"name\":\"Opera\u00e7\u00e3o Carnaval Seguro 2026\"}]},{\"@type\":\"WebSite\",\"@id\":\"https:\/\/www.notibras.com\/site\/#website\",\"url\":\"https:\/\/www.notibras.com\/site\/\",\"name\":\"Notibras\",\"description\":\"Not\u00edcias de Bras\u00edlia, do Brasil e do Mundo\",\"publisher\":{\"@id\":\"https:\/\/www.notibras.com\/site\/#organization\"},\"potentialAction\":[{\"@type\":\"SearchAction\",\"target\":{\"@type\":\"EntryPoint\",\"urlTemplate\":\"https:\/\/www.notibras.com\/site\/?s={search_term_string}\"},\"query-input\":{\"@type\":\"PropertyValueSpecification\",\"valueRequired\":true,\"valueName\":\"search_term_string\"}}],\"inLanguage\":\"pt-BR\"},{\"@type\":\"Organization\",\"@id\":\"https:\/\/www.notibras.com\/site\/#organization\",\"name\":\"Grupo Notibras de Comunica\u00e7\u00e3o\",\"url\":\"https:\/\/www.notibras.com\/site\/\",\"logo\":{\"@type\":\"ImageObject\",\"inLanguage\":\"pt-BR\",\"@id\":\"https:\/\/www.notibras.com\/site\/#\/schema\/logo\/image\/\",\"url\":\"https:\/\/www.notibras.com\/site\/wp-content\/uploads\/2023\/01\/notibras23.png\",\"contentUrl\":\"https:\/\/www.notibras.com\/site\/wp-content\/uploads\/2023\/01\/notibras23.png\",\"width\":350,\"height\":87,\"caption\":\"Grupo Notibras de Comunica\u00e7\u00e3o\"},\"image\":{\"@id\":\"https:\/\/www.notibras.com\/site\/#\/schema\/logo\/image\/\"},\"sameAs\":[\"https:\/\/www.facebook.com\/notibras\/\",\"https:\/\/x.com\/Notibras\",\"https:\/\/www.instagram.com\/notibras\/\"]},{\"@type\":\"Person\",\"@id\":\"https:\/\/www.notibras.com\/site\/#\/schema\/person\/5b7fabf2aedc3ada2105f03b22b4d3dd\",\"name\":\"Eduardo Mart\u00ednez\",\"image\":{\"@type\":\"ImageObject\",\"inLanguage\":\"pt-BR\",\"@id\":\"https:\/\/secure.gravatar.com\/avatar\/7902f906289926289cbcda644b5197c796b893c6ffd7b9a536a42d290f7704a0?s=96&d=mm&r=g\",\"url\":\"https:\/\/secure.gravatar.com\/avatar\/7902f906289926289cbcda644b5197c796b893c6ffd7b9a536a42d290f7704a0?s=96&d=mm&r=g\",\"contentUrl\":\"https:\/\/secure.gravatar.com\/avatar\/7902f906289926289cbcda644b5197c796b893c6ffd7b9a536a42d290f7704a0?s=96&d=mm&r=g\",\"caption\":\"Eduardo Mart\u00ednez\"}}]}<\/script>\n<!-- \/ Yoast SEO plugin. -->","yoast_head_json":{"title":"Opera\u00e7\u00e3o Carnaval Seguro 2026 - Notibras","robots":{"index":"index","follow":"follow","max-snippet":"max-snippet:-1","max-image-preview":"max-image-preview:large","max-video-preview":"max-video-preview:-1"},"canonical":"https:\/\/www.notibras.com\/site\/operacao-carnaval-seguro-2026\/","og_locale":"pt_BR","og_type":"article","og_title":"Opera\u00e7\u00e3o Carnaval Seguro 2026 - Notibras","og_description":"Oficialmente o Carnaval 2026 ser\u00e1 no dia 17 de fevereiro, mas o brasiliense j\u00e1 est\u00e1 em clima de festa. O DF Folia come\u00e7a neste fim de semana com festejos programados por v\u00e1rios blocos de rua. Pensando na seguran\u00e7a dos foli\u00f5es e de outros usu\u00e1rios das vias, o Departamento de Tr\u00e2nsito do Distrito Federal lan\u00e7ou a [&hellip;]","og_url":"https:\/\/www.notibras.com\/site\/operacao-carnaval-seguro-2026\/","og_site_name":"Notibras","article_publisher":"https:\/\/www.facebook.com\/notibras\/","article_published_time":"2026-02-07T03:45:42+00:00","og_image":[{"width":1160,"height":653,"url":"https:\/\/www.notibras.com\/site\/wp-content\/uploads\/2026\/02\/Carna-I.jpeg","type":"image\/jpeg"}],"author":"Eduardo Mart\u00ednez","twitter_card":"summary_large_image","twitter_creator":"@Notibras","twitter_site":"@Notibras","twitter_misc":{"Escrito por":"Eduardo Mart\u00ednez","Est. tempo de leitura":"4 minutos"},"schema":{"@context":"https:\/\/schema.org","@graph":[{"@type":"Article","@id":"https:\/\/www.notibras.com\/site\/operacao-carnaval-seguro-2026\/#article","isPartOf":{"@id":"https:\/\/www.notibras.com\/site\/operacao-carnaval-seguro-2026\/"},"author":{"name":"Eduardo Mart\u00ednez","@id":"https:\/\/www.notibras.com\/site\/#\/schema\/person\/5b7fabf2aedc3ada2105f03b22b4d3dd"},"headline":"Opera\u00e7\u00e3o Carnaval Seguro 2026","datePublished":"2026-02-07T03:45:42+00:00","mainEntityOfPage":{"@id":"https:\/\/www.notibras.com\/site\/operacao-carnaval-seguro-2026\/"},"wordCount":687,"publisher":{"@id":"https:\/\/www.notibras.com\/site\/#organization"},"image":{"@id":"https:\/\/www.notibras.com\/site\/operacao-carnaval-seguro-2026\/#primaryimage"},"thumbnailUrl":"https:\/\/www.notibras.com\/site\/wp-content\/uploads\/2026\/02\/Carna-I.jpeg","articleSection":["Quadradinho em Foco"],"inLanguage":"pt-BR"},{"@type":"WebPage","@id":"https:\/\/www.notibras.com\/site\/operacao-carnaval-seguro-2026\/","url":"https:\/\/www.notibras.com\/site\/operacao-carnaval-seguro-2026\/","name":"Opera\u00e7\u00e3o Carnaval Seguro 2026 - Notibras","isPartOf":{"@id":"https:\/\/www.notibras.com\/site\/#website"},"primaryImageOfPage":{"@id":"https:\/\/www.notibras.com\/site\/operacao-carnaval-seguro-2026\/#primaryimage"},"image":{"@id":"https:\/\/www.notibras.com\/site\/operacao-carnaval-seguro-2026\/#primaryimage"},"thumbnailUrl":"https:\/\/www.notibras.com\/site\/wp-content\/uploads\/2026\/02\/Carna-I.jpeg","datePublished":"2026-02-07T03:45:42+00:00","breadcrumb":{"@id":"https:\/\/www.notibras.com\/site\/operacao-carnaval-seguro-2026\/#breadcrumb"},"inLanguage":"pt-BR","potentialAction":[{"@type":"ReadAction","target":["https:\/\/www.notibras.com\/site\/operacao-carnaval-seguro-2026\/"]}]},{"@type":"ImageObject","inLanguage":"pt-BR","@id":"https:\/\/www.notibras.com\/site\/operacao-carnaval-seguro-2026\/#primaryimage","url":"https:\/\/www.notibras.com\/site\/wp-content\/uploads\/2026\/02\/Carna-I.jpeg","contentUrl":"https:\/\/www.notibras.com\/site\/wp-content\/uploads\/2026\/02\/Carna-I.jpeg","width":1160,"height":653},{"@type":"BreadcrumbList","@id":"https:\/\/www.notibras.com\/site\/operacao-carnaval-seguro-2026\/#breadcrumb","itemListElement":[{"@type":"ListItem","position":1,"name":"In\u00edcio","item":"https:\/\/www.notibras.com\/site\/"},{"@type":"ListItem","position":2,"name":"Opera\u00e7\u00e3o Carnaval Seguro 2026"}]},{"@type":"WebSite","@id":"https:\/\/www.notibras.com\/site\/#website","url":"https:\/\/www.notibras.com\/site\/","name":"Notibras","description":"Not\u00edcias de Bras\u00edlia, do Brasil e do Mundo","publisher":{"@id":"https:\/\/www.notibras.com\/site\/#organization"},"potentialAction":[{"@type":"SearchAction","target":{"@type":"EntryPoint","urlTemplate":"https:\/\/www.notibras.com\/site\/?s={search_term_string}"},"query-input":{"@type":"PropertyValueSpecification","valueRequired":true,"valueName":"search_term_string"}}],"inLanguage":"pt-BR"},{"@type":"Organization","@id":"https:\/\/www.notibras.com\/site\/#organization","name":"Grupo Notibras de Comunica\u00e7\u00e3o","url":"https:\/\/www.notibras.com\/site\/","logo":{"@type":"ImageObject","inLanguage":"pt-BR","@id":"https:\/\/www.notibras.com\/site\/#\/schema\/logo\/image\/","url":"https:\/\/www.notibras.com\/site\/wp-content\/uploads\/2023\/01\/notibras23.png","contentUrl":"https:\/\/www.notibras.com\/site\/wp-content\/uploads\/2023\/01\/notibras23.png","width":350,"height":87,"caption":"Grupo Notibras de Comunica\u00e7\u00e3o"},"image":{"@id":"https:\/\/www.notibras.com\/site\/#\/schema\/logo\/image\/"},"sameAs":["https:\/\/www.facebook.com\/notibras\/","https:\/\/x.com\/Notibras","https:\/\/www.instagram.com\/notibras\/"]},{"@type":"Person","@id":"https:\/\/www.notibras.com\/site\/#\/schema\/person\/5b7fabf2aedc3ada2105f03b22b4d3dd","name":"Eduardo Mart\u00ednez","image":{"@type":"ImageObject","inLanguage":"pt-BR","@id":"https:\/\/secure.gravatar.com\/avatar\/7902f906289926289cbcda644b5197c796b893c6ffd7b9a536a42d290f7704a0?s=96&d=mm&r=g","url":"https:\/\/secure.gravatar.com\/avatar\/7902f906289926289cbcda644b5197c796b893c6ffd7b9a536a42d290f7704a0?s=96&d=mm&r=g","contentUrl":"https:\/\/secure.gravatar.com\/avatar\/7902f906289926289cbcda644b5197c796b893c6ffd7b9a536a42d290f7704a0?s=96&d=mm&r=g","caption":"Eduardo Mart\u00ednez"}}]}},"amp_enabled":true,"_links":{"self":[{"href":"https:\/\/www.notibras.com\/site\/wp-json\/wp\/v2\/posts\/382141","targetHints":{"allow":["GET"]}}],"collection":[{"href":"https:\/\/www.notibras.com\/site\/wp-json\/wp\/v2\/posts"}],"about":[{"href":"https:\/\/www.notibras.com\/site\/wp-json\/wp\/v2\/types\/post"}],"author":[{"embeddable":true,"href":"https:\/\/www.notibras.com\/site\/wp-json\/wp\/v2\/users\/21"}],"replies":[{"embeddable":true,"href":"https:\/\/www.notibras.com\/site\/wp-json\/wp\/v2\/comments?post=382141"}],"version-history":[{"count":2,"href":"https:\/\/www.notibras.com\/site\/wp-json\/wp\/v2\/posts\/382141\/revisions"}],"predecessor-version":[{"id":382144,"href":"https:\/\/www.notibras.com\/site\/wp-json\/wp\/v2\/posts\/382141\/revisions\/382144"}],"wp:featuredmedia":[{"embeddable":true,"href":"https:\/\/www.notibras.com\/site\/wp-json\/wp\/v2\/media\/382142"}],"wp:attachment":[{"href":"https:\/\/www.notibras.com\/site\/wp-json\/wp\/v2\/media?parent=382141"}],"wp:term":[{"taxonomy":"category","embeddable":true,"href":"https:\/\/www.notibras.com\/site\/wp-json\/wp\/v2\/categories?post=382141"},{"taxonomy":"post_tag","embeddable":true,"href":"https:\/\/www.notibras.com\/site\/wp-json\/wp\/v2\/tags?post=382141"}],"curies":[{"name":"wp","href":"https:\/\/api.w.org\/{rel}","templated":true}]}}